{"id":74325,"date":"2022-01-04T16:03:42","date_gmt":"2022-01-04T16:03:42","guid":{"rendered":"https:\/\/www.altominho.tv\/site\/?p=74325"},"modified":"2022-03-07T16:42:19","modified_gmt":"2022-03-07T16:42:19","slug":"internamentos-atingem-valor-mais-elevado-dos-ultimos-10-meses","status":"publish","type":"post","link":"https:\/\/www.altominho.tv\/site\/2022\/01\/04\/internamentos-atingem-valor-mais-elevado-dos-ultimos-10-meses\/","title":{"rendered":"Internamentos atingem valor mais elevado dos \u00faltimos 10 meses"},"content":{"rendered":"\n<p>O boletim epidemiol\u00f3gico di\u00e1rio da Dire\u00e7\u00e3o-Geral da Sa\u00fade regista um crescimento do n\u00famero de pessoas internadas. Os doentes internados em enfermaria com covid-19 atingiram hoje o n\u00famero mais elevado dos \u00faltimos 10 meses ao totalizarem 1.203, mais 36 do que na segunda-feira, 147 dos quais em unidades de cuidados intensivos, mantendo-se este n\u00famero nas \u00faltimas 24 horas.<\/p>\n\n\n\n<p>Um n\u00famero id\u00eantico foi registado em mar\u00e7o de 2021, quando estavam hospitalizados em enfermaria 1.278 doentes.<\/p>\n\n\n\n<p>No entanto, o n\u00famero de internamentos \u00e9 significativamente inferior ao registado em Portugal no mesmo dia h\u00e1 um ano, quando estavam internadas 3.171 pessoas, 510 das quais em cuidados intensivos.<\/p>\n\n\n\n<p>Segundo a DGS, Portugal registou 25.836 novas infe\u00e7\u00f5es com o coronav\u00edrus SARS-CoV-2 nas \u00faltimas 24 horas e mais 15 mortes associadas \u00e0 covid-19.<\/p>\n","protected":false},"excerpt":{"rendered":"<p>O boletim epidemiol\u00f3gico di\u00e1rio da Dire\u00e7\u00e3o-Geral da Sa\u00fade regista um crescimento do n\u00famero de pessoas internadas. Os doentes internados em enfermaria com covid-19 atingiram hoje o n\u00famero mais elevado dos \u00faltimos 10 meses ao totalizarem 1.203, mais 36 do que na segunda-feira, 147 dos quais em unidades de cuidados intensivos, mantendo-se este n\u00famero nas \u00faltimas [&hellip;]<\/p>\n","protected":false},"author":13,"featured_media":74326,"comment_status":"closed","ping_status":"closed","sticky":false,"template":"","format":"standard","meta":{"_exactmetrics_skip_tracking":false,"_exactmetrics_sitenote_active":false,"_exactmetrics_sitenote_note":"","_exactmetrics_sitenote_category":0,"footnotes":""},"categories":[42722],"tags":[26,27],"class_list":["post-74325","post","type-post","status-publish","format-standard","has-post-thumbnail","hentry","category-covid-19","tag-saude","tag-sociedade"],"yoast_head":"<!-- This site is optimized with the Yoast SEO Premium plugin v27.5 (Yoast SEO v27.5) - https:\/\/yoast.com\/product\/yoast-seo-premium-wordpress\/ -->\n<title>Internamentos atingem valor mais elevado dos \u00faltimos 10 meses<\/title>\n<meta name=\"description\" content=\"Os doentes internados em enfermaria com covid-19 atingiram hoje o n\u00famero mais elevado dos \u00faltimos 10 meses.\" \/>\n<meta name=\"robots\" content=\"index, follow, max-snippet:-1, max-image-preview:large, max-video-preview:-1\" \/>\n<link rel=\"canonical\" href=\"https:\/\/www.altominho.tv\/site\/2022\/01\/04\/internamentos-atingem-valor-mais-elevado-dos-ultimos-10-meses\/\" \/>\n<meta property=\"og:locale\" content=\"pt_PT\" \/>\n<meta property=\"og:type\" content=\"article\" \/>\n<meta property=\"og:title\" content=\"Internamentos atingem valor mais elevado dos \u00faltimos 10 meses\" \/>\n<meta property=\"og:description\" content=\"Os doentes internados em enfermaria com covid-19 atingiram hoje o n\u00famero mais elevado dos \u00faltimos 10 meses.\" \/>\n<meta property=\"og:url\" content=\"https:\/\/www.altominho.tv\/site\/2022\/01\/04\/internamentos-atingem-valor-mais-elevado-dos-ultimos-10-meses\/\" \/>\n<meta property=\"og:site_name\" content=\"Altominho.tv\" \/>\n<meta property=\"article:publisher\" content=\"https:\/\/www.facebook.com\/altominhotv\" \/>\n<meta property=\"article:published_time\" content=\"2022-01-04T16:03:42+00:00\" \/>\n<meta property=\"article:modified_time\" content=\"2022-03-07T16:42:19+00:00\" \/>\n<meta property=\"og:image\" content=\"https:\/\/www.altominho.tv\/site\/wp-content\/uploads\/2022\/01\/Captura-de-ecra\u0303-2021-08-24-a\u0300s-11.53.50-740x379-1.png\" \/>\n\t<meta property=\"og:image:width\" content=\"740\" \/>\n\t<meta property=\"og:image:height\" content=\"379\" \/>\n\t<meta property=\"og:image:type\" content=\"image\/png\" \/>\n<meta name=\"author\" content=\"Lusa\" \/>\n<meta name=\"twitter:card\" content=\"summary_large_image\" \/>\n<meta name=\"twitter:creator\" content=\"@altominhoTV\" \/>\n<meta name=\"twitter:site\" content=\"@altominhoTV\" \/>\n<meta name=\"twitter:label1\" content=\"Escrito por\" \/>\n\t<meta name=\"twitter:data1\" content=\"Lusa\" \/>\n\t<meta name=\"twitter:label2\" content=\"Tempo estimado de leitura\" \/>\n\t<meta name=\"twitter:data2\" content=\"1 minuto\" \/>\n<script type=\"application\/ld+json\" class=\"yoast-schema-graph\">{\"@context\":\"https:\\\/\\\/schema.org\",\"@graph\":[{\"@type\":\"Article\",\"@id\":\"https:\\\/\\\/www.altominho.tv\\\/site\\\/2022\\\/01\\\/04\\\/internamentos-atingem-valor-mais-elevado-dos-ultimos-10-meses\\\/#article\",\"isPartOf\":{\"@id\":\"https:\\\/\\\/www.altominho.tv\\\/site\\\/2022\\\/01\\\/04\\\/internamentos-atingem-valor-mais-elevado-dos-ultimos-10-meses\\\/\"},\"author\":{\"name\":\"Lusa\",\"@id\":\"https:\\\/\\\/www.altominho.tv\\\/site\\\/#\\\/schema\\\/person\\\/63f693da3e1899361cbe955c46f3232e\"},\"headline\":\"Internamentos atingem valor mais elevado dos \u00faltimos 10 meses\",\"datePublished\":\"2022-01-04T16:03:42+00:00\",\"dateModified\":\"2022-03-07T16:42:19+00:00\",\"mainEntityOfPage\":{\"@id\":\"https:\\\/\\\/www.altominho.tv\\\/site\\\/2022\\\/01\\\/04\\\/internamentos-atingem-valor-mais-elevado-dos-ultimos-10-meses\\\/\"},\"wordCount\":133,\"image\":{\"@id\":\"https:\\\/\\\/www.altominho.tv\\\/site\\\/2022\\\/01\\\/04\\\/internamentos-atingem-valor-mais-elevado-dos-ultimos-10-meses\\\/#primaryimage\"},\"thumbnailUrl\":\"https:\\\/\\\/www.altominho.tv\\\/site\\\/wp-content\\\/uploads\\\/2022\\\/01\\\/Captura-de-ecra\u0303-2021-08-24-a\u0300s-11.53.50-740x379-1.png\",\"keywords\":[\"Sa\u00fade\",\"Sociedade\"],\"articleSection\":[\"Coronav\u00edrus\"],\"inLanguage\":\"pt-PT\",\"copyrightYear\":\"2022\",\"copyrightHolder\":{\"@id\":\"https:\\\/\\\/www.altominho.tv\\\/site\\\/#organization\"}},{\"@type\":\"WebPage\",\"@id\":\"https:\\\/\\\/www.altominho.tv\\\/site\\\/2022\\\/01\\\/04\\\/internamentos-atingem-valor-mais-elevado-dos-ultimos-10-meses\\\/\",\"url\":\"https:\\\/\\\/www.altominho.tv\\\/site\\\/2022\\\/01\\\/04\\\/internamentos-atingem-valor-mais-elevado-dos-ultimos-10-meses\\\/\",\"name\":\"Internamentos atingem valor mais elevado dos \u00faltimos 10 meses\",\"isPartOf\":{\"@id\":\"https:\\\/\\\/www.altominho.tv\\\/site\\\/#website\"},\"primaryImageOfPage\":{\"@id\":\"https:\\\/\\\/www.altominho.tv\\\/site\\\/2022\\\/01\\\/04\\\/internamentos-atingem-valor-mais-elevado-dos-ultimos-10-meses\\\/#primaryimage\"},\"image\":{\"@id\":\"https:\\\/\\\/www.altominho.tv\\\/site\\\/2022\\\/01\\\/04\\\/internamentos-atingem-valor-mais-elevado-dos-ultimos-10-meses\\\/#primaryimage\"},\"thumbnailUrl\":\"https:\\\/\\\/www.altominho.tv\\\/site\\\/wp-content\\\/uploads\\\/2022\\\/01\\\/Captura-de-ecra\u0303-2021-08-24-a\u0300s-11.53.50-740x379-1.png\",\"datePublished\":\"2022-01-04T16:03:42+00:00\",\"dateModified\":\"2022-03-07T16:42:19+00:00\",\"author\":{\"@id\":\"https:\\\/\\\/www.altominho.tv\\\/site\\\/#\\\/schema\\\/person\\\/63f693da3e1899361cbe955c46f3232e\"},\"description\":\"Os doentes internados em enfermaria com covid-19 atingiram hoje o n\u00famero mais elevado dos \u00faltimos 10 meses.\",\"breadcrumb\":{\"@id\":\"https:\\\/\\\/www.altominho.tv\\\/site\\\/2022\\\/01\\\/04\\\/internamentos-atingem-valor-mais-elevado-dos-ultimos-10-meses\\\/#breadcrumb\"},\"inLanguage\":\"pt-PT\",\"potentialAction\":[{\"@type\":\"ReadAction\",\"target\":[\"https:\\\/\\\/www.altominho.tv\\\/site\\\/2022\\\/01\\\/04\\\/internamentos-atingem-valor-mais-elevado-dos-ultimos-10-meses\\\/\"]}]},{\"@type\":\"ImageObject\",\"inLanguage\":\"pt-PT\",\"@id\":\"https:\\\/\\\/www.altominho.tv\\\/site\\\/2022\\\/01\\\/04\\\/internamentos-atingem-valor-mais-elevado-dos-ultimos-10-meses\\\/#primaryimage\",\"url\":\"https:\\\/\\\/www.altominho.tv\\\/site\\\/wp-content\\\/uploads\\\/2022\\\/01\\\/Captura-de-ecra\u0303-2021-08-24-a\u0300s-11.53.50-740x379-1.png\",\"contentUrl\":\"https:\\\/\\\/www.altominho.tv\\\/site\\\/wp-content\\\/uploads\\\/2022\\\/01\\\/Captura-de-ecra\u0303-2021-08-24-a\u0300s-11.53.50-740x379-1.png\",\"width\":740,\"height\":379},{\"@type\":\"BreadcrumbList\",\"@id\":\"https:\\\/\\\/www.altominho.tv\\\/site\\\/2022\\\/01\\\/04\\\/internamentos-atingem-valor-mais-elevado-dos-ultimos-10-meses\\\/#breadcrumb\",\"itemListElement\":[{\"@type\":\"ListItem\",\"position\":1,\"name\":\"In\u00edcio\",\"item\":\"https:\\\/\\\/www.altominho.tv\\\/site\\\/\"},{\"@type\":\"ListItem\",\"position\":2,\"name\":\"Internamentos atingem valor mais elevado dos \u00faltimos 10 meses\"}]},{\"@type\":\"WebSite\",\"@id\":\"https:\\\/\\\/www.altominho.tv\\\/site\\\/#website\",\"url\":\"https:\\\/\\\/www.altominho.tv\\\/site\\\/\",\"name\":\"Altominho.tv\",\"description\":\"A sua regi\u00e3o \u00e0 dist\u00e2ncia de um clique...\",\"potentialAction\":[{\"@type\":\"SearchAction\",\"target\":{\"@type\":\"EntryPoint\",\"urlTemplate\":\"https:\\\/\\\/www.altominho.tv\\\/site\\\/?s={search_term_string}\"},\"query-input\":{\"@type\":\"PropertyValueSpecification\",\"valueRequired\":true,\"valueName\":\"search_term_string\"}}],\"inLanguage\":\"pt-PT\"},{\"@type\":\"Person\",\"@id\":\"https:\\\/\\\/www.altominho.tv\\\/site\\\/#\\\/schema\\\/person\\\/63f693da3e1899361cbe955c46f3232e\",\"name\":\"Lusa\",\"image\":{\"@type\":\"ImageObject\",\"inLanguage\":\"pt-PT\",\"@id\":\"https:\\\/\\\/www.altominho.tv\\\/site\\\/wp-content\\\/uploads\\\/2019\\\/08\\\/LUSA_Logo.gif\",\"url\":\"https:\\\/\\\/www.altominho.tv\\\/site\\\/wp-content\\\/uploads\\\/2019\\\/08\\\/LUSA_Logo.gif\",\"contentUrl\":\"https:\\\/\\\/www.altominho.tv\\\/site\\\/wp-content\\\/uploads\\\/2019\\\/08\\\/LUSA_Logo.gif\",\"caption\":\"Lusa\"},\"sameAs\":[\"http:\\\/\\\/\\\/\\\/www.altominho.tv\\\/site\"],\"url\":\"https:\\\/\\\/www.altominho.tv\\\/site\\\/author\\\/lusa\\\/\"}]}<\/script>\n<!-- \/ Yoast SEO Premium plugin. -->","yoast_head_json":{"title":"Internamentos atingem valor mais elevado dos \u00faltimos 10 meses","description":"Os doentes internados em enfermaria com covid-19 atingiram hoje o n\u00famero mais elevado dos \u00faltimos 10 meses.","robots":{"index":"index","follow":"follow","max-snippet":"max-snippet:-1","max-image-preview":"max-image-preview:large","max-video-preview":"max-video-preview:-1"},"canonical":"https:\/\/www.altominho.tv\/site\/2022\/01\/04\/internamentos-atingem-valor-mais-elevado-dos-ultimos-10-meses\/","og_locale":"pt_PT","og_type":"article","og_title":"Internamentos atingem valor mais elevado dos \u00faltimos 10 meses","og_description":"Os doentes internados em enfermaria com covid-19 atingiram hoje o n\u00famero mais elevado dos \u00faltimos 10 meses.","og_url":"https:\/\/www.altominho.tv\/site\/2022\/01\/04\/internamentos-atingem-valor-mais-elevado-dos-ultimos-10-meses\/","og_site_name":"Altominho.tv","article_publisher":"https:\/\/www.facebook.com\/altominhotv","article_published_time":"2022-01-04T16:03:42+00:00","article_modified_time":"2022-03-07T16:42:19+00:00","og_image":[{"width":740,"height":379,"url":"https:\/\/www.altominho.tv\/site\/wp-content\/uploads\/2022\/01\/Captura-de-ecra\u0303-2021-08-24-a\u0300s-11.53.50-740x379-1.png","type":"image\/png"}],"author":"Lusa","twitter_card":"summary_large_image","twitter_creator":"@altominhoTV","twitter_site":"@altominhoTV","twitter_misc":{"Escrito por":"Lusa","Tempo estimado de leitura":"1 minuto"},"schema":{"@context":"https:\/\/schema.org","@graph":[{"@type":"Article","@id":"https:\/\/www.altominho.tv\/site\/2022\/01\/04\/internamentos-atingem-valor-mais-elevado-dos-ultimos-10-meses\/#article","isPartOf":{"@id":"https:\/\/www.altominho.tv\/site\/2022\/01\/04\/internamentos-atingem-valor-mais-elevado-dos-ultimos-10-meses\/"},"author":{"name":"Lusa","@id":"https:\/\/www.altominho.tv\/site\/#\/schema\/person\/63f693da3e1899361cbe955c46f3232e"},"headline":"Internamentos atingem valor mais elevado dos \u00faltimos 10 meses","datePublished":"2022-01-04T16:03:42+00:00","dateModified":"2022-03-07T16:42:19+00:00","mainEntityOfPage":{"@id":"https:\/\/www.altominho.tv\/site\/2022\/01\/04\/internamentos-atingem-valor-mais-elevado-dos-ultimos-10-meses\/"},"wordCount":133,"image":{"@id":"https:\/\/www.altominho.tv\/site\/2022\/01\/04\/internamentos-atingem-valor-mais-elevado-dos-ultimos-10-meses\/#primaryimage"},"thumbnailUrl":"https:\/\/www.altominho.tv\/site\/wp-content\/uploads\/2022\/01\/Captura-de-ecra\u0303-2021-08-24-a\u0300s-11.53.50-740x379-1.png","keywords":["Sa\u00fade","Sociedade"],"articleSection":["Coronav\u00edrus"],"inLanguage":"pt-PT","copyrightYear":"2022","copyrightHolder":{"@id":"https:\/\/www.altominho.tv\/site\/#organization"}},{"@type":"WebPage","@id":"https:\/\/www.altominho.tv\/site\/2022\/01\/04\/internamentos-atingem-valor-mais-elevado-dos-ultimos-10-meses\/","url":"https:\/\/www.altominho.tv\/site\/2022\/01\/04\/internamentos-atingem-valor-mais-elevado-dos-ultimos-10-meses\/","name":"Internamentos atingem valor mais elevado dos \u00faltimos 10 meses","isPartOf":{"@id":"https:\/\/www.altominho.tv\/site\/#website"},"primaryImageOfPage":{"@id":"https:\/\/www.altominho.tv\/site\/2022\/01\/04\/internamentos-atingem-valor-mais-elevado-dos-ultimos-10-meses\/#primaryimage"},"image":{"@id":"https:\/\/www.altominho.tv\/site\/2022\/01\/04\/internamentos-atingem-valor-mais-elevado-dos-ultimos-10-meses\/#primaryimage"},"thumbnailUrl":"https:\/\/www.altominho.tv\/site\/wp-content\/uploads\/2022\/01\/Captura-de-ecra\u0303-2021-08-24-a\u0300s-11.53.50-740x379-1.png","datePublished":"2022-01-04T16:03:42+00:00","dateModified":"2022-03-07T16:42:19+00:00","author":{"@id":"https:\/\/www.altominho.tv\/site\/#\/schema\/person\/63f693da3e1899361cbe955c46f3232e"},"description":"Os doentes internados em enfermaria com covid-19 atingiram hoje o n\u00famero mais elevado dos \u00faltimos 10 meses.","breadcrumb":{"@id":"https:\/\/www.altominho.tv\/site\/2022\/01\/04\/internamentos-atingem-valor-mais-elevado-dos-ultimos-10-meses\/#breadcrumb"},"inLanguage":"pt-PT","potentialAction":[{"@type":"ReadAction","target":["https:\/\/www.altominho.tv\/site\/2022\/01\/04\/internamentos-atingem-valor-mais-elevado-dos-ultimos-10-meses\/"]}]},{"@type":"ImageObject","inLanguage":"pt-PT","@id":"https:\/\/www.altominho.tv\/site\/2022\/01\/04\/internamentos-atingem-valor-mais-elevado-dos-ultimos-10-meses\/#primaryimage","url":"https:\/\/www.altominho.tv\/site\/wp-content\/uploads\/2022\/01\/Captura-de-ecra\u0303-2021-08-24-a\u0300s-11.53.50-740x379-1.png","contentUrl":"https:\/\/www.altominho.tv\/site\/wp-content\/uploads\/2022\/01\/Captura-de-ecra\u0303-2021-08-24-a\u0300s-11.53.50-740x379-1.png","width":740,"height":379},{"@type":"BreadcrumbList","@id":"https:\/\/www.altominho.tv\/site\/2022\/01\/04\/internamentos-atingem-valor-mais-elevado-dos-ultimos-10-meses\/#breadcrumb","itemListElement":[{"@type":"ListItem","position":1,"name":"In\u00edcio","item":"https:\/\/www.altominho.tv\/site\/"},{"@type":"ListItem","position":2,"name":"Internamentos atingem valor mais elevado dos \u00faltimos 10 meses"}]},{"@type":"WebSite","@id":"https:\/\/www.altominho.tv\/site\/#website","url":"https:\/\/www.altominho.tv\/site\/","name":"Altominho.tv","description":"A sua regi\u00e3o \u00e0 dist\u00e2ncia de um clique...","potentialAction":[{"@type":"SearchAction","target":{"@type":"EntryPoint","urlTemplate":"https:\/\/www.altominho.tv\/site\/?s={search_term_string}"},"query-input":{"@type":"PropertyValueSpecification","valueRequired":true,"valueName":"search_term_string"}}],"inLanguage":"pt-PT"},{"@type":"Person","@id":"https:\/\/www.altominho.tv\/site\/#\/schema\/person\/63f693da3e1899361cbe955c46f3232e","name":"Lusa","image":{"@type":"ImageObject","inLanguage":"pt-PT","@id":"https:\/\/www.altominho.tv\/site\/wp-content\/uploads\/2019\/08\/LUSA_Logo.gif","url":"https:\/\/www.altominho.tv\/site\/wp-content\/uploads\/2019\/08\/LUSA_Logo.gif","contentUrl":"https:\/\/www.altominho.tv\/site\/wp-content\/uploads\/2019\/08\/LUSA_Logo.gif","caption":"Lusa"},"sameAs":["http:\/\/\/\/www.altominho.tv\/site"],"url":"https:\/\/www.altominho.tv\/site\/author\/lusa\/"}]}},"_links":{"self":[{"href":"https:\/\/www.altominho.tv\/site\/wp-json\/wp\/v2\/posts\/74325","targetHints":{"allow":["GET"]}}],"collection":[{"href":"https:\/\/www.altominho.tv\/site\/wp-json\/wp\/v2\/posts"}],"about":[{"href":"https:\/\/www.altominho.tv\/site\/wp-json\/wp\/v2\/types\/post"}],"author":[{"embeddable":true,"href":"https:\/\/www.altominho.tv\/site\/wp-json\/wp\/v2\/users\/13"}],"replies":[{"embeddable":true,"href":"https:\/\/www.altominho.tv\/site\/wp-json\/wp\/v2\/comments?post=74325"}],"version-history":[{"count":0,"href":"https:\/\/www.altominho.tv\/site\/wp-json\/wp\/v2\/posts\/74325\/revisions"}],"wp:featuredmedia":[{"embeddable":true,"href":"https:\/\/www.altominho.tv\/site\/wp-json\/wp\/v2\/media\/74326"}],"wp:attachment":[{"href":"https:\/\/www.altominho.tv\/site\/wp-json\/wp\/v2\/media?parent=74325"}],"wp:term":[{"taxonomy":"category","embeddable":true,"href":"https:\/\/www.altominho.tv\/site\/wp-json\/wp\/v2\/categories?post=74325"},{"taxonomy":"post_tag","embeddable":true,"href":"https:\/\/www.altominho.tv\/site\/wp-json\/wp\/v2\/tags?post=74325"}],"curies":[{"name":"wp","href":"https:\/\/api.w.org\/{rel}","templated":true}]}}