{"id":74307,"date":"2022-01-04T13:48:07","date_gmt":"2022-01-04T13:48:07","guid":{"rendered":"https:\/\/www.altominho.tv\/site\/?p=74307"},"modified":"2022-03-07T16:49:50","modified_gmt":"2022-03-07T16:49:50","slug":"docentes-e-funcionarios-escolares-sao-grupo-prioritario-na-vacinacao","status":"publish","type":"post","link":"https:\/\/www.altominho.tv\/site\/2022\/01\/04\/docentes-e-funcionarios-escolares-sao-grupo-prioritario-na-vacinacao\/","title":{"rendered":"Docentes e funcion\u00e1rios escolares s\u00e3o grupo priorit\u00e1rio na vacina\u00e7\u00e3o"},"content":{"rendered":"<p>Professores assim como todos os trabalhadores n\u00e3o docentes s\u00e3o considerados grupo priorit\u00e1rio na toma da vacina contra a Covid-19 e podem fazer o refor\u00e7o em regime de Casa Aberta entre as tardes de quinta-feira e domingo, segundo as autoridades de sa\u00fade.<\/p>\n<p class=\"text-paragraph\">\u201cOs Centros de Vacina\u00e7\u00e3o realizar\u00e3o, nos pr\u00f3ximos dias 6, 7 8 e 9 de janeiro, no per\u00edodo da tarde, em modalidade de Casa Aberta atrav\u00e9s de senha digital e espec\u00edfico para a vacina\u00e7\u00e3o da Comunidade Escolar, a administra\u00e7\u00e3o de doses de refor\u00e7o contra a COVID-19\u201d, l\u00ea-se no documento divulgado hoje pelas autoridades de sa\u00fade.<\/p>\n<p class=\"text-paragraph\">Na segunda-feira, o secret\u00e1rio de Estado Adjunto e da Sa\u00fade anunciou que os professores e profissionais das creches e ATL podiam fazer o refor\u00e7o da vacina durante a tarde, ficando reservadas as manh\u00e3s para a vacina\u00e7\u00e3o das crian\u00e7as entre os 5 e os 11 anos.<\/p>\n<p class=\"text-paragraph\">Tamb\u00e9m na segunda-feira, a Fenprof voltou a reivindicar que os trabalhadores das escolas deveriam ser considerados como um dos grupos priorit\u00e1rios da vacina\u00e7\u00e3o, devendo ser vacinados antes do regresso \u00e0s aulas agendado para 10 de janeiro.<\/p>\n<p class=\"text-paragraph\">Segundo estimativas da Federa\u00e7\u00e3o Nacional dos Professores, cerca de metade dos docentes ainda n\u00e3o tinham feito o refor\u00e7o da vacina, por n\u00e3o serem considerados ileg\u00edveis para o poder fazer.<\/p>\n<p class=\"text-paragraph\">Segundo as autoridades de sa\u00fade, o pessoal docente e n\u00e3o docente que queira vacinar-se com a dose de refor\u00e7o tem de efetuar previamente o pedido de senha digital <a href=\"https:\/\/covid19.min-saude.pt\/casa-aberta\/\">no Portal Covid-19<\/a>.<\/p>\n<p class=\"text-paragraph\">Na segunda-feira, Lacerda Sales deu a garantia de que o regresso \u00e0s aulas acontecer\u00e1 mesmo no dia 10 de janeiro, afastando a hip\u00f3tese de serem adiadas devido ao aumento de casos de Covid-19.<\/p>\n<p class=\"text-paragraph\">\u201cPenso que essa medida [adiamento] n\u00e3o est\u00e1 garantidamente sobre a mesa. E, portanto, as aulas come\u00e7am no dia 10 de janeiro para as crian\u00e7as, porque essa \u00e9 uma medida fundamental para a sa\u00fade f\u00edsica, mental, social e psicol\u00f3gica das nossas crian\u00e7as\u201d, afirmou o governante, em Coimbra.<\/p>\n","protected":false},"excerpt":{"rendered":"<p>Professores assim como todos os trabalhadores n\u00e3o docentes s\u00e3o considerados grupo priorit\u00e1rio na toma da vacina contra a Covid-19 e podem fazer o refor\u00e7o em regime de Casa Aberta entre as tardes de quinta-feira e domingo, segundo as autoridades de sa\u00fade. \u201cOs Centros de Vacina\u00e7\u00e3o realizar\u00e3o, nos pr\u00f3ximos dias 6, 7 8 e 9 de [&hellip;]<\/p>\n","protected":false},"author":13,"featured_media":51482,"comment_status":"closed","ping_status":"closed","sticky":false,"template":"","format":"standard","meta":{"_exactmetrics_skip_tracking":false,"_exactmetrics_sitenote_active":false,"_exactmetrics_sitenote_note":"","_exactmetrics_sitenote_category":0,"footnotes":""},"categories":[42722],"tags":[22,26,27],"class_list":["post-74307","post","type-post","status-publish","format-standard","has-post-thumbnail","hentry","category-covid-19","tag-educacao","tag-saude","tag-sociedade"],"yoast_head":"<!-- This site is optimized with the Yoast SEO Premium plugin v27.5 (Yoast SEO v27.5) - https:\/\/yoast.com\/product\/yoast-seo-premium-wordpress\/ -->\n<title>Docentes e funcion\u00e1rios escolares s\u00e3o grupo priorit\u00e1rio na vacina\u00e7\u00e3o<\/title>\n<meta name=\"description\" content=\"Professores assim como todos os trabalhadores n\u00e3o docentes s\u00e3o considerados grupo priorit\u00e1rio na toma da vacina contra a Covid-19.\" \/>\n<meta name=\"robots\" content=\"index, follow, max-snippet:-1, max-image-preview:large, max-video-preview:-1\" \/>\n<link rel=\"canonical\" href=\"https:\/\/www.altominho.tv\/site\/2022\/01\/04\/docentes-e-funcionarios-escolares-sao-grupo-prioritario-na-vacinacao\/\" \/>\n<meta property=\"og:locale\" content=\"pt_PT\" \/>\n<meta property=\"og:type\" content=\"article\" \/>\n<meta property=\"og:title\" content=\"Docentes e funcion\u00e1rios escolares s\u00e3o grupo priorit\u00e1rio na vacina\u00e7\u00e3o\" \/>\n<meta property=\"og:description\" content=\"Professores assim como todos os trabalhadores n\u00e3o docentes s\u00e3o considerados grupo priorit\u00e1rio na toma da vacina contra a Covid-19.\" \/>\n<meta property=\"og:url\" content=\"https:\/\/www.altominho.tv\/site\/2022\/01\/04\/docentes-e-funcionarios-escolares-sao-grupo-prioritario-na-vacinacao\/\" \/>\n<meta property=\"og:site_name\" content=\"Altominho.tv\" \/>\n<meta property=\"article:publisher\" content=\"https:\/\/www.facebook.com\/altominhotv\" \/>\n<meta property=\"article:published_time\" content=\"2022-01-04T13:48:07+00:00\" \/>\n<meta property=\"article:modified_time\" content=\"2022-03-07T16:49:50+00:00\" \/>\n<meta property=\"og:image\" content=\"https:\/\/www.altominho.tv\/site\/wp-content\/uploads\/2020\/09\/escola-covid19.jpg\" \/>\n\t<meta property=\"og:image:width\" content=\"711\" \/>\n\t<meta property=\"og:image:height\" content=\"400\" \/>\n\t<meta property=\"og:image:type\" content=\"image\/jpeg\" \/>\n<meta name=\"author\" content=\"Lusa\" \/>\n<meta name=\"twitter:card\" content=\"summary_large_image\" \/>\n<meta name=\"twitter:creator\" content=\"@altominhoTV\" \/>\n<meta name=\"twitter:site\" content=\"@altominhoTV\" \/>\n<meta name=\"twitter:label1\" content=\"Escrito por\" \/>\n\t<meta name=\"twitter:data1\" content=\"Lusa\" \/>\n\t<meta name=\"twitter:label2\" content=\"Tempo estimado de leitura\" \/>\n\t<meta name=\"twitter:data2\" content=\"2 minutos\" \/>\n<script type=\"application\/ld+json\" class=\"yoast-schema-graph\">{\"@context\":\"https:\\\/\\\/schema.org\",\"@graph\":[{\"@type\":\"Article\",\"@id\":\"https:\\\/\\\/www.altominho.tv\\\/site\\\/2022\\\/01\\\/04\\\/docentes-e-funcionarios-escolares-sao-grupo-prioritario-na-vacinacao\\\/#article\",\"isPartOf\":{\"@id\":\"https:\\\/\\\/www.altominho.tv\\\/site\\\/2022\\\/01\\\/04\\\/docentes-e-funcionarios-escolares-sao-grupo-prioritario-na-vacinacao\\\/\"},\"author\":{\"name\":\"Lusa\",\"@id\":\"https:\\\/\\\/www.altominho.tv\\\/site\\\/#\\\/schema\\\/person\\\/63f693da3e1899361cbe955c46f3232e\"},\"headline\":\"Docentes e funcion\u00e1rios escolares s\u00e3o grupo priorit\u00e1rio na vacina\u00e7\u00e3o\",\"datePublished\":\"2022-01-04T13:48:07+00:00\",\"dateModified\":\"2022-03-07T16:49:50+00:00\",\"mainEntityOfPage\":{\"@id\":\"https:\\\/\\\/www.altominho.tv\\\/site\\\/2022\\\/01\\\/04\\\/docentes-e-funcionarios-escolares-sao-grupo-prioritario-na-vacinacao\\\/\"},\"wordCount\":359,\"image\":{\"@id\":\"https:\\\/\\\/www.altominho.tv\\\/site\\\/2022\\\/01\\\/04\\\/docentes-e-funcionarios-escolares-sao-grupo-prioritario-na-vacinacao\\\/#primaryimage\"},\"thumbnailUrl\":\"https:\\\/\\\/www.altominho.tv\\\/site\\\/wp-content\\\/uploads\\\/2020\\\/09\\\/escola-covid19.jpg\",\"keywords\":[\"Educa\u00e7\u00e3o\",\"Sa\u00fade\",\"Sociedade\"],\"articleSection\":[\"Coronav\u00edrus\"],\"inLanguage\":\"pt-PT\",\"copyrightYear\":\"2022\",\"copyrightHolder\":{\"@id\":\"https:\\\/\\\/www.altominho.tv\\\/site\\\/#organization\"}},{\"@type\":\"WebPage\",\"@id\":\"https:\\\/\\\/www.altominho.tv\\\/site\\\/2022\\\/01\\\/04\\\/docentes-e-funcionarios-escolares-sao-grupo-prioritario-na-vacinacao\\\/\",\"url\":\"https:\\\/\\\/www.altominho.tv\\\/site\\\/2022\\\/01\\\/04\\\/docentes-e-funcionarios-escolares-sao-grupo-prioritario-na-vacinacao\\\/\",\"name\":\"Docentes e funcion\u00e1rios escolares s\u00e3o grupo priorit\u00e1rio na vacina\u00e7\u00e3o\",\"isPartOf\":{\"@id\":\"https:\\\/\\\/www.altominho.tv\\\/site\\\/#website\"},\"primaryImageOfPage\":{\"@id\":\"https:\\\/\\\/www.altominho.tv\\\/site\\\/2022\\\/01\\\/04\\\/docentes-e-funcionarios-escolares-sao-grupo-prioritario-na-vacinacao\\\/#primaryimage\"},\"image\":{\"@id\":\"https:\\\/\\\/www.altominho.tv\\\/site\\\/2022\\\/01\\\/04\\\/docentes-e-funcionarios-escolares-sao-grupo-prioritario-na-vacinacao\\\/#primaryimage\"},\"thumbnailUrl\":\"https:\\\/\\\/www.altominho.tv\\\/site\\\/wp-content\\\/uploads\\\/2020\\\/09\\\/escola-covid19.jpg\",\"datePublished\":\"2022-01-04T13:48:07+00:00\",\"dateModified\":\"2022-03-07T16:49:50+00:00\",\"author\":{\"@id\":\"https:\\\/\\\/www.altominho.tv\\\/site\\\/#\\\/schema\\\/person\\\/63f693da3e1899361cbe955c46f3232e\"},\"description\":\"Professores assim como todos os trabalhadores n\u00e3o docentes s\u00e3o considerados grupo priorit\u00e1rio na toma da vacina contra a Covid-19.\",\"breadcrumb\":{\"@id\":\"https:\\\/\\\/www.altominho.tv\\\/site\\\/2022\\\/01\\\/04\\\/docentes-e-funcionarios-escolares-sao-grupo-prioritario-na-vacinacao\\\/#breadcrumb\"},\"inLanguage\":\"pt-PT\",\"potentialAction\":[{\"@type\":\"ReadAction\",\"target\":[\"https:\\\/\\\/www.altominho.tv\\\/site\\\/2022\\\/01\\\/04\\\/docentes-e-funcionarios-escolares-sao-grupo-prioritario-na-vacinacao\\\/\"]}]},{\"@type\":\"ImageObject\",\"inLanguage\":\"pt-PT\",\"@id\":\"https:\\\/\\\/www.altominho.tv\\\/site\\\/2022\\\/01\\\/04\\\/docentes-e-funcionarios-escolares-sao-grupo-prioritario-na-vacinacao\\\/#primaryimage\",\"url\":\"https:\\\/\\\/www.altominho.tv\\\/site\\\/wp-content\\\/uploads\\\/2020\\\/09\\\/escola-covid19.jpg\",\"contentUrl\":\"https:\\\/\\\/www.altominho.tv\\\/site\\\/wp-content\\\/uploads\\\/2020\\\/09\\\/escola-covid19.jpg\",\"width\":711,\"height\":400},{\"@type\":\"BreadcrumbList\",\"@id\":\"https:\\\/\\\/www.altominho.tv\\\/site\\\/2022\\\/01\\\/04\\\/docentes-e-funcionarios-escolares-sao-grupo-prioritario-na-vacinacao\\\/#breadcrumb\",\"itemListElement\":[{\"@type\":\"ListItem\",\"position\":1,\"name\":\"In\u00edcio\",\"item\":\"https:\\\/\\\/www.altominho.tv\\\/site\\\/\"},{\"@type\":\"ListItem\",\"position\":2,\"name\":\"Docentes e funcion\u00e1rios escolares s\u00e3o grupo priorit\u00e1rio na vacina\u00e7\u00e3o\"}]},{\"@type\":\"WebSite\",\"@id\":\"https:\\\/\\\/www.altominho.tv\\\/site\\\/#website\",\"url\":\"https:\\\/\\\/www.altominho.tv\\\/site\\\/\",\"name\":\"Altominho.tv\",\"description\":\"A sua regi\u00e3o \u00e0 dist\u00e2ncia de um clique...\",\"potentialAction\":[{\"@type\":\"SearchAction\",\"target\":{\"@type\":\"EntryPoint\",\"urlTemplate\":\"https:\\\/\\\/www.altominho.tv\\\/site\\\/?s={search_term_string}\"},\"query-input\":{\"@type\":\"PropertyValueSpecification\",\"valueRequired\":true,\"valueName\":\"search_term_string\"}}],\"inLanguage\":\"pt-PT\"},{\"@type\":\"Person\",\"@id\":\"https:\\\/\\\/www.altominho.tv\\\/site\\\/#\\\/schema\\\/person\\\/63f693da3e1899361cbe955c46f3232e\",\"name\":\"Lusa\",\"image\":{\"@type\":\"ImageObject\",\"inLanguage\":\"pt-PT\",\"@id\":\"https:\\\/\\\/www.altominho.tv\\\/site\\\/wp-content\\\/uploads\\\/2019\\\/08\\\/LUSA_Logo.gif\",\"url\":\"https:\\\/\\\/www.altominho.tv\\\/site\\\/wp-content\\\/uploads\\\/2019\\\/08\\\/LUSA_Logo.gif\",\"contentUrl\":\"https:\\\/\\\/www.altominho.tv\\\/site\\\/wp-content\\\/uploads\\\/2019\\\/08\\\/LUSA_Logo.gif\",\"caption\":\"Lusa\"},\"sameAs\":[\"http:\\\/\\\/\\\/\\\/www.altominho.tv\\\/site\"],\"url\":\"https:\\\/\\\/www.altominho.tv\\\/site\\\/author\\\/lusa\\\/\"}]}<\/script>\n<!-- \/ Yoast SEO Premium plugin. -->","yoast_head_json":{"title":"Docentes e funcion\u00e1rios escolares s\u00e3o grupo priorit\u00e1rio na vacina\u00e7\u00e3o","description":"Professores assim como todos os trabalhadores n\u00e3o docentes s\u00e3o considerados grupo priorit\u00e1rio na toma da vacina contra a Covid-19.","robots":{"index":"index","follow":"follow","max-snippet":"max-snippet:-1","max-image-preview":"max-image-preview:large","max-video-preview":"max-video-preview:-1"},"canonical":"https:\/\/www.altominho.tv\/site\/2022\/01\/04\/docentes-e-funcionarios-escolares-sao-grupo-prioritario-na-vacinacao\/","og_locale":"pt_PT","og_type":"article","og_title":"Docentes e funcion\u00e1rios escolares s\u00e3o grupo priorit\u00e1rio na vacina\u00e7\u00e3o","og_description":"Professores assim como todos os trabalhadores n\u00e3o docentes s\u00e3o considerados grupo priorit\u00e1rio na toma da vacina contra a Covid-19.","og_url":"https:\/\/www.altominho.tv\/site\/2022\/01\/04\/docentes-e-funcionarios-escolares-sao-grupo-prioritario-na-vacinacao\/","og_site_name":"Altominho.tv","article_publisher":"https:\/\/www.facebook.com\/altominhotv","article_published_time":"2022-01-04T13:48:07+00:00","article_modified_time":"2022-03-07T16:49:50+00:00","og_image":[{"width":711,"height":400,"url":"https:\/\/www.altominho.tv\/site\/wp-content\/uploads\/2020\/09\/escola-covid19.jpg","type":"image\/jpeg"}],"author":"Lusa","twitter_card":"summary_large_image","twitter_creator":"@altominhoTV","twitter_site":"@altominhoTV","twitter_misc":{"Escrito por":"Lusa","Tempo estimado de leitura":"2 minutos"},"schema":{"@context":"https:\/\/schema.org","@graph":[{"@type":"Article","@id":"https:\/\/www.altominho.tv\/site\/2022\/01\/04\/docentes-e-funcionarios-escolares-sao-grupo-prioritario-na-vacinacao\/#article","isPartOf":{"@id":"https:\/\/www.altominho.tv\/site\/2022\/01\/04\/docentes-e-funcionarios-escolares-sao-grupo-prioritario-na-vacinacao\/"},"author":{"name":"Lusa","@id":"https:\/\/www.altominho.tv\/site\/#\/schema\/person\/63f693da3e1899361cbe955c46f3232e"},"headline":"Docentes e funcion\u00e1rios escolares s\u00e3o grupo priorit\u00e1rio na vacina\u00e7\u00e3o","datePublished":"2022-01-04T13:48:07+00:00","dateModified":"2022-03-07T16:49:50+00:00","mainEntityOfPage":{"@id":"https:\/\/www.altominho.tv\/site\/2022\/01\/04\/docentes-e-funcionarios-escolares-sao-grupo-prioritario-na-vacinacao\/"},"wordCount":359,"image":{"@id":"https:\/\/www.altominho.tv\/site\/2022\/01\/04\/docentes-e-funcionarios-escolares-sao-grupo-prioritario-na-vacinacao\/#primaryimage"},"thumbnailUrl":"https:\/\/www.altominho.tv\/site\/wp-content\/uploads\/2020\/09\/escola-covid19.jpg","keywords":["Educa\u00e7\u00e3o","Sa\u00fade","Sociedade"],"articleSection":["Coronav\u00edrus"],"inLanguage":"pt-PT","copyrightYear":"2022","copyrightHolder":{"@id":"https:\/\/www.altominho.tv\/site\/#organization"}},{"@type":"WebPage","@id":"https:\/\/www.altominho.tv\/site\/2022\/01\/04\/docentes-e-funcionarios-escolares-sao-grupo-prioritario-na-vacinacao\/","url":"https:\/\/www.altominho.tv\/site\/2022\/01\/04\/docentes-e-funcionarios-escolares-sao-grupo-prioritario-na-vacinacao\/","name":"Docentes e funcion\u00e1rios escolares s\u00e3o grupo priorit\u00e1rio na vacina\u00e7\u00e3o","isPartOf":{"@id":"https:\/\/www.altominho.tv\/site\/#website"},"primaryImageOfPage":{"@id":"https:\/\/www.altominho.tv\/site\/2022\/01\/04\/docentes-e-funcionarios-escolares-sao-grupo-prioritario-na-vacinacao\/#primaryimage"},"image":{"@id":"https:\/\/www.altominho.tv\/site\/2022\/01\/04\/docentes-e-funcionarios-escolares-sao-grupo-prioritario-na-vacinacao\/#primaryimage"},"thumbnailUrl":"https:\/\/www.altominho.tv\/site\/wp-content\/uploads\/2020\/09\/escola-covid19.jpg","datePublished":"2022-01-04T13:48:07+00:00","dateModified":"2022-03-07T16:49:50+00:00","author":{"@id":"https:\/\/www.altominho.tv\/site\/#\/schema\/person\/63f693da3e1899361cbe955c46f3232e"},"description":"Professores assim como todos os trabalhadores n\u00e3o docentes s\u00e3o considerados grupo priorit\u00e1rio na toma da vacina contra a Covid-19.","breadcrumb":{"@id":"https:\/\/www.altominho.tv\/site\/2022\/01\/04\/docentes-e-funcionarios-escolares-sao-grupo-prioritario-na-vacinacao\/#breadcrumb"},"inLanguage":"pt-PT","potentialAction":[{"@type":"ReadAction","target":["https:\/\/www.altominho.tv\/site\/2022\/01\/04\/docentes-e-funcionarios-escolares-sao-grupo-prioritario-na-vacinacao\/"]}]},{"@type":"ImageObject","inLanguage":"pt-PT","@id":"https:\/\/www.altominho.tv\/site\/2022\/01\/04\/docentes-e-funcionarios-escolares-sao-grupo-prioritario-na-vacinacao\/#primaryimage","url":"https:\/\/www.altominho.tv\/site\/wp-content\/uploads\/2020\/09\/escola-covid19.jpg","contentUrl":"https:\/\/www.altominho.tv\/site\/wp-content\/uploads\/2020\/09\/escola-covid19.jpg","width":711,"height":400},{"@type":"BreadcrumbList","@id":"https:\/\/www.altominho.tv\/site\/2022\/01\/04\/docentes-e-funcionarios-escolares-sao-grupo-prioritario-na-vacinacao\/#breadcrumb","itemListElement":[{"@type":"ListItem","position":1,"name":"In\u00edcio","item":"https:\/\/www.altominho.tv\/site\/"},{"@type":"ListItem","position":2,"name":"Docentes e funcion\u00e1rios escolares s\u00e3o grupo priorit\u00e1rio na vacina\u00e7\u00e3o"}]},{"@type":"WebSite","@id":"https:\/\/www.altominho.tv\/site\/#website","url":"https:\/\/www.altominho.tv\/site\/","name":"Altominho.tv","description":"A sua regi\u00e3o \u00e0 dist\u00e2ncia de um clique...","potentialAction":[{"@type":"SearchAction","target":{"@type":"EntryPoint","urlTemplate":"https:\/\/www.altominho.tv\/site\/?s={search_term_string}"},"query-input":{"@type":"PropertyValueSpecification","valueRequired":true,"valueName":"search_term_string"}}],"inLanguage":"pt-PT"},{"@type":"Person","@id":"https:\/\/www.altominho.tv\/site\/#\/schema\/person\/63f693da3e1899361cbe955c46f3232e","name":"Lusa","image":{"@type":"ImageObject","inLanguage":"pt-PT","@id":"https:\/\/www.altominho.tv\/site\/wp-content\/uploads\/2019\/08\/LUSA_Logo.gif","url":"https:\/\/www.altominho.tv\/site\/wp-content\/uploads\/2019\/08\/LUSA_Logo.gif","contentUrl":"https:\/\/www.altominho.tv\/site\/wp-content\/uploads\/2019\/08\/LUSA_Logo.gif","caption":"Lusa"},"sameAs":["http:\/\/\/\/www.altominho.tv\/site"],"url":"https:\/\/www.altominho.tv\/site\/author\/lusa\/"}]}},"_links":{"self":[{"href":"https:\/\/www.altominho.tv\/site\/wp-json\/wp\/v2\/posts\/74307","targetHints":{"allow":["GET"]}}],"collection":[{"href":"https:\/\/www.altominho.tv\/site\/wp-json\/wp\/v2\/posts"}],"about":[{"href":"https:\/\/www.altominho.tv\/site\/wp-json\/wp\/v2\/types\/post"}],"author":[{"embeddable":true,"href":"https:\/\/www.altominho.tv\/site\/wp-json\/wp\/v2\/users\/13"}],"replies":[{"embeddable":true,"href":"https:\/\/www.altominho.tv\/site\/wp-json\/wp\/v2\/comments?post=74307"}],"version-history":[{"count":0,"href":"https:\/\/www.altominho.tv\/site\/wp-json\/wp\/v2\/posts\/74307\/revisions"}],"wp:featuredmedia":[{"embeddable":true,"href":"https:\/\/www.altominho.tv\/site\/wp-json\/wp\/v2\/media\/51482"}],"wp:attachment":[{"href":"https:\/\/www.altominho.tv\/site\/wp-json\/wp\/v2\/media?parent=74307"}],"wp:term":[{"taxonomy":"category","embeddable":true,"href":"https:\/\/www.altominho.tv\/site\/wp-json\/wp\/v2\/categories?post=74307"},{"taxonomy":"post_tag","embeddable":true,"href":"https:\/\/www.altominho.tv\/site\/wp-json\/wp\/v2\/tags?post=74307"}],"curies":[{"name":"wp","href":"https:\/\/api.w.org\/{rel}","templated":true}]}}