{"id":74223,"date":"2022-01-03T13:29:15","date_gmt":"2022-01-03T13:29:15","guid":{"rendered":"https:\/\/www.altominho.tv\/site\/?p=74223"},"modified":"2022-03-08T09:14:05","modified_gmt":"2022-03-08T09:14:05","slug":"operacao-de-ano-novo-nas-estradas-com-menos-dois-mortos-do-que-no-ano-anterior","status":"publish","type":"post","link":"https:\/\/www.altominho.tv\/site\/2022\/01\/03\/operacao-de-ano-novo-nas-estradas-com-menos-dois-mortos-do-que-no-ano-anterior\/","title":{"rendered":"Opera\u00e7\u00e3o de Ano Novo nas estradas com menos dois mortos do que no ano anterior"},"content":{"rendered":"\n<p>A opera\u00e7\u00e3o de seguran\u00e7a rodovi\u00e1ria de Ano Novo registou menos dois mortos e mais 19 feridos graves em rela\u00e7\u00e3o ao mesmo per\u00edodo do ano passado, tendo os acidentes diminu\u00eddo 5,5%, indicou hoje a Autoridade Nacional de Seguran\u00e7a Rodovi\u00e1ria (ANSR).<br>Num comunicado de balan\u00e7o sobre a campanha de seguran\u00e7a rodovi\u00e1ria de Ano Novo \u201cO melhor presente \u00e9 estar presente\u201d, que decorreu entre 28 de dezembro e 02 janeiro, a ANSR refere que se registaram nas estradas portuguesas cinco v\u00edtimas mortais, menos duas do que em igual per\u00edodo do ano passado.<\/p>\n\n\n\n<p>A ANSR, que engloba os dados contabilizados pela PSP e GNR, avan\u00e7a que, no mesmo per\u00edodo, se registaram 35 feridos graves e 414 feridos ligeiros, mais 19 e 51 que no per\u00edodo hom\u00f3logo, respetivamente.&nbsp;<\/p>\n\n\n\n<p>Segundo a ANSR, o n\u00famero total de acidentes foi de 1.469, menos 5,5% do que em igual per\u00edodo do ano passando, e as cinco v\u00edtimas mortais resultaram de cinco desastres que ocorreram nos dias 29 e 31 de dezembro nos distritos de Porto e Santar\u00e9m e a 01 e 02 de janeiro nos distritos de Viana do Castelo, Guarda e Lisboa.&nbsp;<\/p>\n\n\n\n<p>A Seguran\u00e7a Rodovi\u00e1ria precisa que, entre as v\u00edtimas mortais, est\u00e3o um pe\u00e3o por atropelamento, tr\u00eas condutores em resultado de despistes de motos e um condutor de ve\u00edculo ligeiro num choque em cadeia.&nbsp;<\/p>\n\n\n\n<p>A ANSR indica tamb\u00e9m que a PSP e a GNR fiscalizaram, entre 28 de dezembro e 02 janeiro, mais de 2,1 milh\u00f5es de ve\u00edculos, quer presencialmente, quer atrav\u00e9s de controlo por radar.&nbsp;<\/p>\n\n\n\n<p>Relativamente \u00e0 velocidade, foram fiscalizados 2.099.210 ve\u00edculos, 1.954.322 dos quais pelo SINCRO (Sistema Nacional de Controlo de Velocidade) da responsabilidade da ANSR, traduzindo-se num aumento de 30,3% face a igual per\u00edodo do ano anterior.&nbsp;<br>Dos ve\u00edculos fiscalizados por radar, 9.183 circulavam com excesso de velocidade, 3.162 dos quais foram detetados pelos radares da GNR e da PSP e 6.021 pelos da ANSR.<br>A ANSR indica ainda que as autoridades detiveram 326 pessoas por estarem a conduzir com excesso de \u00e1lcool.<\/p>\n","protected":false},"excerpt":{"rendered":"<p>A opera\u00e7\u00e3o de seguran\u00e7a rodovi\u00e1ria de Ano Novo registou menos dois mortos e mais 19 feridos graves em rela\u00e7\u00e3o ao mesmo per\u00edodo do ano passado, tendo os acidentes diminu\u00eddo 5,5%, indicou hoje a Autoridade Nacional de Seguran\u00e7a Rodovi\u00e1ria (ANSR).Num comunicado de balan\u00e7o sobre a campanha de seguran\u00e7a rodovi\u00e1ria de Ano Novo \u201cO melhor presente \u00e9 [&hellip;]<\/p>\n","protected":false},"author":13,"featured_media":74224,"comment_status":"closed","ping_status":"closed","sticky":false,"template":"","format":"standard","meta":{"_exactmetrics_skip_tracking":false,"_exactmetrics_sitenote_active":false,"_exactmetrics_sitenote_note":"","_exactmetrics_sitenote_category":0,"footnotes":""},"categories":[56325],"tags":[27],"class_list":["post-74223","post","type-post","status-publish","format-standard","has-post-thumbnail","hentry","category-pais","tag-sociedade"],"yoast_head":"<!-- This site is optimized with the Yoast SEO Premium plugin v27.5 (Yoast SEO v27.5) - https:\/\/yoast.com\/product\/yoast-seo-premium-wordpress\/ -->\n<title>Opera\u00e7\u00e3o de Ano Novo nas estradas com menos dois mortos do que no ano anterior<\/title>\n<meta name=\"description\" content=\"A opera\u00e7\u00e3o de seguran\u00e7a rodovi\u00e1ria de Ano Novo registou menos dois mortos e mais 19 feridos graves em rela\u00e7\u00e3o ao mesmo per\u00edodo do ano passado, tendo os acidentes diminu\u00eddo.\" \/>\n<meta name=\"robots\" content=\"index, follow, max-snippet:-1, max-image-preview:large, max-video-preview:-1\" \/>\n<link rel=\"canonical\" href=\"https:\/\/www.altominho.tv\/site\/2022\/01\/03\/operacao-de-ano-novo-nas-estradas-com-menos-dois-mortos-do-que-no-ano-anterior\/\" \/>\n<meta property=\"og:locale\" content=\"pt_PT\" \/>\n<meta property=\"og:type\" content=\"article\" \/>\n<meta property=\"og:title\" content=\"Opera\u00e7\u00e3o de Ano Novo nas estradas com menos dois mortos do que no ano anterior\" \/>\n<meta property=\"og:description\" content=\"A opera\u00e7\u00e3o de seguran\u00e7a rodovi\u00e1ria de Ano Novo registou menos dois mortos e mais 19 feridos graves em rela\u00e7\u00e3o ao mesmo per\u00edodo do ano passado, tendo os acidentes diminu\u00eddo.\" \/>\n<meta property=\"og:url\" content=\"https:\/\/www.altominho.tv\/site\/2022\/01\/03\/operacao-de-ano-novo-nas-estradas-com-menos-dois-mortos-do-que-no-ano-anterior\/\" \/>\n<meta property=\"og:site_name\" content=\"Altominho.tv\" \/>\n<meta property=\"article:publisher\" content=\"https:\/\/www.facebook.com\/altominhotv\" \/>\n<meta property=\"article:published_time\" content=\"2022-01-03T13:29:15+00:00\" \/>\n<meta property=\"article:modified_time\" content=\"2022-03-08T09:14:05+00:00\" \/>\n<meta property=\"og:image\" content=\"https:\/\/www.altominho.tv\/site\/wp-content\/uploads\/2022\/01\/GNR-patrulhamento.jpeg\" \/>\n\t<meta property=\"og:image:width\" content=\"810\" \/>\n\t<meta property=\"og:image:height\" content=\"456\" \/>\n\t<meta property=\"og:image:type\" content=\"image\/jpeg\" \/>\n<meta name=\"author\" content=\"Lusa\" \/>\n<meta name=\"twitter:card\" content=\"summary_large_image\" \/>\n<meta name=\"twitter:creator\" content=\"@altominhoTV\" \/>\n<meta name=\"twitter:site\" content=\"@altominhoTV\" \/>\n<meta name=\"twitter:label1\" content=\"Escrito por\" \/>\n\t<meta name=\"twitter:data1\" content=\"Lusa\" \/>\n\t<meta name=\"twitter:label2\" content=\"Tempo estimado de leitura\" \/>\n\t<meta name=\"twitter:data2\" content=\"2 minutos\" \/>\n<script type=\"application\/ld+json\" class=\"yoast-schema-graph\">{\"@context\":\"https:\\\/\\\/schema.org\",\"@graph\":[{\"@type\":\"Article\",\"@id\":\"https:\\\/\\\/www.altominho.tv\\\/site\\\/2022\\\/01\\\/03\\\/operacao-de-ano-novo-nas-estradas-com-menos-dois-mortos-do-que-no-ano-anterior\\\/#article\",\"isPartOf\":{\"@id\":\"https:\\\/\\\/www.altominho.tv\\\/site\\\/2022\\\/01\\\/03\\\/operacao-de-ano-novo-nas-estradas-com-menos-dois-mortos-do-que-no-ano-anterior\\\/\"},\"author\":{\"name\":\"Lusa\",\"@id\":\"https:\\\/\\\/www.altominho.tv\\\/site\\\/#\\\/schema\\\/person\\\/63f693da3e1899361cbe955c46f3232e\"},\"headline\":\"Opera\u00e7\u00e3o de Ano Novo nas estradas com menos dois mortos do que no ano anterior\",\"datePublished\":\"2022-01-03T13:29:15+00:00\",\"dateModified\":\"2022-03-08T09:14:05+00:00\",\"mainEntityOfPage\":{\"@id\":\"https:\\\/\\\/www.altominho.tv\\\/site\\\/2022\\\/01\\\/03\\\/operacao-de-ano-novo-nas-estradas-com-menos-dois-mortos-do-que-no-ano-anterior\\\/\"},\"wordCount\":358,\"image\":{\"@id\":\"https:\\\/\\\/www.altominho.tv\\\/site\\\/2022\\\/01\\\/03\\\/operacao-de-ano-novo-nas-estradas-com-menos-dois-mortos-do-que-no-ano-anterior\\\/#primaryimage\"},\"thumbnailUrl\":\"https:\\\/\\\/www.altominho.tv\\\/site\\\/wp-content\\\/uploads\\\/2022\\\/01\\\/GNR-patrulhamento.jpeg\",\"keywords\":[\"Sociedade\"],\"articleSection\":[\"Pa\u00eds\"],\"inLanguage\":\"pt-PT\",\"copyrightYear\":\"2022\",\"copyrightHolder\":{\"@id\":\"https:\\\/\\\/www.altominho.tv\\\/site\\\/#organization\"}},{\"@type\":\"WebPage\",\"@id\":\"https:\\\/\\\/www.altominho.tv\\\/site\\\/2022\\\/01\\\/03\\\/operacao-de-ano-novo-nas-estradas-com-menos-dois-mortos-do-que-no-ano-anterior\\\/\",\"url\":\"https:\\\/\\\/www.altominho.tv\\\/site\\\/2022\\\/01\\\/03\\\/operacao-de-ano-novo-nas-estradas-com-menos-dois-mortos-do-que-no-ano-anterior\\\/\",\"name\":\"Opera\u00e7\u00e3o de Ano Novo nas estradas com menos dois mortos do que no ano anterior\",\"isPartOf\":{\"@id\":\"https:\\\/\\\/www.altominho.tv\\\/site\\\/#website\"},\"primaryImageOfPage\":{\"@id\":\"https:\\\/\\\/www.altominho.tv\\\/site\\\/2022\\\/01\\\/03\\\/operacao-de-ano-novo-nas-estradas-com-menos-dois-mortos-do-que-no-ano-anterior\\\/#primaryimage\"},\"image\":{\"@id\":\"https:\\\/\\\/www.altominho.tv\\\/site\\\/2022\\\/01\\\/03\\\/operacao-de-ano-novo-nas-estradas-com-menos-dois-mortos-do-que-no-ano-anterior\\\/#primaryimage\"},\"thumbnailUrl\":\"https:\\\/\\\/www.altominho.tv\\\/site\\\/wp-content\\\/uploads\\\/2022\\\/01\\\/GNR-patrulhamento.jpeg\",\"datePublished\":\"2022-01-03T13:29:15+00:00\",\"dateModified\":\"2022-03-08T09:14:05+00:00\",\"author\":{\"@id\":\"https:\\\/\\\/www.altominho.tv\\\/site\\\/#\\\/schema\\\/person\\\/63f693da3e1899361cbe955c46f3232e\"},\"description\":\"A opera\u00e7\u00e3o de seguran\u00e7a rodovi\u00e1ria de Ano Novo registou menos dois mortos e mais 19 feridos graves em rela\u00e7\u00e3o ao mesmo per\u00edodo do ano passado, tendo os acidentes diminu\u00eddo.\",\"breadcrumb\":{\"@id\":\"https:\\\/\\\/www.altominho.tv\\\/site\\\/2022\\\/01\\\/03\\\/operacao-de-ano-novo-nas-estradas-com-menos-dois-mortos-do-que-no-ano-anterior\\\/#breadcrumb\"},\"inLanguage\":\"pt-PT\",\"potentialAction\":[{\"@type\":\"ReadAction\",\"target\":[\"https:\\\/\\\/www.altominho.tv\\\/site\\\/2022\\\/01\\\/03\\\/operacao-de-ano-novo-nas-estradas-com-menos-dois-mortos-do-que-no-ano-anterior\\\/\"]}]},{\"@type\":\"ImageObject\",\"inLanguage\":\"pt-PT\",\"@id\":\"https:\\\/\\\/www.altominho.tv\\\/site\\\/2022\\\/01\\\/03\\\/operacao-de-ano-novo-nas-estradas-com-menos-dois-mortos-do-que-no-ano-anterior\\\/#primaryimage\",\"url\":\"https:\\\/\\\/www.altominho.tv\\\/site\\\/wp-content\\\/uploads\\\/2022\\\/01\\\/GNR-patrulhamento.jpeg\",\"contentUrl\":\"https:\\\/\\\/www.altominho.tv\\\/site\\\/wp-content\\\/uploads\\\/2022\\\/01\\\/GNR-patrulhamento.jpeg\",\"width\":810,\"height\":456},{\"@type\":\"BreadcrumbList\",\"@id\":\"https:\\\/\\\/www.altominho.tv\\\/site\\\/2022\\\/01\\\/03\\\/operacao-de-ano-novo-nas-estradas-com-menos-dois-mortos-do-que-no-ano-anterior\\\/#breadcrumb\",\"itemListElement\":[{\"@type\":\"ListItem\",\"position\":1,\"name\":\"In\u00edcio\",\"item\":\"https:\\\/\\\/www.altominho.tv\\\/site\\\/\"},{\"@type\":\"ListItem\",\"position\":2,\"name\":\"Opera\u00e7\u00e3o de Ano Novo nas estradas com menos dois mortos do que no ano anterior\"}]},{\"@type\":\"WebSite\",\"@id\":\"https:\\\/\\\/www.altominho.tv\\\/site\\\/#website\",\"url\":\"https:\\\/\\\/www.altominho.tv\\\/site\\\/\",\"name\":\"Altominho.tv\",\"description\":\"A sua regi\u00e3o \u00e0 dist\u00e2ncia de um clique...\",\"potentialAction\":[{\"@type\":\"SearchAction\",\"target\":{\"@type\":\"EntryPoint\",\"urlTemplate\":\"https:\\\/\\\/www.altominho.tv\\\/site\\\/?s={search_term_string}\"},\"query-input\":{\"@type\":\"PropertyValueSpecification\",\"valueRequired\":true,\"valueName\":\"search_term_string\"}}],\"inLanguage\":\"pt-PT\"},{\"@type\":\"Person\",\"@id\":\"https:\\\/\\\/www.altominho.tv\\\/site\\\/#\\\/schema\\\/person\\\/63f693da3e1899361cbe955c46f3232e\",\"name\":\"Lusa\",\"image\":{\"@type\":\"ImageObject\",\"inLanguage\":\"pt-PT\",\"@id\":\"https:\\\/\\\/www.altominho.tv\\\/site\\\/wp-content\\\/uploads\\\/2019\\\/08\\\/LUSA_Logo.gif\",\"url\":\"https:\\\/\\\/www.altominho.tv\\\/site\\\/wp-content\\\/uploads\\\/2019\\\/08\\\/LUSA_Logo.gif\",\"contentUrl\":\"https:\\\/\\\/www.altominho.tv\\\/site\\\/wp-content\\\/uploads\\\/2019\\\/08\\\/LUSA_Logo.gif\",\"caption\":\"Lusa\"},\"sameAs\":[\"http:\\\/\\\/\\\/\\\/www.altominho.tv\\\/site\"],\"url\":\"https:\\\/\\\/www.altominho.tv\\\/site\\\/author\\\/lusa\\\/\"}]}<\/script>\n<!-- \/ Yoast SEO Premium plugin. -->","yoast_head_json":{"title":"Opera\u00e7\u00e3o de Ano Novo nas estradas com menos dois mortos do que no ano anterior","description":"A opera\u00e7\u00e3o de seguran\u00e7a rodovi\u00e1ria de Ano Novo registou menos dois mortos e mais 19 feridos graves em rela\u00e7\u00e3o ao mesmo per\u00edodo do ano passado, tendo os acidentes diminu\u00eddo.","robots":{"index":"index","follow":"follow","max-snippet":"max-snippet:-1","max-image-preview":"max-image-preview:large","max-video-preview":"max-video-preview:-1"},"canonical":"https:\/\/www.altominho.tv\/site\/2022\/01\/03\/operacao-de-ano-novo-nas-estradas-com-menos-dois-mortos-do-que-no-ano-anterior\/","og_locale":"pt_PT","og_type":"article","og_title":"Opera\u00e7\u00e3o de Ano Novo nas estradas com menos dois mortos do que no ano anterior","og_description":"A opera\u00e7\u00e3o de seguran\u00e7a rodovi\u00e1ria de Ano Novo registou menos dois mortos e mais 19 feridos graves em rela\u00e7\u00e3o ao mesmo per\u00edodo do ano passado, tendo os acidentes diminu\u00eddo.","og_url":"https:\/\/www.altominho.tv\/site\/2022\/01\/03\/operacao-de-ano-novo-nas-estradas-com-menos-dois-mortos-do-que-no-ano-anterior\/","og_site_name":"Altominho.tv","article_publisher":"https:\/\/www.facebook.com\/altominhotv","article_published_time":"2022-01-03T13:29:15+00:00","article_modified_time":"2022-03-08T09:14:05+00:00","og_image":[{"width":810,"height":456,"url":"https:\/\/www.altominho.tv\/site\/wp-content\/uploads\/2022\/01\/GNR-patrulhamento.jpeg","type":"image\/jpeg"}],"author":"Lusa","twitter_card":"summary_large_image","twitter_creator":"@altominhoTV","twitter_site":"@altominhoTV","twitter_misc":{"Escrito por":"Lusa","Tempo estimado de leitura":"2 minutos"},"schema":{"@context":"https:\/\/schema.org","@graph":[{"@type":"Article","@id":"https:\/\/www.altominho.tv\/site\/2022\/01\/03\/operacao-de-ano-novo-nas-estradas-com-menos-dois-mortos-do-que-no-ano-anterior\/#article","isPartOf":{"@id":"https:\/\/www.altominho.tv\/site\/2022\/01\/03\/operacao-de-ano-novo-nas-estradas-com-menos-dois-mortos-do-que-no-ano-anterior\/"},"author":{"name":"Lusa","@id":"https:\/\/www.altominho.tv\/site\/#\/schema\/person\/63f693da3e1899361cbe955c46f3232e"},"headline":"Opera\u00e7\u00e3o de Ano Novo nas estradas com menos dois mortos do que no ano anterior","datePublished":"2022-01-03T13:29:15+00:00","dateModified":"2022-03-08T09:14:05+00:00","mainEntityOfPage":{"@id":"https:\/\/www.altominho.tv\/site\/2022\/01\/03\/operacao-de-ano-novo-nas-estradas-com-menos-dois-mortos-do-que-no-ano-anterior\/"},"wordCount":358,"image":{"@id":"https:\/\/www.altominho.tv\/site\/2022\/01\/03\/operacao-de-ano-novo-nas-estradas-com-menos-dois-mortos-do-que-no-ano-anterior\/#primaryimage"},"thumbnailUrl":"https:\/\/www.altominho.tv\/site\/wp-content\/uploads\/2022\/01\/GNR-patrulhamento.jpeg","keywords":["Sociedade"],"articleSection":["Pa\u00eds"],"inLanguage":"pt-PT","copyrightYear":"2022","copyrightHolder":{"@id":"https:\/\/www.altominho.tv\/site\/#organization"}},{"@type":"WebPage","@id":"https:\/\/www.altominho.tv\/site\/2022\/01\/03\/operacao-de-ano-novo-nas-estradas-com-menos-dois-mortos-do-que-no-ano-anterior\/","url":"https:\/\/www.altominho.tv\/site\/2022\/01\/03\/operacao-de-ano-novo-nas-estradas-com-menos-dois-mortos-do-que-no-ano-anterior\/","name":"Opera\u00e7\u00e3o de Ano Novo nas estradas com menos dois mortos do que no ano anterior","isPartOf":{"@id":"https:\/\/www.altominho.tv\/site\/#website"},"primaryImageOfPage":{"@id":"https:\/\/www.altominho.tv\/site\/2022\/01\/03\/operacao-de-ano-novo-nas-estradas-com-menos-dois-mortos-do-que-no-ano-anterior\/#primaryimage"},"image":{"@id":"https:\/\/www.altominho.tv\/site\/2022\/01\/03\/operacao-de-ano-novo-nas-estradas-com-menos-dois-mortos-do-que-no-ano-anterior\/#primaryimage"},"thumbnailUrl":"https:\/\/www.altominho.tv\/site\/wp-content\/uploads\/2022\/01\/GNR-patrulhamento.jpeg","datePublished":"2022-01-03T13:29:15+00:00","dateModified":"2022-03-08T09:14:05+00:00","author":{"@id":"https:\/\/www.altominho.tv\/site\/#\/schema\/person\/63f693da3e1899361cbe955c46f3232e"},"description":"A opera\u00e7\u00e3o de seguran\u00e7a rodovi\u00e1ria de Ano Novo registou menos dois mortos e mais 19 feridos graves em rela\u00e7\u00e3o ao mesmo per\u00edodo do ano passado, tendo os acidentes diminu\u00eddo.","breadcrumb":{"@id":"https:\/\/www.altominho.tv\/site\/2022\/01\/03\/operacao-de-ano-novo-nas-estradas-com-menos-dois-mortos-do-que-no-ano-anterior\/#breadcrumb"},"inLanguage":"pt-PT","potentialAction":[{"@type":"ReadAction","target":["https:\/\/www.altominho.tv\/site\/2022\/01\/03\/operacao-de-ano-novo-nas-estradas-com-menos-dois-mortos-do-que-no-ano-anterior\/"]}]},{"@type":"ImageObject","inLanguage":"pt-PT","@id":"https:\/\/www.altominho.tv\/site\/2022\/01\/03\/operacao-de-ano-novo-nas-estradas-com-menos-dois-mortos-do-que-no-ano-anterior\/#primaryimage","url":"https:\/\/www.altominho.tv\/site\/wp-content\/uploads\/2022\/01\/GNR-patrulhamento.jpeg","contentUrl":"https:\/\/www.altominho.tv\/site\/wp-content\/uploads\/2022\/01\/GNR-patrulhamento.jpeg","width":810,"height":456},{"@type":"BreadcrumbList","@id":"https:\/\/www.altominho.tv\/site\/2022\/01\/03\/operacao-de-ano-novo-nas-estradas-com-menos-dois-mortos-do-que-no-ano-anterior\/#breadcrumb","itemListElement":[{"@type":"ListItem","position":1,"name":"In\u00edcio","item":"https:\/\/www.altominho.tv\/site\/"},{"@type":"ListItem","position":2,"name":"Opera\u00e7\u00e3o de Ano Novo nas estradas com menos dois mortos do que no ano anterior"}]},{"@type":"WebSite","@id":"https:\/\/www.altominho.tv\/site\/#website","url":"https:\/\/www.altominho.tv\/site\/","name":"Altominho.tv","description":"A sua regi\u00e3o \u00e0 dist\u00e2ncia de um clique...","potentialAction":[{"@type":"SearchAction","target":{"@type":"EntryPoint","urlTemplate":"https:\/\/www.altominho.tv\/site\/?s={search_term_string}"},"query-input":{"@type":"PropertyValueSpecification","valueRequired":true,"valueName":"search_term_string"}}],"inLanguage":"pt-PT"},{"@type":"Person","@id":"https:\/\/www.altominho.tv\/site\/#\/schema\/person\/63f693da3e1899361cbe955c46f3232e","name":"Lusa","image":{"@type":"ImageObject","inLanguage":"pt-PT","@id":"https:\/\/www.altominho.tv\/site\/wp-content\/uploads\/2019\/08\/LUSA_Logo.gif","url":"https:\/\/www.altominho.tv\/site\/wp-content\/uploads\/2019\/08\/LUSA_Logo.gif","contentUrl":"https:\/\/www.altominho.tv\/site\/wp-content\/uploads\/2019\/08\/LUSA_Logo.gif","caption":"Lusa"},"sameAs":["http:\/\/\/\/www.altominho.tv\/site"],"url":"https:\/\/www.altominho.tv\/site\/author\/lusa\/"}]}},"_links":{"self":[{"href":"https:\/\/www.altominho.tv\/site\/wp-json\/wp\/v2\/posts\/74223","targetHints":{"allow":["GET"]}}],"collection":[{"href":"https:\/\/www.altominho.tv\/site\/wp-json\/wp\/v2\/posts"}],"about":[{"href":"https:\/\/www.altominho.tv\/site\/wp-json\/wp\/v2\/types\/post"}],"author":[{"embeddable":true,"href":"https:\/\/www.altominho.tv\/site\/wp-json\/wp\/v2\/users\/13"}],"replies":[{"embeddable":true,"href":"https:\/\/www.altominho.tv\/site\/wp-json\/wp\/v2\/comments?post=74223"}],"version-history":[{"count":0,"href":"https:\/\/www.altominho.tv\/site\/wp-json\/wp\/v2\/posts\/74223\/revisions"}],"wp:featuredmedia":[{"embeddable":true,"href":"https:\/\/www.altominho.tv\/site\/wp-json\/wp\/v2\/media\/74224"}],"wp:attachment":[{"href":"https:\/\/www.altominho.tv\/site\/wp-json\/wp\/v2\/media?parent=74223"}],"wp:term":[{"taxonomy":"category","embeddable":true,"href":"https:\/\/www.altominho.tv\/site\/wp-json\/wp\/v2\/categories?post=74223"},{"taxonomy":"post_tag","embeddable":true,"href":"https:\/\/www.altominho.tv\/site\/wp-json\/wp\/v2\/tags?post=74223"}],"curies":[{"name":"wp","href":"https:\/\/api.w.org\/{rel}","templated":true}]}}