{"id":74206,"date":"2022-01-03T09:54:27","date_gmt":"2022-01-03T09:54:27","guid":{"rendered":"https:\/\/www.altominho.tv\/site\/?p=74206"},"modified":"2022-03-08T09:16:31","modified_gmt":"2022-03-08T09:16:31","slug":"balcao-sns24-ja-esta-a-funcionar-na-freguesia-de-sistelo","status":"publish","type":"post","link":"https:\/\/www.altominho.tv\/site\/2022\/01\/03\/balcao-sns24-ja-esta-a-funcionar-na-freguesia-de-sistelo\/","title":{"rendered":"Balc\u00e3o SNS24 j\u00e1 est\u00e1 a funcionar na freguesia de Sistelo"},"content":{"rendered":"<p>A Junta de Freguesia de Sistelo, em Arcos de Valdevez, j\u00e1 tem um Balc\u00e3o SNS24, disponibilizando os servi\u00e7os digitais e de telessa\u00fade do Servi\u00e7o Nacional de Sa\u00fade (SNS).<\/p>\n<p>Em comunicado, a Administra\u00e7\u00e3o Regional de Sa\u00fade do Norte (ARSN) refere que aqueles balc\u00f5es s\u00e3o procurados \u201cpor quem tem pouca literacia digital, sem acesso a equipamentos tecnol\u00f3gicos ou \u00e0 internet, e sem condi\u00e7\u00f5es ou compet\u00eancias necess\u00e1rias para aceder remotamente aos servi\u00e7os digitais do SNS\u201d.<\/p>\n<p>O servi\u00e7o pode ser prestado pelo acesso facilitado e pelo acesso mediado, permitindo \u00e0s pessoas aceder aos servi\u00e7os digitais do SNS, como marcar consultas, renovar medica\u00e7\u00e3o cr\u00f3nica, realizar uma teleconsulta, entre outros servi\u00e7os.<\/p>\n<p>\u201cOs balc\u00f5es SNS 24 representam um forte contributo na redu\u00e7\u00e3o de desigualdades em literacia digital e na promo\u00e7\u00e3o da inclus\u00e3o digital e social, visando promover e facilitar o acesso, a todas as pessoas, aos servi\u00e7os digitais de sa\u00fade disponibilizados pelo SNS, de forma segura, eficiente e mais pr\u00f3xima\u201d, sublinha o comunicado.<\/p>\n<p>Inaugurado no passado dia 30 de dezembro, o balc\u00e3o de Sistelo \u00e9 uma iniciativa que resulta da parceria entre a Administra\u00e7\u00e3o Regional de Sa\u00fade do Norte, a Servi\u00e7os Partilhados do Minist\u00e9rio da Sa\u00fade, munic\u00edpios, juntas de freguesia e a Unidade Local de Sa\u00fade do Alto Minho.<\/p>\n","protected":false},"excerpt":{"rendered":"<p>A Junta de Freguesia de Sistelo, em Arcos de Valdevez, j\u00e1 tem um Balc\u00e3o SNS24, disponibilizando os servi\u00e7os digitais e de telessa\u00fade do Servi\u00e7o Nacional de Sa\u00fade (SNS). Em comunicado, a Administra\u00e7\u00e3o Regional de Sa\u00fade do Norte (ARSN) refere que aqueles balc\u00f5es s\u00e3o procurados \u201cpor quem tem pouca literacia digital, sem acesso a equipamentos tecnol\u00f3gicos [&hellip;]<\/p>\n","protected":false},"author":15,"featured_media":74207,"comment_status":"closed","ping_status":"closed","sticky":false,"template":"","format":"standard","meta":{"_exactmetrics_skip_tracking":false,"footnotes":""},"categories":[2],"tags":[26,27],"class_list":["post-74206","post","type-post","status-publish","format-standard","has-post-thumbnail","hentry","category-arcos-de-valdevez","tag-saude","tag-sociedade"],"yoast_head":"<!-- This site is optimized with the Yoast SEO Premium plugin v28.3 (Yoast SEO v28.3) - https:\/\/yoast.com\/product\/yoast-seo-premium-wordpress\/ -->\n<title>Balc\u00e3o SNS24 j\u00e1 est\u00e1 a funcionar na freguesia de Sistelo<\/title>\n<meta name=\"description\" content=\"A Junta de Freguesia de Sistelo, em Arcos de Valdevez, j\u00e1 tem um Balc\u00e3o SNS24, disponibilizando os servi\u00e7os digitais e de telessa\u00fade.\" \/>\n<meta name=\"robots\" content=\"index, follow, max-snippet:-1, max-image-preview:large, max-video-preview:-1\" \/>\n<link rel=\"canonical\" href=\"https:\/\/www.altominho.tv\/site\/2022\/01\/03\/balcao-sns24-ja-esta-a-funcionar-na-freguesia-de-sistelo\/\" \/>\n<meta property=\"og:locale\" content=\"pt_PT\" \/>\n<meta property=\"og:type\" content=\"article\" \/>\n<meta property=\"og:title\" content=\"Balc\u00e3o SNS24 j\u00e1 est\u00e1 a funcionar na freguesia de Sistelo\" \/>\n<meta property=\"og:description\" content=\"A Junta de Freguesia de Sistelo, em Arcos de Valdevez, j\u00e1 tem um Balc\u00e3o SNS24, disponibilizando os servi\u00e7os digitais e de telessa\u00fade.\" \/>\n<meta property=\"og:url\" content=\"https:\/\/www.altominho.tv\/site\/2022\/01\/03\/balcao-sns24-ja-esta-a-funcionar-na-freguesia-de-sistelo\/\" \/>\n<meta property=\"og:site_name\" content=\"Altominho.tv\" \/>\n<meta property=\"article:publisher\" content=\"https:\/\/www.facebook.com\/altominhotv\" \/>\n<meta property=\"article:published_time\" content=\"2022-01-03T09:54:27+00:00\" \/>\n<meta property=\"article:modified_time\" content=\"2022-03-08T09:16:31+00:00\" \/>\n<meta property=\"og:image\" content=\"https:\/\/www.altominho.tv\/site\/wp-content\/uploads\/2022\/01\/balcaosns24_teleconsulta.jpg\" \/>\n\t<meta property=\"og:image:width\" content=\"651\" \/>\n\t<meta property=\"og:image:height\" content=\"366\" \/>\n\t<meta property=\"og:image:type\" content=\"image\/jpeg\" \/>\n<meta name=\"author\" content=\"Andreia Ferreira | Lusa\" \/>\n<meta name=\"twitter:card\" content=\"summary_large_image\" \/>\n<meta name=\"twitter:creator\" content=\"@altominhoTV\" \/>\n<meta name=\"twitter:site\" content=\"@altominhoTV\" \/>\n<meta name=\"twitter:label1\" content=\"Escrito por\" \/>\n\t<meta name=\"twitter:data1\" content=\"Andreia Ferreira | Lusa\" \/>\n\t<meta name=\"twitter:label2\" content=\"Tempo estimado de leitura\" \/>\n\t<meta name=\"twitter:data2\" content=\"2 minutos\" \/>\n<script type=\"application\/ld+json\" class=\"yoast-schema-graph\">{\"@context\":\"https:\\\/\\\/schema.org\",\"@graph\":[{\"@type\":\"Article\",\"@id\":\"https:\\\/\\\/www.altominho.tv\\\/site\\\/2022\\\/01\\\/03\\\/balcao-sns24-ja-esta-a-funcionar-na-freguesia-de-sistelo\\\/#article\",\"isPartOf\":{\"@id\":\"https:\\\/\\\/www.altominho.tv\\\/site\\\/2022\\\/01\\\/03\\\/balcao-sns24-ja-esta-a-funcionar-na-freguesia-de-sistelo\\\/\"},\"author\":{\"name\":\"Andreia Ferreira | Lusa\",\"@id\":\"https:\\\/\\\/www.altominho.tv\\\/site\\\/#\\\/schema\\\/person\\\/a0bff6dc1041aadd46fa81887444b017\"},\"headline\":\"Balc\u00e3o SNS24 j\u00e1 est\u00e1 a funcionar na freguesia de Sistelo\",\"datePublished\":\"2022-01-03T09:54:27+00:00\",\"dateModified\":\"2022-03-08T09:16:31+00:00\",\"mainEntityOfPage\":{\"@id\":\"https:\\\/\\\/www.altominho.tv\\\/site\\\/2022\\\/01\\\/03\\\/balcao-sns24-ja-esta-a-funcionar-na-freguesia-de-sistelo\\\/\"},\"wordCount\":243,\"image\":{\"@id\":\"https:\\\/\\\/www.altominho.tv\\\/site\\\/2022\\\/01\\\/03\\\/balcao-sns24-ja-esta-a-funcionar-na-freguesia-de-sistelo\\\/#primaryimage\"},\"thumbnailUrl\":\"https:\\\/\\\/www.altominho.tv\\\/site\\\/wp-content\\\/uploads\\\/2022\\\/01\\\/balcaosns24_teleconsulta.jpg\",\"keywords\":[\"Sa\u00fade\",\"Sociedade\"],\"articleSection\":[\"Arcos de Valdevez\"],\"inLanguage\":\"pt-PT\",\"copyrightYear\":\"2022\",\"copyrightHolder\":{\"@id\":\"https:\\\/\\\/www.altominho.tv\\\/site\\\/#organization\"}},{\"@type\":\"WebPage\",\"@id\":\"https:\\\/\\\/www.altominho.tv\\\/site\\\/2022\\\/01\\\/03\\\/balcao-sns24-ja-esta-a-funcionar-na-freguesia-de-sistelo\\\/\",\"url\":\"https:\\\/\\\/www.altominho.tv\\\/site\\\/2022\\\/01\\\/03\\\/balcao-sns24-ja-esta-a-funcionar-na-freguesia-de-sistelo\\\/\",\"name\":\"Balc\u00e3o SNS24 j\u00e1 est\u00e1 a funcionar na freguesia de Sistelo\",\"isPartOf\":{\"@id\":\"https:\\\/\\\/www.altominho.tv\\\/site\\\/#website\"},\"primaryImageOfPage\":{\"@id\":\"https:\\\/\\\/www.altominho.tv\\\/site\\\/2022\\\/01\\\/03\\\/balcao-sns24-ja-esta-a-funcionar-na-freguesia-de-sistelo\\\/#primaryimage\"},\"image\":{\"@id\":\"https:\\\/\\\/www.altominho.tv\\\/site\\\/2022\\\/01\\\/03\\\/balcao-sns24-ja-esta-a-funcionar-na-freguesia-de-sistelo\\\/#primaryimage\"},\"thumbnailUrl\":\"https:\\\/\\\/www.altominho.tv\\\/site\\\/wp-content\\\/uploads\\\/2022\\\/01\\\/balcaosns24_teleconsulta.jpg\",\"datePublished\":\"2022-01-03T09:54:27+00:00\",\"dateModified\":\"2022-03-08T09:16:31+00:00\",\"author\":{\"@id\":\"https:\\\/\\\/www.altominho.tv\\\/site\\\/#\\\/schema\\\/person\\\/a0bff6dc1041aadd46fa81887444b017\"},\"description\":\"A Junta de Freguesia de Sistelo, em Arcos de Valdevez, j\u00e1 tem um Balc\u00e3o SNS24, disponibilizando os servi\u00e7os digitais e de telessa\u00fade.\",\"breadcrumb\":{\"@id\":\"https:\\\/\\\/www.altominho.tv\\\/site\\\/2022\\\/01\\\/03\\\/balcao-sns24-ja-esta-a-funcionar-na-freguesia-de-sistelo\\\/#breadcrumb\"},\"inLanguage\":\"pt-PT\",\"potentialAction\":[{\"@type\":\"ReadAction\",\"target\":[\"https:\\\/\\\/www.altominho.tv\\\/site\\\/2022\\\/01\\\/03\\\/balcao-sns24-ja-esta-a-funcionar-na-freguesia-de-sistelo\\\/\"]}]},{\"@type\":\"ImageObject\",\"inLanguage\":\"pt-PT\",\"@id\":\"https:\\\/\\\/www.altominho.tv\\\/site\\\/2022\\\/01\\\/03\\\/balcao-sns24-ja-esta-a-funcionar-na-freguesia-de-sistelo\\\/#primaryimage\",\"url\":\"https:\\\/\\\/www.altominho.tv\\\/site\\\/wp-content\\\/uploads\\\/2022\\\/01\\\/balcaosns24_teleconsulta.jpg\",\"contentUrl\":\"https:\\\/\\\/www.altominho.tv\\\/site\\\/wp-content\\\/uploads\\\/2022\\\/01\\\/balcaosns24_teleconsulta.jpg\",\"width\":651,\"height\":366,\"caption\":\"SNS\"},{\"@type\":\"BreadcrumbList\",\"@id\":\"https:\\\/\\\/www.altominho.tv\\\/site\\\/2022\\\/01\\\/03\\\/balcao-sns24-ja-esta-a-funcionar-na-freguesia-de-sistelo\\\/#breadcrumb\",\"itemListElement\":[{\"@type\":\"ListItem\",\"position\":1,\"name\":\"In\u00edcio\",\"item\":\"https:\\\/\\\/www.altominho.tv\\\/site\\\/\"},{\"@type\":\"ListItem\",\"position\":2,\"name\":\"Balc\u00e3o SNS24 j\u00e1 est\u00e1 a funcionar na freguesia de Sistelo\"}]},{\"@type\":\"WebSite\",\"@id\":\"https:\\\/\\\/www.altominho.tv\\\/site\\\/#website\",\"url\":\"https:\\\/\\\/www.altominho.tv\\\/site\\\/\",\"name\":\"Altominho.tv\",\"description\":\"A sua regi\u00e3o \u00e0 dist\u00e2ncia de um clique...\",\"potentialAction\":[{\"@type\":\"SearchAction\",\"target\":{\"@type\":\"EntryPoint\",\"urlTemplate\":\"https:\\\/\\\/www.altominho.tv\\\/site\\\/?s={search_term_string}\"},\"query-input\":{\"@type\":\"PropertyValueSpecification\",\"valueRequired\":true,\"valueName\":\"search_term_string\"}}],\"inLanguage\":\"pt-PT\"},{\"@type\":\"Person\",\"@id\":\"https:\\\/\\\/www.altominho.tv\\\/site\\\/#\\\/schema\\\/person\\\/a0bff6dc1041aadd46fa81887444b017\",\"name\":\"Andreia Ferreira | Lusa\",\"image\":{\"@type\":\"ImageObject\",\"inLanguage\":\"pt-PT\",\"@id\":\"https:\\\/\\\/www.altominho.tv\\\/site\\\/wp-content\\\/uploads\\\/2018\\\/04\\\/Andreia-150x150.jpg\",\"url\":\"https:\\\/\\\/www.altominho.tv\\\/site\\\/wp-content\\\/uploads\\\/2018\\\/04\\\/Andreia-150x150.jpg\",\"contentUrl\":\"https:\\\/\\\/www.altominho.tv\\\/site\\\/wp-content\\\/uploads\\\/2018\\\/04\\\/Andreia-150x150.jpg\",\"caption\":\"Andreia Ferreira | Lusa\"},\"sameAs\":[\"https:\\\/\\\/www.altominho.tv\\\/site\"],\"url\":\"https:\\\/\\\/www.altominho.tv\\\/site\\\/author\\\/andreiaferreiralusa\\\/\"}]}<\/script>\n<!-- \/ Yoast SEO Premium plugin. -->","yoast_head_json":{"title":"Balc\u00e3o SNS24 j\u00e1 est\u00e1 a funcionar na freguesia de Sistelo","description":"A Junta de Freguesia de Sistelo, em Arcos de Valdevez, j\u00e1 tem um Balc\u00e3o SNS24, disponibilizando os servi\u00e7os digitais e de telessa\u00fade.","robots":{"index":"index","follow":"follow","max-snippet":"max-snippet:-1","max-image-preview":"max-image-preview:large","max-video-preview":"max-video-preview:-1"},"canonical":"https:\/\/www.altominho.tv\/site\/2022\/01\/03\/balcao-sns24-ja-esta-a-funcionar-na-freguesia-de-sistelo\/","og_locale":"pt_PT","og_type":"article","og_title":"Balc\u00e3o SNS24 j\u00e1 est\u00e1 a funcionar na freguesia de Sistelo","og_description":"A Junta de Freguesia de Sistelo, em Arcos de Valdevez, j\u00e1 tem um Balc\u00e3o SNS24, disponibilizando os servi\u00e7os digitais e de telessa\u00fade.","og_url":"https:\/\/www.altominho.tv\/site\/2022\/01\/03\/balcao-sns24-ja-esta-a-funcionar-na-freguesia-de-sistelo\/","og_site_name":"Altominho.tv","article_publisher":"https:\/\/www.facebook.com\/altominhotv","article_published_time":"2022-01-03T09:54:27+00:00","article_modified_time":"2022-03-08T09:16:31+00:00","og_image":[{"width":651,"height":366,"url":"https:\/\/www.altominho.tv\/site\/wp-content\/uploads\/2022\/01\/balcaosns24_teleconsulta.jpg","type":"image\/jpeg"}],"author":"Andreia Ferreira | Lusa","twitter_card":"summary_large_image","twitter_creator":"@altominhoTV","twitter_site":"@altominhoTV","twitter_misc":{"Escrito por":"Andreia Ferreira | Lusa","Tempo estimado de leitura":"2 minutos"},"schema":{"@context":"https:\/\/schema.org","@graph":[{"@type":"Article","@id":"https:\/\/www.altominho.tv\/site\/2022\/01\/03\/balcao-sns24-ja-esta-a-funcionar-na-freguesia-de-sistelo\/#article","isPartOf":{"@id":"https:\/\/www.altominho.tv\/site\/2022\/01\/03\/balcao-sns24-ja-esta-a-funcionar-na-freguesia-de-sistelo\/"},"author":{"name":"Andreia Ferreira | Lusa","@id":"https:\/\/www.altominho.tv\/site\/#\/schema\/person\/a0bff6dc1041aadd46fa81887444b017"},"headline":"Balc\u00e3o SNS24 j\u00e1 est\u00e1 a funcionar na freguesia de Sistelo","datePublished":"2022-01-03T09:54:27+00:00","dateModified":"2022-03-08T09:16:31+00:00","mainEntityOfPage":{"@id":"https:\/\/www.altominho.tv\/site\/2022\/01\/03\/balcao-sns24-ja-esta-a-funcionar-na-freguesia-de-sistelo\/"},"wordCount":243,"image":{"@id":"https:\/\/www.altominho.tv\/site\/2022\/01\/03\/balcao-sns24-ja-esta-a-funcionar-na-freguesia-de-sistelo\/#primaryimage"},"thumbnailUrl":"https:\/\/www.altominho.tv\/site\/wp-content\/uploads\/2022\/01\/balcaosns24_teleconsulta.jpg","keywords":["Sa\u00fade","Sociedade"],"articleSection":["Arcos de Valdevez"],"inLanguage":"pt-PT","copyrightYear":"2022","copyrightHolder":{"@id":"https:\/\/www.altominho.tv\/site\/#organization"}},{"@type":"WebPage","@id":"https:\/\/www.altominho.tv\/site\/2022\/01\/03\/balcao-sns24-ja-esta-a-funcionar-na-freguesia-de-sistelo\/","url":"https:\/\/www.altominho.tv\/site\/2022\/01\/03\/balcao-sns24-ja-esta-a-funcionar-na-freguesia-de-sistelo\/","name":"Balc\u00e3o SNS24 j\u00e1 est\u00e1 a funcionar na freguesia de Sistelo","isPartOf":{"@id":"https:\/\/www.altominho.tv\/site\/#website"},"primaryImageOfPage":{"@id":"https:\/\/www.altominho.tv\/site\/2022\/01\/03\/balcao-sns24-ja-esta-a-funcionar-na-freguesia-de-sistelo\/#primaryimage"},"image":{"@id":"https:\/\/www.altominho.tv\/site\/2022\/01\/03\/balcao-sns24-ja-esta-a-funcionar-na-freguesia-de-sistelo\/#primaryimage"},"thumbnailUrl":"https:\/\/www.altominho.tv\/site\/wp-content\/uploads\/2022\/01\/balcaosns24_teleconsulta.jpg","datePublished":"2022-01-03T09:54:27+00:00","dateModified":"2022-03-08T09:16:31+00:00","author":{"@id":"https:\/\/www.altominho.tv\/site\/#\/schema\/person\/a0bff6dc1041aadd46fa81887444b017"},"description":"A Junta de Freguesia de Sistelo, em Arcos de Valdevez, j\u00e1 tem um Balc\u00e3o SNS24, disponibilizando os servi\u00e7os digitais e de telessa\u00fade.","breadcrumb":{"@id":"https:\/\/www.altominho.tv\/site\/2022\/01\/03\/balcao-sns24-ja-esta-a-funcionar-na-freguesia-de-sistelo\/#breadcrumb"},"inLanguage":"pt-PT","potentialAction":[{"@type":"ReadAction","target":["https:\/\/www.altominho.tv\/site\/2022\/01\/03\/balcao-sns24-ja-esta-a-funcionar-na-freguesia-de-sistelo\/"]}]},{"@type":"ImageObject","inLanguage":"pt-PT","@id":"https:\/\/www.altominho.tv\/site\/2022\/01\/03\/balcao-sns24-ja-esta-a-funcionar-na-freguesia-de-sistelo\/#primaryimage","url":"https:\/\/www.altominho.tv\/site\/wp-content\/uploads\/2022\/01\/balcaosns24_teleconsulta.jpg","contentUrl":"https:\/\/www.altominho.tv\/site\/wp-content\/uploads\/2022\/01\/balcaosns24_teleconsulta.jpg","width":651,"height":366,"caption":"SNS"},{"@type":"BreadcrumbList","@id":"https:\/\/www.altominho.tv\/site\/2022\/01\/03\/balcao-sns24-ja-esta-a-funcionar-na-freguesia-de-sistelo\/#breadcrumb","itemListElement":[{"@type":"ListItem","position":1,"name":"In\u00edcio","item":"https:\/\/www.altominho.tv\/site\/"},{"@type":"ListItem","position":2,"name":"Balc\u00e3o SNS24 j\u00e1 est\u00e1 a funcionar na freguesia de Sistelo"}]},{"@type":"WebSite","@id":"https:\/\/www.altominho.tv\/site\/#website","url":"https:\/\/www.altominho.tv\/site\/","name":"Altominho.tv","description":"A sua regi\u00e3o \u00e0 dist\u00e2ncia de um clique...","potentialAction":[{"@type":"SearchAction","target":{"@type":"EntryPoint","urlTemplate":"https:\/\/www.altominho.tv\/site\/?s={search_term_string}"},"query-input":{"@type":"PropertyValueSpecification","valueRequired":true,"valueName":"search_term_string"}}],"inLanguage":"pt-PT"},{"@type":"Person","@id":"https:\/\/www.altominho.tv\/site\/#\/schema\/person\/a0bff6dc1041aadd46fa81887444b017","name":"Andreia Ferreira | Lusa","image":{"@type":"ImageObject","inLanguage":"pt-PT","@id":"https:\/\/www.altominho.tv\/site\/wp-content\/uploads\/2018\/04\/Andreia-150x150.jpg","url":"https:\/\/www.altominho.tv\/site\/wp-content\/uploads\/2018\/04\/Andreia-150x150.jpg","contentUrl":"https:\/\/www.altominho.tv\/site\/wp-content\/uploads\/2018\/04\/Andreia-150x150.jpg","caption":"Andreia Ferreira | Lusa"},"sameAs":["https:\/\/www.altominho.tv\/site"],"url":"https:\/\/www.altominho.tv\/site\/author\/andreiaferreiralusa\/"}]}},"_links":{"self":[{"href":"https:\/\/www.altominho.tv\/site\/wp-json\/wp\/v2\/posts\/74206","targetHints":{"allow":["GET"]}}],"collection":[{"href":"https:\/\/www.altominho.tv\/site\/wp-json\/wp\/v2\/posts"}],"about":[{"href":"https:\/\/www.altominho.tv\/site\/wp-json\/wp\/v2\/types\/post"}],"author":[{"embeddable":true,"href":"https:\/\/www.altominho.tv\/site\/wp-json\/wp\/v2\/users\/15"}],"replies":[{"embeddable":true,"href":"https:\/\/www.altominho.tv\/site\/wp-json\/wp\/v2\/comments?post=74206"}],"version-history":[{"count":0,"href":"https:\/\/www.altominho.tv\/site\/wp-json\/wp\/v2\/posts\/74206\/revisions"}],"wp:featuredmedia":[{"embeddable":true,"href":"https:\/\/www.altominho.tv\/site\/wp-json\/wp\/v2\/media\/74207"}],"wp:attachment":[{"href":"https:\/\/www.altominho.tv\/site\/wp-json\/wp\/v2\/media?parent=74206"}],"wp:term":[{"taxonomy":"category","embeddable":true,"href":"https:\/\/www.altominho.tv\/site\/wp-json\/wp\/v2\/categories?post=74206"},{"taxonomy":"post_tag","embeddable":true,"href":"https:\/\/www.altominho.tv\/site\/wp-json\/wp\/v2\/tags?post=74206"}],"curies":[{"name":"wp","href":"https:\/\/api.w.org\/{rel}","templated":true}]}}