{"id":74200,"date":"2022-01-03T09:20:40","date_gmt":"2022-01-03T09:20:40","guid":{"rendered":"https:\/\/www.altominho.tv\/site\/?p=74200"},"modified":"2022-03-07T16:52:55","modified_gmt":"2022-03-07T16:52:55","slug":"governo-reforca-financeiramente-hospitais-do-sns-com-84-milhoes-de-euros","status":"publish","type":"post","link":"https:\/\/www.altominho.tv\/site\/2022\/01\/03\/governo-reforca-financeiramente-hospitais-do-sns-com-84-milhoes-de-euros\/","title":{"rendered":"Governo refor\u00e7a financeiramente hospitais do SNS com 84 milh\u00f5es de euros"},"content":{"rendered":"\n<p>O Governo vai refor\u00e7ar financeiramente os hospitais do Servi\u00e7o Nacional de Sa\u00fade (SNS) com 84 milh\u00f5es de euros, anunciou o gabinete da ministra da Sa\u00fade, para que os hospitais comecem o novo ano \u201ccom uma situa\u00e7\u00e3o financeira mais robusta\u201d.<\/p>\n\n\n\n<p>Em comunicado, o gabinete de Marta Temido adianta que o refor\u00e7o de 84 milh\u00f5es de euros servir\u00e1 para \u201caumentar a capacidade de resposta e de produ\u00e7\u00e3o do SNS e reduzir a d\u00edvida\u201d.<\/p>\n\n\n\n<p>\u201cEste [refor\u00e7o] junta-se aos anteriores refor\u00e7os para regulariza\u00e7\u00e3o de pagamentos, realizados em agosto e no in\u00edcio de dezembro, fazendo de 2021 o ano em que houve um maior refor\u00e7o para pagamento de d\u00edvida: 1.064 milh\u00f5es, cerca do dobro do refor\u00e7o do ano passado, que foi de 560 milh\u00f5es de euros\u201d, l\u00ea-se no comunicado.<\/p>\n\n\n\n<p>Em finais de dezembro, o Governo entregou 630 milh\u00f5es de euros aos hospitais E.P.E. (Entidades P\u00fablicas Empresariais) para liquidarem, pelo menos, 80% dos pagamentos em atraso a fornecedores externos, e justificou a decis\u00e3o com o impacto significativo da pandemia de covid-19 na atividade hospitalar.<\/p>\n\n\n\n<p>Este pagamento surgiu depois de no in\u00edcio do m\u00eas de dezembro o Governo ter anunciado um refor\u00e7o de 745 milh\u00f5es de euros no SNS, dos quais 630 milh\u00f5es para os hospitais e 115 milh\u00f5es para as administra\u00e7\u00f5es regionais de sa\u00fade.<\/p>\n\n\n\n<p>No comunicado do Minist\u00e9rio da Sa\u00fade, o Governo acrescenta que com o refor\u00e7o de 84 milh\u00f5es de euros os hospitais do SNS v\u00e3o poder \u201ciniciar um novo ano com uma situa\u00e7\u00e3o financeira mais robusta, melhor preparados para dar respostas de Sa\u00fade aos cidad\u00e3os\u201d.<\/p>\n\n\n\n<p>Por outro lado, o gabinete da ministra da Sa\u00fade destaca que ainda em 2021 houve aumentos de capital para apoiar investimentos dos hospitais e administra\u00e7\u00f5es regionais de sa\u00fade, no montante global de mais de 150 milh\u00f5es de euros, justificando que se trata de um \u201cinvestimento adicional\u201d para preparar as entidades de sa\u00fade e \u201capoiar um ano de grande recupera\u00e7\u00e3o de atividade assistencial\u201d.<\/p>\n\n\n\n<p>\u201cAt\u00e9 novembro, os hospitais do Servi\u00e7o Nacional de Sa\u00fade tinham realizado o maior n\u00famero de consultas e cirurgias de sempre: mais de 11,5 milh\u00f5es de consultas m\u00e9dicas (+12% do que no per\u00edodo hom\u00f3logo de 2020) e mais de 654 mil interven\u00e7\u00f5es cir\u00fargicas (+23,5% do que hom\u00f3logo do ano passado)\u201d, refere o comunicado.<\/p>\n","protected":false},"excerpt":{"rendered":"<p>O Governo vai refor\u00e7ar financeiramente os hospitais do Servi\u00e7o Nacional de Sa\u00fade (SNS) com 84 milh\u00f5es de euros, anunciou o gabinete da ministra da Sa\u00fade, para que os hospitais comecem o novo ano \u201ccom uma situa\u00e7\u00e3o financeira mais robusta\u201d. Em comunicado, o gabinete de Marta Temido adianta que o refor\u00e7o de 84 milh\u00f5es de euros [&hellip;]<\/p>\n","protected":false},"author":16,"featured_media":74201,"comment_status":"closed","ping_status":"closed","sticky":false,"template":"","format":"standard","meta":{"_exactmetrics_skip_tracking":false,"_exactmetrics_sitenote_active":false,"_exactmetrics_sitenote_note":"","_exactmetrics_sitenote_category":0,"footnotes":""},"categories":[56325],"tags":[26],"class_list":["post-74200","post","type-post","status-publish","format-standard","has-post-thumbnail","hentry","category-pais","tag-saude"],"yoast_head":"<!-- This site is optimized with the Yoast SEO Premium plugin v27.5 (Yoast SEO v27.5) - https:\/\/yoast.com\/product\/yoast-seo-premium-wordpress\/ -->\n<title>Governo refor\u00e7a financeiramente hospitais do SNS com 84 milh\u00f5es de euros<\/title>\n<meta name=\"description\" content=\"O Governo vai refor\u00e7ar financeiramente os hospitais do Servi\u00e7o Nacional de Sa\u00fade com 84 milh\u00f5es de euros, anunciou o gabinete da ministra da Sa\u00fade, para que os hospitais comecem o novo ano \u201ccom uma situa\u00e7\u00e3o financeira mais robusta\u201d.\" \/>\n<meta name=\"robots\" content=\"index, follow, max-snippet:-1, max-image-preview:large, max-video-preview:-1\" \/>\n<link rel=\"canonical\" href=\"https:\/\/www.altominho.tv\/site\/2022\/01\/03\/governo-reforca-financeiramente-hospitais-do-sns-com-84-milhoes-de-euros\/\" \/>\n<meta property=\"og:locale\" content=\"pt_PT\" \/>\n<meta property=\"og:type\" content=\"article\" \/>\n<meta property=\"og:title\" content=\"Governo refor\u00e7a financeiramente hospitais do SNS com 84 milh\u00f5es de euros\" \/>\n<meta property=\"og:description\" content=\"O Governo vai refor\u00e7ar financeiramente os hospitais do Servi\u00e7o Nacional de Sa\u00fade com 84 milh\u00f5es de euros, anunciou o gabinete da ministra da Sa\u00fade, para que os hospitais comecem o novo ano \u201ccom uma situa\u00e7\u00e3o financeira mais robusta\u201d.\" \/>\n<meta property=\"og:url\" content=\"https:\/\/www.altominho.tv\/site\/2022\/01\/03\/governo-reforca-financeiramente-hospitais-do-sns-com-84-milhoes-de-euros\/\" \/>\n<meta property=\"og:site_name\" content=\"Altominho.tv\" \/>\n<meta property=\"article:publisher\" content=\"https:\/\/www.facebook.com\/altominhotv\" \/>\n<meta property=\"article:published_time\" content=\"2022-01-03T09:20:40+00:00\" \/>\n<meta property=\"article:modified_time\" content=\"2022-03-07T16:52:55+00:00\" \/>\n<meta property=\"og:image\" content=\"https:\/\/www.altominho.tv\/site\/wp-content\/uploads\/2022\/01\/marta-temido-1.jpg\" \/>\n\t<meta property=\"og:image:width\" content=\"720\" \/>\n\t<meta property=\"og:image:height\" content=\"435\" \/>\n\t<meta property=\"og:image:type\" content=\"image\/jpeg\" \/>\n<meta name=\"author\" content=\"Andreia Cunha | Lusa\" \/>\n<meta name=\"twitter:card\" content=\"summary_large_image\" \/>\n<meta name=\"twitter:creator\" content=\"@altominhoTV\" \/>\n<meta name=\"twitter:site\" content=\"@altominhoTV\" \/>\n<meta name=\"twitter:label1\" content=\"Escrito por\" \/>\n\t<meta name=\"twitter:data1\" content=\"Andreia Cunha | Lusa\" \/>\n\t<meta name=\"twitter:label2\" content=\"Tempo estimado de leitura\" \/>\n\t<meta name=\"twitter:data2\" content=\"3 minutos\" \/>\n<script type=\"application\/ld+json\" class=\"yoast-schema-graph\">{\"@context\":\"https:\\\/\\\/schema.org\",\"@graph\":[{\"@type\":\"Article\",\"@id\":\"https:\\\/\\\/www.altominho.tv\\\/site\\\/2022\\\/01\\\/03\\\/governo-reforca-financeiramente-hospitais-do-sns-com-84-milhoes-de-euros\\\/#article\",\"isPartOf\":{\"@id\":\"https:\\\/\\\/www.altominho.tv\\\/site\\\/2022\\\/01\\\/03\\\/governo-reforca-financeiramente-hospitais-do-sns-com-84-milhoes-de-euros\\\/\"},\"author\":{\"name\":\"Andreia Cunha | Lusa\",\"@id\":\"https:\\\/\\\/www.altominho.tv\\\/site\\\/#\\\/schema\\\/person\\\/dbaf181c01b51ff40c9f461a905d321e\"},\"headline\":\"Governo refor\u00e7a financeiramente hospitais do SNS com 84 milh\u00f5es de euros\",\"datePublished\":\"2022-01-03T09:20:40+00:00\",\"dateModified\":\"2022-03-07T16:52:55+00:00\",\"mainEntityOfPage\":{\"@id\":\"https:\\\/\\\/www.altominho.tv\\\/site\\\/2022\\\/01\\\/03\\\/governo-reforca-financeiramente-hospitais-do-sns-com-84-milhoes-de-euros\\\/\"},\"wordCount\":416,\"image\":{\"@id\":\"https:\\\/\\\/www.altominho.tv\\\/site\\\/2022\\\/01\\\/03\\\/governo-reforca-financeiramente-hospitais-do-sns-com-84-milhoes-de-euros\\\/#primaryimage\"},\"thumbnailUrl\":\"https:\\\/\\\/www.altominho.tv\\\/site\\\/wp-content\\\/uploads\\\/2022\\\/01\\\/marta-temido-1.jpg\",\"keywords\":[\"Sa\u00fade\"],\"articleSection\":[\"Pa\u00eds\"],\"inLanguage\":\"pt-PT\",\"copyrightYear\":\"2022\",\"copyrightHolder\":{\"@id\":\"https:\\\/\\\/www.altominho.tv\\\/site\\\/#organization\"}},{\"@type\":\"WebPage\",\"@id\":\"https:\\\/\\\/www.altominho.tv\\\/site\\\/2022\\\/01\\\/03\\\/governo-reforca-financeiramente-hospitais-do-sns-com-84-milhoes-de-euros\\\/\",\"url\":\"https:\\\/\\\/www.altominho.tv\\\/site\\\/2022\\\/01\\\/03\\\/governo-reforca-financeiramente-hospitais-do-sns-com-84-milhoes-de-euros\\\/\",\"name\":\"Governo refor\u00e7a financeiramente hospitais do SNS com 84 milh\u00f5es de euros\",\"isPartOf\":{\"@id\":\"https:\\\/\\\/www.altominho.tv\\\/site\\\/#website\"},\"primaryImageOfPage\":{\"@id\":\"https:\\\/\\\/www.altominho.tv\\\/site\\\/2022\\\/01\\\/03\\\/governo-reforca-financeiramente-hospitais-do-sns-com-84-milhoes-de-euros\\\/#primaryimage\"},\"image\":{\"@id\":\"https:\\\/\\\/www.altominho.tv\\\/site\\\/2022\\\/01\\\/03\\\/governo-reforca-financeiramente-hospitais-do-sns-com-84-milhoes-de-euros\\\/#primaryimage\"},\"thumbnailUrl\":\"https:\\\/\\\/www.altominho.tv\\\/site\\\/wp-content\\\/uploads\\\/2022\\\/01\\\/marta-temido-1.jpg\",\"datePublished\":\"2022-01-03T09:20:40+00:00\",\"dateModified\":\"2022-03-07T16:52:55+00:00\",\"author\":{\"@id\":\"https:\\\/\\\/www.altominho.tv\\\/site\\\/#\\\/schema\\\/person\\\/dbaf181c01b51ff40c9f461a905d321e\"},\"description\":\"O Governo vai refor\u00e7ar financeiramente os hospitais do Servi\u00e7o Nacional de Sa\u00fade com 84 milh\u00f5es de euros, anunciou o gabinete da ministra da Sa\u00fade, para que os hospitais comecem o novo ano \u201ccom uma situa\u00e7\u00e3o financeira mais robusta\u201d.\",\"breadcrumb\":{\"@id\":\"https:\\\/\\\/www.altominho.tv\\\/site\\\/2022\\\/01\\\/03\\\/governo-reforca-financeiramente-hospitais-do-sns-com-84-milhoes-de-euros\\\/#breadcrumb\"},\"inLanguage\":\"pt-PT\",\"potentialAction\":[{\"@type\":\"ReadAction\",\"target\":[\"https:\\\/\\\/www.altominho.tv\\\/site\\\/2022\\\/01\\\/03\\\/governo-reforca-financeiramente-hospitais-do-sns-com-84-milhoes-de-euros\\\/\"]}]},{\"@type\":\"ImageObject\",\"inLanguage\":\"pt-PT\",\"@id\":\"https:\\\/\\\/www.altominho.tv\\\/site\\\/2022\\\/01\\\/03\\\/governo-reforca-financeiramente-hospitais-do-sns-com-84-milhoes-de-euros\\\/#primaryimage\",\"url\":\"https:\\\/\\\/www.altominho.tv\\\/site\\\/wp-content\\\/uploads\\\/2022\\\/01\\\/marta-temido-1.jpg\",\"contentUrl\":\"https:\\\/\\\/www.altominho.tv\\\/site\\\/wp-content\\\/uploads\\\/2022\\\/01\\\/marta-temido-1.jpg\",\"width\":720,\"height\":435},{\"@type\":\"BreadcrumbList\",\"@id\":\"https:\\\/\\\/www.altominho.tv\\\/site\\\/2022\\\/01\\\/03\\\/governo-reforca-financeiramente-hospitais-do-sns-com-84-milhoes-de-euros\\\/#breadcrumb\",\"itemListElement\":[{\"@type\":\"ListItem\",\"position\":1,\"name\":\"In\u00edcio\",\"item\":\"https:\\\/\\\/www.altominho.tv\\\/site\\\/\"},{\"@type\":\"ListItem\",\"position\":2,\"name\":\"Governo refor\u00e7a financeiramente hospitais do SNS com 84 milh\u00f5es de euros\"}]},{\"@type\":\"WebSite\",\"@id\":\"https:\\\/\\\/www.altominho.tv\\\/site\\\/#website\",\"url\":\"https:\\\/\\\/www.altominho.tv\\\/site\\\/\",\"name\":\"Altominho.tv\",\"description\":\"A sua regi\u00e3o \u00e0 dist\u00e2ncia de um clique...\",\"potentialAction\":[{\"@type\":\"SearchAction\",\"target\":{\"@type\":\"EntryPoint\",\"urlTemplate\":\"https:\\\/\\\/www.altominho.tv\\\/site\\\/?s={search_term_string}\"},\"query-input\":{\"@type\":\"PropertyValueSpecification\",\"valueRequired\":true,\"valueName\":\"search_term_string\"}}],\"inLanguage\":\"pt-PT\"},{\"@type\":\"Person\",\"@id\":\"https:\\\/\\\/www.altominho.tv\\\/site\\\/#\\\/schema\\\/person\\\/dbaf181c01b51ff40c9f461a905d321e\",\"name\":\"Andreia Cunha | Lusa\",\"image\":{\"@type\":\"ImageObject\",\"inLanguage\":\"pt-PT\",\"@id\":\"https:\\\/\\\/www.altominho.tv\\\/site\\\/wp-content\\\/uploads\\\/2017\\\/11\\\/Andreia_Cunha-1-150x150.jpg\",\"url\":\"https:\\\/\\\/www.altominho.tv\\\/site\\\/wp-content\\\/uploads\\\/2017\\\/11\\\/Andreia_Cunha-1-150x150.jpg\",\"contentUrl\":\"https:\\\/\\\/www.altominho.tv\\\/site\\\/wp-content\\\/uploads\\\/2017\\\/11\\\/Andreia_Cunha-1-150x150.jpg\",\"caption\":\"Andreia Cunha | Lusa\"},\"sameAs\":[\"https:\\\/\\\/www.altominho.tv\\\/site\"],\"url\":\"https:\\\/\\\/www.altominho.tv\\\/site\\\/author\\\/andreiacunhalusa\\\/\"}]}<\/script>\n<!-- \/ Yoast SEO Premium plugin. -->","yoast_head_json":{"title":"Governo refor\u00e7a financeiramente hospitais do SNS com 84 milh\u00f5es de euros","description":"O Governo vai refor\u00e7ar financeiramente os hospitais do Servi\u00e7o Nacional de Sa\u00fade com 84 milh\u00f5es de euros, anunciou o gabinete da ministra da Sa\u00fade, para que os hospitais comecem o novo ano \u201ccom uma situa\u00e7\u00e3o financeira mais robusta\u201d.","robots":{"index":"index","follow":"follow","max-snippet":"max-snippet:-1","max-image-preview":"max-image-preview:large","max-video-preview":"max-video-preview:-1"},"canonical":"https:\/\/www.altominho.tv\/site\/2022\/01\/03\/governo-reforca-financeiramente-hospitais-do-sns-com-84-milhoes-de-euros\/","og_locale":"pt_PT","og_type":"article","og_title":"Governo refor\u00e7a financeiramente hospitais do SNS com 84 milh\u00f5es de euros","og_description":"O Governo vai refor\u00e7ar financeiramente os hospitais do Servi\u00e7o Nacional de Sa\u00fade com 84 milh\u00f5es de euros, anunciou o gabinete da ministra da Sa\u00fade, para que os hospitais comecem o novo ano \u201ccom uma situa\u00e7\u00e3o financeira mais robusta\u201d.","og_url":"https:\/\/www.altominho.tv\/site\/2022\/01\/03\/governo-reforca-financeiramente-hospitais-do-sns-com-84-milhoes-de-euros\/","og_site_name":"Altominho.tv","article_publisher":"https:\/\/www.facebook.com\/altominhotv","article_published_time":"2022-01-03T09:20:40+00:00","article_modified_time":"2022-03-07T16:52:55+00:00","og_image":[{"width":720,"height":435,"url":"https:\/\/www.altominho.tv\/site\/wp-content\/uploads\/2022\/01\/marta-temido-1.jpg","type":"image\/jpeg"}],"author":"Andreia Cunha | Lusa","twitter_card":"summary_large_image","twitter_creator":"@altominhoTV","twitter_site":"@altominhoTV","twitter_misc":{"Escrito por":"Andreia Cunha | Lusa","Tempo estimado de leitura":"3 minutos"},"schema":{"@context":"https:\/\/schema.org","@graph":[{"@type":"Article","@id":"https:\/\/www.altominho.tv\/site\/2022\/01\/03\/governo-reforca-financeiramente-hospitais-do-sns-com-84-milhoes-de-euros\/#article","isPartOf":{"@id":"https:\/\/www.altominho.tv\/site\/2022\/01\/03\/governo-reforca-financeiramente-hospitais-do-sns-com-84-milhoes-de-euros\/"},"author":{"name":"Andreia Cunha | Lusa","@id":"https:\/\/www.altominho.tv\/site\/#\/schema\/person\/dbaf181c01b51ff40c9f461a905d321e"},"headline":"Governo refor\u00e7a financeiramente hospitais do SNS com 84 milh\u00f5es de euros","datePublished":"2022-01-03T09:20:40+00:00","dateModified":"2022-03-07T16:52:55+00:00","mainEntityOfPage":{"@id":"https:\/\/www.altominho.tv\/site\/2022\/01\/03\/governo-reforca-financeiramente-hospitais-do-sns-com-84-milhoes-de-euros\/"},"wordCount":416,"image":{"@id":"https:\/\/www.altominho.tv\/site\/2022\/01\/03\/governo-reforca-financeiramente-hospitais-do-sns-com-84-milhoes-de-euros\/#primaryimage"},"thumbnailUrl":"https:\/\/www.altominho.tv\/site\/wp-content\/uploads\/2022\/01\/marta-temido-1.jpg","keywords":["Sa\u00fade"],"articleSection":["Pa\u00eds"],"inLanguage":"pt-PT","copyrightYear":"2022","copyrightHolder":{"@id":"https:\/\/www.altominho.tv\/site\/#organization"}},{"@type":"WebPage","@id":"https:\/\/www.altominho.tv\/site\/2022\/01\/03\/governo-reforca-financeiramente-hospitais-do-sns-com-84-milhoes-de-euros\/","url":"https:\/\/www.altominho.tv\/site\/2022\/01\/03\/governo-reforca-financeiramente-hospitais-do-sns-com-84-milhoes-de-euros\/","name":"Governo refor\u00e7a financeiramente hospitais do SNS com 84 milh\u00f5es de euros","isPartOf":{"@id":"https:\/\/www.altominho.tv\/site\/#website"},"primaryImageOfPage":{"@id":"https:\/\/www.altominho.tv\/site\/2022\/01\/03\/governo-reforca-financeiramente-hospitais-do-sns-com-84-milhoes-de-euros\/#primaryimage"},"image":{"@id":"https:\/\/www.altominho.tv\/site\/2022\/01\/03\/governo-reforca-financeiramente-hospitais-do-sns-com-84-milhoes-de-euros\/#primaryimage"},"thumbnailUrl":"https:\/\/www.altominho.tv\/site\/wp-content\/uploads\/2022\/01\/marta-temido-1.jpg","datePublished":"2022-01-03T09:20:40+00:00","dateModified":"2022-03-07T16:52:55+00:00","author":{"@id":"https:\/\/www.altominho.tv\/site\/#\/schema\/person\/dbaf181c01b51ff40c9f461a905d321e"},"description":"O Governo vai refor\u00e7ar financeiramente os hospitais do Servi\u00e7o Nacional de Sa\u00fade com 84 milh\u00f5es de euros, anunciou o gabinete da ministra da Sa\u00fade, para que os hospitais comecem o novo ano \u201ccom uma situa\u00e7\u00e3o financeira mais robusta\u201d.","breadcrumb":{"@id":"https:\/\/www.altominho.tv\/site\/2022\/01\/03\/governo-reforca-financeiramente-hospitais-do-sns-com-84-milhoes-de-euros\/#breadcrumb"},"inLanguage":"pt-PT","potentialAction":[{"@type":"ReadAction","target":["https:\/\/www.altominho.tv\/site\/2022\/01\/03\/governo-reforca-financeiramente-hospitais-do-sns-com-84-milhoes-de-euros\/"]}]},{"@type":"ImageObject","inLanguage":"pt-PT","@id":"https:\/\/www.altominho.tv\/site\/2022\/01\/03\/governo-reforca-financeiramente-hospitais-do-sns-com-84-milhoes-de-euros\/#primaryimage","url":"https:\/\/www.altominho.tv\/site\/wp-content\/uploads\/2022\/01\/marta-temido-1.jpg","contentUrl":"https:\/\/www.altominho.tv\/site\/wp-content\/uploads\/2022\/01\/marta-temido-1.jpg","width":720,"height":435},{"@type":"BreadcrumbList","@id":"https:\/\/www.altominho.tv\/site\/2022\/01\/03\/governo-reforca-financeiramente-hospitais-do-sns-com-84-milhoes-de-euros\/#breadcrumb","itemListElement":[{"@type":"ListItem","position":1,"name":"In\u00edcio","item":"https:\/\/www.altominho.tv\/site\/"},{"@type":"ListItem","position":2,"name":"Governo refor\u00e7a financeiramente hospitais do SNS com 84 milh\u00f5es de euros"}]},{"@type":"WebSite","@id":"https:\/\/www.altominho.tv\/site\/#website","url":"https:\/\/www.altominho.tv\/site\/","name":"Altominho.tv","description":"A sua regi\u00e3o \u00e0 dist\u00e2ncia de um clique...","potentialAction":[{"@type":"SearchAction","target":{"@type":"EntryPoint","urlTemplate":"https:\/\/www.altominho.tv\/site\/?s={search_term_string}"},"query-input":{"@type":"PropertyValueSpecification","valueRequired":true,"valueName":"search_term_string"}}],"inLanguage":"pt-PT"},{"@type":"Person","@id":"https:\/\/www.altominho.tv\/site\/#\/schema\/person\/dbaf181c01b51ff40c9f461a905d321e","name":"Andreia Cunha | Lusa","image":{"@type":"ImageObject","inLanguage":"pt-PT","@id":"https:\/\/www.altominho.tv\/site\/wp-content\/uploads\/2017\/11\/Andreia_Cunha-1-150x150.jpg","url":"https:\/\/www.altominho.tv\/site\/wp-content\/uploads\/2017\/11\/Andreia_Cunha-1-150x150.jpg","contentUrl":"https:\/\/www.altominho.tv\/site\/wp-content\/uploads\/2017\/11\/Andreia_Cunha-1-150x150.jpg","caption":"Andreia Cunha | Lusa"},"sameAs":["https:\/\/www.altominho.tv\/site"],"url":"https:\/\/www.altominho.tv\/site\/author\/andreiacunhalusa\/"}]}},"_links":{"self":[{"href":"https:\/\/www.altominho.tv\/site\/wp-json\/wp\/v2\/posts\/74200","targetHints":{"allow":["GET"]}}],"collection":[{"href":"https:\/\/www.altominho.tv\/site\/wp-json\/wp\/v2\/posts"}],"about":[{"href":"https:\/\/www.altominho.tv\/site\/wp-json\/wp\/v2\/types\/post"}],"author":[{"embeddable":true,"href":"https:\/\/www.altominho.tv\/site\/wp-json\/wp\/v2\/users\/16"}],"replies":[{"embeddable":true,"href":"https:\/\/www.altominho.tv\/site\/wp-json\/wp\/v2\/comments?post=74200"}],"version-history":[{"count":0,"href":"https:\/\/www.altominho.tv\/site\/wp-json\/wp\/v2\/posts\/74200\/revisions"}],"wp:featuredmedia":[{"embeddable":true,"href":"https:\/\/www.altominho.tv\/site\/wp-json\/wp\/v2\/media\/74201"}],"wp:attachment":[{"href":"https:\/\/www.altominho.tv\/site\/wp-json\/wp\/v2\/media?parent=74200"}],"wp:term":[{"taxonomy":"category","embeddable":true,"href":"https:\/\/www.altominho.tv\/site\/wp-json\/wp\/v2\/categories?post=74200"},{"taxonomy":"post_tag","embeddable":true,"href":"https:\/\/www.altominho.tv\/site\/wp-json\/wp\/v2\/tags?post=74200"}],"curies":[{"name":"wp","href":"https:\/\/api.w.org\/{rel}","templated":true}]}}