{"id":74150,"date":"2021-12-30T12:50:12","date_gmt":"2021-12-30T12:50:12","guid":{"rendered":"https:\/\/www.altominho.tv\/site\/?p=74150"},"modified":"2022-03-07T16:56:49","modified_gmt":"2022-03-07T16:56:49","slug":"portugal-classificado-com-risco-muito-elevado-por-centro-europeu-de-controlo-de-doencas","status":"publish","type":"post","link":"https:\/\/www.altominho.tv\/site\/2021\/12\/30\/portugal-classificado-com-risco-muito-elevado-por-centro-europeu-de-controlo-de-doencas\/","title":{"rendered":"Portugal classificado com risco muito elevado por centro europeu de controlo de doen\u00e7as"},"content":{"rendered":"\n<p>Portugal est\u00e1 classificado na pior categoria de risco de covid-19 do Centro Europeu para Preven\u00e7\u00e3o e Controlo de Doen\u00e7as (ECDC) &#8211; vermelho-escuro -, ap\u00f3s os A\u00e7ores terem aumentado as notifica\u00e7\u00f5es e os casos positivos.<\/p>\n\n\n\n<p>Na atualiza\u00e7\u00e3o semanal do ECDC divulgada esta quinta-feira, Portugal continental, Madeira e A\u00e7ores surgem na pior categoria do sistema de &#8216;sem\u00e1foros&#8217;, que indica risco muito elevado, referente a regi\u00f5es onde o v\u00edrus SARS-CoV-2, que causa a covid-19, tem grande dissemina\u00e7\u00e3o.<\/p>\n\n\n\n<p>Na semana passada, os A\u00e7ores estavam classificados no n\u00edvel laranja.<\/p>\n\n\n\n<p>No mapa do ECDC sobre viagens na Uni\u00e3o Europeia s\u00f3 a Rom\u00e9nia (laranja) \u00e9 exce\u00e7\u00e3o ao vermelho e vermelho-escuro, estando mesmo uma parte do pa\u00eds identificada a verde, sendo que \u00e9 o pa\u00eds com menor taxa de notifica\u00e7\u00f5es.<\/p>\n\n\n\n<p>As cores do mapa do ECDC representam uma combina\u00e7\u00e3o das taxas de notifica\u00e7\u00e3o de casos de covid-19 nos \u00faltimos 14 dias, n\u00famero de testes realizados e total de positivos.<\/p>\n\n\n\n<p>A covid-19 provocou mais de 5,41 milh\u00f5es de mortes em todo o mundo desde o in\u00edcio da pandemia, segundo o mais recente balan\u00e7o da ag\u00eancia France-Presse.<\/p>\n\n\n\n<p>Em Portugal, desde mar\u00e7o de 2020, morreram 18.921 pessoas e foram contabilizados 1.330.158 casos de infe\u00e7\u00e3o, segundo dados da Dire\u00e7\u00e3o-Geral da Sa\u00fade.<\/p>\n","protected":false},"excerpt":{"rendered":"<p>Portugal est\u00e1 classificado na pior categoria de risco de covid-19 do Centro Europeu para Preven\u00e7\u00e3o e Controlo de Doen\u00e7as (ECDC) &#8211; vermelho-escuro -, ap\u00f3s os A\u00e7ores terem aumentado as notifica\u00e7\u00f5es e os casos positivos. Na atualiza\u00e7\u00e3o semanal do ECDC divulgada esta quinta-feira, Portugal continental, Madeira e A\u00e7ores surgem na pior categoria do sistema de &#8216;sem\u00e1foros&#8217;, [&hellip;]<\/p>\n","protected":false},"author":13,"featured_media":74152,"comment_status":"closed","ping_status":"closed","sticky":false,"template":"","format":"standard","meta":{"_exactmetrics_skip_tracking":false,"_exactmetrics_sitenote_active":false,"_exactmetrics_sitenote_note":"","_exactmetrics_sitenote_category":0,"footnotes":""},"categories":[42722],"tags":[26,27],"class_list":["post-74150","post","type-post","status-publish","format-standard","has-post-thumbnail","hentry","category-covid-19","tag-saude","tag-sociedade"],"yoast_head":"<!-- This site is optimized with the Yoast SEO Premium plugin v27.5 (Yoast SEO v27.5) - https:\/\/yoast.com\/product\/yoast-seo-premium-wordpress\/ -->\n<title>Portugal classificado com risco muito elevado por centro europeu de controlo de doen\u00e7as<\/title>\n<meta name=\"description\" content=\"Portugal est\u00e1 classificado na pior categoria de risco de covid-19 do Centro Europeu para Preven\u00e7\u00e3o e Controlo de Doen\u00e7as.\" \/>\n<meta name=\"robots\" content=\"index, follow, max-snippet:-1, max-image-preview:large, max-video-preview:-1\" \/>\n<link rel=\"canonical\" href=\"https:\/\/www.altominho.tv\/site\/2021\/12\/30\/portugal-classificado-com-risco-muito-elevado-por-centro-europeu-de-controlo-de-doencas\/\" \/>\n<meta property=\"og:locale\" content=\"pt_PT\" \/>\n<meta property=\"og:type\" content=\"article\" \/>\n<meta property=\"og:title\" content=\"Portugal classificado com risco muito elevado por centro europeu de controlo de doen\u00e7as\" \/>\n<meta property=\"og:description\" content=\"Portugal est\u00e1 classificado na pior categoria de risco de covid-19 do Centro Europeu para Preven\u00e7\u00e3o e Controlo de Doen\u00e7as.\" \/>\n<meta property=\"og:url\" content=\"https:\/\/www.altominho.tv\/site\/2021\/12\/30\/portugal-classificado-com-risco-muito-elevado-por-centro-europeu-de-controlo-de-doencas\/\" \/>\n<meta property=\"og:site_name\" content=\"Altominho.tv\" \/>\n<meta property=\"article:publisher\" content=\"https:\/\/www.facebook.com\/altominhotv\" \/>\n<meta property=\"article:published_time\" content=\"2021-12-30T12:50:12+00:00\" \/>\n<meta property=\"article:modified_time\" content=\"2022-03-07T16:56:49+00:00\" \/>\n<meta property=\"og:image\" content=\"https:\/\/www.altominho.tv\/site\/wp-content\/uploads\/2021\/12\/image-3.jpeg\" \/>\n\t<meta property=\"og:image:width\" content=\"1400\" \/>\n\t<meta property=\"og:image:height\" content=\"933\" \/>\n\t<meta property=\"og:image:type\" content=\"image\/jpeg\" \/>\n<meta name=\"author\" content=\"Lusa\" \/>\n<meta name=\"twitter:card\" content=\"summary_large_image\" \/>\n<meta name=\"twitter:creator\" content=\"@altominhoTV\" \/>\n<meta name=\"twitter:site\" content=\"@altominhoTV\" \/>\n<meta name=\"twitter:label1\" content=\"Escrito por\" \/>\n\t<meta name=\"twitter:data1\" content=\"Lusa\" \/>\n\t<meta name=\"twitter:label2\" content=\"Tempo estimado de leitura\" \/>\n\t<meta name=\"twitter:data2\" content=\"2 minutos\" \/>\n<script type=\"application\/ld+json\" class=\"yoast-schema-graph\">{\"@context\":\"https:\\\/\\\/schema.org\",\"@graph\":[{\"@type\":\"Article\",\"@id\":\"https:\\\/\\\/www.altominho.tv\\\/site\\\/2021\\\/12\\\/30\\\/portugal-classificado-com-risco-muito-elevado-por-centro-europeu-de-controlo-de-doencas\\\/#article\",\"isPartOf\":{\"@id\":\"https:\\\/\\\/www.altominho.tv\\\/site\\\/2021\\\/12\\\/30\\\/portugal-classificado-com-risco-muito-elevado-por-centro-europeu-de-controlo-de-doencas\\\/\"},\"author\":{\"name\":\"Lusa\",\"@id\":\"https:\\\/\\\/www.altominho.tv\\\/site\\\/#\\\/schema\\\/person\\\/63f693da3e1899361cbe955c46f3232e\"},\"headline\":\"Portugal classificado com risco muito elevado por centro europeu de controlo de doen\u00e7as\",\"datePublished\":\"2021-12-30T12:50:12+00:00\",\"dateModified\":\"2022-03-07T16:56:49+00:00\",\"mainEntityOfPage\":{\"@id\":\"https:\\\/\\\/www.altominho.tv\\\/site\\\/2021\\\/12\\\/30\\\/portugal-classificado-com-risco-muito-elevado-por-centro-europeu-de-controlo-de-doencas\\\/\"},\"wordCount\":236,\"image\":{\"@id\":\"https:\\\/\\\/www.altominho.tv\\\/site\\\/2021\\\/12\\\/30\\\/portugal-classificado-com-risco-muito-elevado-por-centro-europeu-de-controlo-de-doencas\\\/#primaryimage\"},\"thumbnailUrl\":\"https:\\\/\\\/www.altominho.tv\\\/site\\\/wp-content\\\/uploads\\\/2021\\\/12\\\/image-3.jpeg\",\"keywords\":[\"Sa\u00fade\",\"Sociedade\"],\"articleSection\":[\"Coronav\u00edrus\"],\"inLanguage\":\"pt-PT\",\"copyrightYear\":\"2021\",\"copyrightHolder\":{\"@id\":\"https:\\\/\\\/www.altominho.tv\\\/site\\\/#organization\"}},{\"@type\":\"WebPage\",\"@id\":\"https:\\\/\\\/www.altominho.tv\\\/site\\\/2021\\\/12\\\/30\\\/portugal-classificado-com-risco-muito-elevado-por-centro-europeu-de-controlo-de-doencas\\\/\",\"url\":\"https:\\\/\\\/www.altominho.tv\\\/site\\\/2021\\\/12\\\/30\\\/portugal-classificado-com-risco-muito-elevado-por-centro-europeu-de-controlo-de-doencas\\\/\",\"name\":\"Portugal classificado com risco muito elevado por centro europeu de controlo de doen\u00e7as\",\"isPartOf\":{\"@id\":\"https:\\\/\\\/www.altominho.tv\\\/site\\\/#website\"},\"primaryImageOfPage\":{\"@id\":\"https:\\\/\\\/www.altominho.tv\\\/site\\\/2021\\\/12\\\/30\\\/portugal-classificado-com-risco-muito-elevado-por-centro-europeu-de-controlo-de-doencas\\\/#primaryimage\"},\"image\":{\"@id\":\"https:\\\/\\\/www.altominho.tv\\\/site\\\/2021\\\/12\\\/30\\\/portugal-classificado-com-risco-muito-elevado-por-centro-europeu-de-controlo-de-doencas\\\/#primaryimage\"},\"thumbnailUrl\":\"https:\\\/\\\/www.altominho.tv\\\/site\\\/wp-content\\\/uploads\\\/2021\\\/12\\\/image-3.jpeg\",\"datePublished\":\"2021-12-30T12:50:12+00:00\",\"dateModified\":\"2022-03-07T16:56:49+00:00\",\"author\":{\"@id\":\"https:\\\/\\\/www.altominho.tv\\\/site\\\/#\\\/schema\\\/person\\\/63f693da3e1899361cbe955c46f3232e\"},\"description\":\"Portugal est\u00e1 classificado na pior categoria de risco de covid-19 do Centro Europeu para Preven\u00e7\u00e3o e Controlo de Doen\u00e7as.\",\"breadcrumb\":{\"@id\":\"https:\\\/\\\/www.altominho.tv\\\/site\\\/2021\\\/12\\\/30\\\/portugal-classificado-com-risco-muito-elevado-por-centro-europeu-de-controlo-de-doencas\\\/#breadcrumb\"},\"inLanguage\":\"pt-PT\",\"potentialAction\":[{\"@type\":\"ReadAction\",\"target\":[\"https:\\\/\\\/www.altominho.tv\\\/site\\\/2021\\\/12\\\/30\\\/portugal-classificado-com-risco-muito-elevado-por-centro-europeu-de-controlo-de-doencas\\\/\"]}]},{\"@type\":\"ImageObject\",\"inLanguage\":\"pt-PT\",\"@id\":\"https:\\\/\\\/www.altominho.tv\\\/site\\\/2021\\\/12\\\/30\\\/portugal-classificado-com-risco-muito-elevado-por-centro-europeu-de-controlo-de-doencas\\\/#primaryimage\",\"url\":\"https:\\\/\\\/www.altominho.tv\\\/site\\\/wp-content\\\/uploads\\\/2021\\\/12\\\/image-3.jpeg\",\"contentUrl\":\"https:\\\/\\\/www.altominho.tv\\\/site\\\/wp-content\\\/uploads\\\/2021\\\/12\\\/image-3.jpeg\",\"width\":1400,\"height\":933},{\"@type\":\"BreadcrumbList\",\"@id\":\"https:\\\/\\\/www.altominho.tv\\\/site\\\/2021\\\/12\\\/30\\\/portugal-classificado-com-risco-muito-elevado-por-centro-europeu-de-controlo-de-doencas\\\/#breadcrumb\",\"itemListElement\":[{\"@type\":\"ListItem\",\"position\":1,\"name\":\"In\u00edcio\",\"item\":\"https:\\\/\\\/www.altominho.tv\\\/site\\\/\"},{\"@type\":\"ListItem\",\"position\":2,\"name\":\"Portugal classificado com risco muito elevado por centro europeu de controlo de doen\u00e7as\"}]},{\"@type\":\"WebSite\",\"@id\":\"https:\\\/\\\/www.altominho.tv\\\/site\\\/#website\",\"url\":\"https:\\\/\\\/www.altominho.tv\\\/site\\\/\",\"name\":\"Altominho.tv\",\"description\":\"A sua regi\u00e3o \u00e0 dist\u00e2ncia de um clique...\",\"potentialAction\":[{\"@type\":\"SearchAction\",\"target\":{\"@type\":\"EntryPoint\",\"urlTemplate\":\"https:\\\/\\\/www.altominho.tv\\\/site\\\/?s={search_term_string}\"},\"query-input\":{\"@type\":\"PropertyValueSpecification\",\"valueRequired\":true,\"valueName\":\"search_term_string\"}}],\"inLanguage\":\"pt-PT\"},{\"@type\":\"Person\",\"@id\":\"https:\\\/\\\/www.altominho.tv\\\/site\\\/#\\\/schema\\\/person\\\/63f693da3e1899361cbe955c46f3232e\",\"name\":\"Lusa\",\"image\":{\"@type\":\"ImageObject\",\"inLanguage\":\"pt-PT\",\"@id\":\"https:\\\/\\\/www.altominho.tv\\\/site\\\/wp-content\\\/uploads\\\/2019\\\/08\\\/LUSA_Logo.gif\",\"url\":\"https:\\\/\\\/www.altominho.tv\\\/site\\\/wp-content\\\/uploads\\\/2019\\\/08\\\/LUSA_Logo.gif\",\"contentUrl\":\"https:\\\/\\\/www.altominho.tv\\\/site\\\/wp-content\\\/uploads\\\/2019\\\/08\\\/LUSA_Logo.gif\",\"caption\":\"Lusa\"},\"sameAs\":[\"http:\\\/\\\/\\\/\\\/www.altominho.tv\\\/site\"],\"url\":\"https:\\\/\\\/www.altominho.tv\\\/site\\\/author\\\/lusa\\\/\"}]}<\/script>\n<!-- \/ Yoast SEO Premium plugin. -->","yoast_head_json":{"title":"Portugal classificado com risco muito elevado por centro europeu de controlo de doen\u00e7as","description":"Portugal est\u00e1 classificado na pior categoria de risco de covid-19 do Centro Europeu para Preven\u00e7\u00e3o e Controlo de Doen\u00e7as.","robots":{"index":"index","follow":"follow","max-snippet":"max-snippet:-1","max-image-preview":"max-image-preview:large","max-video-preview":"max-video-preview:-1"},"canonical":"https:\/\/www.altominho.tv\/site\/2021\/12\/30\/portugal-classificado-com-risco-muito-elevado-por-centro-europeu-de-controlo-de-doencas\/","og_locale":"pt_PT","og_type":"article","og_title":"Portugal classificado com risco muito elevado por centro europeu de controlo de doen\u00e7as","og_description":"Portugal est\u00e1 classificado na pior categoria de risco de covid-19 do Centro Europeu para Preven\u00e7\u00e3o e Controlo de Doen\u00e7as.","og_url":"https:\/\/www.altominho.tv\/site\/2021\/12\/30\/portugal-classificado-com-risco-muito-elevado-por-centro-europeu-de-controlo-de-doencas\/","og_site_name":"Altominho.tv","article_publisher":"https:\/\/www.facebook.com\/altominhotv","article_published_time":"2021-12-30T12:50:12+00:00","article_modified_time":"2022-03-07T16:56:49+00:00","og_image":[{"width":1400,"height":933,"url":"https:\/\/www.altominho.tv\/site\/wp-content\/uploads\/2021\/12\/image-3.jpeg","type":"image\/jpeg"}],"author":"Lusa","twitter_card":"summary_large_image","twitter_creator":"@altominhoTV","twitter_site":"@altominhoTV","twitter_misc":{"Escrito por":"Lusa","Tempo estimado de leitura":"2 minutos"},"schema":{"@context":"https:\/\/schema.org","@graph":[{"@type":"Article","@id":"https:\/\/www.altominho.tv\/site\/2021\/12\/30\/portugal-classificado-com-risco-muito-elevado-por-centro-europeu-de-controlo-de-doencas\/#article","isPartOf":{"@id":"https:\/\/www.altominho.tv\/site\/2021\/12\/30\/portugal-classificado-com-risco-muito-elevado-por-centro-europeu-de-controlo-de-doencas\/"},"author":{"name":"Lusa","@id":"https:\/\/www.altominho.tv\/site\/#\/schema\/person\/63f693da3e1899361cbe955c46f3232e"},"headline":"Portugal classificado com risco muito elevado por centro europeu de controlo de doen\u00e7as","datePublished":"2021-12-30T12:50:12+00:00","dateModified":"2022-03-07T16:56:49+00:00","mainEntityOfPage":{"@id":"https:\/\/www.altominho.tv\/site\/2021\/12\/30\/portugal-classificado-com-risco-muito-elevado-por-centro-europeu-de-controlo-de-doencas\/"},"wordCount":236,"image":{"@id":"https:\/\/www.altominho.tv\/site\/2021\/12\/30\/portugal-classificado-com-risco-muito-elevado-por-centro-europeu-de-controlo-de-doencas\/#primaryimage"},"thumbnailUrl":"https:\/\/www.altominho.tv\/site\/wp-content\/uploads\/2021\/12\/image-3.jpeg","keywords":["Sa\u00fade","Sociedade"],"articleSection":["Coronav\u00edrus"],"inLanguage":"pt-PT","copyrightYear":"2021","copyrightHolder":{"@id":"https:\/\/www.altominho.tv\/site\/#organization"}},{"@type":"WebPage","@id":"https:\/\/www.altominho.tv\/site\/2021\/12\/30\/portugal-classificado-com-risco-muito-elevado-por-centro-europeu-de-controlo-de-doencas\/","url":"https:\/\/www.altominho.tv\/site\/2021\/12\/30\/portugal-classificado-com-risco-muito-elevado-por-centro-europeu-de-controlo-de-doencas\/","name":"Portugal classificado com risco muito elevado por centro europeu de controlo de doen\u00e7as","isPartOf":{"@id":"https:\/\/www.altominho.tv\/site\/#website"},"primaryImageOfPage":{"@id":"https:\/\/www.altominho.tv\/site\/2021\/12\/30\/portugal-classificado-com-risco-muito-elevado-por-centro-europeu-de-controlo-de-doencas\/#primaryimage"},"image":{"@id":"https:\/\/www.altominho.tv\/site\/2021\/12\/30\/portugal-classificado-com-risco-muito-elevado-por-centro-europeu-de-controlo-de-doencas\/#primaryimage"},"thumbnailUrl":"https:\/\/www.altominho.tv\/site\/wp-content\/uploads\/2021\/12\/image-3.jpeg","datePublished":"2021-12-30T12:50:12+00:00","dateModified":"2022-03-07T16:56:49+00:00","author":{"@id":"https:\/\/www.altominho.tv\/site\/#\/schema\/person\/63f693da3e1899361cbe955c46f3232e"},"description":"Portugal est\u00e1 classificado na pior categoria de risco de covid-19 do Centro Europeu para Preven\u00e7\u00e3o e Controlo de Doen\u00e7as.","breadcrumb":{"@id":"https:\/\/www.altominho.tv\/site\/2021\/12\/30\/portugal-classificado-com-risco-muito-elevado-por-centro-europeu-de-controlo-de-doencas\/#breadcrumb"},"inLanguage":"pt-PT","potentialAction":[{"@type":"ReadAction","target":["https:\/\/www.altominho.tv\/site\/2021\/12\/30\/portugal-classificado-com-risco-muito-elevado-por-centro-europeu-de-controlo-de-doencas\/"]}]},{"@type":"ImageObject","inLanguage":"pt-PT","@id":"https:\/\/www.altominho.tv\/site\/2021\/12\/30\/portugal-classificado-com-risco-muito-elevado-por-centro-europeu-de-controlo-de-doencas\/#primaryimage","url":"https:\/\/www.altominho.tv\/site\/wp-content\/uploads\/2021\/12\/image-3.jpeg","contentUrl":"https:\/\/www.altominho.tv\/site\/wp-content\/uploads\/2021\/12\/image-3.jpeg","width":1400,"height":933},{"@type":"BreadcrumbList","@id":"https:\/\/www.altominho.tv\/site\/2021\/12\/30\/portugal-classificado-com-risco-muito-elevado-por-centro-europeu-de-controlo-de-doencas\/#breadcrumb","itemListElement":[{"@type":"ListItem","position":1,"name":"In\u00edcio","item":"https:\/\/www.altominho.tv\/site\/"},{"@type":"ListItem","position":2,"name":"Portugal classificado com risco muito elevado por centro europeu de controlo de doen\u00e7as"}]},{"@type":"WebSite","@id":"https:\/\/www.altominho.tv\/site\/#website","url":"https:\/\/www.altominho.tv\/site\/","name":"Altominho.tv","description":"A sua regi\u00e3o \u00e0 dist\u00e2ncia de um clique...","potentialAction":[{"@type":"SearchAction","target":{"@type":"EntryPoint","urlTemplate":"https:\/\/www.altominho.tv\/site\/?s={search_term_string}"},"query-input":{"@type":"PropertyValueSpecification","valueRequired":true,"valueName":"search_term_string"}}],"inLanguage":"pt-PT"},{"@type":"Person","@id":"https:\/\/www.altominho.tv\/site\/#\/schema\/person\/63f693da3e1899361cbe955c46f3232e","name":"Lusa","image":{"@type":"ImageObject","inLanguage":"pt-PT","@id":"https:\/\/www.altominho.tv\/site\/wp-content\/uploads\/2019\/08\/LUSA_Logo.gif","url":"https:\/\/www.altominho.tv\/site\/wp-content\/uploads\/2019\/08\/LUSA_Logo.gif","contentUrl":"https:\/\/www.altominho.tv\/site\/wp-content\/uploads\/2019\/08\/LUSA_Logo.gif","caption":"Lusa"},"sameAs":["http:\/\/\/\/www.altominho.tv\/site"],"url":"https:\/\/www.altominho.tv\/site\/author\/lusa\/"}]}},"_links":{"self":[{"href":"https:\/\/www.altominho.tv\/site\/wp-json\/wp\/v2\/posts\/74150","targetHints":{"allow":["GET"]}}],"collection":[{"href":"https:\/\/www.altominho.tv\/site\/wp-json\/wp\/v2\/posts"}],"about":[{"href":"https:\/\/www.altominho.tv\/site\/wp-json\/wp\/v2\/types\/post"}],"author":[{"embeddable":true,"href":"https:\/\/www.altominho.tv\/site\/wp-json\/wp\/v2\/users\/13"}],"replies":[{"embeddable":true,"href":"https:\/\/www.altominho.tv\/site\/wp-json\/wp\/v2\/comments?post=74150"}],"version-history":[{"count":0,"href":"https:\/\/www.altominho.tv\/site\/wp-json\/wp\/v2\/posts\/74150\/revisions"}],"wp:featuredmedia":[{"embeddable":true,"href":"https:\/\/www.altominho.tv\/site\/wp-json\/wp\/v2\/media\/74152"}],"wp:attachment":[{"href":"https:\/\/www.altominho.tv\/site\/wp-json\/wp\/v2\/media?parent=74150"}],"wp:term":[{"taxonomy":"category","embeddable":true,"href":"https:\/\/www.altominho.tv\/site\/wp-json\/wp\/v2\/categories?post=74150"},{"taxonomy":"post_tag","embeddable":true,"href":"https:\/\/www.altominho.tv\/site\/wp-json\/wp\/v2\/tags?post=74150"}],"curies":[{"name":"wp","href":"https:\/\/api.w.org\/{rel}","templated":true}]}}