{"id":74098,"date":"2021-12-29T16:42:37","date_gmt":"2021-12-29T16:42:37","guid":{"rendered":"https:\/\/www.altominho.tv\/site\/?p=74098"},"modified":"2022-03-08T09:26:50","modified_gmt":"2022-03-08T09:26:50","slug":"incidencia-ultrapassa-900-casos-por-100-mil-habitantes","status":"publish","type":"post","link":"https:\/\/www.altominho.tv\/site\/2021\/12\/29\/incidencia-ultrapassa-900-casos-por-100-mil-habitantes\/","title":{"rendered":"Incid\u00eancia ultrapassa 900 casos por 100 mil habitantes"},"content":{"rendered":"\n<p>A incid\u00eancia de infec\u00e7\u00f5es com o SARS-CoV-2 subiu para 923,4 casos por 100 mil habitantes e o \u00edndice de transmissibilidade (Rt) tamb\u00e9m registou um aumento, passando para 1,29.<\/p>\n\n\n\n<p>De acordo com o boletim epidemiol\u00f3gico divulgado esta quarta-feira pela Direc\u00e7\u00e3o-Geral da Sa\u00fade (DGS), a taxa de incid\u00eancia nacional passou, desde segunda-feira, de 804,3 casos de infec\u00e7\u00e3o por 100 mil habitantes a 14 dias para os actuais 923,4.<\/p>\n\n\n\n<p>Considerando apenas Portugal continental, o indicador registou tamb\u00e9m um crescimento: de 807,4 casos para 927,6.<\/p>\n\n\n\n<p>O Rt tamb\u00e9m subiu, tanto a n\u00edvel nacional como no continente, passando de 1,23 para 1,29 (nacional) e 1,30 (continental).<\/p>\n","protected":false},"excerpt":{"rendered":"<p>A incid\u00eancia de infec\u00e7\u00f5es com o SARS-CoV-2 subiu para 923,4 casos por 100 mil habitantes e o \u00edndice de transmissibilidade (Rt) tamb\u00e9m registou um aumento, passando para 1,29. De acordo com o boletim epidemiol\u00f3gico divulgado esta quarta-feira pela Direc\u00e7\u00e3o-Geral da Sa\u00fade (DGS), a taxa de incid\u00eancia nacional passou, desde segunda-feira, de 804,3 casos de infec\u00e7\u00e3o [&hellip;]<\/p>\n","protected":false},"author":1,"featured_media":74099,"comment_status":"closed","ping_status":"closed","sticky":false,"template":"","format":"standard","meta":{"_exactmetrics_skip_tracking":false,"_exactmetrics_sitenote_active":false,"_exactmetrics_sitenote_note":"","_exactmetrics_sitenote_category":0,"footnotes":""},"categories":[42722],"tags":[26,27],"class_list":["post-74098","post","type-post","status-publish","format-standard","has-post-thumbnail","hentry","category-covid-19","tag-saude","tag-sociedade"],"yoast_head":"<!-- This site is optimized with the Yoast SEO Premium plugin v27.5 (Yoast SEO v27.5) - https:\/\/yoast.com\/product\/yoast-seo-premium-wordpress\/ -->\n<title>Incid\u00eancia ultrapassa 900 casos por 100 mil habitantes<\/title>\n<meta name=\"description\" content=\"A incid\u00eancia de infec\u00e7\u00f5es com o SARS-CoV-2 subiu para 923,4 casos por 100 mil habitantes e o \u00edndice de transmissibilidade.\" \/>\n<meta name=\"robots\" content=\"index, follow, max-snippet:-1, max-image-preview:large, max-video-preview:-1\" \/>\n<link rel=\"canonical\" href=\"https:\/\/www.altominho.tv\/site\/2021\/12\/29\/incidencia-ultrapassa-900-casos-por-100-mil-habitantes\/\" \/>\n<meta property=\"og:locale\" content=\"pt_PT\" \/>\n<meta property=\"og:type\" content=\"article\" \/>\n<meta property=\"og:title\" content=\"Incid\u00eancia ultrapassa 900 casos por 100 mil habitantes\" \/>\n<meta property=\"og:description\" content=\"A incid\u00eancia de infec\u00e7\u00f5es com o SARS-CoV-2 subiu para 923,4 casos por 100 mil habitantes e o \u00edndice de transmissibilidade.\" \/>\n<meta property=\"og:url\" content=\"https:\/\/www.altominho.tv\/site\/2021\/12\/29\/incidencia-ultrapassa-900-casos-por-100-mil-habitantes\/\" \/>\n<meta property=\"og:site_name\" content=\"Altominho.tv\" \/>\n<meta property=\"article:publisher\" content=\"https:\/\/www.facebook.com\/altominhotv\" \/>\n<meta property=\"article:published_time\" content=\"2021-12-29T16:42:37+00:00\" \/>\n<meta property=\"article:modified_time\" content=\"2022-03-08T09:26:50+00:00\" \/>\n<meta property=\"og:image\" content=\"https:\/\/www.altominho.tv\/site\/wp-content\/uploads\/2021\/12\/8a454b2e249cdb94839c4a65bfa9abd8.jpeg\" \/>\n\t<meta property=\"og:image:width\" content=\"800\" \/>\n\t<meta property=\"og:image:height\" content=\"439\" \/>\n\t<meta property=\"og:image:type\" content=\"image\/jpeg\" \/>\n<meta name=\"author\" content=\"Altominho.tv\" \/>\n<meta name=\"twitter:card\" content=\"summary_large_image\" \/>\n<meta name=\"twitter:creator\" content=\"@altominhoTV\" \/>\n<meta name=\"twitter:site\" content=\"@altominhoTV\" \/>\n<meta name=\"twitter:label1\" content=\"Escrito por\" \/>\n\t<meta name=\"twitter:data1\" content=\"Altominho.tv\" \/>\n\t<meta name=\"twitter:label2\" content=\"Tempo estimado de leitura\" \/>\n\t<meta name=\"twitter:data2\" content=\"1 minuto\" \/>\n<script type=\"application\/ld+json\" class=\"yoast-schema-graph\">{\"@context\":\"https:\\\/\\\/schema.org\",\"@graph\":[{\"@type\":\"Article\",\"@id\":\"https:\\\/\\\/www.altominho.tv\\\/site\\\/2021\\\/12\\\/29\\\/incidencia-ultrapassa-900-casos-por-100-mil-habitantes\\\/#article\",\"isPartOf\":{\"@id\":\"https:\\\/\\\/www.altominho.tv\\\/site\\\/2021\\\/12\\\/29\\\/incidencia-ultrapassa-900-casos-por-100-mil-habitantes\\\/\"},\"author\":{\"name\":\"Altominho.tv\",\"@id\":\"https:\\\/\\\/www.altominho.tv\\\/site\\\/#\\\/schema\\\/person\\\/4e536851627d7914baf3dac752b6af22\"},\"headline\":\"Incid\u00eancia ultrapassa 900 casos por 100 mil habitantes\",\"datePublished\":\"2021-12-29T16:42:37+00:00\",\"dateModified\":\"2022-03-08T09:26:50+00:00\",\"mainEntityOfPage\":{\"@id\":\"https:\\\/\\\/www.altominho.tv\\\/site\\\/2021\\\/12\\\/29\\\/incidencia-ultrapassa-900-casos-por-100-mil-habitantes\\\/\"},\"wordCount\":107,\"image\":{\"@id\":\"https:\\\/\\\/www.altominho.tv\\\/site\\\/2021\\\/12\\\/29\\\/incidencia-ultrapassa-900-casos-por-100-mil-habitantes\\\/#primaryimage\"},\"thumbnailUrl\":\"https:\\\/\\\/www.altominho.tv\\\/site\\\/wp-content\\\/uploads\\\/2021\\\/12\\\/8a454b2e249cdb94839c4a65bfa9abd8.jpeg\",\"keywords\":[\"Sa\u00fade\",\"Sociedade\"],\"articleSection\":[\"Coronav\u00edrus\"],\"inLanguage\":\"pt-PT\",\"copyrightYear\":\"2021\",\"copyrightHolder\":{\"@id\":\"https:\\\/\\\/www.altominho.tv\\\/site\\\/#organization\"}},{\"@type\":\"WebPage\",\"@id\":\"https:\\\/\\\/www.altominho.tv\\\/site\\\/2021\\\/12\\\/29\\\/incidencia-ultrapassa-900-casos-por-100-mil-habitantes\\\/\",\"url\":\"https:\\\/\\\/www.altominho.tv\\\/site\\\/2021\\\/12\\\/29\\\/incidencia-ultrapassa-900-casos-por-100-mil-habitantes\\\/\",\"name\":\"Incid\u00eancia ultrapassa 900 casos por 100 mil habitantes\",\"isPartOf\":{\"@id\":\"https:\\\/\\\/www.altominho.tv\\\/site\\\/#website\"},\"primaryImageOfPage\":{\"@id\":\"https:\\\/\\\/www.altominho.tv\\\/site\\\/2021\\\/12\\\/29\\\/incidencia-ultrapassa-900-casos-por-100-mil-habitantes\\\/#primaryimage\"},\"image\":{\"@id\":\"https:\\\/\\\/www.altominho.tv\\\/site\\\/2021\\\/12\\\/29\\\/incidencia-ultrapassa-900-casos-por-100-mil-habitantes\\\/#primaryimage\"},\"thumbnailUrl\":\"https:\\\/\\\/www.altominho.tv\\\/site\\\/wp-content\\\/uploads\\\/2021\\\/12\\\/8a454b2e249cdb94839c4a65bfa9abd8.jpeg\",\"datePublished\":\"2021-12-29T16:42:37+00:00\",\"dateModified\":\"2022-03-08T09:26:50+00:00\",\"author\":{\"@id\":\"https:\\\/\\\/www.altominho.tv\\\/site\\\/#\\\/schema\\\/person\\\/4e536851627d7914baf3dac752b6af22\"},\"description\":\"A incid\u00eancia de infec\u00e7\u00f5es com o SARS-CoV-2 subiu para 923,4 casos por 100 mil habitantes e o \u00edndice de transmissibilidade.\",\"breadcrumb\":{\"@id\":\"https:\\\/\\\/www.altominho.tv\\\/site\\\/2021\\\/12\\\/29\\\/incidencia-ultrapassa-900-casos-por-100-mil-habitantes\\\/#breadcrumb\"},\"inLanguage\":\"pt-PT\",\"potentialAction\":[{\"@type\":\"ReadAction\",\"target\":[\"https:\\\/\\\/www.altominho.tv\\\/site\\\/2021\\\/12\\\/29\\\/incidencia-ultrapassa-900-casos-por-100-mil-habitantes\\\/\"]}]},{\"@type\":\"ImageObject\",\"inLanguage\":\"pt-PT\",\"@id\":\"https:\\\/\\\/www.altominho.tv\\\/site\\\/2021\\\/12\\\/29\\\/incidencia-ultrapassa-900-casos-por-100-mil-habitantes\\\/#primaryimage\",\"url\":\"https:\\\/\\\/www.altominho.tv\\\/site\\\/wp-content\\\/uploads\\\/2021\\\/12\\\/8a454b2e249cdb94839c4a65bfa9abd8.jpeg\",\"contentUrl\":\"https:\\\/\\\/www.altominho.tv\\\/site\\\/wp-content\\\/uploads\\\/2021\\\/12\\\/8a454b2e249cdb94839c4a65bfa9abd8.jpeg\",\"width\":800,\"height\":439},{\"@type\":\"BreadcrumbList\",\"@id\":\"https:\\\/\\\/www.altominho.tv\\\/site\\\/2021\\\/12\\\/29\\\/incidencia-ultrapassa-900-casos-por-100-mil-habitantes\\\/#breadcrumb\",\"itemListElement\":[{\"@type\":\"ListItem\",\"position\":1,\"name\":\"In\u00edcio\",\"item\":\"https:\\\/\\\/www.altominho.tv\\\/site\\\/\"},{\"@type\":\"ListItem\",\"position\":2,\"name\":\"Incid\u00eancia ultrapassa 900 casos por 100 mil habitantes\"}]},{\"@type\":\"WebSite\",\"@id\":\"https:\\\/\\\/www.altominho.tv\\\/site\\\/#website\",\"url\":\"https:\\\/\\\/www.altominho.tv\\\/site\\\/\",\"name\":\"Altominho.tv\",\"description\":\"A sua regi\u00e3o \u00e0 dist\u00e2ncia de um clique...\",\"potentialAction\":[{\"@type\":\"SearchAction\",\"target\":{\"@type\":\"EntryPoint\",\"urlTemplate\":\"https:\\\/\\\/www.altominho.tv\\\/site\\\/?s={search_term_string}\"},\"query-input\":{\"@type\":\"PropertyValueSpecification\",\"valueRequired\":true,\"valueName\":\"search_term_string\"}}],\"inLanguage\":\"pt-PT\"},{\"@type\":\"Person\",\"@id\":\"https:\\\/\\\/www.altominho.tv\\\/site\\\/#\\\/schema\\\/person\\\/4e536851627d7914baf3dac752b6af22\",\"name\":\"Altominho.tv\",\"image\":{\"@type\":\"ImageObject\",\"inLanguage\":\"pt-PT\",\"@id\":\"https:\\\/\\\/www.altominho.tv\\\/site\\\/wp-content\\\/uploads\\\/2019\\\/11\\\/Logo_Avatar_2-150x150.jpg\",\"url\":\"https:\\\/\\\/www.altominho.tv\\\/site\\\/wp-content\\\/uploads\\\/2019\\\/11\\\/Logo_Avatar_2-150x150.jpg\",\"contentUrl\":\"https:\\\/\\\/www.altominho.tv\\\/site\\\/wp-content\\\/uploads\\\/2019\\\/11\\\/Logo_Avatar_2-150x150.jpg\",\"caption\":\"Altominho.tv\"},\"url\":\"https:\\\/\\\/www.altominho.tv\\\/site\\\/author\\\/altominhotv-tecnico\\\/\"}]}<\/script>\n<!-- \/ Yoast SEO Premium plugin. -->","yoast_head_json":{"title":"Incid\u00eancia ultrapassa 900 casos por 100 mil habitantes","description":"A incid\u00eancia de infec\u00e7\u00f5es com o SARS-CoV-2 subiu para 923,4 casos por 100 mil habitantes e o \u00edndice de transmissibilidade.","robots":{"index":"index","follow":"follow","max-snippet":"max-snippet:-1","max-image-preview":"max-image-preview:large","max-video-preview":"max-video-preview:-1"},"canonical":"https:\/\/www.altominho.tv\/site\/2021\/12\/29\/incidencia-ultrapassa-900-casos-por-100-mil-habitantes\/","og_locale":"pt_PT","og_type":"article","og_title":"Incid\u00eancia ultrapassa 900 casos por 100 mil habitantes","og_description":"A incid\u00eancia de infec\u00e7\u00f5es com o SARS-CoV-2 subiu para 923,4 casos por 100 mil habitantes e o \u00edndice de transmissibilidade.","og_url":"https:\/\/www.altominho.tv\/site\/2021\/12\/29\/incidencia-ultrapassa-900-casos-por-100-mil-habitantes\/","og_site_name":"Altominho.tv","article_publisher":"https:\/\/www.facebook.com\/altominhotv","article_published_time":"2021-12-29T16:42:37+00:00","article_modified_time":"2022-03-08T09:26:50+00:00","og_image":[{"width":800,"height":439,"url":"https:\/\/www.altominho.tv\/site\/wp-content\/uploads\/2021\/12\/8a454b2e249cdb94839c4a65bfa9abd8.jpeg","type":"image\/jpeg"}],"author":"Altominho.tv","twitter_card":"summary_large_image","twitter_creator":"@altominhoTV","twitter_site":"@altominhoTV","twitter_misc":{"Escrito por":"Altominho.tv","Tempo estimado de leitura":"1 minuto"},"schema":{"@context":"https:\/\/schema.org","@graph":[{"@type":"Article","@id":"https:\/\/www.altominho.tv\/site\/2021\/12\/29\/incidencia-ultrapassa-900-casos-por-100-mil-habitantes\/#article","isPartOf":{"@id":"https:\/\/www.altominho.tv\/site\/2021\/12\/29\/incidencia-ultrapassa-900-casos-por-100-mil-habitantes\/"},"author":{"name":"Altominho.tv","@id":"https:\/\/www.altominho.tv\/site\/#\/schema\/person\/4e536851627d7914baf3dac752b6af22"},"headline":"Incid\u00eancia ultrapassa 900 casos por 100 mil habitantes","datePublished":"2021-12-29T16:42:37+00:00","dateModified":"2022-03-08T09:26:50+00:00","mainEntityOfPage":{"@id":"https:\/\/www.altominho.tv\/site\/2021\/12\/29\/incidencia-ultrapassa-900-casos-por-100-mil-habitantes\/"},"wordCount":107,"image":{"@id":"https:\/\/www.altominho.tv\/site\/2021\/12\/29\/incidencia-ultrapassa-900-casos-por-100-mil-habitantes\/#primaryimage"},"thumbnailUrl":"https:\/\/www.altominho.tv\/site\/wp-content\/uploads\/2021\/12\/8a454b2e249cdb94839c4a65bfa9abd8.jpeg","keywords":["Sa\u00fade","Sociedade"],"articleSection":["Coronav\u00edrus"],"inLanguage":"pt-PT","copyrightYear":"2021","copyrightHolder":{"@id":"https:\/\/www.altominho.tv\/site\/#organization"}},{"@type":"WebPage","@id":"https:\/\/www.altominho.tv\/site\/2021\/12\/29\/incidencia-ultrapassa-900-casos-por-100-mil-habitantes\/","url":"https:\/\/www.altominho.tv\/site\/2021\/12\/29\/incidencia-ultrapassa-900-casos-por-100-mil-habitantes\/","name":"Incid\u00eancia ultrapassa 900 casos por 100 mil habitantes","isPartOf":{"@id":"https:\/\/www.altominho.tv\/site\/#website"},"primaryImageOfPage":{"@id":"https:\/\/www.altominho.tv\/site\/2021\/12\/29\/incidencia-ultrapassa-900-casos-por-100-mil-habitantes\/#primaryimage"},"image":{"@id":"https:\/\/www.altominho.tv\/site\/2021\/12\/29\/incidencia-ultrapassa-900-casos-por-100-mil-habitantes\/#primaryimage"},"thumbnailUrl":"https:\/\/www.altominho.tv\/site\/wp-content\/uploads\/2021\/12\/8a454b2e249cdb94839c4a65bfa9abd8.jpeg","datePublished":"2021-12-29T16:42:37+00:00","dateModified":"2022-03-08T09:26:50+00:00","author":{"@id":"https:\/\/www.altominho.tv\/site\/#\/schema\/person\/4e536851627d7914baf3dac752b6af22"},"description":"A incid\u00eancia de infec\u00e7\u00f5es com o SARS-CoV-2 subiu para 923,4 casos por 100 mil habitantes e o \u00edndice de transmissibilidade.","breadcrumb":{"@id":"https:\/\/www.altominho.tv\/site\/2021\/12\/29\/incidencia-ultrapassa-900-casos-por-100-mil-habitantes\/#breadcrumb"},"inLanguage":"pt-PT","potentialAction":[{"@type":"ReadAction","target":["https:\/\/www.altominho.tv\/site\/2021\/12\/29\/incidencia-ultrapassa-900-casos-por-100-mil-habitantes\/"]}]},{"@type":"ImageObject","inLanguage":"pt-PT","@id":"https:\/\/www.altominho.tv\/site\/2021\/12\/29\/incidencia-ultrapassa-900-casos-por-100-mil-habitantes\/#primaryimage","url":"https:\/\/www.altominho.tv\/site\/wp-content\/uploads\/2021\/12\/8a454b2e249cdb94839c4a65bfa9abd8.jpeg","contentUrl":"https:\/\/www.altominho.tv\/site\/wp-content\/uploads\/2021\/12\/8a454b2e249cdb94839c4a65bfa9abd8.jpeg","width":800,"height":439},{"@type":"BreadcrumbList","@id":"https:\/\/www.altominho.tv\/site\/2021\/12\/29\/incidencia-ultrapassa-900-casos-por-100-mil-habitantes\/#breadcrumb","itemListElement":[{"@type":"ListItem","position":1,"name":"In\u00edcio","item":"https:\/\/www.altominho.tv\/site\/"},{"@type":"ListItem","position":2,"name":"Incid\u00eancia ultrapassa 900 casos por 100 mil habitantes"}]},{"@type":"WebSite","@id":"https:\/\/www.altominho.tv\/site\/#website","url":"https:\/\/www.altominho.tv\/site\/","name":"Altominho.tv","description":"A sua regi\u00e3o \u00e0 dist\u00e2ncia de um clique...","potentialAction":[{"@type":"SearchAction","target":{"@type":"EntryPoint","urlTemplate":"https:\/\/www.altominho.tv\/site\/?s={search_term_string}"},"query-input":{"@type":"PropertyValueSpecification","valueRequired":true,"valueName":"search_term_string"}}],"inLanguage":"pt-PT"},{"@type":"Person","@id":"https:\/\/www.altominho.tv\/site\/#\/schema\/person\/4e536851627d7914baf3dac752b6af22","name":"Altominho.tv","image":{"@type":"ImageObject","inLanguage":"pt-PT","@id":"https:\/\/www.altominho.tv\/site\/wp-content\/uploads\/2019\/11\/Logo_Avatar_2-150x150.jpg","url":"https:\/\/www.altominho.tv\/site\/wp-content\/uploads\/2019\/11\/Logo_Avatar_2-150x150.jpg","contentUrl":"https:\/\/www.altominho.tv\/site\/wp-content\/uploads\/2019\/11\/Logo_Avatar_2-150x150.jpg","caption":"Altominho.tv"},"url":"https:\/\/www.altominho.tv\/site\/author\/altominhotv-tecnico\/"}]}},"_links":{"self":[{"href":"https:\/\/www.altominho.tv\/site\/wp-json\/wp\/v2\/posts\/74098","targetHints":{"allow":["GET"]}}],"collection":[{"href":"https:\/\/www.altominho.tv\/site\/wp-json\/wp\/v2\/posts"}],"about":[{"href":"https:\/\/www.altominho.tv\/site\/wp-json\/wp\/v2\/types\/post"}],"author":[{"embeddable":true,"href":"https:\/\/www.altominho.tv\/site\/wp-json\/wp\/v2\/users\/1"}],"replies":[{"embeddable":true,"href":"https:\/\/www.altominho.tv\/site\/wp-json\/wp\/v2\/comments?post=74098"}],"version-history":[{"count":0,"href":"https:\/\/www.altominho.tv\/site\/wp-json\/wp\/v2\/posts\/74098\/revisions"}],"wp:featuredmedia":[{"embeddable":true,"href":"https:\/\/www.altominho.tv\/site\/wp-json\/wp\/v2\/media\/74099"}],"wp:attachment":[{"href":"https:\/\/www.altominho.tv\/site\/wp-json\/wp\/v2\/media?parent=74098"}],"wp:term":[{"taxonomy":"category","embeddable":true,"href":"https:\/\/www.altominho.tv\/site\/wp-json\/wp\/v2\/categories?post=74098"},{"taxonomy":"post_tag","embeddable":true,"href":"https:\/\/www.altominho.tv\/site\/wp-json\/wp\/v2\/tags?post=74098"}],"curies":[{"name":"wp","href":"https:\/\/api.w.org\/{rel}","templated":true}]}}