{"id":74095,"date":"2021-12-29T16:32:02","date_gmt":"2021-12-29T16:32:02","guid":{"rendered":"https:\/\/www.altominho.tv\/site\/?p=74095"},"modified":"2022-03-08T09:29:29","modified_gmt":"2022-03-08T09:29:29","slug":"novos-casos-de-covid-19-no-mundo-com-numero-recorde-entre-22-e-28-de-dezembro","status":"publish","type":"post","link":"https:\/\/www.altominho.tv\/site\/2021\/12\/29\/novos-casos-de-covid-19-no-mundo-com-numero-recorde-entre-22-e-28-de-dezembro\/","title":{"rendered":"Novos casos de Covid-19 no mundo com n\u00famero recorde entre 22 e 28 de dezembro"},"content":{"rendered":"\n<p>A contamina\u00e7\u00e3o mundial com o v\u00edrus da covid-19 atingiu novos recordes na semana de 22 a 28 de dezembro, com 6.550.000 casos, mais de 935.000 por dia, indicou hoje uma contagem da ag\u00eancia AFP com base em dados oficiais.<\/p>\n\n\n\n<p>A ag\u00eancia de not\u00edcias France-Presse (AFP), que tem contabilizado os casos da doen\u00e7a covid-19 no mundo, avan\u00e7ou que os dados da \u00faltima semana s\u00e3o os mais elevados desde o in\u00edcio da pandemia, no final de 2019.<\/p>\n\n\n\n<p>Com 6.550.000 casos registados entre 22 e 28 de dezembro, ou uma m\u00e9dia superior a 935.000 por dia, o v\u00edrus circula atualmente a um ritmo sem precedentes, significativamente superior ao recorde anterior estabelecido entre 23 e 29 de abril, quando foram registados 817.000 casos di\u00e1rios.<\/p>\n","protected":false},"excerpt":{"rendered":"<p>A contamina\u00e7\u00e3o mundial com o v\u00edrus da covid-19 atingiu novos recordes na semana de 22 a 28 de dezembro, com 6.550.000 casos, mais de 935.000 por dia, indicou hoje uma contagem da ag\u00eancia AFP com base em dados oficiais. A ag\u00eancia de not\u00edcias France-Presse (AFP), que tem contabilizado os casos da doen\u00e7a covid-19 no mundo, [&hellip;]<\/p>\n","protected":false},"author":1,"featured_media":74096,"comment_status":"closed","ping_status":"closed","sticky":false,"template":"","format":"standard","meta":{"_exactmetrics_skip_tracking":false,"_exactmetrics_sitenote_active":false,"_exactmetrics_sitenote_note":"","_exactmetrics_sitenote_category":0,"footnotes":""},"categories":[42722],"tags":[26,27],"class_list":["post-74095","post","type-post","status-publish","format-standard","has-post-thumbnail","hentry","category-covid-19","tag-saude","tag-sociedade"],"yoast_head":"<!-- This site is optimized with the Yoast SEO Premium plugin v27.5 (Yoast SEO v27.5) - https:\/\/yoast.com\/product\/yoast-seo-premium-wordpress\/ -->\n<title>Novos casos de Covid-19 no mundo com n\u00famero recorde entre 22 e 28 de dezembro<\/title>\n<meta name=\"description\" content=\"France-Presse, tem contabilizado os casos da doen\u00e7a covid-19 no mundo, avan\u00e7ou que os dados da \u00faltima semana s\u00e3o os mais elevados .\" \/>\n<meta name=\"robots\" content=\"index, follow, max-snippet:-1, max-image-preview:large, max-video-preview:-1\" \/>\n<link rel=\"canonical\" href=\"https:\/\/www.altominho.tv\/site\/2021\/12\/29\/novos-casos-de-covid-19-no-mundo-com-numero-recorde-entre-22-e-28-de-dezembro\/\" \/>\n<meta property=\"og:locale\" content=\"pt_PT\" \/>\n<meta property=\"og:type\" content=\"article\" \/>\n<meta property=\"og:title\" content=\"Novos casos de Covid-19 no mundo com n\u00famero recorde entre 22 e 28 de dezembro\" \/>\n<meta property=\"og:description\" content=\"France-Presse, tem contabilizado os casos da doen\u00e7a covid-19 no mundo, avan\u00e7ou que os dados da \u00faltima semana s\u00e3o os mais elevados .\" \/>\n<meta property=\"og:url\" content=\"https:\/\/www.altominho.tv\/site\/2021\/12\/29\/novos-casos-de-covid-19-no-mundo-com-numero-recorde-entre-22-e-28-de-dezembro\/\" \/>\n<meta property=\"og:site_name\" content=\"Altominho.tv\" \/>\n<meta property=\"article:publisher\" content=\"https:\/\/www.facebook.com\/altominhotv\" \/>\n<meta property=\"article:published_time\" content=\"2021-12-29T16:32:02+00:00\" \/>\n<meta property=\"article:modified_time\" content=\"2022-03-08T09:29:29+00:00\" \/>\n<meta property=\"og:image\" content=\"https:\/\/www.altominho.tv\/site\/wp-content\/uploads\/2021\/12\/image-1.jpeg\" \/>\n\t<meta property=\"og:image:width\" content=\"800\" \/>\n\t<meta property=\"og:image:height\" content=\"450\" \/>\n\t<meta property=\"og:image:type\" content=\"image\/jpeg\" \/>\n<meta name=\"author\" content=\"Altominho.tv\" \/>\n<meta name=\"twitter:card\" content=\"summary_large_image\" \/>\n<meta name=\"twitter:creator\" content=\"@altominhoTV\" \/>\n<meta name=\"twitter:site\" content=\"@altominhoTV\" \/>\n<meta name=\"twitter:label1\" content=\"Escrito por\" \/>\n\t<meta name=\"twitter:data1\" content=\"Altominho.tv\" \/>\n\t<meta name=\"twitter:label2\" content=\"Tempo estimado de leitura\" \/>\n\t<meta name=\"twitter:data2\" content=\"1 minuto\" \/>\n<script type=\"application\/ld+json\" class=\"yoast-schema-graph\">{\"@context\":\"https:\\\/\\\/schema.org\",\"@graph\":[{\"@type\":\"Article\",\"@id\":\"https:\\\/\\\/www.altominho.tv\\\/site\\\/2021\\\/12\\\/29\\\/novos-casos-de-covid-19-no-mundo-com-numero-recorde-entre-22-e-28-de-dezembro\\\/#article\",\"isPartOf\":{\"@id\":\"https:\\\/\\\/www.altominho.tv\\\/site\\\/2021\\\/12\\\/29\\\/novos-casos-de-covid-19-no-mundo-com-numero-recorde-entre-22-e-28-de-dezembro\\\/\"},\"author\":{\"name\":\"Altominho.tv\",\"@id\":\"https:\\\/\\\/www.altominho.tv\\\/site\\\/#\\\/schema\\\/person\\\/4e536851627d7914baf3dac752b6af22\"},\"headline\":\"Novos casos de Covid-19 no mundo com n\u00famero recorde entre 22 e 28 de dezembro\",\"datePublished\":\"2021-12-29T16:32:02+00:00\",\"dateModified\":\"2022-03-08T09:29:29+00:00\",\"mainEntityOfPage\":{\"@id\":\"https:\\\/\\\/www.altominho.tv\\\/site\\\/2021\\\/12\\\/29\\\/novos-casos-de-covid-19-no-mundo-com-numero-recorde-entre-22-e-28-de-dezembro\\\/\"},\"wordCount\":134,\"image\":{\"@id\":\"https:\\\/\\\/www.altominho.tv\\\/site\\\/2021\\\/12\\\/29\\\/novos-casos-de-covid-19-no-mundo-com-numero-recorde-entre-22-e-28-de-dezembro\\\/#primaryimage\"},\"thumbnailUrl\":\"https:\\\/\\\/www.altominho.tv\\\/site\\\/wp-content\\\/uploads\\\/2021\\\/12\\\/image-1.jpeg\",\"keywords\":[\"Sa\u00fade\",\"Sociedade\"],\"articleSection\":[\"Coronav\u00edrus\"],\"inLanguage\":\"pt-PT\",\"copyrightYear\":\"2021\",\"copyrightHolder\":{\"@id\":\"https:\\\/\\\/www.altominho.tv\\\/site\\\/#organization\"}},{\"@type\":\"WebPage\",\"@id\":\"https:\\\/\\\/www.altominho.tv\\\/site\\\/2021\\\/12\\\/29\\\/novos-casos-de-covid-19-no-mundo-com-numero-recorde-entre-22-e-28-de-dezembro\\\/\",\"url\":\"https:\\\/\\\/www.altominho.tv\\\/site\\\/2021\\\/12\\\/29\\\/novos-casos-de-covid-19-no-mundo-com-numero-recorde-entre-22-e-28-de-dezembro\\\/\",\"name\":\"Novos casos de Covid-19 no mundo com n\u00famero recorde entre 22 e 28 de dezembro\",\"isPartOf\":{\"@id\":\"https:\\\/\\\/www.altominho.tv\\\/site\\\/#website\"},\"primaryImageOfPage\":{\"@id\":\"https:\\\/\\\/www.altominho.tv\\\/site\\\/2021\\\/12\\\/29\\\/novos-casos-de-covid-19-no-mundo-com-numero-recorde-entre-22-e-28-de-dezembro\\\/#primaryimage\"},\"image\":{\"@id\":\"https:\\\/\\\/www.altominho.tv\\\/site\\\/2021\\\/12\\\/29\\\/novos-casos-de-covid-19-no-mundo-com-numero-recorde-entre-22-e-28-de-dezembro\\\/#primaryimage\"},\"thumbnailUrl\":\"https:\\\/\\\/www.altominho.tv\\\/site\\\/wp-content\\\/uploads\\\/2021\\\/12\\\/image-1.jpeg\",\"datePublished\":\"2021-12-29T16:32:02+00:00\",\"dateModified\":\"2022-03-08T09:29:29+00:00\",\"author\":{\"@id\":\"https:\\\/\\\/www.altominho.tv\\\/site\\\/#\\\/schema\\\/person\\\/4e536851627d7914baf3dac752b6af22\"},\"description\":\"France-Presse, tem contabilizado os casos da doen\u00e7a covid-19 no mundo, avan\u00e7ou que os dados da \u00faltima semana s\u00e3o os mais elevados .\",\"breadcrumb\":{\"@id\":\"https:\\\/\\\/www.altominho.tv\\\/site\\\/2021\\\/12\\\/29\\\/novos-casos-de-covid-19-no-mundo-com-numero-recorde-entre-22-e-28-de-dezembro\\\/#breadcrumb\"},\"inLanguage\":\"pt-PT\",\"potentialAction\":[{\"@type\":\"ReadAction\",\"target\":[\"https:\\\/\\\/www.altominho.tv\\\/site\\\/2021\\\/12\\\/29\\\/novos-casos-de-covid-19-no-mundo-com-numero-recorde-entre-22-e-28-de-dezembro\\\/\"]}]},{\"@type\":\"ImageObject\",\"inLanguage\":\"pt-PT\",\"@id\":\"https:\\\/\\\/www.altominho.tv\\\/site\\\/2021\\\/12\\\/29\\\/novos-casos-de-covid-19-no-mundo-com-numero-recorde-entre-22-e-28-de-dezembro\\\/#primaryimage\",\"url\":\"https:\\\/\\\/www.altominho.tv\\\/site\\\/wp-content\\\/uploads\\\/2021\\\/12\\\/image-1.jpeg\",\"contentUrl\":\"https:\\\/\\\/www.altominho.tv\\\/site\\\/wp-content\\\/uploads\\\/2021\\\/12\\\/image-1.jpeg\",\"width\":800,\"height\":450},{\"@type\":\"BreadcrumbList\",\"@id\":\"https:\\\/\\\/www.altominho.tv\\\/site\\\/2021\\\/12\\\/29\\\/novos-casos-de-covid-19-no-mundo-com-numero-recorde-entre-22-e-28-de-dezembro\\\/#breadcrumb\",\"itemListElement\":[{\"@type\":\"ListItem\",\"position\":1,\"name\":\"In\u00edcio\",\"item\":\"https:\\\/\\\/www.altominho.tv\\\/site\\\/\"},{\"@type\":\"ListItem\",\"position\":2,\"name\":\"Novos casos de Covid-19 no mundo com n\u00famero recorde entre 22 e 28 de dezembro\"}]},{\"@type\":\"WebSite\",\"@id\":\"https:\\\/\\\/www.altominho.tv\\\/site\\\/#website\",\"url\":\"https:\\\/\\\/www.altominho.tv\\\/site\\\/\",\"name\":\"Altominho.tv\",\"description\":\"A sua regi\u00e3o \u00e0 dist\u00e2ncia de um clique...\",\"potentialAction\":[{\"@type\":\"SearchAction\",\"target\":{\"@type\":\"EntryPoint\",\"urlTemplate\":\"https:\\\/\\\/www.altominho.tv\\\/site\\\/?s={search_term_string}\"},\"query-input\":{\"@type\":\"PropertyValueSpecification\",\"valueRequired\":true,\"valueName\":\"search_term_string\"}}],\"inLanguage\":\"pt-PT\"},{\"@type\":\"Person\",\"@id\":\"https:\\\/\\\/www.altominho.tv\\\/site\\\/#\\\/schema\\\/person\\\/4e536851627d7914baf3dac752b6af22\",\"name\":\"Altominho.tv\",\"image\":{\"@type\":\"ImageObject\",\"inLanguage\":\"pt-PT\",\"@id\":\"https:\\\/\\\/www.altominho.tv\\\/site\\\/wp-content\\\/uploads\\\/2019\\\/11\\\/Logo_Avatar_2-150x150.jpg\",\"url\":\"https:\\\/\\\/www.altominho.tv\\\/site\\\/wp-content\\\/uploads\\\/2019\\\/11\\\/Logo_Avatar_2-150x150.jpg\",\"contentUrl\":\"https:\\\/\\\/www.altominho.tv\\\/site\\\/wp-content\\\/uploads\\\/2019\\\/11\\\/Logo_Avatar_2-150x150.jpg\",\"caption\":\"Altominho.tv\"},\"url\":\"https:\\\/\\\/www.altominho.tv\\\/site\\\/author\\\/altominhotv-tecnico\\\/\"}]}<\/script>\n<!-- \/ Yoast SEO Premium plugin. -->","yoast_head_json":{"title":"Novos casos de Covid-19 no mundo com n\u00famero recorde entre 22 e 28 de dezembro","description":"France-Presse, tem contabilizado os casos da doen\u00e7a covid-19 no mundo, avan\u00e7ou que os dados da \u00faltima semana s\u00e3o os mais elevados .","robots":{"index":"index","follow":"follow","max-snippet":"max-snippet:-1","max-image-preview":"max-image-preview:large","max-video-preview":"max-video-preview:-1"},"canonical":"https:\/\/www.altominho.tv\/site\/2021\/12\/29\/novos-casos-de-covid-19-no-mundo-com-numero-recorde-entre-22-e-28-de-dezembro\/","og_locale":"pt_PT","og_type":"article","og_title":"Novos casos de Covid-19 no mundo com n\u00famero recorde entre 22 e 28 de dezembro","og_description":"France-Presse, tem contabilizado os casos da doen\u00e7a covid-19 no mundo, avan\u00e7ou que os dados da \u00faltima semana s\u00e3o os mais elevados .","og_url":"https:\/\/www.altominho.tv\/site\/2021\/12\/29\/novos-casos-de-covid-19-no-mundo-com-numero-recorde-entre-22-e-28-de-dezembro\/","og_site_name":"Altominho.tv","article_publisher":"https:\/\/www.facebook.com\/altominhotv","article_published_time":"2021-12-29T16:32:02+00:00","article_modified_time":"2022-03-08T09:29:29+00:00","og_image":[{"width":800,"height":450,"url":"https:\/\/www.altominho.tv\/site\/wp-content\/uploads\/2021\/12\/image-1.jpeg","type":"image\/jpeg"}],"author":"Altominho.tv","twitter_card":"summary_large_image","twitter_creator":"@altominhoTV","twitter_site":"@altominhoTV","twitter_misc":{"Escrito por":"Altominho.tv","Tempo estimado de leitura":"1 minuto"},"schema":{"@context":"https:\/\/schema.org","@graph":[{"@type":"Article","@id":"https:\/\/www.altominho.tv\/site\/2021\/12\/29\/novos-casos-de-covid-19-no-mundo-com-numero-recorde-entre-22-e-28-de-dezembro\/#article","isPartOf":{"@id":"https:\/\/www.altominho.tv\/site\/2021\/12\/29\/novos-casos-de-covid-19-no-mundo-com-numero-recorde-entre-22-e-28-de-dezembro\/"},"author":{"name":"Altominho.tv","@id":"https:\/\/www.altominho.tv\/site\/#\/schema\/person\/4e536851627d7914baf3dac752b6af22"},"headline":"Novos casos de Covid-19 no mundo com n\u00famero recorde entre 22 e 28 de dezembro","datePublished":"2021-12-29T16:32:02+00:00","dateModified":"2022-03-08T09:29:29+00:00","mainEntityOfPage":{"@id":"https:\/\/www.altominho.tv\/site\/2021\/12\/29\/novos-casos-de-covid-19-no-mundo-com-numero-recorde-entre-22-e-28-de-dezembro\/"},"wordCount":134,"image":{"@id":"https:\/\/www.altominho.tv\/site\/2021\/12\/29\/novos-casos-de-covid-19-no-mundo-com-numero-recorde-entre-22-e-28-de-dezembro\/#primaryimage"},"thumbnailUrl":"https:\/\/www.altominho.tv\/site\/wp-content\/uploads\/2021\/12\/image-1.jpeg","keywords":["Sa\u00fade","Sociedade"],"articleSection":["Coronav\u00edrus"],"inLanguage":"pt-PT","copyrightYear":"2021","copyrightHolder":{"@id":"https:\/\/www.altominho.tv\/site\/#organization"}},{"@type":"WebPage","@id":"https:\/\/www.altominho.tv\/site\/2021\/12\/29\/novos-casos-de-covid-19-no-mundo-com-numero-recorde-entre-22-e-28-de-dezembro\/","url":"https:\/\/www.altominho.tv\/site\/2021\/12\/29\/novos-casos-de-covid-19-no-mundo-com-numero-recorde-entre-22-e-28-de-dezembro\/","name":"Novos casos de Covid-19 no mundo com n\u00famero recorde entre 22 e 28 de dezembro","isPartOf":{"@id":"https:\/\/www.altominho.tv\/site\/#website"},"primaryImageOfPage":{"@id":"https:\/\/www.altominho.tv\/site\/2021\/12\/29\/novos-casos-de-covid-19-no-mundo-com-numero-recorde-entre-22-e-28-de-dezembro\/#primaryimage"},"image":{"@id":"https:\/\/www.altominho.tv\/site\/2021\/12\/29\/novos-casos-de-covid-19-no-mundo-com-numero-recorde-entre-22-e-28-de-dezembro\/#primaryimage"},"thumbnailUrl":"https:\/\/www.altominho.tv\/site\/wp-content\/uploads\/2021\/12\/image-1.jpeg","datePublished":"2021-12-29T16:32:02+00:00","dateModified":"2022-03-08T09:29:29+00:00","author":{"@id":"https:\/\/www.altominho.tv\/site\/#\/schema\/person\/4e536851627d7914baf3dac752b6af22"},"description":"France-Presse, tem contabilizado os casos da doen\u00e7a covid-19 no mundo, avan\u00e7ou que os dados da \u00faltima semana s\u00e3o os mais elevados .","breadcrumb":{"@id":"https:\/\/www.altominho.tv\/site\/2021\/12\/29\/novos-casos-de-covid-19-no-mundo-com-numero-recorde-entre-22-e-28-de-dezembro\/#breadcrumb"},"inLanguage":"pt-PT","potentialAction":[{"@type":"ReadAction","target":["https:\/\/www.altominho.tv\/site\/2021\/12\/29\/novos-casos-de-covid-19-no-mundo-com-numero-recorde-entre-22-e-28-de-dezembro\/"]}]},{"@type":"ImageObject","inLanguage":"pt-PT","@id":"https:\/\/www.altominho.tv\/site\/2021\/12\/29\/novos-casos-de-covid-19-no-mundo-com-numero-recorde-entre-22-e-28-de-dezembro\/#primaryimage","url":"https:\/\/www.altominho.tv\/site\/wp-content\/uploads\/2021\/12\/image-1.jpeg","contentUrl":"https:\/\/www.altominho.tv\/site\/wp-content\/uploads\/2021\/12\/image-1.jpeg","width":800,"height":450},{"@type":"BreadcrumbList","@id":"https:\/\/www.altominho.tv\/site\/2021\/12\/29\/novos-casos-de-covid-19-no-mundo-com-numero-recorde-entre-22-e-28-de-dezembro\/#breadcrumb","itemListElement":[{"@type":"ListItem","position":1,"name":"In\u00edcio","item":"https:\/\/www.altominho.tv\/site\/"},{"@type":"ListItem","position":2,"name":"Novos casos de Covid-19 no mundo com n\u00famero recorde entre 22 e 28 de dezembro"}]},{"@type":"WebSite","@id":"https:\/\/www.altominho.tv\/site\/#website","url":"https:\/\/www.altominho.tv\/site\/","name":"Altominho.tv","description":"A sua regi\u00e3o \u00e0 dist\u00e2ncia de um clique...","potentialAction":[{"@type":"SearchAction","target":{"@type":"EntryPoint","urlTemplate":"https:\/\/www.altominho.tv\/site\/?s={search_term_string}"},"query-input":{"@type":"PropertyValueSpecification","valueRequired":true,"valueName":"search_term_string"}}],"inLanguage":"pt-PT"},{"@type":"Person","@id":"https:\/\/www.altominho.tv\/site\/#\/schema\/person\/4e536851627d7914baf3dac752b6af22","name":"Altominho.tv","image":{"@type":"ImageObject","inLanguage":"pt-PT","@id":"https:\/\/www.altominho.tv\/site\/wp-content\/uploads\/2019\/11\/Logo_Avatar_2-150x150.jpg","url":"https:\/\/www.altominho.tv\/site\/wp-content\/uploads\/2019\/11\/Logo_Avatar_2-150x150.jpg","contentUrl":"https:\/\/www.altominho.tv\/site\/wp-content\/uploads\/2019\/11\/Logo_Avatar_2-150x150.jpg","caption":"Altominho.tv"},"url":"https:\/\/www.altominho.tv\/site\/author\/altominhotv-tecnico\/"}]}},"_links":{"self":[{"href":"https:\/\/www.altominho.tv\/site\/wp-json\/wp\/v2\/posts\/74095","targetHints":{"allow":["GET"]}}],"collection":[{"href":"https:\/\/www.altominho.tv\/site\/wp-json\/wp\/v2\/posts"}],"about":[{"href":"https:\/\/www.altominho.tv\/site\/wp-json\/wp\/v2\/types\/post"}],"author":[{"embeddable":true,"href":"https:\/\/www.altominho.tv\/site\/wp-json\/wp\/v2\/users\/1"}],"replies":[{"embeddable":true,"href":"https:\/\/www.altominho.tv\/site\/wp-json\/wp\/v2\/comments?post=74095"}],"version-history":[{"count":0,"href":"https:\/\/www.altominho.tv\/site\/wp-json\/wp\/v2\/posts\/74095\/revisions"}],"wp:featuredmedia":[{"embeddable":true,"href":"https:\/\/www.altominho.tv\/site\/wp-json\/wp\/v2\/media\/74096"}],"wp:attachment":[{"href":"https:\/\/www.altominho.tv\/site\/wp-json\/wp\/v2\/media?parent=74095"}],"wp:term":[{"taxonomy":"category","embeddable":true,"href":"https:\/\/www.altominho.tv\/site\/wp-json\/wp\/v2\/categories?post=74095"},{"taxonomy":"post_tag","embeddable":true,"href":"https:\/\/www.altominho.tv\/site\/wp-json\/wp\/v2\/tags?post=74095"}],"curies":[{"name":"wp","href":"https:\/\/api.w.org\/{rel}","templated":true}]}}