{"id":74031,"date":"2021-12-28T15:20:40","date_gmt":"2021-12-28T15:20:40","guid":{"rendered":"https:\/\/www.altominho.tv\/site\/?p=74031"},"modified":"2022-03-08T12:07:56","modified_gmt":"2022-03-08T12:07:56","slug":"reveillon-a-norte-com-reservas-entre-25-no-porto-e-95-fora-dos-centros-urbanos","status":"publish","type":"post","link":"https:\/\/www.altominho.tv\/site\/2021\/12\/28\/reveillon-a-norte-com-reservas-entre-25-no-porto-e-95-fora-dos-centros-urbanos\/","title":{"rendered":"R\u00e9veillon a Norte com reservas entre 25% no Porto e 95% fora dos centros urbanos"},"content":{"rendered":"\n<p>As reservas no Porto para a Passagem de Ano est\u00e3o entre os 25% e 30%, mas h\u00e1 hot\u00e9is no Norte com ocupa\u00e7\u00e3o de 95% fora dos centros urbanos, porque os clientes preferem espa\u00e7os mais pequenos e longe dos aglomerados.<\/p>\n\n\n\n<p>Dados da entidade regional Turismo do Porto e Norte de Portugal (TPNP), com base no \u2018feedback\u2019 dos seus associados, mostram que os n\u00fameros da ocupa\u00e7\u00e3o hoteleira para o r\u00e9veillon tamb\u00e9m s\u00e3o \u201cmuito d\u00edspares\u201d ente os seus quatro subdestinos.<\/p>\n\n\n\n<p>No Porto, por um lado, as taxas situam-se entre os 25% e os 30%, no entanto, melhor do que em 2020, onde o registo ficou nos 15%.<\/p>\n\n\n\n<p>Por outro lado, o Douro, Tr\u00e1s-os-Montes e Minho chegam a ter ocupa\u00e7\u00f5es na ordem dos 95% em espa\u00e7os de enoturismo, agroturismo e alojamento local, indica a TPNP.<\/p>\n\n\n\n<p>Todavia, tamb\u00e9m nestes subdestinos, as cidades n\u00e3o ultrapassam os 40%.<\/p>\n\n\n\n<p>No hotel boutique Douro Suites, concelho de Bai\u00e3o, distrito do Porto, a taxa de ocupa\u00e7\u00e3o para o r\u00e9veillon est\u00e1 nos 80% e, depois do recente an\u00fancio das medidas de combate \u00e0 covid-19, at\u00e9 houve mais procura, porque os clientes preferem \u201chot\u00e9is pequenos e reservados\u201d, explicou Cl\u00e1udia Amaral, respons\u00e1vel pela unidade hoteleira.<\/p>\n\n\n\n<p>Tamb\u00e9m no Douro, o Six Senses, em Lamego, diz ter uma \u201cocupa\u00e7\u00e3o muito vol\u00e1til\u201d e, se neste momento est\u00e1 nos 80%, as \u201cdesist\u00eancias,&nbsp; v\u00e3o acontecendo devido \u00e0 situa\u00e7\u00e3o pand\u00e9mica e casos positivos\u201d, embora haja \u201cpedidos de \u00faltima hora que compensam as reservas perdidas\u201d, como explicou Andr\u00e9 Buldini, diretor da unidade hoteleira.<\/p>\n\n\n\n<p>J\u00e1 no Minho, no FeelViana Sport Hotel, instalado no pinhal da praia do Cabedelo, em Viana do Castelo, o programa de anima\u00e7\u00e3o para a passagem do ano regista uma taxa de ocupa\u00e7\u00e3o de 80% nos 55 quartos de que disp\u00f5e.<\/p>\n\n\n\n<p>Segundo a diretora comercial, Sofia Pereira, os h\u00f3spedes, portugueses e estrangeiros, mant\u00eam a confian\u00e7a num turismo n\u00e3o massificado que Viana do Castelo proporciona e na oferta do hotel muito ligada \u00e0 natureza e distanciamento social.<\/p>\n\n\n\n<p>Em Arcos de Valdevez, tamb\u00e9m no distrito de Viana do Castelo, o Ribeira Collection Hotel, com 36 quartos, apresenta mesmo uma taxa de ocupa\u00e7\u00e3o de 100% e, at\u00e9 \u00e0 \u00faltima quinta-feira, registou apenas um cancelamento de reserva para a ceia da passagem do ano.<\/p>\n\n\n\n<p>Em Braga, dos quatro hot\u00e9is no Bom Jesus apenas dois est\u00e3o em funcionamento e com reservas para 30% da capacidade, em contraste com a taxa de ocupa\u00e7\u00e3o superior a 90% registada em 2019, segundo adiantou o vice-presidente da Confraria do Bom Jesus do Monte, que gere as unidades hoteleiras.<\/p>\n\n\n\n<p>Varico Pereira salientou que ap\u00f3s o an\u00fancio da obrigatoriedade de teste negativo feito pelo Governo \u201cforam muitos os pedidos de cancelamentos de reservas\u201d para a noite de Ano Novo.<\/p>\n\n\n\n<p>O impacto das medidas de conten\u00e7\u00e3o da pandemia tamb\u00e9m se fazem sentir no alojamento local na zona do Ger\u00eas.<\/p>\n\n\n\n<p>\u201cTivemos alguma procura, muitas d\u00favidas por parte de quem queria vir para aqui. Curiosamente, as reservas foram feitas mais cedo do que nos anos pr\u00e9-pandemia\u201d, disse \u00e0 Lusa Lu\u00edsa Castanho, que gere quatro casas de alojamento local em Terras de Bouro.<\/p>\n\n\n\n<p>Segundo explicou, \u201cas casas com mais procura s\u00e3o aquelas que d\u00e3o para pequenos grupos, entre 10 a 15 pessoas\u201d.<\/p>\n\n\n\n<p>J\u00e1 no hotel de cidade DS Hotel Luso Park, em Santa Maria da Feira, na \u00c1rea Metropolitana do Porto, as reservas est\u00e3o entre os 20% a 30%, refere Cl\u00e1udia Amaral, explicando que a procura \u00e9 \u201cquase nula\u201d para a Passagem de Ano e referindo que as medidas anunciadas pelo governo t\u00eam \u201cfalta de consist\u00eancia na comunica\u00e7\u00e3o\u201d.<\/p>\n\n\n\n<p>\u201cA comunica\u00e7\u00e3o foi muito confusa, muito atrapalhada sobre os testes covid-19 e causou muitos preju\u00edzos\u201d, lamentou.<\/p>\n\n\n\n<p>No Porto, Renato Correia, diretor do Hotel Bessa Porto, contou que come\u00e7aram a registar cancelamentos de reservas logo a seguir ao an\u00fancio das medidas de combate \u00e0 covid-19.<\/p>\n\n\n\n<p>\u201cFoi imediato. [O registo de cancelamentos] foi no pr\u00f3prio dia em que surgiram as medidas. Foi muito confuso porque houve um volte-face em rela\u00e7\u00e3o aos testes e auto testes\u201d e os espanh\u00f3is receberam informa\u00e7\u00e3o nos media mais restritiva do que era a realidade, explicou.<\/p>\n\n\n\n<p>Mais a norte, no alojamento Casas de Campo Glamping Hills em Santa Comba de Rossas, Bragan\u00e7a, as reservas para a passagem de ano, algumas feitas em agosto, tamb\u00e9m \u201ccome\u00e7aram a ser canceladas logo no dia\u201d do an\u00fancio das novas medidas e, neste momento, est\u00e3o \u201csem h\u00f3spedes\u201d.<\/p>\n\n\n\n<p>Igualmente em Bragan\u00e7a, mas mais perto do centro urbano, o Hotel S\u00e3o L\u00e1zaro regista uma procura de \u201cperto de 1%\u201d para a noite passagem de ano, pelo que foi decidido \u201cn\u00e3o fazer festa\u201d, contou o diretor geral, Marcel Silveira.<\/p>\n\n\n\n<p>Segundo a TPNP, h\u00e1 v\u00e1rios estabelecimentos de hotelaria que continuam a ter d\u00favidas em rela\u00e7\u00e3o \u00e0 aplica\u00e7\u00e3o do diploma anunciado a semana passada pelo primeiro-ministro.<\/p>\n\n\n\n<p>\u201cEstabelecimentos de hotelaria que t\u00eam discoteca ou espa\u00e7o para dan\u00e7a ainda n\u00e3o sabem se podem abrir esses espa\u00e7os e se podem, por exemplo, ter uma banda a tocar e abrir um baile de r\u00e9veillon e esse facto est\u00e1 a condicionar a efetiva\u00e7\u00e3o de algumas reservas\u201d, alertam.<\/p>\n","protected":false},"excerpt":{"rendered":"<p>As reservas no Porto para a Passagem de Ano est\u00e3o entre os 25% e 30%, mas h\u00e1 hot\u00e9is no Norte com ocupa\u00e7\u00e3o de 95% fora dos centros urbanos, porque os clientes preferem espa\u00e7os mais pequenos e longe dos aglomerados. Dados da entidade regional Turismo do Porto e Norte de Portugal (TPNP), com base no \u2018feedback\u2019 [&hellip;]<\/p>\n","protected":false},"author":16,"featured_media":74032,"comment_status":"closed","ping_status":"closed","sticky":false,"template":"","format":"standard","meta":{"_exactmetrics_skip_tracking":false,"_exactmetrics_sitenote_active":false,"_exactmetrics_sitenote_note":"","_exactmetrics_sitenote_category":0,"footnotes":""},"categories":[42722],"tags":[27],"class_list":["post-74031","post","type-post","status-publish","format-standard","has-post-thumbnail","hentry","category-covid-19","tag-sociedade"],"yoast_head":"<!-- This site is optimized with the Yoast SEO Premium plugin v27.5 (Yoast SEO v27.5) - https:\/\/yoast.com\/product\/yoast-seo-premium-wordpress\/ -->\n<title>R\u00e9veillon a Norte com reservas entre 25% no Porto e 95% fora dos centros urbanos<\/title>\n<meta name=\"description\" content=\"As reservas no Porto para a Passagem de Ano est\u00e3o entre os 25% e 30%, mas h\u00e1 hot\u00e9is no Norte com ocupa\u00e7\u00e3o de 95% fora dos centros urbanos.\" \/>\n<meta name=\"robots\" content=\"index, follow, max-snippet:-1, max-image-preview:large, max-video-preview:-1\" \/>\n<link rel=\"canonical\" href=\"https:\/\/www.altominho.tv\/site\/2021\/12\/28\/reveillon-a-norte-com-reservas-entre-25-no-porto-e-95-fora-dos-centros-urbanos\/\" \/>\n<meta property=\"og:locale\" content=\"pt_PT\" \/>\n<meta property=\"og:type\" content=\"article\" \/>\n<meta property=\"og:title\" content=\"R\u00e9veillon a Norte com reservas entre 25% no Porto e 95% fora dos centros urbanos\" \/>\n<meta property=\"og:description\" content=\"As reservas no Porto para a Passagem de Ano est\u00e3o entre os 25% e 30%, mas h\u00e1 hot\u00e9is no Norte com ocupa\u00e7\u00e3o de 95% fora dos centros urbanos.\" \/>\n<meta property=\"og:url\" content=\"https:\/\/www.altominho.tv\/site\/2021\/12\/28\/reveillon-a-norte-com-reservas-entre-25-no-porto-e-95-fora-dos-centros-urbanos\/\" \/>\n<meta property=\"og:site_name\" content=\"Altominho.tv\" \/>\n<meta property=\"article:publisher\" content=\"https:\/\/www.facebook.com\/altominhotv\" \/>\n<meta property=\"article:published_time\" content=\"2021-12-28T15:20:40+00:00\" \/>\n<meta property=\"article:modified_time\" content=\"2022-03-08T12:07:56+00:00\" \/>\n<meta property=\"og:image\" content=\"https:\/\/www.altominho.tv\/site\/wp-content\/uploads\/2021\/12\/passagem-de-ano-.jpeg\" \/>\n\t<meta property=\"og:image:width\" content=\"1920\" \/>\n\t<meta property=\"og:image:height\" content=\"1080\" \/>\n\t<meta property=\"og:image:type\" content=\"image\/jpeg\" \/>\n<meta name=\"author\" content=\"Andreia Cunha | Lusa\" \/>\n<meta name=\"twitter:card\" content=\"summary_large_image\" \/>\n<meta name=\"twitter:creator\" content=\"@altominhoTV\" \/>\n<meta name=\"twitter:site\" content=\"@altominhoTV\" \/>\n<meta name=\"twitter:label1\" content=\"Escrito por\" \/>\n\t<meta name=\"twitter:data1\" content=\"Andreia Cunha | Lusa\" \/>\n\t<meta name=\"twitter:label2\" content=\"Tempo estimado de leitura\" \/>\n\t<meta name=\"twitter:data2\" content=\"5 minutos\" \/>\n<script type=\"application\/ld+json\" class=\"yoast-schema-graph\">{\"@context\":\"https:\\\/\\\/schema.org\",\"@graph\":[{\"@type\":\"Article\",\"@id\":\"https:\\\/\\\/www.altominho.tv\\\/site\\\/2021\\\/12\\\/28\\\/reveillon-a-norte-com-reservas-entre-25-no-porto-e-95-fora-dos-centros-urbanos\\\/#article\",\"isPartOf\":{\"@id\":\"https:\\\/\\\/www.altominho.tv\\\/site\\\/2021\\\/12\\\/28\\\/reveillon-a-norte-com-reservas-entre-25-no-porto-e-95-fora-dos-centros-urbanos\\\/\"},\"author\":{\"name\":\"Andreia Cunha | Lusa\",\"@id\":\"https:\\\/\\\/www.altominho.tv\\\/site\\\/#\\\/schema\\\/person\\\/dbaf181c01b51ff40c9f461a905d321e\"},\"headline\":\"R\u00e9veillon a Norte com reservas entre 25% no Porto e 95% fora dos centros urbanos\",\"datePublished\":\"2021-12-28T15:20:40+00:00\",\"dateModified\":\"2022-03-08T12:07:56+00:00\",\"mainEntityOfPage\":{\"@id\":\"https:\\\/\\\/www.altominho.tv\\\/site\\\/2021\\\/12\\\/28\\\/reveillon-a-norte-com-reservas-entre-25-no-porto-e-95-fora-dos-centros-urbanos\\\/\"},\"wordCount\":888,\"image\":{\"@id\":\"https:\\\/\\\/www.altominho.tv\\\/site\\\/2021\\\/12\\\/28\\\/reveillon-a-norte-com-reservas-entre-25-no-porto-e-95-fora-dos-centros-urbanos\\\/#primaryimage\"},\"thumbnailUrl\":\"https:\\\/\\\/www.altominho.tv\\\/site\\\/wp-content\\\/uploads\\\/2021\\\/12\\\/passagem-de-ano-.jpeg\",\"keywords\":[\"Sociedade\"],\"articleSection\":[\"Coronav\u00edrus\"],\"inLanguage\":\"pt-PT\",\"copyrightYear\":\"2021\",\"copyrightHolder\":{\"@id\":\"https:\\\/\\\/www.altominho.tv\\\/site\\\/#organization\"}},{\"@type\":\"WebPage\",\"@id\":\"https:\\\/\\\/www.altominho.tv\\\/site\\\/2021\\\/12\\\/28\\\/reveillon-a-norte-com-reservas-entre-25-no-porto-e-95-fora-dos-centros-urbanos\\\/\",\"url\":\"https:\\\/\\\/www.altominho.tv\\\/site\\\/2021\\\/12\\\/28\\\/reveillon-a-norte-com-reservas-entre-25-no-porto-e-95-fora-dos-centros-urbanos\\\/\",\"name\":\"R\u00e9veillon a Norte com reservas entre 25% no Porto e 95% fora dos centros urbanos\",\"isPartOf\":{\"@id\":\"https:\\\/\\\/www.altominho.tv\\\/site\\\/#website\"},\"primaryImageOfPage\":{\"@id\":\"https:\\\/\\\/www.altominho.tv\\\/site\\\/2021\\\/12\\\/28\\\/reveillon-a-norte-com-reservas-entre-25-no-porto-e-95-fora-dos-centros-urbanos\\\/#primaryimage\"},\"image\":{\"@id\":\"https:\\\/\\\/www.altominho.tv\\\/site\\\/2021\\\/12\\\/28\\\/reveillon-a-norte-com-reservas-entre-25-no-porto-e-95-fora-dos-centros-urbanos\\\/#primaryimage\"},\"thumbnailUrl\":\"https:\\\/\\\/www.altominho.tv\\\/site\\\/wp-content\\\/uploads\\\/2021\\\/12\\\/passagem-de-ano-.jpeg\",\"datePublished\":\"2021-12-28T15:20:40+00:00\",\"dateModified\":\"2022-03-08T12:07:56+00:00\",\"author\":{\"@id\":\"https:\\\/\\\/www.altominho.tv\\\/site\\\/#\\\/schema\\\/person\\\/dbaf181c01b51ff40c9f461a905d321e\"},\"description\":\"As reservas no Porto para a Passagem de Ano est\u00e3o entre os 25% e 30%, mas h\u00e1 hot\u00e9is no Norte com ocupa\u00e7\u00e3o de 95% fora dos centros urbanos.\",\"breadcrumb\":{\"@id\":\"https:\\\/\\\/www.altominho.tv\\\/site\\\/2021\\\/12\\\/28\\\/reveillon-a-norte-com-reservas-entre-25-no-porto-e-95-fora-dos-centros-urbanos\\\/#breadcrumb\"},\"inLanguage\":\"pt-PT\",\"potentialAction\":[{\"@type\":\"ReadAction\",\"target\":[\"https:\\\/\\\/www.altominho.tv\\\/site\\\/2021\\\/12\\\/28\\\/reveillon-a-norte-com-reservas-entre-25-no-porto-e-95-fora-dos-centros-urbanos\\\/\"]}]},{\"@type\":\"ImageObject\",\"inLanguage\":\"pt-PT\",\"@id\":\"https:\\\/\\\/www.altominho.tv\\\/site\\\/2021\\\/12\\\/28\\\/reveillon-a-norte-com-reservas-entre-25-no-porto-e-95-fora-dos-centros-urbanos\\\/#primaryimage\",\"url\":\"https:\\\/\\\/www.altominho.tv\\\/site\\\/wp-content\\\/uploads\\\/2021\\\/12\\\/passagem-de-ano-.jpeg\",\"contentUrl\":\"https:\\\/\\\/www.altominho.tv\\\/site\\\/wp-content\\\/uploads\\\/2021\\\/12\\\/passagem-de-ano-.jpeg\",\"width\":1920,\"height\":1080},{\"@type\":\"BreadcrumbList\",\"@id\":\"https:\\\/\\\/www.altominho.tv\\\/site\\\/2021\\\/12\\\/28\\\/reveillon-a-norte-com-reservas-entre-25-no-porto-e-95-fora-dos-centros-urbanos\\\/#breadcrumb\",\"itemListElement\":[{\"@type\":\"ListItem\",\"position\":1,\"name\":\"In\u00edcio\",\"item\":\"https:\\\/\\\/www.altominho.tv\\\/site\\\/\"},{\"@type\":\"ListItem\",\"position\":2,\"name\":\"R\u00e9veillon a Norte com reservas entre 25% no Porto e 95% fora dos centros urbanos\"}]},{\"@type\":\"WebSite\",\"@id\":\"https:\\\/\\\/www.altominho.tv\\\/site\\\/#website\",\"url\":\"https:\\\/\\\/www.altominho.tv\\\/site\\\/\",\"name\":\"Altominho.tv\",\"description\":\"A sua regi\u00e3o \u00e0 dist\u00e2ncia de um clique...\",\"potentialAction\":[{\"@type\":\"SearchAction\",\"target\":{\"@type\":\"EntryPoint\",\"urlTemplate\":\"https:\\\/\\\/www.altominho.tv\\\/site\\\/?s={search_term_string}\"},\"query-input\":{\"@type\":\"PropertyValueSpecification\",\"valueRequired\":true,\"valueName\":\"search_term_string\"}}],\"inLanguage\":\"pt-PT\"},{\"@type\":\"Person\",\"@id\":\"https:\\\/\\\/www.altominho.tv\\\/site\\\/#\\\/schema\\\/person\\\/dbaf181c01b51ff40c9f461a905d321e\",\"name\":\"Andreia Cunha | Lusa\",\"image\":{\"@type\":\"ImageObject\",\"inLanguage\":\"pt-PT\",\"@id\":\"https:\\\/\\\/www.altominho.tv\\\/site\\\/wp-content\\\/uploads\\\/2017\\\/11\\\/Andreia_Cunha-1-150x150.jpg\",\"url\":\"https:\\\/\\\/www.altominho.tv\\\/site\\\/wp-content\\\/uploads\\\/2017\\\/11\\\/Andreia_Cunha-1-150x150.jpg\",\"contentUrl\":\"https:\\\/\\\/www.altominho.tv\\\/site\\\/wp-content\\\/uploads\\\/2017\\\/11\\\/Andreia_Cunha-1-150x150.jpg\",\"caption\":\"Andreia Cunha | Lusa\"},\"sameAs\":[\"https:\\\/\\\/www.altominho.tv\\\/site\"],\"url\":\"https:\\\/\\\/www.altominho.tv\\\/site\\\/author\\\/andreiacunhalusa\\\/\"}]}<\/script>\n<!-- \/ Yoast SEO Premium plugin. -->","yoast_head_json":{"title":"R\u00e9veillon a Norte com reservas entre 25% no Porto e 95% fora dos centros urbanos","description":"As reservas no Porto para a Passagem de Ano est\u00e3o entre os 25% e 30%, mas h\u00e1 hot\u00e9is no Norte com ocupa\u00e7\u00e3o de 95% fora dos centros urbanos.","robots":{"index":"index","follow":"follow","max-snippet":"max-snippet:-1","max-image-preview":"max-image-preview:large","max-video-preview":"max-video-preview:-1"},"canonical":"https:\/\/www.altominho.tv\/site\/2021\/12\/28\/reveillon-a-norte-com-reservas-entre-25-no-porto-e-95-fora-dos-centros-urbanos\/","og_locale":"pt_PT","og_type":"article","og_title":"R\u00e9veillon a Norte com reservas entre 25% no Porto e 95% fora dos centros urbanos","og_description":"As reservas no Porto para a Passagem de Ano est\u00e3o entre os 25% e 30%, mas h\u00e1 hot\u00e9is no Norte com ocupa\u00e7\u00e3o de 95% fora dos centros urbanos.","og_url":"https:\/\/www.altominho.tv\/site\/2021\/12\/28\/reveillon-a-norte-com-reservas-entre-25-no-porto-e-95-fora-dos-centros-urbanos\/","og_site_name":"Altominho.tv","article_publisher":"https:\/\/www.facebook.com\/altominhotv","article_published_time":"2021-12-28T15:20:40+00:00","article_modified_time":"2022-03-08T12:07:56+00:00","og_image":[{"width":1920,"height":1080,"url":"https:\/\/www.altominho.tv\/site\/wp-content\/uploads\/2021\/12\/passagem-de-ano-.jpeg","type":"image\/jpeg"}],"author":"Andreia Cunha | Lusa","twitter_card":"summary_large_image","twitter_creator":"@altominhoTV","twitter_site":"@altominhoTV","twitter_misc":{"Escrito por":"Andreia Cunha | Lusa","Tempo estimado de leitura":"5 minutos"},"schema":{"@context":"https:\/\/schema.org","@graph":[{"@type":"Article","@id":"https:\/\/www.altominho.tv\/site\/2021\/12\/28\/reveillon-a-norte-com-reservas-entre-25-no-porto-e-95-fora-dos-centros-urbanos\/#article","isPartOf":{"@id":"https:\/\/www.altominho.tv\/site\/2021\/12\/28\/reveillon-a-norte-com-reservas-entre-25-no-porto-e-95-fora-dos-centros-urbanos\/"},"author":{"name":"Andreia Cunha | Lusa","@id":"https:\/\/www.altominho.tv\/site\/#\/schema\/person\/dbaf181c01b51ff40c9f461a905d321e"},"headline":"R\u00e9veillon a Norte com reservas entre 25% no Porto e 95% fora dos centros urbanos","datePublished":"2021-12-28T15:20:40+00:00","dateModified":"2022-03-08T12:07:56+00:00","mainEntityOfPage":{"@id":"https:\/\/www.altominho.tv\/site\/2021\/12\/28\/reveillon-a-norte-com-reservas-entre-25-no-porto-e-95-fora-dos-centros-urbanos\/"},"wordCount":888,"image":{"@id":"https:\/\/www.altominho.tv\/site\/2021\/12\/28\/reveillon-a-norte-com-reservas-entre-25-no-porto-e-95-fora-dos-centros-urbanos\/#primaryimage"},"thumbnailUrl":"https:\/\/www.altominho.tv\/site\/wp-content\/uploads\/2021\/12\/passagem-de-ano-.jpeg","keywords":["Sociedade"],"articleSection":["Coronav\u00edrus"],"inLanguage":"pt-PT","copyrightYear":"2021","copyrightHolder":{"@id":"https:\/\/www.altominho.tv\/site\/#organization"}},{"@type":"WebPage","@id":"https:\/\/www.altominho.tv\/site\/2021\/12\/28\/reveillon-a-norte-com-reservas-entre-25-no-porto-e-95-fora-dos-centros-urbanos\/","url":"https:\/\/www.altominho.tv\/site\/2021\/12\/28\/reveillon-a-norte-com-reservas-entre-25-no-porto-e-95-fora-dos-centros-urbanos\/","name":"R\u00e9veillon a Norte com reservas entre 25% no Porto e 95% fora dos centros urbanos","isPartOf":{"@id":"https:\/\/www.altominho.tv\/site\/#website"},"primaryImageOfPage":{"@id":"https:\/\/www.altominho.tv\/site\/2021\/12\/28\/reveillon-a-norte-com-reservas-entre-25-no-porto-e-95-fora-dos-centros-urbanos\/#primaryimage"},"image":{"@id":"https:\/\/www.altominho.tv\/site\/2021\/12\/28\/reveillon-a-norte-com-reservas-entre-25-no-porto-e-95-fora-dos-centros-urbanos\/#primaryimage"},"thumbnailUrl":"https:\/\/www.altominho.tv\/site\/wp-content\/uploads\/2021\/12\/passagem-de-ano-.jpeg","datePublished":"2021-12-28T15:20:40+00:00","dateModified":"2022-03-08T12:07:56+00:00","author":{"@id":"https:\/\/www.altominho.tv\/site\/#\/schema\/person\/dbaf181c01b51ff40c9f461a905d321e"},"description":"As reservas no Porto para a Passagem de Ano est\u00e3o entre os 25% e 30%, mas h\u00e1 hot\u00e9is no Norte com ocupa\u00e7\u00e3o de 95% fora dos centros urbanos.","breadcrumb":{"@id":"https:\/\/www.altominho.tv\/site\/2021\/12\/28\/reveillon-a-norte-com-reservas-entre-25-no-porto-e-95-fora-dos-centros-urbanos\/#breadcrumb"},"inLanguage":"pt-PT","potentialAction":[{"@type":"ReadAction","target":["https:\/\/www.altominho.tv\/site\/2021\/12\/28\/reveillon-a-norte-com-reservas-entre-25-no-porto-e-95-fora-dos-centros-urbanos\/"]}]},{"@type":"ImageObject","inLanguage":"pt-PT","@id":"https:\/\/www.altominho.tv\/site\/2021\/12\/28\/reveillon-a-norte-com-reservas-entre-25-no-porto-e-95-fora-dos-centros-urbanos\/#primaryimage","url":"https:\/\/www.altominho.tv\/site\/wp-content\/uploads\/2021\/12\/passagem-de-ano-.jpeg","contentUrl":"https:\/\/www.altominho.tv\/site\/wp-content\/uploads\/2021\/12\/passagem-de-ano-.jpeg","width":1920,"height":1080},{"@type":"BreadcrumbList","@id":"https:\/\/www.altominho.tv\/site\/2021\/12\/28\/reveillon-a-norte-com-reservas-entre-25-no-porto-e-95-fora-dos-centros-urbanos\/#breadcrumb","itemListElement":[{"@type":"ListItem","position":1,"name":"In\u00edcio","item":"https:\/\/www.altominho.tv\/site\/"},{"@type":"ListItem","position":2,"name":"R\u00e9veillon a Norte com reservas entre 25% no Porto e 95% fora dos centros urbanos"}]},{"@type":"WebSite","@id":"https:\/\/www.altominho.tv\/site\/#website","url":"https:\/\/www.altominho.tv\/site\/","name":"Altominho.tv","description":"A sua regi\u00e3o \u00e0 dist\u00e2ncia de um clique...","potentialAction":[{"@type":"SearchAction","target":{"@type":"EntryPoint","urlTemplate":"https:\/\/www.altominho.tv\/site\/?s={search_term_string}"},"query-input":{"@type":"PropertyValueSpecification","valueRequired":true,"valueName":"search_term_string"}}],"inLanguage":"pt-PT"},{"@type":"Person","@id":"https:\/\/www.altominho.tv\/site\/#\/schema\/person\/dbaf181c01b51ff40c9f461a905d321e","name":"Andreia Cunha | Lusa","image":{"@type":"ImageObject","inLanguage":"pt-PT","@id":"https:\/\/www.altominho.tv\/site\/wp-content\/uploads\/2017\/11\/Andreia_Cunha-1-150x150.jpg","url":"https:\/\/www.altominho.tv\/site\/wp-content\/uploads\/2017\/11\/Andreia_Cunha-1-150x150.jpg","contentUrl":"https:\/\/www.altominho.tv\/site\/wp-content\/uploads\/2017\/11\/Andreia_Cunha-1-150x150.jpg","caption":"Andreia Cunha | Lusa"},"sameAs":["https:\/\/www.altominho.tv\/site"],"url":"https:\/\/www.altominho.tv\/site\/author\/andreiacunhalusa\/"}]}},"_links":{"self":[{"href":"https:\/\/www.altominho.tv\/site\/wp-json\/wp\/v2\/posts\/74031","targetHints":{"allow":["GET"]}}],"collection":[{"href":"https:\/\/www.altominho.tv\/site\/wp-json\/wp\/v2\/posts"}],"about":[{"href":"https:\/\/www.altominho.tv\/site\/wp-json\/wp\/v2\/types\/post"}],"author":[{"embeddable":true,"href":"https:\/\/www.altominho.tv\/site\/wp-json\/wp\/v2\/users\/16"}],"replies":[{"embeddable":true,"href":"https:\/\/www.altominho.tv\/site\/wp-json\/wp\/v2\/comments?post=74031"}],"version-history":[{"count":0,"href":"https:\/\/www.altominho.tv\/site\/wp-json\/wp\/v2\/posts\/74031\/revisions"}],"wp:featuredmedia":[{"embeddable":true,"href":"https:\/\/www.altominho.tv\/site\/wp-json\/wp\/v2\/media\/74032"}],"wp:attachment":[{"href":"https:\/\/www.altominho.tv\/site\/wp-json\/wp\/v2\/media?parent=74031"}],"wp:term":[{"taxonomy":"category","embeddable":true,"href":"https:\/\/www.altominho.tv\/site\/wp-json\/wp\/v2\/categories?post=74031"},{"taxonomy":"post_tag","embeddable":true,"href":"https:\/\/www.altominho.tv\/site\/wp-json\/wp\/v2\/tags?post=74031"}],"curies":[{"name":"wp","href":"https:\/\/api.w.org\/{rel}","templated":true}]}}