{"id":73963,"date":"2021-12-27T12:23:30","date_gmt":"2021-12-27T12:23:30","guid":{"rendered":"https:\/\/www.altominho.tv\/site\/?p=73963"},"modified":"2022-03-08T12:25:03","modified_gmt":"2022-03-08T12:25:03","slug":"valenca-com-orcamento-de-199-milhoes-de-euros-para-2022","status":"publish","type":"post","link":"https:\/\/www.altominho.tv\/site\/2021\/12\/27\/valenca-com-orcamento-de-199-milhoes-de-euros-para-2022\/","title":{"rendered":"Valen\u00e7a com or\u00e7amento de 19,9 milh\u00f5es de euros para 2022"},"content":{"rendered":"<p>A C\u00e2mara de Valen\u00e7a aprovou por maioria, com absten\u00e7\u00e3o do PSD, o Or\u00e7amento e as Grandes Op\u00e7\u00f5es do Plano para 2022, no valor de 19,9 milh\u00f5es de euros, mais 930 mil do que o do ano em curso.<\/p>\n<p>Em comunicado enviado \u00e0s reda\u00e7\u00f5es, a autarquia presidida pelo socialista Jos\u00e9 Manuel Carpinteira adiantou que se trata de &#8220;um or\u00e7amento de transi\u00e7\u00e3o, num per\u00edodo em que a incerteza causada pelas novas variantes da pandemia de Covid-19, como a \u00f3micron, se mant\u00e9m, mas focado numa estrat\u00e9gia de desenvolvimento que garanta um futuro risonho para Valen\u00e7a&#8221;.<\/p>\n<p>Dos 19,9 milh\u00f5es de euros previstos nas Grandes Op\u00e7\u00f5es do Plano (GOP) para 2022, o munic\u00edpio adiantou que cerca de 6,3 milh\u00f5es de euros destinam-se \u00e0s fun\u00e7\u00f5es sociais, significando um refor\u00e7o face a 2021 no valor de 600 mil euros. S\u00f3 na \u00e1rea da Educa\u00e7\u00e3o, a autarquia prev\u00ea investir mais de 1,2 milh\u00f5es de euros.<\/p>\n<p>As &#8220;fun\u00e7\u00f5es econ\u00f3micas apresentam um montante de mais de 2,4 milh\u00f5es de euros&#8221;. J\u00e1 &#8220;as fun\u00e7\u00f5es da administra\u00e7\u00e3o p\u00fablica ascender\u00e3o a dois milh\u00f5es de euros&#8221;.<\/p>\n<p>A autarquia destacou, entre as a\u00e7\u00f5es previstas no GOP 2022, &#8220;a conclus\u00e3o de investimentos com financiamento comunit\u00e1rio garantido do Portugal 2020&#8221; e o desenvolvimento de novos projetos, a serem submetidos a candidaturas do Programa de Recupera\u00e7\u00e3o e Resili\u00eancia ou do Portugal 2030, como a EXPOVALEN\u00c7A &#8211; Centro de Exposi\u00e7\u00f5es e Congressos, o Parque Verde da Cidade, o cine-teatro ou o alargamento do parque habitacional.<\/p>\n<p>A melhoria das condi\u00e7\u00f5es do Centro de Sa\u00fade de Valen\u00e7a e o alargamento das especialidades m\u00e9dicas, a instala\u00e7\u00e3o da Resid\u00eancia Acad\u00e9mica, a renova\u00e7\u00e3o, reabilita\u00e7\u00e3o e amplia\u00e7\u00e3o do parque habitacional ao abrigo do 1\u00ba Direito, a avalia\u00e7\u00e3o jur\u00eddica da eventual revers\u00e3o da parceria com a AdAM, uma agenda cultural de maior qualidade e regularidade e pol\u00edticas direcionadas para a juventude, como o Or\u00e7amento Participativo Jovem, s\u00e3o outras das apostas para 2022.<\/p>\n<p>O documento prev\u00ea ainda um &#8220;refor\u00e7o da dota\u00e7\u00e3o das transfer\u00eancias para as freguesias no valor de 340 mil euros, numa op\u00e7\u00e3o de gest\u00e3o assumida pelo executivo municipal para a valoriza\u00e7\u00e3o do papel das juntas de freguesia e para a otimiza\u00e7\u00e3o da efic\u00e1cia e da qualidade do seu trabalho de proximidade junto das popula\u00e7\u00f5es&#8221;.<\/p>\n<p>O Or\u00e7amento Municipal e as Grandes Op\u00e7\u00f5es do Plano para 2022 v\u00e3o agora ser discutidos e votados em reuni\u00e3o da Assembleia Municipal, agendada para dia 30 de dezembro.<\/p>\n","protected":false},"excerpt":{"rendered":"<p>A C\u00e2mara de Valen\u00e7a aprovou por maioria, com absten\u00e7\u00e3o do PSD, o Or\u00e7amento e as Grandes Op\u00e7\u00f5es do Plano para 2022, no valor de 19,9 milh\u00f5es de euros, mais 930 mil do que o do ano em curso. Em comunicado enviado \u00e0s reda\u00e7\u00f5es, a autarquia presidida pelo socialista Jos\u00e9 Manuel Carpinteira adiantou que se trata [&hellip;]<\/p>\n","protected":false},"author":12,"featured_media":57644,"comment_status":"closed","ping_status":"closed","sticky":false,"template":"","format":"standard","meta":{"_exactmetrics_skip_tracking":false,"footnotes":""},"categories":[13],"tags":[21],"class_list":["post-73963","post","type-post","status-publish","format-standard","has-post-thumbnail","hentry","category-valenca","tag-economia"],"yoast_head":"<!-- This site is optimized with the Yoast SEO Premium plugin v28.3 (Yoast SEO v28.3) - https:\/\/yoast.com\/product\/yoast-seo-premium-wordpress\/ -->\n<title>Valen\u00e7a com or\u00e7amento de 19,9 milh\u00f5es de euros para 2022<\/title>\n<meta name=\"description\" content=\"A C\u00e2mara de Valen\u00e7a aprovou por maioria, com absten\u00e7\u00e3o do PSD, o Or\u00e7amento e as Grandes Op\u00e7\u00f5es do Plano para 2022, no valor de 19,9 milh\u00f5es de euros.\" \/>\n<meta name=\"robots\" content=\"index, follow, max-snippet:-1, max-image-preview:large, max-video-preview:-1\" \/>\n<link rel=\"canonical\" href=\"https:\/\/www.altominho.tv\/site\/2021\/12\/27\/valenca-com-orcamento-de-199-milhoes-de-euros-para-2022\/\" \/>\n<meta property=\"og:locale\" content=\"pt_PT\" \/>\n<meta property=\"og:type\" content=\"article\" \/>\n<meta property=\"og:title\" content=\"Valen\u00e7a com or\u00e7amento de 19,9 milh\u00f5es de euros para 2022\" \/>\n<meta property=\"og:description\" content=\"A C\u00e2mara de Valen\u00e7a aprovou por maioria, com absten\u00e7\u00e3o do PSD, o Or\u00e7amento e as Grandes Op\u00e7\u00f5es do Plano para 2022, no valor de 19,9 milh\u00f5es de euros.\" \/>\n<meta property=\"og:url\" content=\"https:\/\/www.altominho.tv\/site\/2021\/12\/27\/valenca-com-orcamento-de-199-milhoes-de-euros-para-2022\/\" \/>\n<meta property=\"og:site_name\" content=\"Altominho.tv\" \/>\n<meta property=\"article:publisher\" content=\"https:\/\/www.facebook.com\/altominhotv\" \/>\n<meta property=\"article:published_time\" content=\"2021-12-27T12:23:30+00:00\" \/>\n<meta property=\"article:modified_time\" content=\"2022-03-08T12:25:03+00:00\" \/>\n<meta property=\"og:image\" content=\"https:\/\/www.altominho.tv\/site\/wp-content\/uploads\/2020\/12\/Ca\u0302mara-Valenc\u0327a.jpg\" \/>\n\t<meta property=\"og:image:width\" content=\"740\" \/>\n\t<meta property=\"og:image:height\" content=\"470\" \/>\n\t<meta property=\"og:image:type\" content=\"image\/jpeg\" \/>\n<meta name=\"author\" content=\"Andreia Ferreira\" \/>\n<meta name=\"twitter:card\" content=\"summary_large_image\" \/>\n<meta name=\"twitter:creator\" content=\"@altominhoTV\" \/>\n<meta name=\"twitter:site\" content=\"@altominhoTV\" \/>\n<meta name=\"twitter:label1\" content=\"Escrito por\" \/>\n\t<meta name=\"twitter:data1\" content=\"Andreia Ferreira\" \/>\n\t<meta name=\"twitter:label2\" content=\"Tempo estimado de leitura\" \/>\n\t<meta name=\"twitter:data2\" content=\"3 minutos\" \/>\n<script type=\"application\/ld+json\" class=\"yoast-schema-graph\">{\"@context\":\"https:\\\/\\\/schema.org\",\"@graph\":[{\"@type\":\"Article\",\"@id\":\"https:\\\/\\\/www.altominho.tv\\\/site\\\/2021\\\/12\\\/27\\\/valenca-com-orcamento-de-199-milhoes-de-euros-para-2022\\\/#article\",\"isPartOf\":{\"@id\":\"https:\\\/\\\/www.altominho.tv\\\/site\\\/2021\\\/12\\\/27\\\/valenca-com-orcamento-de-199-milhoes-de-euros-para-2022\\\/\"},\"author\":{\"name\":\"Andreia Ferreira\",\"@id\":\"https:\\\/\\\/www.altominho.tv\\\/site\\\/#\\\/schema\\\/person\\\/d9be4265364723f14ea8e0d56a1d38cd\"},\"headline\":\"Valen\u00e7a com or\u00e7amento de 19,9 milh\u00f5es de euros para 2022\",\"datePublished\":\"2021-12-27T12:23:30+00:00\",\"dateModified\":\"2022-03-08T12:25:03+00:00\",\"mainEntityOfPage\":{\"@id\":\"https:\\\/\\\/www.altominho.tv\\\/site\\\/2021\\\/12\\\/27\\\/valenca-com-orcamento-de-199-milhoes-de-euros-para-2022\\\/\"},\"wordCount\":445,\"image\":{\"@id\":\"https:\\\/\\\/www.altominho.tv\\\/site\\\/2021\\\/12\\\/27\\\/valenca-com-orcamento-de-199-milhoes-de-euros-para-2022\\\/#primaryimage\"},\"thumbnailUrl\":\"https:\\\/\\\/www.altominho.tv\\\/site\\\/wp-content\\\/uploads\\\/2020\\\/12\\\/Ca\u0302mara-Valenc\u0327a.jpg\",\"keywords\":[\"Economia\"],\"articleSection\":[\"Valen\u00e7a\"],\"inLanguage\":\"pt-PT\",\"copyrightYear\":\"2021\",\"copyrightHolder\":{\"@id\":\"https:\\\/\\\/www.altominho.tv\\\/site\\\/#organization\"}},{\"@type\":\"WebPage\",\"@id\":\"https:\\\/\\\/www.altominho.tv\\\/site\\\/2021\\\/12\\\/27\\\/valenca-com-orcamento-de-199-milhoes-de-euros-para-2022\\\/\",\"url\":\"https:\\\/\\\/www.altominho.tv\\\/site\\\/2021\\\/12\\\/27\\\/valenca-com-orcamento-de-199-milhoes-de-euros-para-2022\\\/\",\"name\":\"Valen\u00e7a com or\u00e7amento de 19,9 milh\u00f5es de euros para 2022\",\"isPartOf\":{\"@id\":\"https:\\\/\\\/www.altominho.tv\\\/site\\\/#website\"},\"primaryImageOfPage\":{\"@id\":\"https:\\\/\\\/www.altominho.tv\\\/site\\\/2021\\\/12\\\/27\\\/valenca-com-orcamento-de-199-milhoes-de-euros-para-2022\\\/#primaryimage\"},\"image\":{\"@id\":\"https:\\\/\\\/www.altominho.tv\\\/site\\\/2021\\\/12\\\/27\\\/valenca-com-orcamento-de-199-milhoes-de-euros-para-2022\\\/#primaryimage\"},\"thumbnailUrl\":\"https:\\\/\\\/www.altominho.tv\\\/site\\\/wp-content\\\/uploads\\\/2020\\\/12\\\/Ca\u0302mara-Valenc\u0327a.jpg\",\"datePublished\":\"2021-12-27T12:23:30+00:00\",\"dateModified\":\"2022-03-08T12:25:03+00:00\",\"author\":{\"@id\":\"https:\\\/\\\/www.altominho.tv\\\/site\\\/#\\\/schema\\\/person\\\/d9be4265364723f14ea8e0d56a1d38cd\"},\"description\":\"A C\u00e2mara de Valen\u00e7a aprovou por maioria, com absten\u00e7\u00e3o do PSD, o Or\u00e7amento e as Grandes Op\u00e7\u00f5es do Plano para 2022, no valor de 19,9 milh\u00f5es de euros.\",\"breadcrumb\":{\"@id\":\"https:\\\/\\\/www.altominho.tv\\\/site\\\/2021\\\/12\\\/27\\\/valenca-com-orcamento-de-199-milhoes-de-euros-para-2022\\\/#breadcrumb\"},\"inLanguage\":\"pt-PT\",\"potentialAction\":[{\"@type\":\"ReadAction\",\"target\":[\"https:\\\/\\\/www.altominho.tv\\\/site\\\/2021\\\/12\\\/27\\\/valenca-com-orcamento-de-199-milhoes-de-euros-para-2022\\\/\"]}]},{\"@type\":\"ImageObject\",\"inLanguage\":\"pt-PT\",\"@id\":\"https:\\\/\\\/www.altominho.tv\\\/site\\\/2021\\\/12\\\/27\\\/valenca-com-orcamento-de-199-milhoes-de-euros-para-2022\\\/#primaryimage\",\"url\":\"https:\\\/\\\/www.altominho.tv\\\/site\\\/wp-content\\\/uploads\\\/2020\\\/12\\\/Ca\u0302mara-Valenc\u0327a.jpg\",\"contentUrl\":\"https:\\\/\\\/www.altominho.tv\\\/site\\\/wp-content\\\/uploads\\\/2020\\\/12\\\/Ca\u0302mara-Valenc\u0327a.jpg\",\"width\":740,\"height\":470},{\"@type\":\"BreadcrumbList\",\"@id\":\"https:\\\/\\\/www.altominho.tv\\\/site\\\/2021\\\/12\\\/27\\\/valenca-com-orcamento-de-199-milhoes-de-euros-para-2022\\\/#breadcrumb\",\"itemListElement\":[{\"@type\":\"ListItem\",\"position\":1,\"name\":\"In\u00edcio\",\"item\":\"https:\\\/\\\/www.altominho.tv\\\/site\\\/\"},{\"@type\":\"ListItem\",\"position\":2,\"name\":\"Valen\u00e7a com or\u00e7amento de 19,9 milh\u00f5es de euros para 2022\"}]},{\"@type\":\"WebSite\",\"@id\":\"https:\\\/\\\/www.altominho.tv\\\/site\\\/#website\",\"url\":\"https:\\\/\\\/www.altominho.tv\\\/site\\\/\",\"name\":\"Altominho.tv\",\"description\":\"A sua regi\u00e3o \u00e0 dist\u00e2ncia de um clique...\",\"potentialAction\":[{\"@type\":\"SearchAction\",\"target\":{\"@type\":\"EntryPoint\",\"urlTemplate\":\"https:\\\/\\\/www.altominho.tv\\\/site\\\/?s={search_term_string}\"},\"query-input\":{\"@type\":\"PropertyValueSpecification\",\"valueRequired\":true,\"valueName\":\"search_term_string\"}}],\"inLanguage\":\"pt-PT\"},{\"@type\":\"Person\",\"@id\":\"https:\\\/\\\/www.altominho.tv\\\/site\\\/#\\\/schema\\\/person\\\/d9be4265364723f14ea8e0d56a1d38cd\",\"name\":\"Andreia Ferreira\",\"image\":{\"@type\":\"ImageObject\",\"inLanguage\":\"pt-PT\",\"@id\":\"https:\\\/\\\/www.altominho.tv\\\/site\\\/wp-content\\\/uploads\\\/2021\\\/01\\\/AndreiaFerreira-150x150.jpg\",\"url\":\"https:\\\/\\\/www.altominho.tv\\\/site\\\/wp-content\\\/uploads\\\/2021\\\/01\\\/AndreiaFerreira-150x150.jpg\",\"contentUrl\":\"https:\\\/\\\/www.altominho.tv\\\/site\\\/wp-content\\\/uploads\\\/2021\\\/01\\\/AndreiaFerreira-150x150.jpg\",\"caption\":\"Andreia Ferreira\"},\"url\":\"https:\\\/\\\/www.altominho.tv\\\/site\\\/author\\\/andreiaferreira\\\/\"}]}<\/script>\n<!-- \/ Yoast SEO Premium plugin. -->","yoast_head_json":{"title":"Valen\u00e7a com or\u00e7amento de 19,9 milh\u00f5es de euros para 2022","description":"A C\u00e2mara de Valen\u00e7a aprovou por maioria, com absten\u00e7\u00e3o do PSD, o Or\u00e7amento e as Grandes Op\u00e7\u00f5es do Plano para 2022, no valor de 19,9 milh\u00f5es de euros.","robots":{"index":"index","follow":"follow","max-snippet":"max-snippet:-1","max-image-preview":"max-image-preview:large","max-video-preview":"max-video-preview:-1"},"canonical":"https:\/\/www.altominho.tv\/site\/2021\/12\/27\/valenca-com-orcamento-de-199-milhoes-de-euros-para-2022\/","og_locale":"pt_PT","og_type":"article","og_title":"Valen\u00e7a com or\u00e7amento de 19,9 milh\u00f5es de euros para 2022","og_description":"A C\u00e2mara de Valen\u00e7a aprovou por maioria, com absten\u00e7\u00e3o do PSD, o Or\u00e7amento e as Grandes Op\u00e7\u00f5es do Plano para 2022, no valor de 19,9 milh\u00f5es de euros.","og_url":"https:\/\/www.altominho.tv\/site\/2021\/12\/27\/valenca-com-orcamento-de-199-milhoes-de-euros-para-2022\/","og_site_name":"Altominho.tv","article_publisher":"https:\/\/www.facebook.com\/altominhotv","article_published_time":"2021-12-27T12:23:30+00:00","article_modified_time":"2022-03-08T12:25:03+00:00","og_image":[{"width":740,"height":470,"url":"https:\/\/www.altominho.tv\/site\/wp-content\/uploads\/2020\/12\/Ca\u0302mara-Valenc\u0327a.jpg","type":"image\/jpeg"}],"author":"Andreia Ferreira","twitter_card":"summary_large_image","twitter_creator":"@altominhoTV","twitter_site":"@altominhoTV","twitter_misc":{"Escrito por":"Andreia Ferreira","Tempo estimado de leitura":"3 minutos"},"schema":{"@context":"https:\/\/schema.org","@graph":[{"@type":"Article","@id":"https:\/\/www.altominho.tv\/site\/2021\/12\/27\/valenca-com-orcamento-de-199-milhoes-de-euros-para-2022\/#article","isPartOf":{"@id":"https:\/\/www.altominho.tv\/site\/2021\/12\/27\/valenca-com-orcamento-de-199-milhoes-de-euros-para-2022\/"},"author":{"name":"Andreia Ferreira","@id":"https:\/\/www.altominho.tv\/site\/#\/schema\/person\/d9be4265364723f14ea8e0d56a1d38cd"},"headline":"Valen\u00e7a com or\u00e7amento de 19,9 milh\u00f5es de euros para 2022","datePublished":"2021-12-27T12:23:30+00:00","dateModified":"2022-03-08T12:25:03+00:00","mainEntityOfPage":{"@id":"https:\/\/www.altominho.tv\/site\/2021\/12\/27\/valenca-com-orcamento-de-199-milhoes-de-euros-para-2022\/"},"wordCount":445,"image":{"@id":"https:\/\/www.altominho.tv\/site\/2021\/12\/27\/valenca-com-orcamento-de-199-milhoes-de-euros-para-2022\/#primaryimage"},"thumbnailUrl":"https:\/\/www.altominho.tv\/site\/wp-content\/uploads\/2020\/12\/Ca\u0302mara-Valenc\u0327a.jpg","keywords":["Economia"],"articleSection":["Valen\u00e7a"],"inLanguage":"pt-PT","copyrightYear":"2021","copyrightHolder":{"@id":"https:\/\/www.altominho.tv\/site\/#organization"}},{"@type":"WebPage","@id":"https:\/\/www.altominho.tv\/site\/2021\/12\/27\/valenca-com-orcamento-de-199-milhoes-de-euros-para-2022\/","url":"https:\/\/www.altominho.tv\/site\/2021\/12\/27\/valenca-com-orcamento-de-199-milhoes-de-euros-para-2022\/","name":"Valen\u00e7a com or\u00e7amento de 19,9 milh\u00f5es de euros para 2022","isPartOf":{"@id":"https:\/\/www.altominho.tv\/site\/#website"},"primaryImageOfPage":{"@id":"https:\/\/www.altominho.tv\/site\/2021\/12\/27\/valenca-com-orcamento-de-199-milhoes-de-euros-para-2022\/#primaryimage"},"image":{"@id":"https:\/\/www.altominho.tv\/site\/2021\/12\/27\/valenca-com-orcamento-de-199-milhoes-de-euros-para-2022\/#primaryimage"},"thumbnailUrl":"https:\/\/www.altominho.tv\/site\/wp-content\/uploads\/2020\/12\/Ca\u0302mara-Valenc\u0327a.jpg","datePublished":"2021-12-27T12:23:30+00:00","dateModified":"2022-03-08T12:25:03+00:00","author":{"@id":"https:\/\/www.altominho.tv\/site\/#\/schema\/person\/d9be4265364723f14ea8e0d56a1d38cd"},"description":"A C\u00e2mara de Valen\u00e7a aprovou por maioria, com absten\u00e7\u00e3o do PSD, o Or\u00e7amento e as Grandes Op\u00e7\u00f5es do Plano para 2022, no valor de 19,9 milh\u00f5es de euros.","breadcrumb":{"@id":"https:\/\/www.altominho.tv\/site\/2021\/12\/27\/valenca-com-orcamento-de-199-milhoes-de-euros-para-2022\/#breadcrumb"},"inLanguage":"pt-PT","potentialAction":[{"@type":"ReadAction","target":["https:\/\/www.altominho.tv\/site\/2021\/12\/27\/valenca-com-orcamento-de-199-milhoes-de-euros-para-2022\/"]}]},{"@type":"ImageObject","inLanguage":"pt-PT","@id":"https:\/\/www.altominho.tv\/site\/2021\/12\/27\/valenca-com-orcamento-de-199-milhoes-de-euros-para-2022\/#primaryimage","url":"https:\/\/www.altominho.tv\/site\/wp-content\/uploads\/2020\/12\/Ca\u0302mara-Valenc\u0327a.jpg","contentUrl":"https:\/\/www.altominho.tv\/site\/wp-content\/uploads\/2020\/12\/Ca\u0302mara-Valenc\u0327a.jpg","width":740,"height":470},{"@type":"BreadcrumbList","@id":"https:\/\/www.altominho.tv\/site\/2021\/12\/27\/valenca-com-orcamento-de-199-milhoes-de-euros-para-2022\/#breadcrumb","itemListElement":[{"@type":"ListItem","position":1,"name":"In\u00edcio","item":"https:\/\/www.altominho.tv\/site\/"},{"@type":"ListItem","position":2,"name":"Valen\u00e7a com or\u00e7amento de 19,9 milh\u00f5es de euros para 2022"}]},{"@type":"WebSite","@id":"https:\/\/www.altominho.tv\/site\/#website","url":"https:\/\/www.altominho.tv\/site\/","name":"Altominho.tv","description":"A sua regi\u00e3o \u00e0 dist\u00e2ncia de um clique...","potentialAction":[{"@type":"SearchAction","target":{"@type":"EntryPoint","urlTemplate":"https:\/\/www.altominho.tv\/site\/?s={search_term_string}"},"query-input":{"@type":"PropertyValueSpecification","valueRequired":true,"valueName":"search_term_string"}}],"inLanguage":"pt-PT"},{"@type":"Person","@id":"https:\/\/www.altominho.tv\/site\/#\/schema\/person\/d9be4265364723f14ea8e0d56a1d38cd","name":"Andreia Ferreira","image":{"@type":"ImageObject","inLanguage":"pt-PT","@id":"https:\/\/www.altominho.tv\/site\/wp-content\/uploads\/2021\/01\/AndreiaFerreira-150x150.jpg","url":"https:\/\/www.altominho.tv\/site\/wp-content\/uploads\/2021\/01\/AndreiaFerreira-150x150.jpg","contentUrl":"https:\/\/www.altominho.tv\/site\/wp-content\/uploads\/2021\/01\/AndreiaFerreira-150x150.jpg","caption":"Andreia Ferreira"},"url":"https:\/\/www.altominho.tv\/site\/author\/andreiaferreira\/"}]}},"_links":{"self":[{"href":"https:\/\/www.altominho.tv\/site\/wp-json\/wp\/v2\/posts\/73963","targetHints":{"allow":["GET"]}}],"collection":[{"href":"https:\/\/www.altominho.tv\/site\/wp-json\/wp\/v2\/posts"}],"about":[{"href":"https:\/\/www.altominho.tv\/site\/wp-json\/wp\/v2\/types\/post"}],"author":[{"embeddable":true,"href":"https:\/\/www.altominho.tv\/site\/wp-json\/wp\/v2\/users\/12"}],"replies":[{"embeddable":true,"href":"https:\/\/www.altominho.tv\/site\/wp-json\/wp\/v2\/comments?post=73963"}],"version-history":[{"count":0,"href":"https:\/\/www.altominho.tv\/site\/wp-json\/wp\/v2\/posts\/73963\/revisions"}],"wp:featuredmedia":[{"embeddable":true,"href":"https:\/\/www.altominho.tv\/site\/wp-json\/wp\/v2\/media\/57644"}],"wp:attachment":[{"href":"https:\/\/www.altominho.tv\/site\/wp-json\/wp\/v2\/media?parent=73963"}],"wp:term":[{"taxonomy":"category","embeddable":true,"href":"https:\/\/www.altominho.tv\/site\/wp-json\/wp\/v2\/categories?post=73963"},{"taxonomy":"post_tag","embeddable":true,"href":"https:\/\/www.altominho.tv\/site\/wp-json\/wp\/v2\/tags?post=73963"}],"curies":[{"name":"wp","href":"https:\/\/api.w.org\/{rel}","templated":true}]}}