{"id":73954,"date":"2021-12-27T09:57:53","date_gmt":"2021-12-27T09:57:53","guid":{"rendered":"https:\/\/www.altominho.tv\/site\/?p=73954"},"modified":"2022-03-08T12:27:59","modified_gmt":"2022-03-08T12:27:59","slug":"paredes-de-coura-aprova-orcamento-de-18-5me","status":"publish","type":"post","link":"https:\/\/www.altominho.tv\/site\/2021\/12\/27\/paredes-de-coura-aprova-orcamento-de-18-5me\/","title":{"rendered":"Paredes de Coura aprova or\u00e7amento de 18.5M\u20ac"},"content":{"rendered":"\n<p>A Assembleia Municipal de Paredes de Coura aprovou o Plano de Atividades e Or\u00e7amento para 2022, no valor de 18,5M\u20ac. <\/p>\n\n\n\n<p>Para o autarca Vitor Paulo Pereira, \u201cTransformar Paredes de Coura numas das vilas mais competitivas, inovadoras e criativas de Portugal\u201d \u00e9 o grande prop\u00f3sito.<\/p>\n\n\n\n<p>Em nota enviada \u00e0 comunica\u00e7\u00e3o social, pode ler-se que s\u00e3o 18.519.596 euros (dezoito milh\u00f5es, quinhentos e dezanove mil e quinhentos e noventa e seis euros) que \u201cpermitir\u00e3o a conclus\u00e3o de investimentos considerados estruturantes para o desenvolvimento econ\u00f3mico do concelho e que, na senda do que tem acontecido em exerc\u00edcios anteriores, criam o terreno prop\u00edcio \u00e0 capta\u00e7\u00e3o de investimento e \u00e0 cria\u00e7\u00e3o de emprego\u201d, sublinhou o presidente da C\u00e2mara, destacando nas \u00e1reas do Emprego e Capta\u00e7\u00e3o de Investimento a conclus\u00e3o da liga\u00e7\u00e3o \u00e0 A3, com a necess\u00e1ria comparticipa\u00e7\u00e3o municipal, bem como do alargamento da zona industrial de Formariz. Num prazo mais alargado, o executivo courense prev\u00ea a constru\u00e7\u00e3o de um novo parque empresarial em Linhares, bem como a requalifica\u00e7\u00e3o do parque empresarial de Castanheira, com a constru\u00e7\u00e3o de uma variante entre esta \u00e1rea e a de Formariz.<\/p>\n\n\n\n<p><strong>Garantir habita\u00e7\u00e3o acess\u00edvel<\/strong><\/p>\n\n\n\n<p>Neste documento estrat\u00e9gico para o pr\u00f3ximo ano e que foi aprovado por maioria \u2013 24 votos a favor (23 PS + 1 Independente) e 7 absten\u00e7\u00f5es (5 PSD-CDS\/PP + 2 CDU) &#8212; est\u00e3o tamb\u00e9m patentes os projetos de reabilita\u00e7\u00e3o e regenera\u00e7\u00e3o de espa\u00e7os e edif\u00edcios p\u00fablicos e os imprescind\u00edveis investimentos nos dom\u00ednios do Turismo, Agricultura, Floresta, Sa\u00fade, Ambiente, Educa\u00e7\u00e3o e A\u00e7\u00e3o Social, representando a consolida\u00e7\u00e3o da estrat\u00e9gia que tem orientado a a\u00e7\u00e3o municipal,&nbsp;&nbsp;acompanhada da necess\u00e1ria aten\u00e7\u00e3o \u00e0s \u00e1reas da Educa\u00e7\u00e3o, Cultura e A\u00e7\u00e3o Social, com uma significativa aposta no setor da habita\u00e7\u00e3o, acompanhando o crescimento econ\u00f3mico e do emprego: \u201cParedes de Coura \u00e9 uma terra que quer atrair mais pessoas e reconhece como enriquecedora a conviv\u00eancia multicultural. Queremos, desejamos que Coura seja cada vez mais uma vila para todos, o que implica garantir habita\u00e7\u00e3o acess\u00edvel a toda a popula\u00e7\u00e3o\u201d, apontou Vitor Paulo Pereira.<\/p>\n\n\n\n<p>O autarca socialista salientou ainda que \u201ca habita\u00e7\u00e3o, a pre\u00e7os compat\u00edveis com os rendimentos das fam\u00edlias ou na forma de arrendamento, ser\u00e1 uma das grandes apostas para os pr\u00f3ximos anos. A habita\u00e7\u00e3o \u00e9 fundamental para suportar o crescimento industrial, fixar e captar talento bem como para criar condi\u00e7\u00f5es dignas de vida para todas as fam\u00edlias\u201d, enfatizou.<\/p>\n\n\n\n<p><strong>Atrair investimentos estrat\u00e9gicos<\/strong><\/p>\n\n\n\n<p>O documento tem &#8220;necessariamente em conta&#8221; o contexto de pandemia em que ainda nos encontramos, bem como os seus efeitos a longo prazo pelo que \u201crefor\u00e7a a import\u00e2ncia de uma gest\u00e3o atenta aos mais vulner\u00e1veis, \u00e0s fam\u00edlias, aos mais idosos e ainda ao tecido empresarial local. Em Coura foram sempre as dificuldades e as nossas capacidades de supera\u00e7\u00e3o que determinaram o nosso destino\u201d, recorda o autarca socialista, sustentando que \u201co nosso destino ser\u00e1 mais f\u00e1cil e mais feliz se for feito com mais escolaridade, mais qualifica\u00e7\u00f5es e uma boa educa\u00e7\u00e3o\u201d.<\/p>\n\n\n\n<p>Vitor Paulo Pereira recorda que hoje Paredes de Coura \u201cest\u00e1 a afirmar-se pela pol\u00edtica de atra\u00e7\u00e3o de investimentos estrat\u00e9gicos e de grande valor para as exporta\u00e7\u00f5es\u201d, insistindo que \u201cprosseguir este caminho \u2013 e refor\u00e7ar a centralidade de investimentos de grande valor acrescentado &#8211; \u00e9 essencial para que os jovens licenciados ou do ensino profissional tenham aqui oportunidades de emprego e de vida na nossa terra. A Elevadora ou o nosso Centro de Capacita\u00e7\u00e3o Empresarial desempenhar\u00e3o aqui um papel determinante. O futuro de Paredes de Coura ser\u00e1 melhor e mais estimulante se apostarmos na cria\u00e7\u00e3o de emprego ligado \u00e0 inova\u00e7\u00e3o e \u00e0 tecnologia\u201d, sustenta o autarca, para quem Coura \u00e9 hoje \u201cuma terra sem paredes, uma terra aberta ao mundo. Uma terra bonita, uma terra culta, socialmente justa e preocupada com a verdadeira riqueza humana que nasce do emprego, da educa\u00e7\u00e3o e da cultura\u201d, concluiu.<\/p>\n","protected":false},"excerpt":{"rendered":"<p>A Assembleia Municipal de Paredes de Coura aprovou o Plano de Atividades e Or\u00e7amento para 2022, no valor de 18,5M\u20ac. Para o autarca Vitor Paulo Pereira, \u201cTransformar Paredes de Coura numas das vilas mais competitivas, inovadoras e criativas de Portugal\u201d \u00e9 o grande prop\u00f3sito. Em nota enviada \u00e0 comunica\u00e7\u00e3o social, pode ler-se que s\u00e3o 18.519.596 [&hellip;]<\/p>\n","protected":false},"author":7,"featured_media":73955,"comment_status":"closed","ping_status":"closed","sticky":false,"template":"","format":"standard","meta":{"_exactmetrics_skip_tracking":false,"_exactmetrics_sitenote_active":false,"_exactmetrics_sitenote_note":"","_exactmetrics_sitenote_category":0,"footnotes":""},"categories":[10],"tags":[21,27],"class_list":["post-73954","post","type-post","status-publish","format-standard","has-post-thumbnail","hentry","category-paredes-de-coura","tag-economia","tag-sociedade"],"yoast_head":"<!-- This site is optimized with the Yoast SEO Premium plugin v27.4 (Yoast SEO v27.4) - https:\/\/yoast.com\/product\/yoast-seo-premium-wordpress\/ -->\n<title>Paredes de Coura aprova or\u00e7amento de 18.5M\u20ac<\/title>\n<meta name=\"description\" content=\"A Assembleia Municipal de Paredes de Coura aprovou o Plano de Atividades e Or\u00e7amento para 2022, no valor de 18,5M\u20ac.\" \/>\n<meta name=\"robots\" content=\"index, follow, max-snippet:-1, max-image-preview:large, max-video-preview:-1\" \/>\n<link rel=\"canonical\" href=\"https:\/\/www.altominho.tv\/site\/2021\/12\/27\/paredes-de-coura-aprova-orcamento-de-18-5me\/\" \/>\n<meta property=\"og:locale\" content=\"pt_PT\" \/>\n<meta property=\"og:type\" content=\"article\" \/>\n<meta property=\"og:title\" content=\"Paredes de Coura aprova or\u00e7amento de 18.5M\u20ac\" \/>\n<meta property=\"og:description\" content=\"A Assembleia Municipal de Paredes de Coura aprovou o Plano de Atividades e Or\u00e7amento para 2022, no valor de 18,5M\u20ac.\" \/>\n<meta property=\"og:url\" content=\"https:\/\/www.altominho.tv\/site\/2021\/12\/27\/paredes-de-coura-aprova-orcamento-de-18-5me\/\" \/>\n<meta property=\"og:site_name\" content=\"Altominho.tv\" \/>\n<meta property=\"article:publisher\" content=\"https:\/\/www.facebook.com\/altominhotv\" \/>\n<meta property=\"article:published_time\" content=\"2021-12-27T09:57:53+00:00\" \/>\n<meta property=\"article:modified_time\" content=\"2022-03-08T12:27:59+00:00\" \/>\n<meta property=\"og:image\" content=\"https:\/\/www.altominho.tv\/site\/wp-content\/uploads\/2021\/12\/cmcoura1.jpg\" \/>\n\t<meta property=\"og:image:width\" content=\"740\" \/>\n\t<meta property=\"og:image:height\" content=\"492\" \/>\n\t<meta property=\"og:image:type\" content=\"image\/jpeg\" \/>\n<meta name=\"author\" content=\"Andreia Cunha\" \/>\n<meta name=\"twitter:card\" content=\"summary_large_image\" \/>\n<meta name=\"twitter:creator\" content=\"@altominhoTV\" \/>\n<meta name=\"twitter:site\" content=\"@altominhoTV\" \/>\n<meta name=\"twitter:label1\" content=\"Escrito por\" \/>\n\t<meta name=\"twitter:data1\" content=\"Andreia Cunha\" \/>\n\t<meta name=\"twitter:label2\" content=\"Tempo estimado de leitura\" \/>\n\t<meta name=\"twitter:data2\" content=\"4 minutos\" \/>\n<script type=\"application\/ld+json\" class=\"yoast-schema-graph\">{\"@context\":\"https:\\\/\\\/schema.org\",\"@graph\":[{\"@type\":\"Article\",\"@id\":\"https:\\\/\\\/www.altominho.tv\\\/site\\\/2021\\\/12\\\/27\\\/paredes-de-coura-aprova-orcamento-de-18-5me\\\/#article\",\"isPartOf\":{\"@id\":\"https:\\\/\\\/www.altominho.tv\\\/site\\\/2021\\\/12\\\/27\\\/paredes-de-coura-aprova-orcamento-de-18-5me\\\/\"},\"author\":{\"name\":\"Andreia Cunha\",\"@id\":\"https:\\\/\\\/www.altominho.tv\\\/site\\\/#\\\/schema\\\/person\\\/a0e4ef6d041f98ca284393d8f1d97153\"},\"headline\":\"Paredes de Coura aprova or\u00e7amento de 18.5M\u20ac\",\"datePublished\":\"2021-12-27T09:57:53+00:00\",\"dateModified\":\"2022-03-08T12:27:59+00:00\",\"mainEntityOfPage\":{\"@id\":\"https:\\\/\\\/www.altominho.tv\\\/site\\\/2021\\\/12\\\/27\\\/paredes-de-coura-aprova-orcamento-de-18-5me\\\/\"},\"wordCount\":687,\"image\":{\"@id\":\"https:\\\/\\\/www.altominho.tv\\\/site\\\/2021\\\/12\\\/27\\\/paredes-de-coura-aprova-orcamento-de-18-5me\\\/#primaryimage\"},\"thumbnailUrl\":\"https:\\\/\\\/www.altominho.tv\\\/site\\\/wp-content\\\/uploads\\\/2021\\\/12\\\/cmcoura1.jpg\",\"keywords\":[\"Economia\",\"Sociedade\"],\"articleSection\":[\"Paredes de Coura\"],\"inLanguage\":\"pt-PT\",\"copyrightYear\":\"2021\",\"copyrightHolder\":{\"@id\":\"https:\\\/\\\/www.altominho.tv\\\/site\\\/#organization\"}},{\"@type\":\"WebPage\",\"@id\":\"https:\\\/\\\/www.altominho.tv\\\/site\\\/2021\\\/12\\\/27\\\/paredes-de-coura-aprova-orcamento-de-18-5me\\\/\",\"url\":\"https:\\\/\\\/www.altominho.tv\\\/site\\\/2021\\\/12\\\/27\\\/paredes-de-coura-aprova-orcamento-de-18-5me\\\/\",\"name\":\"Paredes de Coura aprova or\u00e7amento de 18.5M\u20ac\",\"isPartOf\":{\"@id\":\"https:\\\/\\\/www.altominho.tv\\\/site\\\/#website\"},\"primaryImageOfPage\":{\"@id\":\"https:\\\/\\\/www.altominho.tv\\\/site\\\/2021\\\/12\\\/27\\\/paredes-de-coura-aprova-orcamento-de-18-5me\\\/#primaryimage\"},\"image\":{\"@id\":\"https:\\\/\\\/www.altominho.tv\\\/site\\\/2021\\\/12\\\/27\\\/paredes-de-coura-aprova-orcamento-de-18-5me\\\/#primaryimage\"},\"thumbnailUrl\":\"https:\\\/\\\/www.altominho.tv\\\/site\\\/wp-content\\\/uploads\\\/2021\\\/12\\\/cmcoura1.jpg\",\"datePublished\":\"2021-12-27T09:57:53+00:00\",\"dateModified\":\"2022-03-08T12:27:59+00:00\",\"author\":{\"@id\":\"https:\\\/\\\/www.altominho.tv\\\/site\\\/#\\\/schema\\\/person\\\/a0e4ef6d041f98ca284393d8f1d97153\"},\"description\":\"A Assembleia Municipal de Paredes de Coura aprovou o Plano de Atividades e Or\u00e7amento para 2022, no valor de 18,5M\u20ac.\",\"breadcrumb\":{\"@id\":\"https:\\\/\\\/www.altominho.tv\\\/site\\\/2021\\\/12\\\/27\\\/paredes-de-coura-aprova-orcamento-de-18-5me\\\/#breadcrumb\"},\"inLanguage\":\"pt-PT\",\"potentialAction\":[{\"@type\":\"ReadAction\",\"target\":[\"https:\\\/\\\/www.altominho.tv\\\/site\\\/2021\\\/12\\\/27\\\/paredes-de-coura-aprova-orcamento-de-18-5me\\\/\"]}]},{\"@type\":\"ImageObject\",\"inLanguage\":\"pt-PT\",\"@id\":\"https:\\\/\\\/www.altominho.tv\\\/site\\\/2021\\\/12\\\/27\\\/paredes-de-coura-aprova-orcamento-de-18-5me\\\/#primaryimage\",\"url\":\"https:\\\/\\\/www.altominho.tv\\\/site\\\/wp-content\\\/uploads\\\/2021\\\/12\\\/cmcoura1.jpg\",\"contentUrl\":\"https:\\\/\\\/www.altominho.tv\\\/site\\\/wp-content\\\/uploads\\\/2021\\\/12\\\/cmcoura1.jpg\",\"width\":740,\"height\":492},{\"@type\":\"BreadcrumbList\",\"@id\":\"https:\\\/\\\/www.altominho.tv\\\/site\\\/2021\\\/12\\\/27\\\/paredes-de-coura-aprova-orcamento-de-18-5me\\\/#breadcrumb\",\"itemListElement\":[{\"@type\":\"ListItem\",\"position\":1,\"name\":\"In\u00edcio\",\"item\":\"https:\\\/\\\/www.altominho.tv\\\/site\\\/\"},{\"@type\":\"ListItem\",\"position\":2,\"name\":\"Paredes de Coura aprova or\u00e7amento de 18.5M\u20ac\"}]},{\"@type\":\"WebSite\",\"@id\":\"https:\\\/\\\/www.altominho.tv\\\/site\\\/#website\",\"url\":\"https:\\\/\\\/www.altominho.tv\\\/site\\\/\",\"name\":\"Altominho.tv\",\"description\":\"A sua regi\u00e3o \u00e0 dist\u00e2ncia de um clique...\",\"potentialAction\":[{\"@type\":\"SearchAction\",\"target\":{\"@type\":\"EntryPoint\",\"urlTemplate\":\"https:\\\/\\\/www.altominho.tv\\\/site\\\/?s={search_term_string}\"},\"query-input\":{\"@type\":\"PropertyValueSpecification\",\"valueRequired\":true,\"valueName\":\"search_term_string\"}}],\"inLanguage\":\"pt-PT\"},{\"@type\":\"Person\",\"@id\":\"https:\\\/\\\/www.altominho.tv\\\/site\\\/#\\\/schema\\\/person\\\/a0e4ef6d041f98ca284393d8f1d97153\",\"name\":\"Andreia Cunha\",\"image\":{\"@type\":\"ImageObject\",\"inLanguage\":\"pt-PT\",\"@id\":\"https:\\\/\\\/www.altominho.tv\\\/site\\\/wp-content\\\/uploads\\\/2017\\\/11\\\/Andreia_Cunha-1-150x150.jpg\",\"url\":\"https:\\\/\\\/www.altominho.tv\\\/site\\\/wp-content\\\/uploads\\\/2017\\\/11\\\/Andreia_Cunha-1-150x150.jpg\",\"contentUrl\":\"https:\\\/\\\/www.altominho.tv\\\/site\\\/wp-content\\\/uploads\\\/2017\\\/11\\\/Andreia_Cunha-1-150x150.jpg\",\"caption\":\"Andreia Cunha\"},\"url\":\"https:\\\/\\\/www.altominho.tv\\\/site\\\/author\\\/andreiacunha\\\/\"}]}<\/script>\n<!-- \/ Yoast SEO Premium plugin. -->","yoast_head_json":{"title":"Paredes de Coura aprova or\u00e7amento de 18.5M\u20ac","description":"A Assembleia Municipal de Paredes de Coura aprovou o Plano de Atividades e Or\u00e7amento para 2022, no valor de 18,5M\u20ac.","robots":{"index":"index","follow":"follow","max-snippet":"max-snippet:-1","max-image-preview":"max-image-preview:large","max-video-preview":"max-video-preview:-1"},"canonical":"https:\/\/www.altominho.tv\/site\/2021\/12\/27\/paredes-de-coura-aprova-orcamento-de-18-5me\/","og_locale":"pt_PT","og_type":"article","og_title":"Paredes de Coura aprova or\u00e7amento de 18.5M\u20ac","og_description":"A Assembleia Municipal de Paredes de Coura aprovou o Plano de Atividades e Or\u00e7amento para 2022, no valor de 18,5M\u20ac.","og_url":"https:\/\/www.altominho.tv\/site\/2021\/12\/27\/paredes-de-coura-aprova-orcamento-de-18-5me\/","og_site_name":"Altominho.tv","article_publisher":"https:\/\/www.facebook.com\/altominhotv","article_published_time":"2021-12-27T09:57:53+00:00","article_modified_time":"2022-03-08T12:27:59+00:00","og_image":[{"width":740,"height":492,"url":"https:\/\/www.altominho.tv\/site\/wp-content\/uploads\/2021\/12\/cmcoura1.jpg","type":"image\/jpeg"}],"author":"Andreia Cunha","twitter_card":"summary_large_image","twitter_creator":"@altominhoTV","twitter_site":"@altominhoTV","twitter_misc":{"Escrito por":"Andreia Cunha","Tempo estimado de leitura":"4 minutos"},"schema":{"@context":"https:\/\/schema.org","@graph":[{"@type":"Article","@id":"https:\/\/www.altominho.tv\/site\/2021\/12\/27\/paredes-de-coura-aprova-orcamento-de-18-5me\/#article","isPartOf":{"@id":"https:\/\/www.altominho.tv\/site\/2021\/12\/27\/paredes-de-coura-aprova-orcamento-de-18-5me\/"},"author":{"name":"Andreia Cunha","@id":"https:\/\/www.altominho.tv\/site\/#\/schema\/person\/a0e4ef6d041f98ca284393d8f1d97153"},"headline":"Paredes de Coura aprova or\u00e7amento de 18.5M\u20ac","datePublished":"2021-12-27T09:57:53+00:00","dateModified":"2022-03-08T12:27:59+00:00","mainEntityOfPage":{"@id":"https:\/\/www.altominho.tv\/site\/2021\/12\/27\/paredes-de-coura-aprova-orcamento-de-18-5me\/"},"wordCount":687,"image":{"@id":"https:\/\/www.altominho.tv\/site\/2021\/12\/27\/paredes-de-coura-aprova-orcamento-de-18-5me\/#primaryimage"},"thumbnailUrl":"https:\/\/www.altominho.tv\/site\/wp-content\/uploads\/2021\/12\/cmcoura1.jpg","keywords":["Economia","Sociedade"],"articleSection":["Paredes de Coura"],"inLanguage":"pt-PT","copyrightYear":"2021","copyrightHolder":{"@id":"https:\/\/www.altominho.tv\/site\/#organization"}},{"@type":"WebPage","@id":"https:\/\/www.altominho.tv\/site\/2021\/12\/27\/paredes-de-coura-aprova-orcamento-de-18-5me\/","url":"https:\/\/www.altominho.tv\/site\/2021\/12\/27\/paredes-de-coura-aprova-orcamento-de-18-5me\/","name":"Paredes de Coura aprova or\u00e7amento de 18.5M\u20ac","isPartOf":{"@id":"https:\/\/www.altominho.tv\/site\/#website"},"primaryImageOfPage":{"@id":"https:\/\/www.altominho.tv\/site\/2021\/12\/27\/paredes-de-coura-aprova-orcamento-de-18-5me\/#primaryimage"},"image":{"@id":"https:\/\/www.altominho.tv\/site\/2021\/12\/27\/paredes-de-coura-aprova-orcamento-de-18-5me\/#primaryimage"},"thumbnailUrl":"https:\/\/www.altominho.tv\/site\/wp-content\/uploads\/2021\/12\/cmcoura1.jpg","datePublished":"2021-12-27T09:57:53+00:00","dateModified":"2022-03-08T12:27:59+00:00","author":{"@id":"https:\/\/www.altominho.tv\/site\/#\/schema\/person\/a0e4ef6d041f98ca284393d8f1d97153"},"description":"A Assembleia Municipal de Paredes de Coura aprovou o Plano de Atividades e Or\u00e7amento para 2022, no valor de 18,5M\u20ac.","breadcrumb":{"@id":"https:\/\/www.altominho.tv\/site\/2021\/12\/27\/paredes-de-coura-aprova-orcamento-de-18-5me\/#breadcrumb"},"inLanguage":"pt-PT","potentialAction":[{"@type":"ReadAction","target":["https:\/\/www.altominho.tv\/site\/2021\/12\/27\/paredes-de-coura-aprova-orcamento-de-18-5me\/"]}]},{"@type":"ImageObject","inLanguage":"pt-PT","@id":"https:\/\/www.altominho.tv\/site\/2021\/12\/27\/paredes-de-coura-aprova-orcamento-de-18-5me\/#primaryimage","url":"https:\/\/www.altominho.tv\/site\/wp-content\/uploads\/2021\/12\/cmcoura1.jpg","contentUrl":"https:\/\/www.altominho.tv\/site\/wp-content\/uploads\/2021\/12\/cmcoura1.jpg","width":740,"height":492},{"@type":"BreadcrumbList","@id":"https:\/\/www.altominho.tv\/site\/2021\/12\/27\/paredes-de-coura-aprova-orcamento-de-18-5me\/#breadcrumb","itemListElement":[{"@type":"ListItem","position":1,"name":"In\u00edcio","item":"https:\/\/www.altominho.tv\/site\/"},{"@type":"ListItem","position":2,"name":"Paredes de Coura aprova or\u00e7amento de 18.5M\u20ac"}]},{"@type":"WebSite","@id":"https:\/\/www.altominho.tv\/site\/#website","url":"https:\/\/www.altominho.tv\/site\/","name":"Altominho.tv","description":"A sua regi\u00e3o \u00e0 dist\u00e2ncia de um clique...","potentialAction":[{"@type":"SearchAction","target":{"@type":"EntryPoint","urlTemplate":"https:\/\/www.altominho.tv\/site\/?s={search_term_string}"},"query-input":{"@type":"PropertyValueSpecification","valueRequired":true,"valueName":"search_term_string"}}],"inLanguage":"pt-PT"},{"@type":"Person","@id":"https:\/\/www.altominho.tv\/site\/#\/schema\/person\/a0e4ef6d041f98ca284393d8f1d97153","name":"Andreia Cunha","image":{"@type":"ImageObject","inLanguage":"pt-PT","@id":"https:\/\/www.altominho.tv\/site\/wp-content\/uploads\/2017\/11\/Andreia_Cunha-1-150x150.jpg","url":"https:\/\/www.altominho.tv\/site\/wp-content\/uploads\/2017\/11\/Andreia_Cunha-1-150x150.jpg","contentUrl":"https:\/\/www.altominho.tv\/site\/wp-content\/uploads\/2017\/11\/Andreia_Cunha-1-150x150.jpg","caption":"Andreia Cunha"},"url":"https:\/\/www.altominho.tv\/site\/author\/andreiacunha\/"}]}},"_links":{"self":[{"href":"https:\/\/www.altominho.tv\/site\/wp-json\/wp\/v2\/posts\/73954","targetHints":{"allow":["GET"]}}],"collection":[{"href":"https:\/\/www.altominho.tv\/site\/wp-json\/wp\/v2\/posts"}],"about":[{"href":"https:\/\/www.altominho.tv\/site\/wp-json\/wp\/v2\/types\/post"}],"author":[{"embeddable":true,"href":"https:\/\/www.altominho.tv\/site\/wp-json\/wp\/v2\/users\/7"}],"replies":[{"embeddable":true,"href":"https:\/\/www.altominho.tv\/site\/wp-json\/wp\/v2\/comments?post=73954"}],"version-history":[{"count":0,"href":"https:\/\/www.altominho.tv\/site\/wp-json\/wp\/v2\/posts\/73954\/revisions"}],"wp:featuredmedia":[{"embeddable":true,"href":"https:\/\/www.altominho.tv\/site\/wp-json\/wp\/v2\/media\/73955"}],"wp:attachment":[{"href":"https:\/\/www.altominho.tv\/site\/wp-json\/wp\/v2\/media?parent=73954"}],"wp:term":[{"taxonomy":"category","embeddable":true,"href":"https:\/\/www.altominho.tv\/site\/wp-json\/wp\/v2\/categories?post=73954"},{"taxonomy":"post_tag","embeddable":true,"href":"https:\/\/www.altominho.tv\/site\/wp-json\/wp\/v2\/tags?post=73954"}],"curies":[{"name":"wp","href":"https:\/\/api.w.org\/{rel}","templated":true}]}}