{"id":73941,"date":"2021-12-26T12:39:20","date_gmt":"2021-12-26T12:39:20","guid":{"rendered":"https:\/\/www.altominho.tv\/site\/?p=73941"},"modified":"2021-12-26T12:46:56","modified_gmt":"2021-12-26T12:46:56","slug":"reportagens-da-altominho-tv-passam-na-cnn-portugal","status":"publish","type":"post","link":"https:\/\/www.altominho.tv\/site\/2021\/12\/26\/reportagens-da-altominho-tv-passam-na-cnn-portugal\/","title":{"rendered":"Reportagens da Altominho.tv passam na CNN Portugal"},"content":{"rendered":"<p>A CNN Portugal arrancou no dia 22 de novembro e est\u00e1 a marcar uma nova era na televis\u00e3o nacional. A Altominho.tv, foi escolhida pela CNN Portugal, para ser o \u00fanico \u00f3rg\u00e3o de comunica\u00e7\u00e3o parceiro deste projeto, a cobrir toda a regi\u00e3o do Alto Minho.<\/p>\n<p>De acordo com Jo\u00e3o Fernando Ramos, Diretor da CNN\/Norte, &#8220;este novo canal, para al\u00e9m da sua vertente marcadamente informativa, pretende estar nas grandes cidades, mas tamb\u00e9m no centro das aldeias mais bonitas, sempre que acontecer qualquer coisa importante para contar. Com o maior rigor, as melhores imagens e com um grupo de jornalistas com quem temos trabalhado nos \u00faltimos tempos, que nos garantem essa fiabilidade e essa confian\u00e7a, consideramos que temos garantido os elementos fundamentais para uma marca internacional que pretende estar em todos os cantos do pa\u00eds&#8221;.<\/p>\n<p>As pessoas, os usos e tradi\u00e7\u00f5es do Alto Minho chegam assim \u00e0s grandes cadeias de comunica\u00e7\u00e3o atrav\u00e9s da Altominho.tv. S\u00f3 no dia de ontem, a Altominho.tv transmitiu 4 reportagens na CNN Portugal, ao longo da emiss\u00e3o di\u00e1ria deste canal.<\/p>\n<p>Conhe\u00e7a algumas das reportagens que foram transmitidas pela CNN Portugal:<\/p>\n\n\n<figure class=\"wp-block-embed is-type-video is-provider-youtube wp-block-embed-youtube wp-embed-aspect-16-9 wp-has-aspect-ratio\"><div class=\"wp-block-embed__wrapper\">\n<iframe loading=\"lazy\" title=\"Mercado, Duendel\u00e2ndia e Pai Natal animam Natal em Valen\u00e7a | CNN\" width=\"770\" height=\"433\" src=\"https:\/\/www.youtube.com\/embed\/u7xY7fS0cBs?feature=oembed\" frameborder=\"0\" allow=\"accelerometer; autoplay; clipboard-write; encrypted-media; gyroscope; picture-in-picture\" allowfullscreen><\/iframe>\n<\/div><\/figure>\n\n\n\n<figure class=\"wp-block-embed is-type-video is-provider-youtube wp-block-embed-youtube wp-embed-aspect-16-9 wp-has-aspect-ratio\"><div class=\"wp-block-embed__wrapper\">\n<iframe loading=\"lazy\" title=\"Escola do Rock promove resid\u00eancia de interc\u00e2mbio em Paredes de Coura | CNN\" width=\"770\" height=\"433\" src=\"https:\/\/www.youtube.com\/embed\/lyA0fCgJ3DI?feature=oembed\" frameborder=\"0\" allow=\"accelerometer; autoplay; clipboard-write; encrypted-media; gyroscope; picture-in-picture\" allowfullscreen><\/iframe>\n<\/div><\/figure>\n\n\n\n<figure class=\"wp-block-embed is-type-video is-provider-youtube wp-block-embed-youtube wp-embed-aspect-16-9 wp-has-aspect-ratio\"><div class=\"wp-block-embed__wrapper\">\n<iframe loading=\"lazy\" title=\"GNR entrega cabazes solid\u00e1rios a idosos que passam o Natal sozinhos | CNN\" width=\"770\" height=\"433\" src=\"https:\/\/www.youtube.com\/embed\/KVu4qfjzuPg?feature=oembed\" frameborder=\"0\" allow=\"accelerometer; autoplay; clipboard-write; encrypted-media; gyroscope; picture-in-picture\" allowfullscreen><\/iframe>\n<\/div><\/figure>\n\n\n<p>Jornalismo de proximidade, num projeto pioneiro que arrancou h\u00e1 pouco mais de um m\u00eas, e onde a Altominho.tv desempenha um papel importante na divulga\u00e7\u00e3o de toda uma regi\u00e3o, atrav\u00e9s dos diretos e das suas reportagens.<\/p>","protected":false},"excerpt":{"rendered":"<p>A CNN Portugal arrancou no dia 22 de novembro e est\u00e1 a marcar uma nova era na televis\u00e3o nacional. A Altominho.tv, foi escolhida pela CNN Portugal, para ser o \u00fanico \u00f3rg\u00e3o de comunica\u00e7\u00e3o parceiro deste projeto, a cobrir toda a regi\u00e3o do Alto Minho. De acordo com Jo\u00e3o Fernando Ramos, Diretor da CNN\/Norte, &#8220;este novo [&hellip;]<\/p>\n","protected":false},"author":1,"featured_media":73949,"comment_status":"closed","ping_status":"closed","sticky":false,"template":"","format":"standard","meta":{"_exactmetrics_skip_tracking":false,"footnotes":""},"categories":[73],"tags":[27],"class_list":["post-73941","post","type-post","status-publish","format-standard","has-post-thumbnail","hentry","category-alto-minho","tag-sociedade"],"yoast_head":"<!-- This site is optimized with the Yoast SEO Premium plugin v28.3 (Yoast SEO v28.3) - https:\/\/yoast.com\/product\/yoast-seo-premium-wordpress\/ -->\n<title>Reportagens da Altominho.tv passam na CNN Portugal<\/title>\n<meta name=\"robots\" content=\"index, follow, max-snippet:-1, max-image-preview:large, max-video-preview:-1\" \/>\n<link rel=\"canonical\" href=\"https:\/\/www.altominho.tv\/site\/2021\/12\/26\/reportagens-da-altominho-tv-passam-na-cnn-portugal\/\" \/>\n<meta property=\"og:locale\" content=\"pt_PT\" \/>\n<meta property=\"og:type\" content=\"article\" \/>\n<meta property=\"og:title\" content=\"Reportagens da Altominho.tv passam na CNN Portugal\" \/>\n<meta property=\"og:description\" content=\"A CNN Portugal arrancou no dia 22 de novembro e est\u00e1 a marcar uma nova era na televis\u00e3o nacional. A Altominho.tv, foi escolhida pela CNN Portugal, para ser o \u00fanico \u00f3rg\u00e3o de comunica\u00e7\u00e3o parceiro deste projeto, a cobrir toda a regi\u00e3o do Alto Minho. De acordo com Jo\u00e3o Fernando Ramos, Diretor da CNN\/Norte, &#8220;este novo [&hellip;]\" \/>\n<meta property=\"og:url\" content=\"https:\/\/www.altominho.tv\/site\/2021\/12\/26\/reportagens-da-altominho-tv-passam-na-cnn-portugal\/\" \/>\n<meta property=\"og:site_name\" content=\"Altominho.tv\" \/>\n<meta property=\"article:publisher\" content=\"https:\/\/www.facebook.com\/altominhotv\" \/>\n<meta property=\"article:published_time\" content=\"2021-12-26T12:39:20+00:00\" \/>\n<meta property=\"article:modified_time\" content=\"2021-12-26T12:46:56+00:00\" \/>\n<meta property=\"og:image\" content=\"https:\/\/www.altominho.tv\/site\/wp-content\/uploads\/2021\/12\/CNN_AltominhoTV_2.jpg\" \/>\n\t<meta property=\"og:image:width\" content=\"1920\" \/>\n\t<meta property=\"og:image:height\" content=\"1080\" \/>\n\t<meta property=\"og:image:type\" content=\"image\/jpeg\" \/>\n<meta name=\"author\" content=\"Altominho.tv\" \/>\n<meta name=\"twitter:card\" content=\"summary_large_image\" \/>\n<meta name=\"twitter:creator\" content=\"@altominhoTV\" \/>\n<meta name=\"twitter:site\" content=\"@altominhoTV\" \/>\n<meta name=\"twitter:label1\" content=\"Escrito por\" \/>\n\t<meta name=\"twitter:data1\" content=\"Altominho.tv\" \/>\n\t<meta name=\"twitter:label2\" content=\"Tempo estimado de leitura\" \/>\n\t<meta name=\"twitter:data2\" content=\"2 minutos\" \/>\n<script type=\"application\/ld+json\" class=\"yoast-schema-graph\">{\"@context\":\"https:\\\/\\\/schema.org\",\"@graph\":[{\"@type\":\"Article\",\"@id\":\"https:\\\/\\\/www.altominho.tv\\\/site\\\/2021\\\/12\\\/26\\\/reportagens-da-altominho-tv-passam-na-cnn-portugal\\\/#article\",\"isPartOf\":{\"@id\":\"https:\\\/\\\/www.altominho.tv\\\/site\\\/2021\\\/12\\\/26\\\/reportagens-da-altominho-tv-passam-na-cnn-portugal\\\/\"},\"author\":{\"name\":\"Altominho.tv\",\"@id\":\"https:\\\/\\\/www.altominho.tv\\\/site\\\/#\\\/schema\\\/person\\\/4e536851627d7914baf3dac752b6af22\"},\"headline\":\"Reportagens da Altominho.tv passam na CNN Portugal\",\"datePublished\":\"2021-12-26T12:39:20+00:00\",\"dateModified\":\"2021-12-26T12:46:56+00:00\",\"mainEntityOfPage\":{\"@id\":\"https:\\\/\\\/www.altominho.tv\\\/site\\\/2021\\\/12\\\/26\\\/reportagens-da-altominho-tv-passam-na-cnn-portugal\\\/\"},\"wordCount\":264,\"image\":{\"@id\":\"https:\\\/\\\/www.altominho.tv\\\/site\\\/2021\\\/12\\\/26\\\/reportagens-da-altominho-tv-passam-na-cnn-portugal\\\/#primaryimage\"},\"thumbnailUrl\":\"https:\\\/\\\/www.altominho.tv\\\/site\\\/wp-content\\\/uploads\\\/2021\\\/12\\\/CNN_AltominhoTV_2.jpg\",\"keywords\":[\"Sociedade\"],\"articleSection\":[\"Alto Minho\"],\"inLanguage\":\"pt-PT\",\"copyrightYear\":\"2021\",\"copyrightHolder\":{\"@id\":\"https:\\\/\\\/www.altominho.tv\\\/site\\\/#organization\"}},{\"@type\":\"WebPage\",\"@id\":\"https:\\\/\\\/www.altominho.tv\\\/site\\\/2021\\\/12\\\/26\\\/reportagens-da-altominho-tv-passam-na-cnn-portugal\\\/\",\"url\":\"https:\\\/\\\/www.altominho.tv\\\/site\\\/2021\\\/12\\\/26\\\/reportagens-da-altominho-tv-passam-na-cnn-portugal\\\/\",\"name\":\"Reportagens da Altominho.tv passam na CNN Portugal\",\"isPartOf\":{\"@id\":\"https:\\\/\\\/www.altominho.tv\\\/site\\\/#website\"},\"primaryImageOfPage\":{\"@id\":\"https:\\\/\\\/www.altominho.tv\\\/site\\\/2021\\\/12\\\/26\\\/reportagens-da-altominho-tv-passam-na-cnn-portugal\\\/#primaryimage\"},\"image\":{\"@id\":\"https:\\\/\\\/www.altominho.tv\\\/site\\\/2021\\\/12\\\/26\\\/reportagens-da-altominho-tv-passam-na-cnn-portugal\\\/#primaryimage\"},\"thumbnailUrl\":\"https:\\\/\\\/www.altominho.tv\\\/site\\\/wp-content\\\/uploads\\\/2021\\\/12\\\/CNN_AltominhoTV_2.jpg\",\"datePublished\":\"2021-12-26T12:39:20+00:00\",\"dateModified\":\"2021-12-26T12:46:56+00:00\",\"author\":{\"@id\":\"https:\\\/\\\/www.altominho.tv\\\/site\\\/#\\\/schema\\\/person\\\/4e536851627d7914baf3dac752b6af22\"},\"breadcrumb\":{\"@id\":\"https:\\\/\\\/www.altominho.tv\\\/site\\\/2021\\\/12\\\/26\\\/reportagens-da-altominho-tv-passam-na-cnn-portugal\\\/#breadcrumb\"},\"inLanguage\":\"pt-PT\",\"potentialAction\":[{\"@type\":\"ReadAction\",\"target\":[\"https:\\\/\\\/www.altominho.tv\\\/site\\\/2021\\\/12\\\/26\\\/reportagens-da-altominho-tv-passam-na-cnn-portugal\\\/\"]}]},{\"@type\":\"ImageObject\",\"inLanguage\":\"pt-PT\",\"@id\":\"https:\\\/\\\/www.altominho.tv\\\/site\\\/2021\\\/12\\\/26\\\/reportagens-da-altominho-tv-passam-na-cnn-portugal\\\/#primaryimage\",\"url\":\"https:\\\/\\\/www.altominho.tv\\\/site\\\/wp-content\\\/uploads\\\/2021\\\/12\\\/CNN_AltominhoTV_2.jpg\",\"contentUrl\":\"https:\\\/\\\/www.altominho.tv\\\/site\\\/wp-content\\\/uploads\\\/2021\\\/12\\\/CNN_AltominhoTV_2.jpg\",\"width\":1920,\"height\":1080},{\"@type\":\"BreadcrumbList\",\"@id\":\"https:\\\/\\\/www.altominho.tv\\\/site\\\/2021\\\/12\\\/26\\\/reportagens-da-altominho-tv-passam-na-cnn-portugal\\\/#breadcrumb\",\"itemListElement\":[{\"@type\":\"ListItem\",\"position\":1,\"name\":\"In\u00edcio\",\"item\":\"https:\\\/\\\/www.altominho.tv\\\/site\\\/\"},{\"@type\":\"ListItem\",\"position\":2,\"name\":\"Reportagens da Altominho.tv passam na CNN Portugal\"}]},{\"@type\":\"WebSite\",\"@id\":\"https:\\\/\\\/www.altominho.tv\\\/site\\\/#website\",\"url\":\"https:\\\/\\\/www.altominho.tv\\\/site\\\/\",\"name\":\"Altominho.tv\",\"description\":\"A sua regi\u00e3o \u00e0 dist\u00e2ncia de um clique...\",\"potentialAction\":[{\"@type\":\"SearchAction\",\"target\":{\"@type\":\"EntryPoint\",\"urlTemplate\":\"https:\\\/\\\/www.altominho.tv\\\/site\\\/?s={search_term_string}\"},\"query-input\":{\"@type\":\"PropertyValueSpecification\",\"valueRequired\":true,\"valueName\":\"search_term_string\"}}],\"inLanguage\":\"pt-PT\"},{\"@type\":\"Person\",\"@id\":\"https:\\\/\\\/www.altominho.tv\\\/site\\\/#\\\/schema\\\/person\\\/4e536851627d7914baf3dac752b6af22\",\"name\":\"Altominho.tv\",\"image\":{\"@type\":\"ImageObject\",\"inLanguage\":\"pt-PT\",\"@id\":\"https:\\\/\\\/www.altominho.tv\\\/site\\\/wp-content\\\/uploads\\\/2019\\\/11\\\/Logo_Avatar_2-150x150.jpg\",\"url\":\"https:\\\/\\\/www.altominho.tv\\\/site\\\/wp-content\\\/uploads\\\/2019\\\/11\\\/Logo_Avatar_2-150x150.jpg\",\"contentUrl\":\"https:\\\/\\\/www.altominho.tv\\\/site\\\/wp-content\\\/uploads\\\/2019\\\/11\\\/Logo_Avatar_2-150x150.jpg\",\"caption\":\"Altominho.tv\"},\"url\":\"https:\\\/\\\/www.altominho.tv\\\/site\\\/author\\\/altominhotv-tecnico\\\/\"}]}<\/script>\n<meta property=\"og:video\" content=\"https:\/\/www.youtube.com\/embed\/u7xY7fS0cBs\" \/>\n<meta property=\"og:video:type\" content=\"text\/html\" \/>\n<meta property=\"og:video:duration\" content=\"124\" \/>\n<meta property=\"og:video:width\" content=\"480\" \/>\n<meta property=\"og:video:height\" content=\"270\" \/>\n<meta property=\"ya:ovs:adult\" content=\"false\" \/>\n<meta property=\"ya:ovs:upload_date\" content=\"2021-12-26T12:39:20+00:00\" \/>\n<meta property=\"ya:ovs:allow_embed\" content=\"true\" \/>\n<!-- \/ Yoast SEO Premium plugin. -->","yoast_head_json":{"title":"Reportagens da Altominho.tv passam na CNN Portugal","robots":{"index":"index","follow":"follow","max-snippet":"max-snippet:-1","max-image-preview":"max-image-preview:large","max-video-preview":"max-video-preview:-1"},"canonical":"https:\/\/www.altominho.tv\/site\/2021\/12\/26\/reportagens-da-altominho-tv-passam-na-cnn-portugal\/","og_locale":"pt_PT","og_type":"article","og_title":"Reportagens da Altominho.tv passam na CNN Portugal","og_description":"A CNN Portugal arrancou no dia 22 de novembro e est\u00e1 a marcar uma nova era na televis\u00e3o nacional. A Altominho.tv, foi escolhida pela CNN Portugal, para ser o \u00fanico \u00f3rg\u00e3o de comunica\u00e7\u00e3o parceiro deste projeto, a cobrir toda a regi\u00e3o do Alto Minho. De acordo com Jo\u00e3o Fernando Ramos, Diretor da CNN\/Norte, &#8220;este novo [&hellip;]","og_url":"https:\/\/www.altominho.tv\/site\/2021\/12\/26\/reportagens-da-altominho-tv-passam-na-cnn-portugal\/","og_site_name":"Altominho.tv","article_publisher":"https:\/\/www.facebook.com\/altominhotv","article_published_time":"2021-12-26T12:39:20+00:00","article_modified_time":"2021-12-26T12:46:56+00:00","og_image":[{"width":1920,"height":1080,"url":"https:\/\/www.altominho.tv\/site\/wp-content\/uploads\/2021\/12\/CNN_AltominhoTV_2.jpg","type":"image\/jpeg"}],"author":"Altominho.tv","twitter_card":"summary_large_image","twitter_creator":"@altominhoTV","twitter_site":"@altominhoTV","twitter_misc":{"Escrito por":"Altominho.tv","Tempo estimado de leitura":"2 minutos"},"schema":{"@context":"https:\/\/schema.org","@graph":[{"@type":"Article","@id":"https:\/\/www.altominho.tv\/site\/2021\/12\/26\/reportagens-da-altominho-tv-passam-na-cnn-portugal\/#article","isPartOf":{"@id":"https:\/\/www.altominho.tv\/site\/2021\/12\/26\/reportagens-da-altominho-tv-passam-na-cnn-portugal\/"},"author":{"name":"Altominho.tv","@id":"https:\/\/www.altominho.tv\/site\/#\/schema\/person\/4e536851627d7914baf3dac752b6af22"},"headline":"Reportagens da Altominho.tv passam na CNN Portugal","datePublished":"2021-12-26T12:39:20+00:00","dateModified":"2021-12-26T12:46:56+00:00","mainEntityOfPage":{"@id":"https:\/\/www.altominho.tv\/site\/2021\/12\/26\/reportagens-da-altominho-tv-passam-na-cnn-portugal\/"},"wordCount":264,"image":{"@id":"https:\/\/www.altominho.tv\/site\/2021\/12\/26\/reportagens-da-altominho-tv-passam-na-cnn-portugal\/#primaryimage"},"thumbnailUrl":"https:\/\/www.altominho.tv\/site\/wp-content\/uploads\/2021\/12\/CNN_AltominhoTV_2.jpg","keywords":["Sociedade"],"articleSection":["Alto Minho"],"inLanguage":"pt-PT","copyrightYear":"2021","copyrightHolder":{"@id":"https:\/\/www.altominho.tv\/site\/#organization"}},{"@type":"WebPage","@id":"https:\/\/www.altominho.tv\/site\/2021\/12\/26\/reportagens-da-altominho-tv-passam-na-cnn-portugal\/","url":"https:\/\/www.altominho.tv\/site\/2021\/12\/26\/reportagens-da-altominho-tv-passam-na-cnn-portugal\/","name":"Reportagens da Altominho.tv passam na CNN Portugal","isPartOf":{"@id":"https:\/\/www.altominho.tv\/site\/#website"},"primaryImageOfPage":{"@id":"https:\/\/www.altominho.tv\/site\/2021\/12\/26\/reportagens-da-altominho-tv-passam-na-cnn-portugal\/#primaryimage"},"image":{"@id":"https:\/\/www.altominho.tv\/site\/2021\/12\/26\/reportagens-da-altominho-tv-passam-na-cnn-portugal\/#primaryimage"},"thumbnailUrl":"https:\/\/www.altominho.tv\/site\/wp-content\/uploads\/2021\/12\/CNN_AltominhoTV_2.jpg","datePublished":"2021-12-26T12:39:20+00:00","dateModified":"2021-12-26T12:46:56+00:00","author":{"@id":"https:\/\/www.altominho.tv\/site\/#\/schema\/person\/4e536851627d7914baf3dac752b6af22"},"breadcrumb":{"@id":"https:\/\/www.altominho.tv\/site\/2021\/12\/26\/reportagens-da-altominho-tv-passam-na-cnn-portugal\/#breadcrumb"},"inLanguage":"pt-PT","potentialAction":[{"@type":"ReadAction","target":["https:\/\/www.altominho.tv\/site\/2021\/12\/26\/reportagens-da-altominho-tv-passam-na-cnn-portugal\/"]}]},{"@type":"ImageObject","inLanguage":"pt-PT","@id":"https:\/\/www.altominho.tv\/site\/2021\/12\/26\/reportagens-da-altominho-tv-passam-na-cnn-portugal\/#primaryimage","url":"https:\/\/www.altominho.tv\/site\/wp-content\/uploads\/2021\/12\/CNN_AltominhoTV_2.jpg","contentUrl":"https:\/\/www.altominho.tv\/site\/wp-content\/uploads\/2021\/12\/CNN_AltominhoTV_2.jpg","width":1920,"height":1080},{"@type":"BreadcrumbList","@id":"https:\/\/www.altominho.tv\/site\/2021\/12\/26\/reportagens-da-altominho-tv-passam-na-cnn-portugal\/#breadcrumb","itemListElement":[{"@type":"ListItem","position":1,"name":"In\u00edcio","item":"https:\/\/www.altominho.tv\/site\/"},{"@type":"ListItem","position":2,"name":"Reportagens da Altominho.tv passam na CNN Portugal"}]},{"@type":"WebSite","@id":"https:\/\/www.altominho.tv\/site\/#website","url":"https:\/\/www.altominho.tv\/site\/","name":"Altominho.tv","description":"A sua regi\u00e3o \u00e0 dist\u00e2ncia de um clique...","potentialAction":[{"@type":"SearchAction","target":{"@type":"EntryPoint","urlTemplate":"https:\/\/www.altominho.tv\/site\/?s={search_term_string}"},"query-input":{"@type":"PropertyValueSpecification","valueRequired":true,"valueName":"search_term_string"}}],"inLanguage":"pt-PT"},{"@type":"Person","@id":"https:\/\/www.altominho.tv\/site\/#\/schema\/person\/4e536851627d7914baf3dac752b6af22","name":"Altominho.tv","image":{"@type":"ImageObject","inLanguage":"pt-PT","@id":"https:\/\/www.altominho.tv\/site\/wp-content\/uploads\/2019\/11\/Logo_Avatar_2-150x150.jpg","url":"https:\/\/www.altominho.tv\/site\/wp-content\/uploads\/2019\/11\/Logo_Avatar_2-150x150.jpg","contentUrl":"https:\/\/www.altominho.tv\/site\/wp-content\/uploads\/2019\/11\/Logo_Avatar_2-150x150.jpg","caption":"Altominho.tv"},"url":"https:\/\/www.altominho.tv\/site\/author\/altominhotv-tecnico\/"}]},"og_video":"https:\/\/www.youtube.com\/embed\/u7xY7fS0cBs","og_video_type":"text\/html","og_video_duration":"124","og_video_width":"480","og_video_height":"270","ya_ovs_adult":"false","ya_ovs_upload_date":"2021-12-26T12:39:20+00:00","ya_ovs_allow_embed":"true"},"_links":{"self":[{"href":"https:\/\/www.altominho.tv\/site\/wp-json\/wp\/v2\/posts\/73941","targetHints":{"allow":["GET"]}}],"collection":[{"href":"https:\/\/www.altominho.tv\/site\/wp-json\/wp\/v2\/posts"}],"about":[{"href":"https:\/\/www.altominho.tv\/site\/wp-json\/wp\/v2\/types\/post"}],"author":[{"embeddable":true,"href":"https:\/\/www.altominho.tv\/site\/wp-json\/wp\/v2\/users\/1"}],"replies":[{"embeddable":true,"href":"https:\/\/www.altominho.tv\/site\/wp-json\/wp\/v2\/comments?post=73941"}],"version-history":[{"count":0,"href":"https:\/\/www.altominho.tv\/site\/wp-json\/wp\/v2\/posts\/73941\/revisions"}],"wp:featuredmedia":[{"embeddable":true,"href":"https:\/\/www.altominho.tv\/site\/wp-json\/wp\/v2\/media\/73949"}],"wp:attachment":[{"href":"https:\/\/www.altominho.tv\/site\/wp-json\/wp\/v2\/media?parent=73941"}],"wp:term":[{"taxonomy":"category","embeddable":true,"href":"https:\/\/www.altominho.tv\/site\/wp-json\/wp\/v2\/categories?post=73941"},{"taxonomy":"post_tag","embeddable":true,"href":"https:\/\/www.altominho.tv\/site\/wp-json\/wp\/v2\/tags?post=73941"}],"curies":[{"name":"wp","href":"https:\/\/api.w.org\/{rel}","templated":true}]}}