{"id":73925,"date":"2021-12-23T20:45:32","date_gmt":"2021-12-23T20:45:32","guid":{"rendered":"https:\/\/www.altominho.tv\/site\/?p=73925"},"modified":"2021-12-23T20:45:34","modified_gmt":"2021-12-23T20:45:34","slug":"professores-e-funcionarios-serao-testados-no-inicio-do-2-o-periodo","status":"publish","type":"post","link":"https:\/\/www.altominho.tv\/site\/2021\/12\/23\/professores-e-funcionarios-serao-testados-no-inicio-do-2-o-periodo\/","title":{"rendered":"Professores e funcion\u00e1rios ser\u00e3o testados no in\u00edcio do 2.\u00ba per\u00edodo"},"content":{"rendered":"<p data-uw-styling-context=\"true\">Os professores e funcion\u00e1rios das escolas v\u00e3o ser testados ao v\u00edrus SARS-CoV-2 no in\u00edcio do 2.\u00ba per\u00edodo, anunciou hoje o Minist\u00e9rio da Educa\u00e7\u00e3o, antecipado que o processo esteja conclu\u00eddo at\u00e9 ao final da segunda semana de aulas.<\/p>\n<p class=\"text-paragraph\" data-uw-styling-context=\"true\">A decis\u00e3o de testar estes profissionais no regresso \u00e0s atividades presenciais surge na sequ\u00eancia de um parecer da Dire\u00e7\u00e3o-Geral da Sa\u00fade, que recomenda \u201cno in\u00edcio do 2.\u00ba per\u00edodo do ano letivo 2021\/2022, (\u2026) um \u2018screening\u2019 dirigido \u00e0 comunidade escolar\u201d.<\/p>\n<p class=\"text-paragraph\" data-uw-styling-context=\"true\">Assim, em janeiro todos os docentes e n\u00e3o docentes ser\u00e3o testados, de forma faseada e independentemente do seu estado vacinal.<\/p>\n<p class=\"text-paragraph\" data-uw-styling-context=\"true\">O Minist\u00e9rio da Educa\u00e7\u00e3o n\u00e3o precisa quando ter\u00e1 in\u00edcio o rastreio a esses profissionais, mas antecipa que o processo esteja conclu\u00eddo at\u00e9 ao final da segunda semana de aulas.<\/p>\n<p class=\"text-paragraph\" data-uw-styling-context=\"true\">\u201cTal como em todos os outros per\u00edodos em que decorreu testagem nos estabelecimentos de educa\u00e7\u00e3o e ensino, e atendendo \u00e0 capacidade instalada, a realiza\u00e7\u00e3o destes testes r\u00e1pidos de antig\u00e9nio ocorrer\u00e1 de forma faseada, prevendo-se que o procedimento esteja conclu\u00eddo durante as duas primeiras semanas de retoma da atividade presencial\u201d, l\u00ea-se no comunicado.<\/p>\n","protected":false},"excerpt":{"rendered":"<p>Os professores e funcion\u00e1rios das escolas v\u00e3o ser testados ao v\u00edrus SARS-CoV-2 no in\u00edcio do 2.\u00ba per\u00edodo, anunciou hoje o Minist\u00e9rio da Educa\u00e7\u00e3o, antecipado que o processo esteja conclu\u00eddo at\u00e9 ao final da segunda semana de aulas. A decis\u00e3o de testar estes profissionais no regresso \u00e0s atividades presenciais surge na sequ\u00eancia de um parecer da [&hellip;]<\/p>\n","protected":false},"author":13,"featured_media":73926,"comment_status":"closed","ping_status":"closed","sticky":false,"template":"","format":"standard","meta":{"_exactmetrics_skip_tracking":false,"_exactmetrics_sitenote_active":false,"_exactmetrics_sitenote_note":"","_exactmetrics_sitenote_category":0,"footnotes":""},"categories":[42722],"tags":[22],"class_list":["post-73925","post","type-post","status-publish","format-standard","has-post-thumbnail","hentry","category-covid-19","tag-educacao"],"yoast_head":"<!-- This site is optimized with the Yoast SEO Premium plugin v27.5 (Yoast SEO v27.5) - https:\/\/yoast.com\/product\/yoast-seo-premium-wordpress\/ -->\n<title>Professores e funcion\u00e1rios ser\u00e3o testados no in\u00edcio do 2.\u00ba per\u00edodo<\/title>\n<meta name=\"robots\" content=\"index, follow, max-snippet:-1, max-image-preview:large, max-video-preview:-1\" \/>\n<link rel=\"canonical\" href=\"https:\/\/www.altominho.tv\/site\/2021\/12\/23\/professores-e-funcionarios-serao-testados-no-inicio-do-2-o-periodo\/\" \/>\n<meta property=\"og:locale\" content=\"pt_PT\" \/>\n<meta property=\"og:type\" content=\"article\" \/>\n<meta property=\"og:title\" content=\"Professores e funcion\u00e1rios ser\u00e3o testados no in\u00edcio do 2.\u00ba per\u00edodo\" \/>\n<meta property=\"og:description\" content=\"Os professores e funcion\u00e1rios das escolas v\u00e3o ser testados ao v\u00edrus SARS-CoV-2 no in\u00edcio do 2.\u00ba per\u00edodo, anunciou hoje o Minist\u00e9rio da Educa\u00e7\u00e3o, antecipado que o processo esteja conclu\u00eddo at\u00e9 ao final da segunda semana de aulas. A decis\u00e3o de testar estes profissionais no regresso \u00e0s atividades presenciais surge na sequ\u00eancia de um parecer da [&hellip;]\" \/>\n<meta property=\"og:url\" content=\"https:\/\/www.altominho.tv\/site\/2021\/12\/23\/professores-e-funcionarios-serao-testados-no-inicio-do-2-o-periodo\/\" \/>\n<meta property=\"og:site_name\" content=\"Altominho.tv\" \/>\n<meta property=\"article:publisher\" content=\"https:\/\/www.facebook.com\/altominhotv\" \/>\n<meta property=\"article:published_time\" content=\"2021-12-23T20:45:32+00:00\" \/>\n<meta property=\"article:modified_time\" content=\"2021-12-23T20:45:34+00:00\" \/>\n<meta property=\"og:image\" content=\"https:\/\/www.altominho.tv\/site\/wp-content\/uploads\/2021\/12\/Sala_de_Aula_Covid.jpg\" \/>\n\t<meta property=\"og:image:width\" content=\"800\" \/>\n\t<meta property=\"og:image:height\" content=\"450\" \/>\n\t<meta property=\"og:image:type\" content=\"image\/jpeg\" \/>\n<meta name=\"author\" content=\"Lusa\" \/>\n<meta name=\"twitter:card\" content=\"summary_large_image\" \/>\n<meta name=\"twitter:creator\" content=\"@altominhoTV\" \/>\n<meta name=\"twitter:site\" content=\"@altominhoTV\" \/>\n<meta name=\"twitter:label1\" content=\"Escrito por\" \/>\n\t<meta name=\"twitter:data1\" content=\"Lusa\" \/>\n\t<meta name=\"twitter:label2\" content=\"Tempo estimado de leitura\" \/>\n\t<meta name=\"twitter:data2\" content=\"1 minuto\" \/>\n<script type=\"application\/ld+json\" class=\"yoast-schema-graph\">{\"@context\":\"https:\\\/\\\/schema.org\",\"@graph\":[{\"@type\":\"Article\",\"@id\":\"https:\\\/\\\/www.altominho.tv\\\/site\\\/2021\\\/12\\\/23\\\/professores-e-funcionarios-serao-testados-no-inicio-do-2-o-periodo\\\/#article\",\"isPartOf\":{\"@id\":\"https:\\\/\\\/www.altominho.tv\\\/site\\\/2021\\\/12\\\/23\\\/professores-e-funcionarios-serao-testados-no-inicio-do-2-o-periodo\\\/\"},\"author\":{\"name\":\"Lusa\",\"@id\":\"https:\\\/\\\/www.altominho.tv\\\/site\\\/#\\\/schema\\\/person\\\/63f693da3e1899361cbe955c46f3232e\"},\"headline\":\"Professores e funcion\u00e1rios ser\u00e3o testados no in\u00edcio do 2.\u00ba per\u00edodo\",\"datePublished\":\"2021-12-23T20:45:32+00:00\",\"dateModified\":\"2021-12-23T20:45:34+00:00\",\"mainEntityOfPage\":{\"@id\":\"https:\\\/\\\/www.altominho.tv\\\/site\\\/2021\\\/12\\\/23\\\/professores-e-funcionarios-serao-testados-no-inicio-do-2-o-periodo\\\/\"},\"wordCount\":212,\"image\":{\"@id\":\"https:\\\/\\\/www.altominho.tv\\\/site\\\/2021\\\/12\\\/23\\\/professores-e-funcionarios-serao-testados-no-inicio-do-2-o-periodo\\\/#primaryimage\"},\"thumbnailUrl\":\"https:\\\/\\\/www.altominho.tv\\\/site\\\/wp-content\\\/uploads\\\/2021\\\/12\\\/Sala_de_Aula_Covid.jpg\",\"keywords\":[\"Educa\u00e7\u00e3o\"],\"articleSection\":[\"Coronav\u00edrus\"],\"inLanguage\":\"pt-PT\",\"copyrightYear\":\"2021\",\"copyrightHolder\":{\"@id\":\"https:\\\/\\\/www.altominho.tv\\\/site\\\/#organization\"}},{\"@type\":\"WebPage\",\"@id\":\"https:\\\/\\\/www.altominho.tv\\\/site\\\/2021\\\/12\\\/23\\\/professores-e-funcionarios-serao-testados-no-inicio-do-2-o-periodo\\\/\",\"url\":\"https:\\\/\\\/www.altominho.tv\\\/site\\\/2021\\\/12\\\/23\\\/professores-e-funcionarios-serao-testados-no-inicio-do-2-o-periodo\\\/\",\"name\":\"Professores e funcion\u00e1rios ser\u00e3o testados no in\u00edcio do 2.\u00ba per\u00edodo\",\"isPartOf\":{\"@id\":\"https:\\\/\\\/www.altominho.tv\\\/site\\\/#website\"},\"primaryImageOfPage\":{\"@id\":\"https:\\\/\\\/www.altominho.tv\\\/site\\\/2021\\\/12\\\/23\\\/professores-e-funcionarios-serao-testados-no-inicio-do-2-o-periodo\\\/#primaryimage\"},\"image\":{\"@id\":\"https:\\\/\\\/www.altominho.tv\\\/site\\\/2021\\\/12\\\/23\\\/professores-e-funcionarios-serao-testados-no-inicio-do-2-o-periodo\\\/#primaryimage\"},\"thumbnailUrl\":\"https:\\\/\\\/www.altominho.tv\\\/site\\\/wp-content\\\/uploads\\\/2021\\\/12\\\/Sala_de_Aula_Covid.jpg\",\"datePublished\":\"2021-12-23T20:45:32+00:00\",\"dateModified\":\"2021-12-23T20:45:34+00:00\",\"author\":{\"@id\":\"https:\\\/\\\/www.altominho.tv\\\/site\\\/#\\\/schema\\\/person\\\/63f693da3e1899361cbe955c46f3232e\"},\"breadcrumb\":{\"@id\":\"https:\\\/\\\/www.altominho.tv\\\/site\\\/2021\\\/12\\\/23\\\/professores-e-funcionarios-serao-testados-no-inicio-do-2-o-periodo\\\/#breadcrumb\"},\"inLanguage\":\"pt-PT\",\"potentialAction\":[{\"@type\":\"ReadAction\",\"target\":[\"https:\\\/\\\/www.altominho.tv\\\/site\\\/2021\\\/12\\\/23\\\/professores-e-funcionarios-serao-testados-no-inicio-do-2-o-periodo\\\/\"]}]},{\"@type\":\"ImageObject\",\"inLanguage\":\"pt-PT\",\"@id\":\"https:\\\/\\\/www.altominho.tv\\\/site\\\/2021\\\/12\\\/23\\\/professores-e-funcionarios-serao-testados-no-inicio-do-2-o-periodo\\\/#primaryimage\",\"url\":\"https:\\\/\\\/www.altominho.tv\\\/site\\\/wp-content\\\/uploads\\\/2021\\\/12\\\/Sala_de_Aula_Covid.jpg\",\"contentUrl\":\"https:\\\/\\\/www.altominho.tv\\\/site\\\/wp-content\\\/uploads\\\/2021\\\/12\\\/Sala_de_Aula_Covid.jpg\",\"width\":800,\"height\":450},{\"@type\":\"BreadcrumbList\",\"@id\":\"https:\\\/\\\/www.altominho.tv\\\/site\\\/2021\\\/12\\\/23\\\/professores-e-funcionarios-serao-testados-no-inicio-do-2-o-periodo\\\/#breadcrumb\",\"itemListElement\":[{\"@type\":\"ListItem\",\"position\":1,\"name\":\"In\u00edcio\",\"item\":\"https:\\\/\\\/www.altominho.tv\\\/site\\\/\"},{\"@type\":\"ListItem\",\"position\":2,\"name\":\"Professores e funcion\u00e1rios ser\u00e3o testados no in\u00edcio do 2.\u00ba per\u00edodo\"}]},{\"@type\":\"WebSite\",\"@id\":\"https:\\\/\\\/www.altominho.tv\\\/site\\\/#website\",\"url\":\"https:\\\/\\\/www.altominho.tv\\\/site\\\/\",\"name\":\"Altominho.tv\",\"description\":\"A sua regi\u00e3o \u00e0 dist\u00e2ncia de um clique...\",\"potentialAction\":[{\"@type\":\"SearchAction\",\"target\":{\"@type\":\"EntryPoint\",\"urlTemplate\":\"https:\\\/\\\/www.altominho.tv\\\/site\\\/?s={search_term_string}\"},\"query-input\":{\"@type\":\"PropertyValueSpecification\",\"valueRequired\":true,\"valueName\":\"search_term_string\"}}],\"inLanguage\":\"pt-PT\"},{\"@type\":\"Person\",\"@id\":\"https:\\\/\\\/www.altominho.tv\\\/site\\\/#\\\/schema\\\/person\\\/63f693da3e1899361cbe955c46f3232e\",\"name\":\"Lusa\",\"image\":{\"@type\":\"ImageObject\",\"inLanguage\":\"pt-PT\",\"@id\":\"https:\\\/\\\/www.altominho.tv\\\/site\\\/wp-content\\\/uploads\\\/2019\\\/08\\\/LUSA_Logo.gif\",\"url\":\"https:\\\/\\\/www.altominho.tv\\\/site\\\/wp-content\\\/uploads\\\/2019\\\/08\\\/LUSA_Logo.gif\",\"contentUrl\":\"https:\\\/\\\/www.altominho.tv\\\/site\\\/wp-content\\\/uploads\\\/2019\\\/08\\\/LUSA_Logo.gif\",\"caption\":\"Lusa\"},\"sameAs\":[\"http:\\\/\\\/\\\/\\\/www.altominho.tv\\\/site\"],\"url\":\"https:\\\/\\\/www.altominho.tv\\\/site\\\/author\\\/lusa\\\/\"}]}<\/script>\n<!-- \/ Yoast SEO Premium plugin. -->","yoast_head_json":{"title":"Professores e funcion\u00e1rios ser\u00e3o testados no in\u00edcio do 2.\u00ba per\u00edodo","robots":{"index":"index","follow":"follow","max-snippet":"max-snippet:-1","max-image-preview":"max-image-preview:large","max-video-preview":"max-video-preview:-1"},"canonical":"https:\/\/www.altominho.tv\/site\/2021\/12\/23\/professores-e-funcionarios-serao-testados-no-inicio-do-2-o-periodo\/","og_locale":"pt_PT","og_type":"article","og_title":"Professores e funcion\u00e1rios ser\u00e3o testados no in\u00edcio do 2.\u00ba per\u00edodo","og_description":"Os professores e funcion\u00e1rios das escolas v\u00e3o ser testados ao v\u00edrus SARS-CoV-2 no in\u00edcio do 2.\u00ba per\u00edodo, anunciou hoje o Minist\u00e9rio da Educa\u00e7\u00e3o, antecipado que o processo esteja conclu\u00eddo at\u00e9 ao final da segunda semana de aulas. A decis\u00e3o de testar estes profissionais no regresso \u00e0s atividades presenciais surge na sequ\u00eancia de um parecer da [&hellip;]","og_url":"https:\/\/www.altominho.tv\/site\/2021\/12\/23\/professores-e-funcionarios-serao-testados-no-inicio-do-2-o-periodo\/","og_site_name":"Altominho.tv","article_publisher":"https:\/\/www.facebook.com\/altominhotv","article_published_time":"2021-12-23T20:45:32+00:00","article_modified_time":"2021-12-23T20:45:34+00:00","og_image":[{"width":800,"height":450,"url":"https:\/\/www.altominho.tv\/site\/wp-content\/uploads\/2021\/12\/Sala_de_Aula_Covid.jpg","type":"image\/jpeg"}],"author":"Lusa","twitter_card":"summary_large_image","twitter_creator":"@altominhoTV","twitter_site":"@altominhoTV","twitter_misc":{"Escrito por":"Lusa","Tempo estimado de leitura":"1 minuto"},"schema":{"@context":"https:\/\/schema.org","@graph":[{"@type":"Article","@id":"https:\/\/www.altominho.tv\/site\/2021\/12\/23\/professores-e-funcionarios-serao-testados-no-inicio-do-2-o-periodo\/#article","isPartOf":{"@id":"https:\/\/www.altominho.tv\/site\/2021\/12\/23\/professores-e-funcionarios-serao-testados-no-inicio-do-2-o-periodo\/"},"author":{"name":"Lusa","@id":"https:\/\/www.altominho.tv\/site\/#\/schema\/person\/63f693da3e1899361cbe955c46f3232e"},"headline":"Professores e funcion\u00e1rios ser\u00e3o testados no in\u00edcio do 2.\u00ba per\u00edodo","datePublished":"2021-12-23T20:45:32+00:00","dateModified":"2021-12-23T20:45:34+00:00","mainEntityOfPage":{"@id":"https:\/\/www.altominho.tv\/site\/2021\/12\/23\/professores-e-funcionarios-serao-testados-no-inicio-do-2-o-periodo\/"},"wordCount":212,"image":{"@id":"https:\/\/www.altominho.tv\/site\/2021\/12\/23\/professores-e-funcionarios-serao-testados-no-inicio-do-2-o-periodo\/#primaryimage"},"thumbnailUrl":"https:\/\/www.altominho.tv\/site\/wp-content\/uploads\/2021\/12\/Sala_de_Aula_Covid.jpg","keywords":["Educa\u00e7\u00e3o"],"articleSection":["Coronav\u00edrus"],"inLanguage":"pt-PT","copyrightYear":"2021","copyrightHolder":{"@id":"https:\/\/www.altominho.tv\/site\/#organization"}},{"@type":"WebPage","@id":"https:\/\/www.altominho.tv\/site\/2021\/12\/23\/professores-e-funcionarios-serao-testados-no-inicio-do-2-o-periodo\/","url":"https:\/\/www.altominho.tv\/site\/2021\/12\/23\/professores-e-funcionarios-serao-testados-no-inicio-do-2-o-periodo\/","name":"Professores e funcion\u00e1rios ser\u00e3o testados no in\u00edcio do 2.\u00ba per\u00edodo","isPartOf":{"@id":"https:\/\/www.altominho.tv\/site\/#website"},"primaryImageOfPage":{"@id":"https:\/\/www.altominho.tv\/site\/2021\/12\/23\/professores-e-funcionarios-serao-testados-no-inicio-do-2-o-periodo\/#primaryimage"},"image":{"@id":"https:\/\/www.altominho.tv\/site\/2021\/12\/23\/professores-e-funcionarios-serao-testados-no-inicio-do-2-o-periodo\/#primaryimage"},"thumbnailUrl":"https:\/\/www.altominho.tv\/site\/wp-content\/uploads\/2021\/12\/Sala_de_Aula_Covid.jpg","datePublished":"2021-12-23T20:45:32+00:00","dateModified":"2021-12-23T20:45:34+00:00","author":{"@id":"https:\/\/www.altominho.tv\/site\/#\/schema\/person\/63f693da3e1899361cbe955c46f3232e"},"breadcrumb":{"@id":"https:\/\/www.altominho.tv\/site\/2021\/12\/23\/professores-e-funcionarios-serao-testados-no-inicio-do-2-o-periodo\/#breadcrumb"},"inLanguage":"pt-PT","potentialAction":[{"@type":"ReadAction","target":["https:\/\/www.altominho.tv\/site\/2021\/12\/23\/professores-e-funcionarios-serao-testados-no-inicio-do-2-o-periodo\/"]}]},{"@type":"ImageObject","inLanguage":"pt-PT","@id":"https:\/\/www.altominho.tv\/site\/2021\/12\/23\/professores-e-funcionarios-serao-testados-no-inicio-do-2-o-periodo\/#primaryimage","url":"https:\/\/www.altominho.tv\/site\/wp-content\/uploads\/2021\/12\/Sala_de_Aula_Covid.jpg","contentUrl":"https:\/\/www.altominho.tv\/site\/wp-content\/uploads\/2021\/12\/Sala_de_Aula_Covid.jpg","width":800,"height":450},{"@type":"BreadcrumbList","@id":"https:\/\/www.altominho.tv\/site\/2021\/12\/23\/professores-e-funcionarios-serao-testados-no-inicio-do-2-o-periodo\/#breadcrumb","itemListElement":[{"@type":"ListItem","position":1,"name":"In\u00edcio","item":"https:\/\/www.altominho.tv\/site\/"},{"@type":"ListItem","position":2,"name":"Professores e funcion\u00e1rios ser\u00e3o testados no in\u00edcio do 2.\u00ba per\u00edodo"}]},{"@type":"WebSite","@id":"https:\/\/www.altominho.tv\/site\/#website","url":"https:\/\/www.altominho.tv\/site\/","name":"Altominho.tv","description":"A sua regi\u00e3o \u00e0 dist\u00e2ncia de um clique...","potentialAction":[{"@type":"SearchAction","target":{"@type":"EntryPoint","urlTemplate":"https:\/\/www.altominho.tv\/site\/?s={search_term_string}"},"query-input":{"@type":"PropertyValueSpecification","valueRequired":true,"valueName":"search_term_string"}}],"inLanguage":"pt-PT"},{"@type":"Person","@id":"https:\/\/www.altominho.tv\/site\/#\/schema\/person\/63f693da3e1899361cbe955c46f3232e","name":"Lusa","image":{"@type":"ImageObject","inLanguage":"pt-PT","@id":"https:\/\/www.altominho.tv\/site\/wp-content\/uploads\/2019\/08\/LUSA_Logo.gif","url":"https:\/\/www.altominho.tv\/site\/wp-content\/uploads\/2019\/08\/LUSA_Logo.gif","contentUrl":"https:\/\/www.altominho.tv\/site\/wp-content\/uploads\/2019\/08\/LUSA_Logo.gif","caption":"Lusa"},"sameAs":["http:\/\/\/\/www.altominho.tv\/site"],"url":"https:\/\/www.altominho.tv\/site\/author\/lusa\/"}]}},"_links":{"self":[{"href":"https:\/\/www.altominho.tv\/site\/wp-json\/wp\/v2\/posts\/73925","targetHints":{"allow":["GET"]}}],"collection":[{"href":"https:\/\/www.altominho.tv\/site\/wp-json\/wp\/v2\/posts"}],"about":[{"href":"https:\/\/www.altominho.tv\/site\/wp-json\/wp\/v2\/types\/post"}],"author":[{"embeddable":true,"href":"https:\/\/www.altominho.tv\/site\/wp-json\/wp\/v2\/users\/13"}],"replies":[{"embeddable":true,"href":"https:\/\/www.altominho.tv\/site\/wp-json\/wp\/v2\/comments?post=73925"}],"version-history":[{"count":0,"href":"https:\/\/www.altominho.tv\/site\/wp-json\/wp\/v2\/posts\/73925\/revisions"}],"wp:featuredmedia":[{"embeddable":true,"href":"https:\/\/www.altominho.tv\/site\/wp-json\/wp\/v2\/media\/73926"}],"wp:attachment":[{"href":"https:\/\/www.altominho.tv\/site\/wp-json\/wp\/v2\/media?parent=73925"}],"wp:term":[{"taxonomy":"category","embeddable":true,"href":"https:\/\/www.altominho.tv\/site\/wp-json\/wp\/v2\/categories?post=73925"},{"taxonomy":"post_tag","embeddable":true,"href":"https:\/\/www.altominho.tv\/site\/wp-json\/wp\/v2\/tags?post=73925"}],"curies":[{"name":"wp","href":"https:\/\/api.w.org\/{rel}","templated":true}]}}