{"id":73907,"date":"2021-12-23T15:27:36","date_gmt":"2021-12-23T15:27:36","guid":{"rendered":"https:\/\/www.altominho.tv\/site\/?p=73907"},"modified":"2021-12-23T15:28:34","modified_gmt":"2021-12-23T15:28:34","slug":"portugal-ultrapassa-os-10-000-casos-positivos-nas-ultimas-24-horas","status":"publish","type":"post","link":"https:\/\/www.altominho.tv\/site\/2021\/12\/23\/portugal-ultrapassa-os-10-000-casos-positivos-nas-ultimas-24-horas\/","title":{"rendered":"Portugal ultrapassa os 10.000 casos positivos nas \u00faltimas 24 horas"},"content":{"rendered":"<p data-uw-styling-context=\"true\">Portugal regista hoje mais 17 mortes associadas \u00e0 covid-19 e 10.549 infe\u00e7\u00f5es com o coronav\u00edrus SARS-CoV-2, o maior n\u00famero de novos casos desde 03\u00a0de fevereiro, indica a Dire\u00e7\u00e3o-Geral da Sa\u00fade (DGS).<\/p>\n<p class=\"text-paragraph\" data-uw-styling-context=\"true\">O n\u00famero de novas infe\u00e7\u00f5es registado nas \u00faltimas 24 horas \u00e9 o mais elevado desde aquela data, quando se registaram 9.083 casos.<\/p>\n<p data-uw-styling-context=\"true\">Portugal regista hoje mais 17 mortes associadas \u00e0 covid-19 e 10.549 infe\u00e7\u00f5es com o coronav\u00edrus SARS-CoV-2, o maior n\u00famero de novos casos desde 03\u00a0de fevereiro, indica a Dire\u00e7\u00e3o-Geral da Sa\u00fade (DGS).<\/p>\n<p class=\"text-paragraph\" data-uw-styling-context=\"true\">O n\u00famero de novas infe\u00e7\u00f5es registado nas \u00faltimas 24 horas \u00e9 o mais elevado desde aquela data, quando se registaram 9.083 casos.<\/p>\n<p class=\"text-paragraph\" data-uw-styling-context=\"true\">O boletim epidemiol\u00f3gico di\u00e1rio da DGS revela ainda uma diminui\u00e7\u00e3o do n\u00famero de pessoas internadas, contabilizando hoje 893 internamentos, menos 16 do que na quarta-feira, dos quais 148 em unidades de cuidados intensivos, menos sete nas \u00faltimas 24 horas.<\/p>\n<p class=\"text-paragraph\" data-uw-styling-context=\"true\">Das 17 mortes, cinco ocorreram na regi\u00e3o Norte, tr\u00eas em Lisboa e Vale do Tejo, tr\u00eas no Centro, tr\u00eas no Algarve, duas na regi\u00e3o aut\u00f3noma da Madeira e uma no Alentejo.<\/p>\n<p class=\"text-paragraph\" data-uw-styling-context=\"true\">Lisboa e Vale do Tejo \u00e9 tamb\u00e9m a regi\u00e3o com mais novos casos diagnosticados nas \u00faltimas 24 horas (5.350, 50,7% do total), seguindo-se o Norte (2.817), o Centro (1.465), o Algarve (328), o Alentejo (255) a Madeira (249) e os A\u00e7ores (85).<\/p>\n<p class=\"text-paragraph\" data-uw-styling-context=\"true\">Segundo os dados da autoridade de sa\u00fade, registaram-se uma morte na faixa et\u00e1ria entre os 50 e os 59, tr\u00eas entre os 60 e os 69, sete entre os 70 e os 79 anos e seis entre os idosos com mais de 80 anos.<\/p>\n<p class=\"text-paragraph\" data-uw-styling-context=\"true\">O maior n\u00famero de \u00f3bitos desde o in\u00edcio da pandemia continua a concentrar-se entre os idosos com mais de 80 anos (12.235), seguindo-se as faixas et\u00e1rias entre os 70 e os 79 anos (4.072) e entre os 60 e os 69 anos (1.730).<\/p>\n<p class=\"text-paragraph\" data-uw-styling-context=\"true\">Os casos ativos de covid-19 aumentaram nas \u00faltimas 24 horas, totalizando 84.643, mais 6.584 do que na quarta-feira, e recuperaram da doen\u00e7a 3.948 pessoas, o que aumenta o total nacional de recuperados para 1.149.611.<\/p>\n<p class=\"text-paragraph\" data-uw-styling-context=\"true\">Em rela\u00e7\u00e3o ao dia anterior, as autoridades de sa\u00fade t\u00eam mais 5.185 contactos em vigil\u00e2ncia, totalizando 112.417 pessoas.<\/p>\n<p class=\"text-paragraph\" data-uw-styling-context=\"true\">O maior n\u00famero de novos casos diagnosticados \u00e9 da faixa et\u00e1ria entre os 20 e os 29 anos (2.361), seguido dos 40 aos 49 anos (1.843), dos 30 aos 39 anos (1.830), dos 10 aos 19 (1.342), dos 50 aos 59 anos (1.202), dos 0 aos 9 anos (877),dos 60 aos 69 anos (682), dos 70 aos 79 anos (265) e dos idosos com mais de 80 anos (147).<\/p>\n<p class=\"text-paragraph\" data-uw-styling-context=\"true\">Desde o in\u00edcio da pandemia, em mar\u00e7o de 2020, a regi\u00e3o de Lisboa e Vale do Tejo registou 480.085 casos e 7.936 mortes.<\/p>\n<p class=\"text-paragraph\" data-uw-styling-context=\"true\">Na regi\u00e3o Norte registaram-se 463.049 infe\u00e7\u00f5es e 5.747 \u00f3bitos e a regi\u00e3o Centro tem agora um total acumulado de 180.532 infe\u00e7\u00f5es e 3.333 mortes.<\/p>\n<p class=\"text-paragraph\" data-uw-styling-context=\"true\">O Algarve totaliza 55.327 cont\u00e1gios e 572 \u00f3bitos e o Alentejo soma 45.131 casos e 1.084 mortos por covid-19.<\/p>\n<p class=\"text-paragraph\" data-uw-styling-context=\"true\">A Regi\u00e3o Aut\u00f3noma da Madeira soma desde o in\u00edcio da pandemia 18.008 infe\u00e7\u00f5es e 118 mortes e o arquip\u00e9lago dos A\u00e7ores 10.962 casos e 50 \u00f3bitos.<\/p>\n<p class=\"text-paragraph\" data-uw-styling-context=\"true\">As autoridades regionais dos A\u00e7ores e da Madeira divulgam diariamente os seus dados, que podem n\u00e3o coincidir com a informa\u00e7\u00e3o divulgada no boletim da DGS.<\/p>\n","protected":false},"excerpt":{"rendered":"<p>Portugal regista hoje mais 17 mortes associadas \u00e0 covid-19 e 10.549 infe\u00e7\u00f5es com o coronav\u00edrus SARS-CoV-2, o maior n\u00famero de novos casos desde 03\u00a0de fevereiro, indica a Dire\u00e7\u00e3o-Geral da Sa\u00fade (DGS). O n\u00famero de novas infe\u00e7\u00f5es registado nas \u00faltimas 24 horas \u00e9 o mais elevado desde aquela data, quando se registaram 9.083 casos. Portugal regista [&hellip;]<\/p>\n","protected":false},"author":13,"featured_media":73824,"comment_status":"closed","ping_status":"closed","sticky":false,"template":"","format":"standard","meta":{"_exactmetrics_skip_tracking":false,"_exactmetrics_sitenote_active":false,"_exactmetrics_sitenote_note":"","_exactmetrics_sitenote_category":0,"footnotes":""},"categories":[42722],"tags":[26],"class_list":["post-73907","post","type-post","status-publish","format-standard","has-post-thumbnail","hentry","category-covid-19","tag-saude"],"yoast_head":"<!-- This site is optimized with the Yoast SEO Premium plugin v27.5 (Yoast SEO v27.5) - https:\/\/yoast.com\/product\/yoast-seo-premium-wordpress\/ -->\n<title>Portugal ultrapassa os 10.000 casos positivos nas \u00faltimas 24 horas<\/title>\n<meta name=\"robots\" content=\"index, follow, max-snippet:-1, max-image-preview:large, max-video-preview:-1\" \/>\n<link rel=\"canonical\" href=\"https:\/\/www.altominho.tv\/site\/2021\/12\/23\/portugal-ultrapassa-os-10-000-casos-positivos-nas-ultimas-24-horas\/\" \/>\n<meta property=\"og:locale\" content=\"pt_PT\" \/>\n<meta property=\"og:type\" content=\"article\" \/>\n<meta property=\"og:title\" content=\"Portugal ultrapassa os 10.000 casos positivos nas \u00faltimas 24 horas\" \/>\n<meta property=\"og:description\" content=\"Portugal regista hoje mais 17 mortes associadas \u00e0 covid-19 e 10.549 infe\u00e7\u00f5es com o coronav\u00edrus SARS-CoV-2, o maior n\u00famero de novos casos desde 03\u00a0de fevereiro, indica a Dire\u00e7\u00e3o-Geral da Sa\u00fade (DGS). O n\u00famero de novas infe\u00e7\u00f5es registado nas \u00faltimas 24 horas \u00e9 o mais elevado desde aquela data, quando se registaram 9.083 casos. Portugal regista [&hellip;]\" \/>\n<meta property=\"og:url\" content=\"https:\/\/www.altominho.tv\/site\/2021\/12\/23\/portugal-ultrapassa-os-10-000-casos-positivos-nas-ultimas-24-horas\/\" \/>\n<meta property=\"og:site_name\" content=\"Altominho.tv\" \/>\n<meta property=\"article:publisher\" content=\"https:\/\/www.facebook.com\/altominhotv\" \/>\n<meta property=\"article:published_time\" content=\"2021-12-23T15:27:36+00:00\" \/>\n<meta property=\"article:modified_time\" content=\"2021-12-23T15:28:34+00:00\" \/>\n<meta property=\"og:image\" content=\"https:\/\/www.altominho.tv\/site\/wp-content\/uploads\/2021\/12\/teste-covid-.jpeg\" \/>\n\t<meta property=\"og:image:width\" content=\"900\" \/>\n\t<meta property=\"og:image:height\" content=\"569\" \/>\n\t<meta property=\"og:image:type\" content=\"image\/jpeg\" \/>\n<meta name=\"author\" content=\"Lusa\" \/>\n<meta name=\"twitter:card\" content=\"summary_large_image\" \/>\n<meta name=\"twitter:creator\" content=\"@altominhoTV\" \/>\n<meta name=\"twitter:site\" content=\"@altominhoTV\" \/>\n<meta name=\"twitter:label1\" content=\"Escrito por\" \/>\n\t<meta name=\"twitter:data1\" content=\"Lusa\" \/>\n\t<meta name=\"twitter:label2\" content=\"Tempo estimado de leitura\" \/>\n\t<meta name=\"twitter:data2\" content=\"4 minutos\" \/>\n<script type=\"application\/ld+json\" class=\"yoast-schema-graph\">{\"@context\":\"https:\\\/\\\/schema.org\",\"@graph\":[{\"@type\":\"Article\",\"@id\":\"https:\\\/\\\/www.altominho.tv\\\/site\\\/2021\\\/12\\\/23\\\/portugal-ultrapassa-os-10-000-casos-positivos-nas-ultimas-24-horas\\\/#article\",\"isPartOf\":{\"@id\":\"https:\\\/\\\/www.altominho.tv\\\/site\\\/2021\\\/12\\\/23\\\/portugal-ultrapassa-os-10-000-casos-positivos-nas-ultimas-24-horas\\\/\"},\"author\":{\"name\":\"Lusa\",\"@id\":\"https:\\\/\\\/www.altominho.tv\\\/site\\\/#\\\/schema\\\/person\\\/63f693da3e1899361cbe955c46f3232e\"},\"headline\":\"Portugal ultrapassa os 10.000 casos positivos nas \u00faltimas 24 horas\",\"datePublished\":\"2021-12-23T15:27:36+00:00\",\"dateModified\":\"2021-12-23T15:28:34+00:00\",\"mainEntityOfPage\":{\"@id\":\"https:\\\/\\\/www.altominho.tv\\\/site\\\/2021\\\/12\\\/23\\\/portugal-ultrapassa-os-10-000-casos-positivos-nas-ultimas-24-horas\\\/\"},\"wordCount\":518,\"image\":{\"@id\":\"https:\\\/\\\/www.altominho.tv\\\/site\\\/2021\\\/12\\\/23\\\/portugal-ultrapassa-os-10-000-casos-positivos-nas-ultimas-24-horas\\\/#primaryimage\"},\"thumbnailUrl\":\"https:\\\/\\\/www.altominho.tv\\\/site\\\/wp-content\\\/uploads\\\/2021\\\/12\\\/teste-covid-.jpeg\",\"keywords\":[\"Sa\u00fade\"],\"articleSection\":[\"Coronav\u00edrus\"],\"inLanguage\":\"pt-PT\",\"copyrightYear\":\"2021\",\"copyrightHolder\":{\"@id\":\"https:\\\/\\\/www.altominho.tv\\\/site\\\/#organization\"}},{\"@type\":\"WebPage\",\"@id\":\"https:\\\/\\\/www.altominho.tv\\\/site\\\/2021\\\/12\\\/23\\\/portugal-ultrapassa-os-10-000-casos-positivos-nas-ultimas-24-horas\\\/\",\"url\":\"https:\\\/\\\/www.altominho.tv\\\/site\\\/2021\\\/12\\\/23\\\/portugal-ultrapassa-os-10-000-casos-positivos-nas-ultimas-24-horas\\\/\",\"name\":\"Portugal ultrapassa os 10.000 casos positivos nas \u00faltimas 24 horas\",\"isPartOf\":{\"@id\":\"https:\\\/\\\/www.altominho.tv\\\/site\\\/#website\"},\"primaryImageOfPage\":{\"@id\":\"https:\\\/\\\/www.altominho.tv\\\/site\\\/2021\\\/12\\\/23\\\/portugal-ultrapassa-os-10-000-casos-positivos-nas-ultimas-24-horas\\\/#primaryimage\"},\"image\":{\"@id\":\"https:\\\/\\\/www.altominho.tv\\\/site\\\/2021\\\/12\\\/23\\\/portugal-ultrapassa-os-10-000-casos-positivos-nas-ultimas-24-horas\\\/#primaryimage\"},\"thumbnailUrl\":\"https:\\\/\\\/www.altominho.tv\\\/site\\\/wp-content\\\/uploads\\\/2021\\\/12\\\/teste-covid-.jpeg\",\"datePublished\":\"2021-12-23T15:27:36+00:00\",\"dateModified\":\"2021-12-23T15:28:34+00:00\",\"author\":{\"@id\":\"https:\\\/\\\/www.altominho.tv\\\/site\\\/#\\\/schema\\\/person\\\/63f693da3e1899361cbe955c46f3232e\"},\"breadcrumb\":{\"@id\":\"https:\\\/\\\/www.altominho.tv\\\/site\\\/2021\\\/12\\\/23\\\/portugal-ultrapassa-os-10-000-casos-positivos-nas-ultimas-24-horas\\\/#breadcrumb\"},\"inLanguage\":\"pt-PT\",\"potentialAction\":[{\"@type\":\"ReadAction\",\"target\":[\"https:\\\/\\\/www.altominho.tv\\\/site\\\/2021\\\/12\\\/23\\\/portugal-ultrapassa-os-10-000-casos-positivos-nas-ultimas-24-horas\\\/\"]}]},{\"@type\":\"ImageObject\",\"inLanguage\":\"pt-PT\",\"@id\":\"https:\\\/\\\/www.altominho.tv\\\/site\\\/2021\\\/12\\\/23\\\/portugal-ultrapassa-os-10-000-casos-positivos-nas-ultimas-24-horas\\\/#primaryimage\",\"url\":\"https:\\\/\\\/www.altominho.tv\\\/site\\\/wp-content\\\/uploads\\\/2021\\\/12\\\/teste-covid-.jpeg\",\"contentUrl\":\"https:\\\/\\\/www.altominho.tv\\\/site\\\/wp-content\\\/uploads\\\/2021\\\/12\\\/teste-covid-.jpeg\",\"width\":900,\"height\":569},{\"@type\":\"BreadcrumbList\",\"@id\":\"https:\\\/\\\/www.altominho.tv\\\/site\\\/2021\\\/12\\\/23\\\/portugal-ultrapassa-os-10-000-casos-positivos-nas-ultimas-24-horas\\\/#breadcrumb\",\"itemListElement\":[{\"@type\":\"ListItem\",\"position\":1,\"name\":\"In\u00edcio\",\"item\":\"https:\\\/\\\/www.altominho.tv\\\/site\\\/\"},{\"@type\":\"ListItem\",\"position\":2,\"name\":\"Portugal ultrapassa os 10.000 casos positivos nas \u00faltimas 24 horas\"}]},{\"@type\":\"WebSite\",\"@id\":\"https:\\\/\\\/www.altominho.tv\\\/site\\\/#website\",\"url\":\"https:\\\/\\\/www.altominho.tv\\\/site\\\/\",\"name\":\"Altominho.tv\",\"description\":\"A sua regi\u00e3o \u00e0 dist\u00e2ncia de um clique...\",\"potentialAction\":[{\"@type\":\"SearchAction\",\"target\":{\"@type\":\"EntryPoint\",\"urlTemplate\":\"https:\\\/\\\/www.altominho.tv\\\/site\\\/?s={search_term_string}\"},\"query-input\":{\"@type\":\"PropertyValueSpecification\",\"valueRequired\":true,\"valueName\":\"search_term_string\"}}],\"inLanguage\":\"pt-PT\"},{\"@type\":\"Person\",\"@id\":\"https:\\\/\\\/www.altominho.tv\\\/site\\\/#\\\/schema\\\/person\\\/63f693da3e1899361cbe955c46f3232e\",\"name\":\"Lusa\",\"image\":{\"@type\":\"ImageObject\",\"inLanguage\":\"pt-PT\",\"@id\":\"https:\\\/\\\/www.altominho.tv\\\/site\\\/wp-content\\\/uploads\\\/2019\\\/08\\\/LUSA_Logo.gif\",\"url\":\"https:\\\/\\\/www.altominho.tv\\\/site\\\/wp-content\\\/uploads\\\/2019\\\/08\\\/LUSA_Logo.gif\",\"contentUrl\":\"https:\\\/\\\/www.altominho.tv\\\/site\\\/wp-content\\\/uploads\\\/2019\\\/08\\\/LUSA_Logo.gif\",\"caption\":\"Lusa\"},\"sameAs\":[\"http:\\\/\\\/\\\/\\\/www.altominho.tv\\\/site\"],\"url\":\"https:\\\/\\\/www.altominho.tv\\\/site\\\/author\\\/lusa\\\/\"}]}<\/script>\n<!-- \/ Yoast SEO Premium plugin. -->","yoast_head_json":{"title":"Portugal ultrapassa os 10.000 casos positivos nas \u00faltimas 24 horas","robots":{"index":"index","follow":"follow","max-snippet":"max-snippet:-1","max-image-preview":"max-image-preview:large","max-video-preview":"max-video-preview:-1"},"canonical":"https:\/\/www.altominho.tv\/site\/2021\/12\/23\/portugal-ultrapassa-os-10-000-casos-positivos-nas-ultimas-24-horas\/","og_locale":"pt_PT","og_type":"article","og_title":"Portugal ultrapassa os 10.000 casos positivos nas \u00faltimas 24 horas","og_description":"Portugal regista hoje mais 17 mortes associadas \u00e0 covid-19 e 10.549 infe\u00e7\u00f5es com o coronav\u00edrus SARS-CoV-2, o maior n\u00famero de novos casos desde 03\u00a0de fevereiro, indica a Dire\u00e7\u00e3o-Geral da Sa\u00fade (DGS). O n\u00famero de novas infe\u00e7\u00f5es registado nas \u00faltimas 24 horas \u00e9 o mais elevado desde aquela data, quando se registaram 9.083 casos. Portugal regista [&hellip;]","og_url":"https:\/\/www.altominho.tv\/site\/2021\/12\/23\/portugal-ultrapassa-os-10-000-casos-positivos-nas-ultimas-24-horas\/","og_site_name":"Altominho.tv","article_publisher":"https:\/\/www.facebook.com\/altominhotv","article_published_time":"2021-12-23T15:27:36+00:00","article_modified_time":"2021-12-23T15:28:34+00:00","og_image":[{"width":900,"height":569,"url":"https:\/\/www.altominho.tv\/site\/wp-content\/uploads\/2021\/12\/teste-covid-.jpeg","type":"image\/jpeg"}],"author":"Lusa","twitter_card":"summary_large_image","twitter_creator":"@altominhoTV","twitter_site":"@altominhoTV","twitter_misc":{"Escrito por":"Lusa","Tempo estimado de leitura":"4 minutos"},"schema":{"@context":"https:\/\/schema.org","@graph":[{"@type":"Article","@id":"https:\/\/www.altominho.tv\/site\/2021\/12\/23\/portugal-ultrapassa-os-10-000-casos-positivos-nas-ultimas-24-horas\/#article","isPartOf":{"@id":"https:\/\/www.altominho.tv\/site\/2021\/12\/23\/portugal-ultrapassa-os-10-000-casos-positivos-nas-ultimas-24-horas\/"},"author":{"name":"Lusa","@id":"https:\/\/www.altominho.tv\/site\/#\/schema\/person\/63f693da3e1899361cbe955c46f3232e"},"headline":"Portugal ultrapassa os 10.000 casos positivos nas \u00faltimas 24 horas","datePublished":"2021-12-23T15:27:36+00:00","dateModified":"2021-12-23T15:28:34+00:00","mainEntityOfPage":{"@id":"https:\/\/www.altominho.tv\/site\/2021\/12\/23\/portugal-ultrapassa-os-10-000-casos-positivos-nas-ultimas-24-horas\/"},"wordCount":518,"image":{"@id":"https:\/\/www.altominho.tv\/site\/2021\/12\/23\/portugal-ultrapassa-os-10-000-casos-positivos-nas-ultimas-24-horas\/#primaryimage"},"thumbnailUrl":"https:\/\/www.altominho.tv\/site\/wp-content\/uploads\/2021\/12\/teste-covid-.jpeg","keywords":["Sa\u00fade"],"articleSection":["Coronav\u00edrus"],"inLanguage":"pt-PT","copyrightYear":"2021","copyrightHolder":{"@id":"https:\/\/www.altominho.tv\/site\/#organization"}},{"@type":"WebPage","@id":"https:\/\/www.altominho.tv\/site\/2021\/12\/23\/portugal-ultrapassa-os-10-000-casos-positivos-nas-ultimas-24-horas\/","url":"https:\/\/www.altominho.tv\/site\/2021\/12\/23\/portugal-ultrapassa-os-10-000-casos-positivos-nas-ultimas-24-horas\/","name":"Portugal ultrapassa os 10.000 casos positivos nas \u00faltimas 24 horas","isPartOf":{"@id":"https:\/\/www.altominho.tv\/site\/#website"},"primaryImageOfPage":{"@id":"https:\/\/www.altominho.tv\/site\/2021\/12\/23\/portugal-ultrapassa-os-10-000-casos-positivos-nas-ultimas-24-horas\/#primaryimage"},"image":{"@id":"https:\/\/www.altominho.tv\/site\/2021\/12\/23\/portugal-ultrapassa-os-10-000-casos-positivos-nas-ultimas-24-horas\/#primaryimage"},"thumbnailUrl":"https:\/\/www.altominho.tv\/site\/wp-content\/uploads\/2021\/12\/teste-covid-.jpeg","datePublished":"2021-12-23T15:27:36+00:00","dateModified":"2021-12-23T15:28:34+00:00","author":{"@id":"https:\/\/www.altominho.tv\/site\/#\/schema\/person\/63f693da3e1899361cbe955c46f3232e"},"breadcrumb":{"@id":"https:\/\/www.altominho.tv\/site\/2021\/12\/23\/portugal-ultrapassa-os-10-000-casos-positivos-nas-ultimas-24-horas\/#breadcrumb"},"inLanguage":"pt-PT","potentialAction":[{"@type":"ReadAction","target":["https:\/\/www.altominho.tv\/site\/2021\/12\/23\/portugal-ultrapassa-os-10-000-casos-positivos-nas-ultimas-24-horas\/"]}]},{"@type":"ImageObject","inLanguage":"pt-PT","@id":"https:\/\/www.altominho.tv\/site\/2021\/12\/23\/portugal-ultrapassa-os-10-000-casos-positivos-nas-ultimas-24-horas\/#primaryimage","url":"https:\/\/www.altominho.tv\/site\/wp-content\/uploads\/2021\/12\/teste-covid-.jpeg","contentUrl":"https:\/\/www.altominho.tv\/site\/wp-content\/uploads\/2021\/12\/teste-covid-.jpeg","width":900,"height":569},{"@type":"BreadcrumbList","@id":"https:\/\/www.altominho.tv\/site\/2021\/12\/23\/portugal-ultrapassa-os-10-000-casos-positivos-nas-ultimas-24-horas\/#breadcrumb","itemListElement":[{"@type":"ListItem","position":1,"name":"In\u00edcio","item":"https:\/\/www.altominho.tv\/site\/"},{"@type":"ListItem","position":2,"name":"Portugal ultrapassa os 10.000 casos positivos nas \u00faltimas 24 horas"}]},{"@type":"WebSite","@id":"https:\/\/www.altominho.tv\/site\/#website","url":"https:\/\/www.altominho.tv\/site\/","name":"Altominho.tv","description":"A sua regi\u00e3o \u00e0 dist\u00e2ncia de um clique...","potentialAction":[{"@type":"SearchAction","target":{"@type":"EntryPoint","urlTemplate":"https:\/\/www.altominho.tv\/site\/?s={search_term_string}"},"query-input":{"@type":"PropertyValueSpecification","valueRequired":true,"valueName":"search_term_string"}}],"inLanguage":"pt-PT"},{"@type":"Person","@id":"https:\/\/www.altominho.tv\/site\/#\/schema\/person\/63f693da3e1899361cbe955c46f3232e","name":"Lusa","image":{"@type":"ImageObject","inLanguage":"pt-PT","@id":"https:\/\/www.altominho.tv\/site\/wp-content\/uploads\/2019\/08\/LUSA_Logo.gif","url":"https:\/\/www.altominho.tv\/site\/wp-content\/uploads\/2019\/08\/LUSA_Logo.gif","contentUrl":"https:\/\/www.altominho.tv\/site\/wp-content\/uploads\/2019\/08\/LUSA_Logo.gif","caption":"Lusa"},"sameAs":["http:\/\/\/\/www.altominho.tv\/site"],"url":"https:\/\/www.altominho.tv\/site\/author\/lusa\/"}]}},"_links":{"self":[{"href":"https:\/\/www.altominho.tv\/site\/wp-json\/wp\/v2\/posts\/73907","targetHints":{"allow":["GET"]}}],"collection":[{"href":"https:\/\/www.altominho.tv\/site\/wp-json\/wp\/v2\/posts"}],"about":[{"href":"https:\/\/www.altominho.tv\/site\/wp-json\/wp\/v2\/types\/post"}],"author":[{"embeddable":true,"href":"https:\/\/www.altominho.tv\/site\/wp-json\/wp\/v2\/users\/13"}],"replies":[{"embeddable":true,"href":"https:\/\/www.altominho.tv\/site\/wp-json\/wp\/v2\/comments?post=73907"}],"version-history":[{"count":0,"href":"https:\/\/www.altominho.tv\/site\/wp-json\/wp\/v2\/posts\/73907\/revisions"}],"wp:featuredmedia":[{"embeddable":true,"href":"https:\/\/www.altominho.tv\/site\/wp-json\/wp\/v2\/media\/73824"}],"wp:attachment":[{"href":"https:\/\/www.altominho.tv\/site\/wp-json\/wp\/v2\/media?parent=73907"}],"wp:term":[{"taxonomy":"category","embeddable":true,"href":"https:\/\/www.altominho.tv\/site\/wp-json\/wp\/v2\/categories?post=73907"},{"taxonomy":"post_tag","embeddable":true,"href":"https:\/\/www.altominho.tv\/site\/wp-json\/wp\/v2\/tags?post=73907"}],"curies":[{"name":"wp","href":"https:\/\/api.w.org\/{rel}","templated":true}]}}