{"id":73893,"date":"2021-12-22T15:48:07","date_gmt":"2021-12-22T15:48:07","guid":{"rendered":"https:\/\/www.altominho.tv\/site\/?p=73893"},"modified":"2021-12-22T15:48:09","modified_gmt":"2021-12-22T15:48:09","slug":"portugal-regista-8-937-novos-casos-maior-numero-desde-04-de-fevereiro","status":"publish","type":"post","link":"https:\/\/www.altominho.tv\/site\/2021\/12\/22\/portugal-regista-8-937-novos-casos-maior-numero-desde-04-de-fevereiro\/","title":{"rendered":"Portugal regista 8.937 novos casos, maior n\u00famero desde 04 de fevereiro"},"content":{"rendered":"<p data-uw-styling-context=\"true\">Portugal regista hoje mais 11 mortes associadas \u00e0 covid-19 e 8.937 infe\u00e7\u00f5es com o coronav\u00edrus SARS-CoV-2, o maior n\u00famero de novos casos desde 04\u00a0de fevereiro, indica a Dire\u00e7\u00e3o-Geral da Sa\u00fade (DGS).<\/p>\n<p class=\"text-paragraph\" data-uw-styling-context=\"true\">O n\u00famero de novas infe\u00e7\u00f5es registado nas \u00faltimas 24 horas \u00e9 o mais elevado aquela data, quando se registaram 7.914\u00a0casos.<\/p>\n<p>H\u00e1 mais 8.937 infetados com covid-19 em Portugal, n\u00famero muito pr\u00f3ximo do avan\u00e7ado esta quarta-feira pela ministra da Sa\u00fade, Marta Temido.<\/p>\n<p>Segundo os dados apresentados esta quarta-feira pela Dire\u00e7\u00e3o-Geral da Sa\u00fade, h\u00e1 mais 11 \u00f3bitos, tr\u00eas no Centro, tr\u00eas em Lisboa e Vale do Tejo, dois no Norte, dois no Algarve e um na Madeira. N\u00e3o se registaram \u00f3bitos nos A\u00e7ores.<\/p>\n<p>Quanto aos internamentos, h\u00e1 agora 909 pessoas nas enfermarias, mais cinco do que nas \u00faltimas 24 horas. Nos cuidados intensivos est\u00e3o agora mais duas pessoas, num total de 155.<\/p>\n<p>A incid\u00eancia de infe\u00e7\u00f5es com o v\u00edrus SARS-CoV-2 voltou a aumentar a n\u00edvel nacional, passando para os 579,3 casos por 100 mil habitantes, enquanto o \u00edndice de transmissibilidade (Rt) estabilizou nos 1,07, segundo os dados oficiais de hoje.<\/p>\n<p>De acordo com o boletim sobre a pandemia em Portugal,\u00a0em termos nacionais, a taxa de incid\u00eancia passou, desde segunda-feira, de 558,5 casos de infe\u00e7\u00e3o por 100 mil habitantes a 14 dias para os atuais 579,3.<\/p>\n","protected":false},"excerpt":{"rendered":"<p>Portugal regista hoje mais 11 mortes associadas \u00e0 covid-19 e 8.937 infe\u00e7\u00f5es com o coronav\u00edrus SARS-CoV-2, o maior n\u00famero de novos casos desde 04\u00a0de fevereiro, indica a Dire\u00e7\u00e3o-Geral da Sa\u00fade (DGS). O n\u00famero de novas infe\u00e7\u00f5es registado nas \u00faltimas 24 horas \u00e9 o mais elevado aquela data, quando se registaram 7.914\u00a0casos. H\u00e1 mais 8.937 infetados [&hellip;]<\/p>\n","protected":false},"author":13,"featured_media":73152,"comment_status":"closed","ping_status":"closed","sticky":false,"template":"","format":"standard","meta":{"_exactmetrics_skip_tracking":false,"_exactmetrics_sitenote_active":false,"_exactmetrics_sitenote_note":"","_exactmetrics_sitenote_category":0,"footnotes":""},"categories":[42722],"tags":[26,27],"class_list":["post-73893","post","type-post","status-publish","format-standard","has-post-thumbnail","hentry","category-covid-19","tag-saude","tag-sociedade"],"yoast_head":"<!-- This site is optimized with the Yoast SEO Premium plugin v27.5 (Yoast SEO v27.5) - https:\/\/yoast.com\/product\/yoast-seo-premium-wordpress\/ -->\n<title>Portugal regista 8.937 novos casos, maior n\u00famero desde 04 de fevereiro<\/title>\n<meta name=\"robots\" content=\"index, follow, max-snippet:-1, max-image-preview:large, max-video-preview:-1\" \/>\n<link rel=\"canonical\" href=\"https:\/\/www.altominho.tv\/site\/2021\/12\/22\/portugal-regista-8-937-novos-casos-maior-numero-desde-04-de-fevereiro\/\" \/>\n<meta property=\"og:locale\" content=\"pt_PT\" \/>\n<meta property=\"og:type\" content=\"article\" \/>\n<meta property=\"og:title\" content=\"Portugal regista 8.937 novos casos, maior n\u00famero desde 04 de fevereiro\" \/>\n<meta property=\"og:description\" content=\"Portugal regista hoje mais 11 mortes associadas \u00e0 covid-19 e 8.937 infe\u00e7\u00f5es com o coronav\u00edrus SARS-CoV-2, o maior n\u00famero de novos casos desde 04\u00a0de fevereiro, indica a Dire\u00e7\u00e3o-Geral da Sa\u00fade (DGS). O n\u00famero de novas infe\u00e7\u00f5es registado nas \u00faltimas 24 horas \u00e9 o mais elevado aquela data, quando se registaram 7.914\u00a0casos. H\u00e1 mais 8.937 infetados [&hellip;]\" \/>\n<meta property=\"og:url\" content=\"https:\/\/www.altominho.tv\/site\/2021\/12\/22\/portugal-regista-8-937-novos-casos-maior-numero-desde-04-de-fevereiro\/\" \/>\n<meta property=\"og:site_name\" content=\"Altominho.tv\" \/>\n<meta property=\"article:publisher\" content=\"https:\/\/www.facebook.com\/altominhotv\" \/>\n<meta property=\"article:published_time\" content=\"2021-12-22T15:48:07+00:00\" \/>\n<meta property=\"article:modified_time\" content=\"2021-12-22T15:48:09+00:00\" \/>\n<meta property=\"og:image\" content=\"https:\/\/www.altominho.tv\/site\/wp-content\/uploads\/2021\/11\/Omicron_Variante.jpg\" \/>\n\t<meta property=\"og:image:width\" content=\"860\" \/>\n\t<meta property=\"og:image:height\" content=\"571\" \/>\n\t<meta property=\"og:image:type\" content=\"image\/jpeg\" \/>\n<meta name=\"author\" content=\"Lusa\" \/>\n<meta name=\"twitter:card\" content=\"summary_large_image\" \/>\n<meta name=\"twitter:creator\" content=\"@altominhoTV\" \/>\n<meta name=\"twitter:site\" content=\"@altominhoTV\" \/>\n<meta name=\"twitter:label1\" content=\"Escrito por\" \/>\n\t<meta name=\"twitter:data1\" content=\"Lusa\" \/>\n\t<meta name=\"twitter:label2\" content=\"Tempo estimado de leitura\" \/>\n\t<meta name=\"twitter:data2\" content=\"2 minutos\" \/>\n<script type=\"application\/ld+json\" class=\"yoast-schema-graph\">{\"@context\":\"https:\\\/\\\/schema.org\",\"@graph\":[{\"@type\":\"Article\",\"@id\":\"https:\\\/\\\/www.altominho.tv\\\/site\\\/2021\\\/12\\\/22\\\/portugal-regista-8-937-novos-casos-maior-numero-desde-04-de-fevereiro\\\/#article\",\"isPartOf\":{\"@id\":\"https:\\\/\\\/www.altominho.tv\\\/site\\\/2021\\\/12\\\/22\\\/portugal-regista-8-937-novos-casos-maior-numero-desde-04-de-fevereiro\\\/\"},\"author\":{\"name\":\"Lusa\",\"@id\":\"https:\\\/\\\/www.altominho.tv\\\/site\\\/#\\\/schema\\\/person\\\/63f693da3e1899361cbe955c46f3232e\"},\"headline\":\"Portugal regista 8.937 novos casos, maior n\u00famero desde 04 de fevereiro\",\"datePublished\":\"2021-12-22T15:48:07+00:00\",\"dateModified\":\"2021-12-22T15:48:09+00:00\",\"mainEntityOfPage\":{\"@id\":\"https:\\\/\\\/www.altominho.tv\\\/site\\\/2021\\\/12\\\/22\\\/portugal-regista-8-937-novos-casos-maior-numero-desde-04-de-fevereiro\\\/\"},\"wordCount\":232,\"image\":{\"@id\":\"https:\\\/\\\/www.altominho.tv\\\/site\\\/2021\\\/12\\\/22\\\/portugal-regista-8-937-novos-casos-maior-numero-desde-04-de-fevereiro\\\/#primaryimage\"},\"thumbnailUrl\":\"https:\\\/\\\/www.altominho.tv\\\/site\\\/wp-content\\\/uploads\\\/2021\\\/11\\\/Omicron_Variante.jpg\",\"keywords\":[\"Sa\u00fade\",\"Sociedade\"],\"articleSection\":[\"Coronav\u00edrus\"],\"inLanguage\":\"pt-PT\",\"copyrightYear\":\"2021\",\"copyrightHolder\":{\"@id\":\"https:\\\/\\\/www.altominho.tv\\\/site\\\/#organization\"}},{\"@type\":\"WebPage\",\"@id\":\"https:\\\/\\\/www.altominho.tv\\\/site\\\/2021\\\/12\\\/22\\\/portugal-regista-8-937-novos-casos-maior-numero-desde-04-de-fevereiro\\\/\",\"url\":\"https:\\\/\\\/www.altominho.tv\\\/site\\\/2021\\\/12\\\/22\\\/portugal-regista-8-937-novos-casos-maior-numero-desde-04-de-fevereiro\\\/\",\"name\":\"Portugal regista 8.937 novos casos, maior n\u00famero desde 04 de fevereiro\",\"isPartOf\":{\"@id\":\"https:\\\/\\\/www.altominho.tv\\\/site\\\/#website\"},\"primaryImageOfPage\":{\"@id\":\"https:\\\/\\\/www.altominho.tv\\\/site\\\/2021\\\/12\\\/22\\\/portugal-regista-8-937-novos-casos-maior-numero-desde-04-de-fevereiro\\\/#primaryimage\"},\"image\":{\"@id\":\"https:\\\/\\\/www.altominho.tv\\\/site\\\/2021\\\/12\\\/22\\\/portugal-regista-8-937-novos-casos-maior-numero-desde-04-de-fevereiro\\\/#primaryimage\"},\"thumbnailUrl\":\"https:\\\/\\\/www.altominho.tv\\\/site\\\/wp-content\\\/uploads\\\/2021\\\/11\\\/Omicron_Variante.jpg\",\"datePublished\":\"2021-12-22T15:48:07+00:00\",\"dateModified\":\"2021-12-22T15:48:09+00:00\",\"author\":{\"@id\":\"https:\\\/\\\/www.altominho.tv\\\/site\\\/#\\\/schema\\\/person\\\/63f693da3e1899361cbe955c46f3232e\"},\"breadcrumb\":{\"@id\":\"https:\\\/\\\/www.altominho.tv\\\/site\\\/2021\\\/12\\\/22\\\/portugal-regista-8-937-novos-casos-maior-numero-desde-04-de-fevereiro\\\/#breadcrumb\"},\"inLanguage\":\"pt-PT\",\"potentialAction\":[{\"@type\":\"ReadAction\",\"target\":[\"https:\\\/\\\/www.altominho.tv\\\/site\\\/2021\\\/12\\\/22\\\/portugal-regista-8-937-novos-casos-maior-numero-desde-04-de-fevereiro\\\/\"]}]},{\"@type\":\"ImageObject\",\"inLanguage\":\"pt-PT\",\"@id\":\"https:\\\/\\\/www.altominho.tv\\\/site\\\/2021\\\/12\\\/22\\\/portugal-regista-8-937-novos-casos-maior-numero-desde-04-de-fevereiro\\\/#primaryimage\",\"url\":\"https:\\\/\\\/www.altominho.tv\\\/site\\\/wp-content\\\/uploads\\\/2021\\\/11\\\/Omicron_Variante.jpg\",\"contentUrl\":\"https:\\\/\\\/www.altominho.tv\\\/site\\\/wp-content\\\/uploads\\\/2021\\\/11\\\/Omicron_Variante.jpg\",\"width\":860,\"height\":571},{\"@type\":\"BreadcrumbList\",\"@id\":\"https:\\\/\\\/www.altominho.tv\\\/site\\\/2021\\\/12\\\/22\\\/portugal-regista-8-937-novos-casos-maior-numero-desde-04-de-fevereiro\\\/#breadcrumb\",\"itemListElement\":[{\"@type\":\"ListItem\",\"position\":1,\"name\":\"In\u00edcio\",\"item\":\"https:\\\/\\\/www.altominho.tv\\\/site\\\/\"},{\"@type\":\"ListItem\",\"position\":2,\"name\":\"Portugal regista 8.937 novos casos, maior n\u00famero desde 04 de fevereiro\"}]},{\"@type\":\"WebSite\",\"@id\":\"https:\\\/\\\/www.altominho.tv\\\/site\\\/#website\",\"url\":\"https:\\\/\\\/www.altominho.tv\\\/site\\\/\",\"name\":\"Altominho.tv\",\"description\":\"A sua regi\u00e3o \u00e0 dist\u00e2ncia de um clique...\",\"potentialAction\":[{\"@type\":\"SearchAction\",\"target\":{\"@type\":\"EntryPoint\",\"urlTemplate\":\"https:\\\/\\\/www.altominho.tv\\\/site\\\/?s={search_term_string}\"},\"query-input\":{\"@type\":\"PropertyValueSpecification\",\"valueRequired\":true,\"valueName\":\"search_term_string\"}}],\"inLanguage\":\"pt-PT\"},{\"@type\":\"Person\",\"@id\":\"https:\\\/\\\/www.altominho.tv\\\/site\\\/#\\\/schema\\\/person\\\/63f693da3e1899361cbe955c46f3232e\",\"name\":\"Lusa\",\"image\":{\"@type\":\"ImageObject\",\"inLanguage\":\"pt-PT\",\"@id\":\"https:\\\/\\\/www.altominho.tv\\\/site\\\/wp-content\\\/uploads\\\/2019\\\/08\\\/LUSA_Logo.gif\",\"url\":\"https:\\\/\\\/www.altominho.tv\\\/site\\\/wp-content\\\/uploads\\\/2019\\\/08\\\/LUSA_Logo.gif\",\"contentUrl\":\"https:\\\/\\\/www.altominho.tv\\\/site\\\/wp-content\\\/uploads\\\/2019\\\/08\\\/LUSA_Logo.gif\",\"caption\":\"Lusa\"},\"sameAs\":[\"http:\\\/\\\/\\\/\\\/www.altominho.tv\\\/site\"],\"url\":\"https:\\\/\\\/www.altominho.tv\\\/site\\\/author\\\/lusa\\\/\"}]}<\/script>\n<!-- \/ Yoast SEO Premium plugin. -->","yoast_head_json":{"title":"Portugal regista 8.937 novos casos, maior n\u00famero desde 04 de fevereiro","robots":{"index":"index","follow":"follow","max-snippet":"max-snippet:-1","max-image-preview":"max-image-preview:large","max-video-preview":"max-video-preview:-1"},"canonical":"https:\/\/www.altominho.tv\/site\/2021\/12\/22\/portugal-regista-8-937-novos-casos-maior-numero-desde-04-de-fevereiro\/","og_locale":"pt_PT","og_type":"article","og_title":"Portugal regista 8.937 novos casos, maior n\u00famero desde 04 de fevereiro","og_description":"Portugal regista hoje mais 11 mortes associadas \u00e0 covid-19 e 8.937 infe\u00e7\u00f5es com o coronav\u00edrus SARS-CoV-2, o maior n\u00famero de novos casos desde 04\u00a0de fevereiro, indica a Dire\u00e7\u00e3o-Geral da Sa\u00fade (DGS). O n\u00famero de novas infe\u00e7\u00f5es registado nas \u00faltimas 24 horas \u00e9 o mais elevado aquela data, quando se registaram 7.914\u00a0casos. H\u00e1 mais 8.937 infetados [&hellip;]","og_url":"https:\/\/www.altominho.tv\/site\/2021\/12\/22\/portugal-regista-8-937-novos-casos-maior-numero-desde-04-de-fevereiro\/","og_site_name":"Altominho.tv","article_publisher":"https:\/\/www.facebook.com\/altominhotv","article_published_time":"2021-12-22T15:48:07+00:00","article_modified_time":"2021-12-22T15:48:09+00:00","og_image":[{"width":860,"height":571,"url":"https:\/\/www.altominho.tv\/site\/wp-content\/uploads\/2021\/11\/Omicron_Variante.jpg","type":"image\/jpeg"}],"author":"Lusa","twitter_card":"summary_large_image","twitter_creator":"@altominhoTV","twitter_site":"@altominhoTV","twitter_misc":{"Escrito por":"Lusa","Tempo estimado de leitura":"2 minutos"},"schema":{"@context":"https:\/\/schema.org","@graph":[{"@type":"Article","@id":"https:\/\/www.altominho.tv\/site\/2021\/12\/22\/portugal-regista-8-937-novos-casos-maior-numero-desde-04-de-fevereiro\/#article","isPartOf":{"@id":"https:\/\/www.altominho.tv\/site\/2021\/12\/22\/portugal-regista-8-937-novos-casos-maior-numero-desde-04-de-fevereiro\/"},"author":{"name":"Lusa","@id":"https:\/\/www.altominho.tv\/site\/#\/schema\/person\/63f693da3e1899361cbe955c46f3232e"},"headline":"Portugal regista 8.937 novos casos, maior n\u00famero desde 04 de fevereiro","datePublished":"2021-12-22T15:48:07+00:00","dateModified":"2021-12-22T15:48:09+00:00","mainEntityOfPage":{"@id":"https:\/\/www.altominho.tv\/site\/2021\/12\/22\/portugal-regista-8-937-novos-casos-maior-numero-desde-04-de-fevereiro\/"},"wordCount":232,"image":{"@id":"https:\/\/www.altominho.tv\/site\/2021\/12\/22\/portugal-regista-8-937-novos-casos-maior-numero-desde-04-de-fevereiro\/#primaryimage"},"thumbnailUrl":"https:\/\/www.altominho.tv\/site\/wp-content\/uploads\/2021\/11\/Omicron_Variante.jpg","keywords":["Sa\u00fade","Sociedade"],"articleSection":["Coronav\u00edrus"],"inLanguage":"pt-PT","copyrightYear":"2021","copyrightHolder":{"@id":"https:\/\/www.altominho.tv\/site\/#organization"}},{"@type":"WebPage","@id":"https:\/\/www.altominho.tv\/site\/2021\/12\/22\/portugal-regista-8-937-novos-casos-maior-numero-desde-04-de-fevereiro\/","url":"https:\/\/www.altominho.tv\/site\/2021\/12\/22\/portugal-regista-8-937-novos-casos-maior-numero-desde-04-de-fevereiro\/","name":"Portugal regista 8.937 novos casos, maior n\u00famero desde 04 de fevereiro","isPartOf":{"@id":"https:\/\/www.altominho.tv\/site\/#website"},"primaryImageOfPage":{"@id":"https:\/\/www.altominho.tv\/site\/2021\/12\/22\/portugal-regista-8-937-novos-casos-maior-numero-desde-04-de-fevereiro\/#primaryimage"},"image":{"@id":"https:\/\/www.altominho.tv\/site\/2021\/12\/22\/portugal-regista-8-937-novos-casos-maior-numero-desde-04-de-fevereiro\/#primaryimage"},"thumbnailUrl":"https:\/\/www.altominho.tv\/site\/wp-content\/uploads\/2021\/11\/Omicron_Variante.jpg","datePublished":"2021-12-22T15:48:07+00:00","dateModified":"2021-12-22T15:48:09+00:00","author":{"@id":"https:\/\/www.altominho.tv\/site\/#\/schema\/person\/63f693da3e1899361cbe955c46f3232e"},"breadcrumb":{"@id":"https:\/\/www.altominho.tv\/site\/2021\/12\/22\/portugal-regista-8-937-novos-casos-maior-numero-desde-04-de-fevereiro\/#breadcrumb"},"inLanguage":"pt-PT","potentialAction":[{"@type":"ReadAction","target":["https:\/\/www.altominho.tv\/site\/2021\/12\/22\/portugal-regista-8-937-novos-casos-maior-numero-desde-04-de-fevereiro\/"]}]},{"@type":"ImageObject","inLanguage":"pt-PT","@id":"https:\/\/www.altominho.tv\/site\/2021\/12\/22\/portugal-regista-8-937-novos-casos-maior-numero-desde-04-de-fevereiro\/#primaryimage","url":"https:\/\/www.altominho.tv\/site\/wp-content\/uploads\/2021\/11\/Omicron_Variante.jpg","contentUrl":"https:\/\/www.altominho.tv\/site\/wp-content\/uploads\/2021\/11\/Omicron_Variante.jpg","width":860,"height":571},{"@type":"BreadcrumbList","@id":"https:\/\/www.altominho.tv\/site\/2021\/12\/22\/portugal-regista-8-937-novos-casos-maior-numero-desde-04-de-fevereiro\/#breadcrumb","itemListElement":[{"@type":"ListItem","position":1,"name":"In\u00edcio","item":"https:\/\/www.altominho.tv\/site\/"},{"@type":"ListItem","position":2,"name":"Portugal regista 8.937 novos casos, maior n\u00famero desde 04 de fevereiro"}]},{"@type":"WebSite","@id":"https:\/\/www.altominho.tv\/site\/#website","url":"https:\/\/www.altominho.tv\/site\/","name":"Altominho.tv","description":"A sua regi\u00e3o \u00e0 dist\u00e2ncia de um clique...","potentialAction":[{"@type":"SearchAction","target":{"@type":"EntryPoint","urlTemplate":"https:\/\/www.altominho.tv\/site\/?s={search_term_string}"},"query-input":{"@type":"PropertyValueSpecification","valueRequired":true,"valueName":"search_term_string"}}],"inLanguage":"pt-PT"},{"@type":"Person","@id":"https:\/\/www.altominho.tv\/site\/#\/schema\/person\/63f693da3e1899361cbe955c46f3232e","name":"Lusa","image":{"@type":"ImageObject","inLanguage":"pt-PT","@id":"https:\/\/www.altominho.tv\/site\/wp-content\/uploads\/2019\/08\/LUSA_Logo.gif","url":"https:\/\/www.altominho.tv\/site\/wp-content\/uploads\/2019\/08\/LUSA_Logo.gif","contentUrl":"https:\/\/www.altominho.tv\/site\/wp-content\/uploads\/2019\/08\/LUSA_Logo.gif","caption":"Lusa"},"sameAs":["http:\/\/\/\/www.altominho.tv\/site"],"url":"https:\/\/www.altominho.tv\/site\/author\/lusa\/"}]}},"_links":{"self":[{"href":"https:\/\/www.altominho.tv\/site\/wp-json\/wp\/v2\/posts\/73893","targetHints":{"allow":["GET"]}}],"collection":[{"href":"https:\/\/www.altominho.tv\/site\/wp-json\/wp\/v2\/posts"}],"about":[{"href":"https:\/\/www.altominho.tv\/site\/wp-json\/wp\/v2\/types\/post"}],"author":[{"embeddable":true,"href":"https:\/\/www.altominho.tv\/site\/wp-json\/wp\/v2\/users\/13"}],"replies":[{"embeddable":true,"href":"https:\/\/www.altominho.tv\/site\/wp-json\/wp\/v2\/comments?post=73893"}],"version-history":[{"count":0,"href":"https:\/\/www.altominho.tv\/site\/wp-json\/wp\/v2\/posts\/73893\/revisions"}],"wp:featuredmedia":[{"embeddable":true,"href":"https:\/\/www.altominho.tv\/site\/wp-json\/wp\/v2\/media\/73152"}],"wp:attachment":[{"href":"https:\/\/www.altominho.tv\/site\/wp-json\/wp\/v2\/media?parent=73893"}],"wp:term":[{"taxonomy":"category","embeddable":true,"href":"https:\/\/www.altominho.tv\/site\/wp-json\/wp\/v2\/categories?post=73893"},{"taxonomy":"post_tag","embeddable":true,"href":"https:\/\/www.altominho.tv\/site\/wp-json\/wp\/v2\/tags?post=73893"}],"curies":[{"name":"wp","href":"https:\/\/api.w.org\/{rel}","templated":true}]}}