{"id":73880,"date":"2021-12-22T12:30:00","date_gmt":"2021-12-22T12:30:00","guid":{"rendered":"https:\/\/www.altominho.tv\/site\/?p=73880"},"modified":"2022-03-08T15:22:45","modified_gmt":"2022-03-08T15:22:45","slug":"rio-dos-sonhos-concretizou-os-sonhos-de-criancas-de-familias-carenciadas","status":"publish","type":"post","link":"https:\/\/www.altominho.tv\/site\/2021\/12\/22\/rio-dos-sonhos-concretizou-os-sonhos-de-criancas-de-familias-carenciadas\/","title":{"rendered":"\u201cRio dos Sonhos\u201d concretizou os sonhos de crian\u00e7as de fam\u00edlias carenciadas"},"content":{"rendered":"\n<p class=\"wp-block-paragraph\">A iniciativa \u201cRio dos Sonhos\u201d concretizou os sonhos de crian\u00e7as de fam\u00edlias carenciadas do concelho de Arcos de Valdevez.O projeto \u00e9 da Santa Casa da Miseric\u00f3rdia de Arcos de Valdevez em parceria com a autarquia e com o Agrupamento de Escolas.<br>V\u00e1rias empresas do distrito associaram-se e foram os padrinhos desta iniciativa.&nbsp;<\/p>\n\n\n\n<figure class=\"wp-block-embed is-type-video is-provider-youtube wp-block-embed-youtube wp-embed-aspect-16-9 wp-has-aspect-ratio\"><div class=\"wp-block-embed__wrapper\">\n<iframe loading=\"lazy\" title=\"\u201cRio dos Sonhos\u201d concretizou os sonhos de crian\u00e7as de fam\u00edlias carenciadas | Altominho TV\" width=\"770\" height=\"433\" src=\"https:\/\/www.youtube.com\/embed\/rUrLMcGaZ_U?feature=oembed\" frameborder=\"0\" allow=\"accelerometer; autoplay; clipboard-write; encrypted-media; gyroscope; picture-in-picture\" allowfullscreen><\/iframe>\n<\/div><\/figure>\n","protected":false},"excerpt":{"rendered":"<p>A iniciativa \u201cRio dos Sonhos\u201d concretizou os sonhos de crian\u00e7as de fam\u00edlias carenciadas do concelho de Arcos de Valdevez.O projeto \u00e9 da Santa Casa da Miseric\u00f3rdia de Arcos de Valdevez em parceria com a autarquia e com o Agrupamento de Escolas.V\u00e1rias empresas do distrito associaram-se e foram os padrinhos desta iniciativa.&nbsp;<\/p>\n","protected":false},"author":9,"featured_media":73881,"comment_status":"closed","ping_status":"closed","sticky":false,"template":"","format":"video","meta":{"_exactmetrics_skip_tracking":false,"footnotes":""},"categories":[2],"tags":[27],"class_list":["post-73880","post","type-post","status-publish","format-video","has-post-thumbnail","hentry","category-arcos-de-valdevez","tag-sociedade","post_format-post-format-video"],"yoast_head":"<!-- This site is optimized with the Yoast SEO Premium plugin v28.3 (Yoast SEO v28.3) - https:\/\/yoast.com\/product\/yoast-seo-premium-wordpress\/ -->\n<title>\u201cRio dos Sonhos\u201d concretizou os sonhos de crian\u00e7as de fam\u00edlias carenciadas<\/title>\n<meta name=\"description\" content=\"A iniciativa \u201cRio dos Sonhos\u201d concretizou os sonhos de crian\u00e7as de fam\u00edlias carenciadas do concelho de Arcos de Valdevez.\" \/>\n<meta name=\"robots\" content=\"index, follow, max-snippet:-1, max-image-preview:large, max-video-preview:-1\" \/>\n<link rel=\"canonical\" href=\"https:\/\/www.altominho.tv\/site\/2021\/12\/22\/rio-dos-sonhos-concretizou-os-sonhos-de-criancas-de-familias-carenciadas\/\" \/>\n<meta property=\"og:locale\" content=\"pt_PT\" \/>\n<meta property=\"og:type\" content=\"article\" \/>\n<meta property=\"og:title\" content=\"\u201cRio dos Sonhos\u201d concretizou os sonhos de crian\u00e7as de fam\u00edlias carenciadas\" \/>\n<meta property=\"og:description\" content=\"A iniciativa \u201cRio dos Sonhos\u201d concretizou os sonhos de crian\u00e7as de fam\u00edlias carenciadas do concelho de Arcos de Valdevez.\" \/>\n<meta property=\"og:url\" content=\"https:\/\/www.altominho.tv\/site\/2021\/12\/22\/rio-dos-sonhos-concretizou-os-sonhos-de-criancas-de-familias-carenciadas\/\" \/>\n<meta property=\"og:site_name\" content=\"Altominho.tv\" \/>\n<meta property=\"article:publisher\" content=\"https:\/\/www.facebook.com\/altominhotv\" \/>\n<meta property=\"article:published_time\" content=\"2021-12-22T12:30:00+00:00\" \/>\n<meta property=\"article:modified_time\" content=\"2022-03-08T15:22:45+00:00\" \/>\n<meta property=\"og:image\" content=\"https:\/\/www.altominho.tv\/site\/wp-content\/uploads\/2021\/12\/Untitled-Project-6.jpg\" \/>\n\t<meta property=\"og:image:width\" content=\"1920\" \/>\n\t<meta property=\"og:image:height\" content=\"1080\" \/>\n\t<meta property=\"og:image:type\" content=\"image\/jpeg\" \/>\n<meta name=\"author\" content=\"Rafael Pereira\" \/>\n<meta name=\"twitter:card\" content=\"summary_large_image\" \/>\n<meta name=\"twitter:creator\" content=\"@altominhoTV\" \/>\n<meta name=\"twitter:site\" content=\"@altominhoTV\" \/>\n<meta name=\"twitter:label1\" content=\"Escrito por\" \/>\n\t<meta name=\"twitter:data1\" content=\"Rafael Pereira\" \/>\n\t<meta name=\"twitter:label2\" content=\"Tempo estimado de leitura\" \/>\n\t<meta name=\"twitter:data2\" content=\"1 minuto\" \/>\n<script type=\"application\/ld+json\" class=\"yoast-schema-graph\">{\"@context\":\"https:\\\/\\\/schema.org\",\"@graph\":[{\"@type\":\"Article\",\"@id\":\"https:\\\/\\\/www.altominho.tv\\\/site\\\/2021\\\/12\\\/22\\\/rio-dos-sonhos-concretizou-os-sonhos-de-criancas-de-familias-carenciadas\\\/#article\",\"isPartOf\":{\"@id\":\"https:\\\/\\\/www.altominho.tv\\\/site\\\/2021\\\/12\\\/22\\\/rio-dos-sonhos-concretizou-os-sonhos-de-criancas-de-familias-carenciadas\\\/\"},\"author\":{\"name\":\"Rafael Pereira\",\"@id\":\"https:\\\/\\\/www.altominho.tv\\\/site\\\/#\\\/schema\\\/person\\\/2690abd4f0b3984514ce0607afbfced7\"},\"headline\":\"\u201cRio dos Sonhos\u201d concretizou os sonhos de crian\u00e7as de fam\u00edlias carenciadas\",\"datePublished\":\"2021-12-22T12:30:00+00:00\",\"dateModified\":\"2022-03-08T15:22:45+00:00\",\"mainEntityOfPage\":{\"@id\":\"https:\\\/\\\/www.altominho.tv\\\/site\\\/2021\\\/12\\\/22\\\/rio-dos-sonhos-concretizou-os-sonhos-de-criancas-de-familias-carenciadas\\\/\"},\"wordCount\":75,\"image\":{\"@id\":\"https:\\\/\\\/www.altominho.tv\\\/site\\\/2021\\\/12\\\/22\\\/rio-dos-sonhos-concretizou-os-sonhos-de-criancas-de-familias-carenciadas\\\/#primaryimage\"},\"thumbnailUrl\":\"https:\\\/\\\/www.altominho.tv\\\/site\\\/wp-content\\\/uploads\\\/2021\\\/12\\\/Untitled-Project-6.jpg\",\"keywords\":[\"Sociedade\"],\"articleSection\":[\"Arcos de Valdevez\"],\"inLanguage\":\"pt-PT\",\"copyrightYear\":\"2021\",\"copyrightHolder\":{\"@id\":\"https:\\\/\\\/www.altominho.tv\\\/site\\\/#organization\"}},{\"@type\":\"WebPage\",\"@id\":\"https:\\\/\\\/www.altominho.tv\\\/site\\\/2021\\\/12\\\/22\\\/rio-dos-sonhos-concretizou-os-sonhos-de-criancas-de-familias-carenciadas\\\/\",\"url\":\"https:\\\/\\\/www.altominho.tv\\\/site\\\/2021\\\/12\\\/22\\\/rio-dos-sonhos-concretizou-os-sonhos-de-criancas-de-familias-carenciadas\\\/\",\"name\":\"\u201cRio dos Sonhos\u201d concretizou os sonhos de crian\u00e7as de fam\u00edlias carenciadas\",\"isPartOf\":{\"@id\":\"https:\\\/\\\/www.altominho.tv\\\/site\\\/#website\"},\"primaryImageOfPage\":{\"@id\":\"https:\\\/\\\/www.altominho.tv\\\/site\\\/2021\\\/12\\\/22\\\/rio-dos-sonhos-concretizou-os-sonhos-de-criancas-de-familias-carenciadas\\\/#primaryimage\"},\"image\":{\"@id\":\"https:\\\/\\\/www.altominho.tv\\\/site\\\/2021\\\/12\\\/22\\\/rio-dos-sonhos-concretizou-os-sonhos-de-criancas-de-familias-carenciadas\\\/#primaryimage\"},\"thumbnailUrl\":\"https:\\\/\\\/www.altominho.tv\\\/site\\\/wp-content\\\/uploads\\\/2021\\\/12\\\/Untitled-Project-6.jpg\",\"datePublished\":\"2021-12-22T12:30:00+00:00\",\"dateModified\":\"2022-03-08T15:22:45+00:00\",\"author\":{\"@id\":\"https:\\\/\\\/www.altominho.tv\\\/site\\\/#\\\/schema\\\/person\\\/2690abd4f0b3984514ce0607afbfced7\"},\"description\":\"A iniciativa \u201cRio dos Sonhos\u201d concretizou os sonhos de crian\u00e7as de fam\u00edlias carenciadas do concelho de Arcos de Valdevez.\",\"breadcrumb\":{\"@id\":\"https:\\\/\\\/www.altominho.tv\\\/site\\\/2021\\\/12\\\/22\\\/rio-dos-sonhos-concretizou-os-sonhos-de-criancas-de-familias-carenciadas\\\/#breadcrumb\"},\"inLanguage\":\"pt-PT\",\"potentialAction\":[{\"@type\":\"ReadAction\",\"target\":[\"https:\\\/\\\/www.altominho.tv\\\/site\\\/2021\\\/12\\\/22\\\/rio-dos-sonhos-concretizou-os-sonhos-de-criancas-de-familias-carenciadas\\\/\"]}]},{\"@type\":\"ImageObject\",\"inLanguage\":\"pt-PT\",\"@id\":\"https:\\\/\\\/www.altominho.tv\\\/site\\\/2021\\\/12\\\/22\\\/rio-dos-sonhos-concretizou-os-sonhos-de-criancas-de-familias-carenciadas\\\/#primaryimage\",\"url\":\"https:\\\/\\\/www.altominho.tv\\\/site\\\/wp-content\\\/uploads\\\/2021\\\/12\\\/Untitled-Project-6.jpg\",\"contentUrl\":\"https:\\\/\\\/www.altominho.tv\\\/site\\\/wp-content\\\/uploads\\\/2021\\\/12\\\/Untitled-Project-6.jpg\",\"width\":1920,\"height\":1080},{\"@type\":\"BreadcrumbList\",\"@id\":\"https:\\\/\\\/www.altominho.tv\\\/site\\\/2021\\\/12\\\/22\\\/rio-dos-sonhos-concretizou-os-sonhos-de-criancas-de-familias-carenciadas\\\/#breadcrumb\",\"itemListElement\":[{\"@type\":\"ListItem\",\"position\":1,\"name\":\"In\u00edcio\",\"item\":\"https:\\\/\\\/www.altominho.tv\\\/site\\\/\"},{\"@type\":\"ListItem\",\"position\":2,\"name\":\"\u201cRio dos Sonhos\u201d concretizou os sonhos de crian\u00e7as de fam\u00edlias carenciadas\"}]},{\"@type\":\"WebSite\",\"@id\":\"https:\\\/\\\/www.altominho.tv\\\/site\\\/#website\",\"url\":\"https:\\\/\\\/www.altominho.tv\\\/site\\\/\",\"name\":\"Altominho.tv\",\"description\":\"A sua regi\u00e3o \u00e0 dist\u00e2ncia de um clique...\",\"potentialAction\":[{\"@type\":\"SearchAction\",\"target\":{\"@type\":\"EntryPoint\",\"urlTemplate\":\"https:\\\/\\\/www.altominho.tv\\\/site\\\/?s={search_term_string}\"},\"query-input\":{\"@type\":\"PropertyValueSpecification\",\"valueRequired\":true,\"valueName\":\"search_term_string\"}}],\"inLanguage\":\"pt-PT\"},{\"@type\":\"Person\",\"@id\":\"https:\\\/\\\/www.altominho.tv\\\/site\\\/#\\\/schema\\\/person\\\/2690abd4f0b3984514ce0607afbfced7\",\"name\":\"Rafael Pereira\",\"image\":{\"@type\":\"ImageObject\",\"inLanguage\":\"pt-PT\",\"@id\":\"https:\\\/\\\/www.altominho.tv\\\/site\\\/wp-content\\\/uploads\\\/2021\\\/08\\\/42996867_1705603802900752_8292335788369117184_n-150x150.jpeg\",\"url\":\"https:\\\/\\\/www.altominho.tv\\\/site\\\/wp-content\\\/uploads\\\/2021\\\/08\\\/42996867_1705603802900752_8292335788369117184_n-150x150.jpeg\",\"contentUrl\":\"https:\\\/\\\/www.altominho.tv\\\/site\\\/wp-content\\\/uploads\\\/2021\\\/08\\\/42996867_1705603802900752_8292335788369117184_n-150x150.jpeg\",\"caption\":\"Rafael Pereira\"},\"url\":\"https:\\\/\\\/www.altominho.tv\\\/site\\\/author\\\/rafaelpereira\\\/\"}]}<\/script>\n<meta property=\"og:video\" content=\"https:\/\/www.youtube.com\/embed\/rUrLMcGaZ_U\" \/>\n<meta property=\"og:video:type\" content=\"text\/html\" \/>\n<meta property=\"og:video:duration\" content=\"148\" \/>\n<meta property=\"og:video:width\" content=\"480\" \/>\n<meta property=\"og:video:height\" content=\"270\" \/>\n<meta property=\"ya:ovs:adult\" content=\"false\" \/>\n<meta property=\"ya:ovs:upload_date\" content=\"2021-12-22T12:30:00+00:00\" \/>\n<meta property=\"ya:ovs:allow_embed\" content=\"true\" \/>\n<!-- \/ Yoast SEO Premium plugin. -->","yoast_head_json":{"title":"\u201cRio dos Sonhos\u201d concretizou os sonhos de crian\u00e7as de fam\u00edlias carenciadas","description":"A iniciativa \u201cRio dos Sonhos\u201d concretizou os sonhos de crian\u00e7as de fam\u00edlias carenciadas do concelho de Arcos de Valdevez.","robots":{"index":"index","follow":"follow","max-snippet":"max-snippet:-1","max-image-preview":"max-image-preview:large","max-video-preview":"max-video-preview:-1"},"canonical":"https:\/\/www.altominho.tv\/site\/2021\/12\/22\/rio-dos-sonhos-concretizou-os-sonhos-de-criancas-de-familias-carenciadas\/","og_locale":"pt_PT","og_type":"article","og_title":"\u201cRio dos Sonhos\u201d concretizou os sonhos de crian\u00e7as de fam\u00edlias carenciadas","og_description":"A iniciativa \u201cRio dos Sonhos\u201d concretizou os sonhos de crian\u00e7as de fam\u00edlias carenciadas do concelho de Arcos de Valdevez.","og_url":"https:\/\/www.altominho.tv\/site\/2021\/12\/22\/rio-dos-sonhos-concretizou-os-sonhos-de-criancas-de-familias-carenciadas\/","og_site_name":"Altominho.tv","article_publisher":"https:\/\/www.facebook.com\/altominhotv","article_published_time":"2021-12-22T12:30:00+00:00","article_modified_time":"2022-03-08T15:22:45+00:00","og_image":[{"width":1920,"height":1080,"url":"https:\/\/www.altominho.tv\/site\/wp-content\/uploads\/2021\/12\/Untitled-Project-6.jpg","type":"image\/jpeg"}],"author":"Rafael Pereira","twitter_card":"summary_large_image","twitter_creator":"@altominhoTV","twitter_site":"@altominhoTV","twitter_misc":{"Escrito por":"Rafael Pereira","Tempo estimado de leitura":"1 minuto"},"schema":{"@context":"https:\/\/schema.org","@graph":[{"@type":"Article","@id":"https:\/\/www.altominho.tv\/site\/2021\/12\/22\/rio-dos-sonhos-concretizou-os-sonhos-de-criancas-de-familias-carenciadas\/#article","isPartOf":{"@id":"https:\/\/www.altominho.tv\/site\/2021\/12\/22\/rio-dos-sonhos-concretizou-os-sonhos-de-criancas-de-familias-carenciadas\/"},"author":{"name":"Rafael Pereira","@id":"https:\/\/www.altominho.tv\/site\/#\/schema\/person\/2690abd4f0b3984514ce0607afbfced7"},"headline":"\u201cRio dos Sonhos\u201d concretizou os sonhos de crian\u00e7as de fam\u00edlias carenciadas","datePublished":"2021-12-22T12:30:00+00:00","dateModified":"2022-03-08T15:22:45+00:00","mainEntityOfPage":{"@id":"https:\/\/www.altominho.tv\/site\/2021\/12\/22\/rio-dos-sonhos-concretizou-os-sonhos-de-criancas-de-familias-carenciadas\/"},"wordCount":75,"image":{"@id":"https:\/\/www.altominho.tv\/site\/2021\/12\/22\/rio-dos-sonhos-concretizou-os-sonhos-de-criancas-de-familias-carenciadas\/#primaryimage"},"thumbnailUrl":"https:\/\/www.altominho.tv\/site\/wp-content\/uploads\/2021\/12\/Untitled-Project-6.jpg","keywords":["Sociedade"],"articleSection":["Arcos de Valdevez"],"inLanguage":"pt-PT","copyrightYear":"2021","copyrightHolder":{"@id":"https:\/\/www.altominho.tv\/site\/#organization"}},{"@type":"WebPage","@id":"https:\/\/www.altominho.tv\/site\/2021\/12\/22\/rio-dos-sonhos-concretizou-os-sonhos-de-criancas-de-familias-carenciadas\/","url":"https:\/\/www.altominho.tv\/site\/2021\/12\/22\/rio-dos-sonhos-concretizou-os-sonhos-de-criancas-de-familias-carenciadas\/","name":"\u201cRio dos Sonhos\u201d concretizou os sonhos de crian\u00e7as de fam\u00edlias carenciadas","isPartOf":{"@id":"https:\/\/www.altominho.tv\/site\/#website"},"primaryImageOfPage":{"@id":"https:\/\/www.altominho.tv\/site\/2021\/12\/22\/rio-dos-sonhos-concretizou-os-sonhos-de-criancas-de-familias-carenciadas\/#primaryimage"},"image":{"@id":"https:\/\/www.altominho.tv\/site\/2021\/12\/22\/rio-dos-sonhos-concretizou-os-sonhos-de-criancas-de-familias-carenciadas\/#primaryimage"},"thumbnailUrl":"https:\/\/www.altominho.tv\/site\/wp-content\/uploads\/2021\/12\/Untitled-Project-6.jpg","datePublished":"2021-12-22T12:30:00+00:00","dateModified":"2022-03-08T15:22:45+00:00","author":{"@id":"https:\/\/www.altominho.tv\/site\/#\/schema\/person\/2690abd4f0b3984514ce0607afbfced7"},"description":"A iniciativa \u201cRio dos Sonhos\u201d concretizou os sonhos de crian\u00e7as de fam\u00edlias carenciadas do concelho de Arcos de Valdevez.","breadcrumb":{"@id":"https:\/\/www.altominho.tv\/site\/2021\/12\/22\/rio-dos-sonhos-concretizou-os-sonhos-de-criancas-de-familias-carenciadas\/#breadcrumb"},"inLanguage":"pt-PT","potentialAction":[{"@type":"ReadAction","target":["https:\/\/www.altominho.tv\/site\/2021\/12\/22\/rio-dos-sonhos-concretizou-os-sonhos-de-criancas-de-familias-carenciadas\/"]}]},{"@type":"ImageObject","inLanguage":"pt-PT","@id":"https:\/\/www.altominho.tv\/site\/2021\/12\/22\/rio-dos-sonhos-concretizou-os-sonhos-de-criancas-de-familias-carenciadas\/#primaryimage","url":"https:\/\/www.altominho.tv\/site\/wp-content\/uploads\/2021\/12\/Untitled-Project-6.jpg","contentUrl":"https:\/\/www.altominho.tv\/site\/wp-content\/uploads\/2021\/12\/Untitled-Project-6.jpg","width":1920,"height":1080},{"@type":"BreadcrumbList","@id":"https:\/\/www.altominho.tv\/site\/2021\/12\/22\/rio-dos-sonhos-concretizou-os-sonhos-de-criancas-de-familias-carenciadas\/#breadcrumb","itemListElement":[{"@type":"ListItem","position":1,"name":"In\u00edcio","item":"https:\/\/www.altominho.tv\/site\/"},{"@type":"ListItem","position":2,"name":"\u201cRio dos Sonhos\u201d concretizou os sonhos de crian\u00e7as de fam\u00edlias carenciadas"}]},{"@type":"WebSite","@id":"https:\/\/www.altominho.tv\/site\/#website","url":"https:\/\/www.altominho.tv\/site\/","name":"Altominho.tv","description":"A sua regi\u00e3o \u00e0 dist\u00e2ncia de um clique...","potentialAction":[{"@type":"SearchAction","target":{"@type":"EntryPoint","urlTemplate":"https:\/\/www.altominho.tv\/site\/?s={search_term_string}"},"query-input":{"@type":"PropertyValueSpecification","valueRequired":true,"valueName":"search_term_string"}}],"inLanguage":"pt-PT"},{"@type":"Person","@id":"https:\/\/www.altominho.tv\/site\/#\/schema\/person\/2690abd4f0b3984514ce0607afbfced7","name":"Rafael Pereira","image":{"@type":"ImageObject","inLanguage":"pt-PT","@id":"https:\/\/www.altominho.tv\/site\/wp-content\/uploads\/2021\/08\/42996867_1705603802900752_8292335788369117184_n-150x150.jpeg","url":"https:\/\/www.altominho.tv\/site\/wp-content\/uploads\/2021\/08\/42996867_1705603802900752_8292335788369117184_n-150x150.jpeg","contentUrl":"https:\/\/www.altominho.tv\/site\/wp-content\/uploads\/2021\/08\/42996867_1705603802900752_8292335788369117184_n-150x150.jpeg","caption":"Rafael Pereira"},"url":"https:\/\/www.altominho.tv\/site\/author\/rafaelpereira\/"}]},"og_video":"https:\/\/www.youtube.com\/embed\/rUrLMcGaZ_U","og_video_type":"text\/html","og_video_duration":"148","og_video_width":"480","og_video_height":"270","ya_ovs_adult":"false","ya_ovs_upload_date":"2021-12-22T12:30:00+00:00","ya_ovs_allow_embed":"true"},"_links":{"self":[{"href":"https:\/\/www.altominho.tv\/site\/wp-json\/wp\/v2\/posts\/73880","targetHints":{"allow":["GET"]}}],"collection":[{"href":"https:\/\/www.altominho.tv\/site\/wp-json\/wp\/v2\/posts"}],"about":[{"href":"https:\/\/www.altominho.tv\/site\/wp-json\/wp\/v2\/types\/post"}],"author":[{"embeddable":true,"href":"https:\/\/www.altominho.tv\/site\/wp-json\/wp\/v2\/users\/9"}],"replies":[{"embeddable":true,"href":"https:\/\/www.altominho.tv\/site\/wp-json\/wp\/v2\/comments?post=73880"}],"version-history":[{"count":0,"href":"https:\/\/www.altominho.tv\/site\/wp-json\/wp\/v2\/posts\/73880\/revisions"}],"wp:featuredmedia":[{"embeddable":true,"href":"https:\/\/www.altominho.tv\/site\/wp-json\/wp\/v2\/media\/73881"}],"wp:attachment":[{"href":"https:\/\/www.altominho.tv\/site\/wp-json\/wp\/v2\/media?parent=73880"}],"wp:term":[{"taxonomy":"category","embeddable":true,"href":"https:\/\/www.altominho.tv\/site\/wp-json\/wp\/v2\/categories?post=73880"},{"taxonomy":"post_tag","embeddable":true,"href":"https:\/\/www.altominho.tv\/site\/wp-json\/wp\/v2\/tags?post=73880"}],"curies":[{"name":"wp","href":"https:\/\/api.w.org\/{rel}","templated":true}]}}