{"id":73829,"date":"2021-12-20T15:56:14","date_gmt":"2021-12-20T15:56:14","guid":{"rendered":"https:\/\/www.altominho.tv\/site\/?p=73829"},"modified":"2022-03-08T15:48:52","modified_gmt":"2022-03-08T15:48:52","slug":"30-das-criancas-dos-9-aos-11-anos-vacinadas-no-fim-de-semana","status":"publish","type":"post","link":"https:\/\/www.altominho.tv\/site\/2021\/12\/20\/30-das-criancas-dos-9-aos-11-anos-vacinadas-no-fim-de-semana\/","title":{"rendered":"30% das crian\u00e7as dos 9 aos 11 anos vacinadas no fim de semana"},"content":{"rendered":"\n<p>Cerca de 30% das crian\u00e7as entre os 9 e os 11 anos (295.734) foram vacinadas no passado fim de semana contra a covid-19, segundo as contas feitas pela Lusa com base em dados do Instituto Nacional de Estat\u00edstica (INE).<\/p>\n\n\n\n<p>Ao longo do fim de semana, e at\u00e9 \u00e0s 18:00 deste domingo, foram vacinadas cerca de 88.800 crian\u00e7as com idades entre os 9 e os 11 anos, um n\u00famero superior \u00e0s que estavam agendadas, cerca de 77 mil, segundo a Dire\u00e7\u00e3o-Geral da Sa\u00fade (DGS).<\/p>\n\n\n\n<p>Dados do Instituto Nacional de Estat\u00edsticas (INE), consultados pela ag\u00eancia Lusa, indicam que existem em Portugal 97.276 crian\u00e7as com 9 anos, 101.022 com 10 anos, e 97.436, com 11 anos, totalizando 295.734.<\/p>\n\n\n\n<p>Portugal iniciou este fim de semana a vacina\u00e7\u00e3o de crian\u00e7as pelas que t\u00eam entre 9 e 11 anos, sendo o objetivo vacinar a faixa et\u00e1ria dos 5 aos 11 anos.<\/p>\n\n\n\n<p>As crian\u00e7as dos 9 aos 11 anos que n\u00e3o foram vacinadas neste fim de semana v\u00e3o ter oportunidade de agendar a vacina\u00e7\u00e3o para os pr\u00f3ximos dias dedicados \u00e0 vacina\u00e7\u00e3o pedi\u00e1trica, adianta a DGS.<\/p>\n\n\n\n<p>O Governo estima que as segundas doses da vacina pedi\u00e1trica da Pfizer sejam administradas entre 05 de fevereiro e 13 de mar\u00e7o do pr\u00f3ximo ano.<\/p>\n\n\n\n<p>At\u00e9 l\u00e1, est\u00e1 previsto que, entre 06 e 09 de janeiro, sejam vacinadas as crian\u00e7as que t\u00eam entre 7 e 9 anos, ficando reservados os dias 15 e 16 para a administra\u00e7\u00e3o da primeira dose ao grupo dos 6 e 7 anos, enquanto a 22 e 23 do mesmo m\u00eas ser\u00e3o vacinadas as de 5 anos.<\/p>\n\n\n\n<p>De acordo com os dados do INE, residem em Portugal 87.368 crian\u00e7as com 5 anos, 84.192 com 6, 84.547 com 7 e 91.323 com 8 anos.<\/p>\n\n\n\n<p>As crian\u00e7as com comorbilidades ter\u00e3o prioridade para serem vacinadas, independentemente da idade, desde que tenham prescri\u00e7\u00e3o m\u00e9dica, bastando que se dirijam aos centros para receberem a vacina contra o SARS-CoV-2.<\/p>\n\n\n\n<p>O autoagendamento para a vacina\u00e7\u00e3o das crian\u00e7as contra a covid-19 foi aberto h\u00e1 uma semana, dias depois de o Governo ter anunciado a decis\u00e3o de vacinar as crian\u00e7as dos 5 aos 11 anos, num total de cerca de 643 mil, na sequ\u00eancia da recomenda\u00e7\u00e3o da DGS.<\/p>\n\n\n\n<p>A covid-19 provocou mais de 5,33 milh\u00f5es de mortes em todo o mundo desde o in\u00edcio da pandemia, segundo o mais recente balan\u00e7o da ag\u00eancia France-Presse.<\/p>\n\n\n\n<p>Em Portugal, desde mar\u00e7o de 2020, morreram 18.778 pessoas e foram contabilizados 1.225.102 casos de infe\u00e7\u00e3o, segundo dados da Dire\u00e7\u00e3o-Geral da Sa\u00fade.<\/p>\n\n\n\n<p>A doen\u00e7a respirat\u00f3ria \u00e9 provocada pelo coronav\u00edrus SARS-CoV-2, detetado no final de 2019 em Wuhan, cidade do centro da China, e atualmente com variantes identificadas em v\u00e1rios pa\u00edses.<\/p>\n\n\n\n<p>Uma nova variante, a \u00d3micron, classificada como preocupante pela Organiza\u00e7\u00e3o Mundial da Sa\u00fade (OMS), foi detetada na \u00c1frica Austral, mas desde que as autoridades sanit\u00e1rias sul-africanas deram o alerta, a 24 de novembro, foram notificadas infe\u00e7\u00f5es em pelo menos 89 pa\u00edses de todos os continentes, incluindo Portugal.<\/p>\n","protected":false},"excerpt":{"rendered":"<p>Cerca de 30% das crian\u00e7as entre os 9 e os 11 anos (295.734) foram vacinadas no passado fim de semana contra a covid-19, segundo as contas feitas pela Lusa com base em dados do Instituto Nacional de Estat\u00edstica (INE). Ao longo do fim de semana, e at\u00e9 \u00e0s 18:00 deste domingo, foram vacinadas cerca de [&hellip;]<\/p>\n","protected":false},"author":16,"featured_media":73830,"comment_status":"closed","ping_status":"closed","sticky":false,"template":"","format":"standard","meta":{"_exactmetrics_skip_tracking":false,"_exactmetrics_sitenote_active":false,"_exactmetrics_sitenote_note":"","_exactmetrics_sitenote_category":0,"footnotes":""},"categories":[42722],"tags":[26],"class_list":["post-73829","post","type-post","status-publish","format-standard","has-post-thumbnail","hentry","category-covid-19","tag-saude"],"yoast_head":"<!-- This site is optimized with the Yoast SEO Premium plugin v27.5 (Yoast SEO v27.5) - https:\/\/yoast.com\/product\/yoast-seo-premium-wordpress\/ -->\n<title>30% das crian\u00e7as dos 9 aos 11 anos vacinadas no fim de semana<\/title>\n<meta name=\"description\" content=\"Cerca de 30% das crian\u00e7as entre os 9 e os 11 anos (295.734) foram vacinadas no passado fim de semana contra a covid-19.\" \/>\n<meta name=\"robots\" content=\"index, follow, max-snippet:-1, max-image-preview:large, max-video-preview:-1\" \/>\n<link rel=\"canonical\" href=\"https:\/\/www.altominho.tv\/site\/2021\/12\/20\/30-das-criancas-dos-9-aos-11-anos-vacinadas-no-fim-de-semana\/\" \/>\n<meta property=\"og:locale\" content=\"pt_PT\" \/>\n<meta property=\"og:type\" content=\"article\" \/>\n<meta property=\"og:title\" content=\"30% das crian\u00e7as dos 9 aos 11 anos vacinadas no fim de semana\" \/>\n<meta property=\"og:description\" content=\"Cerca de 30% das crian\u00e7as entre os 9 e os 11 anos (295.734) foram vacinadas no passado fim de semana contra a covid-19.\" \/>\n<meta property=\"og:url\" content=\"https:\/\/www.altominho.tv\/site\/2021\/12\/20\/30-das-criancas-dos-9-aos-11-anos-vacinadas-no-fim-de-semana\/\" \/>\n<meta property=\"og:site_name\" content=\"Altominho.tv\" \/>\n<meta property=\"article:publisher\" content=\"https:\/\/www.facebook.com\/altominhotv\" \/>\n<meta property=\"article:published_time\" content=\"2021-12-20T15:56:14+00:00\" \/>\n<meta property=\"article:modified_time\" content=\"2022-03-08T15:48:52+00:00\" \/>\n<meta property=\"og:image\" content=\"https:\/\/www.altominho.tv\/site\/wp-content\/uploads\/2021\/12\/teste-vacina-crianc\u0327as_site-1.jpeg\" \/>\n\t<meta property=\"og:image:width\" content=\"1024\" \/>\n\t<meta property=\"og:image:height\" content=\"682\" \/>\n\t<meta property=\"og:image:type\" content=\"image\/jpeg\" \/>\n<meta name=\"author\" content=\"Andreia Cunha | Lusa\" \/>\n<meta name=\"twitter:card\" content=\"summary_large_image\" \/>\n<meta name=\"twitter:creator\" content=\"@altominhoTV\" \/>\n<meta name=\"twitter:site\" content=\"@altominhoTV\" \/>\n<meta name=\"twitter:label1\" content=\"Escrito por\" \/>\n\t<meta name=\"twitter:data1\" content=\"Andreia Cunha | Lusa\" \/>\n\t<meta name=\"twitter:label2\" content=\"Tempo estimado de leitura\" \/>\n\t<meta name=\"twitter:data2\" content=\"3 minutos\" \/>\n<script type=\"application\/ld+json\" class=\"yoast-schema-graph\">{\"@context\":\"https:\\\/\\\/schema.org\",\"@graph\":[{\"@type\":\"Article\",\"@id\":\"https:\\\/\\\/www.altominho.tv\\\/site\\\/2021\\\/12\\\/20\\\/30-das-criancas-dos-9-aos-11-anos-vacinadas-no-fim-de-semana\\\/#article\",\"isPartOf\":{\"@id\":\"https:\\\/\\\/www.altominho.tv\\\/site\\\/2021\\\/12\\\/20\\\/30-das-criancas-dos-9-aos-11-anos-vacinadas-no-fim-de-semana\\\/\"},\"author\":{\"name\":\"Andreia Cunha | Lusa\",\"@id\":\"https:\\\/\\\/www.altominho.tv\\\/site\\\/#\\\/schema\\\/person\\\/dbaf181c01b51ff40c9f461a905d321e\"},\"headline\":\"30% das crian\u00e7as dos 9 aos 11 anos vacinadas no fim de semana\",\"datePublished\":\"2021-12-20T15:56:14+00:00\",\"dateModified\":\"2022-03-08T15:48:52+00:00\",\"mainEntityOfPage\":{\"@id\":\"https:\\\/\\\/www.altominho.tv\\\/site\\\/2021\\\/12\\\/20\\\/30-das-criancas-dos-9-aos-11-anos-vacinadas-no-fim-de-semana\\\/\"},\"wordCount\":497,\"image\":{\"@id\":\"https:\\\/\\\/www.altominho.tv\\\/site\\\/2021\\\/12\\\/20\\\/30-das-criancas-dos-9-aos-11-anos-vacinadas-no-fim-de-semana\\\/#primaryimage\"},\"thumbnailUrl\":\"https:\\\/\\\/www.altominho.tv\\\/site\\\/wp-content\\\/uploads\\\/2021\\\/12\\\/teste-vacina-crianc\u0327as_site-1.jpeg\",\"keywords\":[\"Sa\u00fade\"],\"articleSection\":[\"Coronav\u00edrus\"],\"inLanguage\":\"pt-PT\",\"copyrightYear\":\"2021\",\"copyrightHolder\":{\"@id\":\"https:\\\/\\\/www.altominho.tv\\\/site\\\/#organization\"}},{\"@type\":\"WebPage\",\"@id\":\"https:\\\/\\\/www.altominho.tv\\\/site\\\/2021\\\/12\\\/20\\\/30-das-criancas-dos-9-aos-11-anos-vacinadas-no-fim-de-semana\\\/\",\"url\":\"https:\\\/\\\/www.altominho.tv\\\/site\\\/2021\\\/12\\\/20\\\/30-das-criancas-dos-9-aos-11-anos-vacinadas-no-fim-de-semana\\\/\",\"name\":\"30% das crian\u00e7as dos 9 aos 11 anos vacinadas no fim de semana\",\"isPartOf\":{\"@id\":\"https:\\\/\\\/www.altominho.tv\\\/site\\\/#website\"},\"primaryImageOfPage\":{\"@id\":\"https:\\\/\\\/www.altominho.tv\\\/site\\\/2021\\\/12\\\/20\\\/30-das-criancas-dos-9-aos-11-anos-vacinadas-no-fim-de-semana\\\/#primaryimage\"},\"image\":{\"@id\":\"https:\\\/\\\/www.altominho.tv\\\/site\\\/2021\\\/12\\\/20\\\/30-das-criancas-dos-9-aos-11-anos-vacinadas-no-fim-de-semana\\\/#primaryimage\"},\"thumbnailUrl\":\"https:\\\/\\\/www.altominho.tv\\\/site\\\/wp-content\\\/uploads\\\/2021\\\/12\\\/teste-vacina-crianc\u0327as_site-1.jpeg\",\"datePublished\":\"2021-12-20T15:56:14+00:00\",\"dateModified\":\"2022-03-08T15:48:52+00:00\",\"author\":{\"@id\":\"https:\\\/\\\/www.altominho.tv\\\/site\\\/#\\\/schema\\\/person\\\/dbaf181c01b51ff40c9f461a905d321e\"},\"description\":\"Cerca de 30% das crian\u00e7as entre os 9 e os 11 anos (295.734) foram vacinadas no passado fim de semana contra a covid-19.\",\"breadcrumb\":{\"@id\":\"https:\\\/\\\/www.altominho.tv\\\/site\\\/2021\\\/12\\\/20\\\/30-das-criancas-dos-9-aos-11-anos-vacinadas-no-fim-de-semana\\\/#breadcrumb\"},\"inLanguage\":\"pt-PT\",\"potentialAction\":[{\"@type\":\"ReadAction\",\"target\":[\"https:\\\/\\\/www.altominho.tv\\\/site\\\/2021\\\/12\\\/20\\\/30-das-criancas-dos-9-aos-11-anos-vacinadas-no-fim-de-semana\\\/\"]}]},{\"@type\":\"ImageObject\",\"inLanguage\":\"pt-PT\",\"@id\":\"https:\\\/\\\/www.altominho.tv\\\/site\\\/2021\\\/12\\\/20\\\/30-das-criancas-dos-9-aos-11-anos-vacinadas-no-fim-de-semana\\\/#primaryimage\",\"url\":\"https:\\\/\\\/www.altominho.tv\\\/site\\\/wp-content\\\/uploads\\\/2021\\\/12\\\/teste-vacina-crianc\u0327as_site-1.jpeg\",\"contentUrl\":\"https:\\\/\\\/www.altominho.tv\\\/site\\\/wp-content\\\/uploads\\\/2021\\\/12\\\/teste-vacina-crianc\u0327as_site-1.jpeg\",\"width\":1024,\"height\":682},{\"@type\":\"BreadcrumbList\",\"@id\":\"https:\\\/\\\/www.altominho.tv\\\/site\\\/2021\\\/12\\\/20\\\/30-das-criancas-dos-9-aos-11-anos-vacinadas-no-fim-de-semana\\\/#breadcrumb\",\"itemListElement\":[{\"@type\":\"ListItem\",\"position\":1,\"name\":\"In\u00edcio\",\"item\":\"https:\\\/\\\/www.altominho.tv\\\/site\\\/\"},{\"@type\":\"ListItem\",\"position\":2,\"name\":\"30% das crian\u00e7as dos 9 aos 11 anos vacinadas no fim de semana\"}]},{\"@type\":\"WebSite\",\"@id\":\"https:\\\/\\\/www.altominho.tv\\\/site\\\/#website\",\"url\":\"https:\\\/\\\/www.altominho.tv\\\/site\\\/\",\"name\":\"Altominho.tv\",\"description\":\"A sua regi\u00e3o \u00e0 dist\u00e2ncia de um clique...\",\"potentialAction\":[{\"@type\":\"SearchAction\",\"target\":{\"@type\":\"EntryPoint\",\"urlTemplate\":\"https:\\\/\\\/www.altominho.tv\\\/site\\\/?s={search_term_string}\"},\"query-input\":{\"@type\":\"PropertyValueSpecification\",\"valueRequired\":true,\"valueName\":\"search_term_string\"}}],\"inLanguage\":\"pt-PT\"},{\"@type\":\"Person\",\"@id\":\"https:\\\/\\\/www.altominho.tv\\\/site\\\/#\\\/schema\\\/person\\\/dbaf181c01b51ff40c9f461a905d321e\",\"name\":\"Andreia Cunha | Lusa\",\"image\":{\"@type\":\"ImageObject\",\"inLanguage\":\"pt-PT\",\"@id\":\"https:\\\/\\\/www.altominho.tv\\\/site\\\/wp-content\\\/uploads\\\/2017\\\/11\\\/Andreia_Cunha-1-150x150.jpg\",\"url\":\"https:\\\/\\\/www.altominho.tv\\\/site\\\/wp-content\\\/uploads\\\/2017\\\/11\\\/Andreia_Cunha-1-150x150.jpg\",\"contentUrl\":\"https:\\\/\\\/www.altominho.tv\\\/site\\\/wp-content\\\/uploads\\\/2017\\\/11\\\/Andreia_Cunha-1-150x150.jpg\",\"caption\":\"Andreia Cunha | Lusa\"},\"sameAs\":[\"https:\\\/\\\/www.altominho.tv\\\/site\"],\"url\":\"https:\\\/\\\/www.altominho.tv\\\/site\\\/author\\\/andreiacunhalusa\\\/\"}]}<\/script>\n<!-- \/ Yoast SEO Premium plugin. -->","yoast_head_json":{"title":"30% das crian\u00e7as dos 9 aos 11 anos vacinadas no fim de semana","description":"Cerca de 30% das crian\u00e7as entre os 9 e os 11 anos (295.734) foram vacinadas no passado fim de semana contra a covid-19.","robots":{"index":"index","follow":"follow","max-snippet":"max-snippet:-1","max-image-preview":"max-image-preview:large","max-video-preview":"max-video-preview:-1"},"canonical":"https:\/\/www.altominho.tv\/site\/2021\/12\/20\/30-das-criancas-dos-9-aos-11-anos-vacinadas-no-fim-de-semana\/","og_locale":"pt_PT","og_type":"article","og_title":"30% das crian\u00e7as dos 9 aos 11 anos vacinadas no fim de semana","og_description":"Cerca de 30% das crian\u00e7as entre os 9 e os 11 anos (295.734) foram vacinadas no passado fim de semana contra a covid-19.","og_url":"https:\/\/www.altominho.tv\/site\/2021\/12\/20\/30-das-criancas-dos-9-aos-11-anos-vacinadas-no-fim-de-semana\/","og_site_name":"Altominho.tv","article_publisher":"https:\/\/www.facebook.com\/altominhotv","article_published_time":"2021-12-20T15:56:14+00:00","article_modified_time":"2022-03-08T15:48:52+00:00","og_image":[{"width":1024,"height":682,"url":"https:\/\/www.altominho.tv\/site\/wp-content\/uploads\/2021\/12\/teste-vacina-crianc\u0327as_site-1.jpeg","type":"image\/jpeg"}],"author":"Andreia Cunha | Lusa","twitter_card":"summary_large_image","twitter_creator":"@altominhoTV","twitter_site":"@altominhoTV","twitter_misc":{"Escrito por":"Andreia Cunha | Lusa","Tempo estimado de leitura":"3 minutos"},"schema":{"@context":"https:\/\/schema.org","@graph":[{"@type":"Article","@id":"https:\/\/www.altominho.tv\/site\/2021\/12\/20\/30-das-criancas-dos-9-aos-11-anos-vacinadas-no-fim-de-semana\/#article","isPartOf":{"@id":"https:\/\/www.altominho.tv\/site\/2021\/12\/20\/30-das-criancas-dos-9-aos-11-anos-vacinadas-no-fim-de-semana\/"},"author":{"name":"Andreia Cunha | Lusa","@id":"https:\/\/www.altominho.tv\/site\/#\/schema\/person\/dbaf181c01b51ff40c9f461a905d321e"},"headline":"30% das crian\u00e7as dos 9 aos 11 anos vacinadas no fim de semana","datePublished":"2021-12-20T15:56:14+00:00","dateModified":"2022-03-08T15:48:52+00:00","mainEntityOfPage":{"@id":"https:\/\/www.altominho.tv\/site\/2021\/12\/20\/30-das-criancas-dos-9-aos-11-anos-vacinadas-no-fim-de-semana\/"},"wordCount":497,"image":{"@id":"https:\/\/www.altominho.tv\/site\/2021\/12\/20\/30-das-criancas-dos-9-aos-11-anos-vacinadas-no-fim-de-semana\/#primaryimage"},"thumbnailUrl":"https:\/\/www.altominho.tv\/site\/wp-content\/uploads\/2021\/12\/teste-vacina-crianc\u0327as_site-1.jpeg","keywords":["Sa\u00fade"],"articleSection":["Coronav\u00edrus"],"inLanguage":"pt-PT","copyrightYear":"2021","copyrightHolder":{"@id":"https:\/\/www.altominho.tv\/site\/#organization"}},{"@type":"WebPage","@id":"https:\/\/www.altominho.tv\/site\/2021\/12\/20\/30-das-criancas-dos-9-aos-11-anos-vacinadas-no-fim-de-semana\/","url":"https:\/\/www.altominho.tv\/site\/2021\/12\/20\/30-das-criancas-dos-9-aos-11-anos-vacinadas-no-fim-de-semana\/","name":"30% das crian\u00e7as dos 9 aos 11 anos vacinadas no fim de semana","isPartOf":{"@id":"https:\/\/www.altominho.tv\/site\/#website"},"primaryImageOfPage":{"@id":"https:\/\/www.altominho.tv\/site\/2021\/12\/20\/30-das-criancas-dos-9-aos-11-anos-vacinadas-no-fim-de-semana\/#primaryimage"},"image":{"@id":"https:\/\/www.altominho.tv\/site\/2021\/12\/20\/30-das-criancas-dos-9-aos-11-anos-vacinadas-no-fim-de-semana\/#primaryimage"},"thumbnailUrl":"https:\/\/www.altominho.tv\/site\/wp-content\/uploads\/2021\/12\/teste-vacina-crianc\u0327as_site-1.jpeg","datePublished":"2021-12-20T15:56:14+00:00","dateModified":"2022-03-08T15:48:52+00:00","author":{"@id":"https:\/\/www.altominho.tv\/site\/#\/schema\/person\/dbaf181c01b51ff40c9f461a905d321e"},"description":"Cerca de 30% das crian\u00e7as entre os 9 e os 11 anos (295.734) foram vacinadas no passado fim de semana contra a covid-19.","breadcrumb":{"@id":"https:\/\/www.altominho.tv\/site\/2021\/12\/20\/30-das-criancas-dos-9-aos-11-anos-vacinadas-no-fim-de-semana\/#breadcrumb"},"inLanguage":"pt-PT","potentialAction":[{"@type":"ReadAction","target":["https:\/\/www.altominho.tv\/site\/2021\/12\/20\/30-das-criancas-dos-9-aos-11-anos-vacinadas-no-fim-de-semana\/"]}]},{"@type":"ImageObject","inLanguage":"pt-PT","@id":"https:\/\/www.altominho.tv\/site\/2021\/12\/20\/30-das-criancas-dos-9-aos-11-anos-vacinadas-no-fim-de-semana\/#primaryimage","url":"https:\/\/www.altominho.tv\/site\/wp-content\/uploads\/2021\/12\/teste-vacina-crianc\u0327as_site-1.jpeg","contentUrl":"https:\/\/www.altominho.tv\/site\/wp-content\/uploads\/2021\/12\/teste-vacina-crianc\u0327as_site-1.jpeg","width":1024,"height":682},{"@type":"BreadcrumbList","@id":"https:\/\/www.altominho.tv\/site\/2021\/12\/20\/30-das-criancas-dos-9-aos-11-anos-vacinadas-no-fim-de-semana\/#breadcrumb","itemListElement":[{"@type":"ListItem","position":1,"name":"In\u00edcio","item":"https:\/\/www.altominho.tv\/site\/"},{"@type":"ListItem","position":2,"name":"30% das crian\u00e7as dos 9 aos 11 anos vacinadas no fim de semana"}]},{"@type":"WebSite","@id":"https:\/\/www.altominho.tv\/site\/#website","url":"https:\/\/www.altominho.tv\/site\/","name":"Altominho.tv","description":"A sua regi\u00e3o \u00e0 dist\u00e2ncia de um clique...","potentialAction":[{"@type":"SearchAction","target":{"@type":"EntryPoint","urlTemplate":"https:\/\/www.altominho.tv\/site\/?s={search_term_string}"},"query-input":{"@type":"PropertyValueSpecification","valueRequired":true,"valueName":"search_term_string"}}],"inLanguage":"pt-PT"},{"@type":"Person","@id":"https:\/\/www.altominho.tv\/site\/#\/schema\/person\/dbaf181c01b51ff40c9f461a905d321e","name":"Andreia Cunha | Lusa","image":{"@type":"ImageObject","inLanguage":"pt-PT","@id":"https:\/\/www.altominho.tv\/site\/wp-content\/uploads\/2017\/11\/Andreia_Cunha-1-150x150.jpg","url":"https:\/\/www.altominho.tv\/site\/wp-content\/uploads\/2017\/11\/Andreia_Cunha-1-150x150.jpg","contentUrl":"https:\/\/www.altominho.tv\/site\/wp-content\/uploads\/2017\/11\/Andreia_Cunha-1-150x150.jpg","caption":"Andreia Cunha | Lusa"},"sameAs":["https:\/\/www.altominho.tv\/site"],"url":"https:\/\/www.altominho.tv\/site\/author\/andreiacunhalusa\/"}]}},"_links":{"self":[{"href":"https:\/\/www.altominho.tv\/site\/wp-json\/wp\/v2\/posts\/73829","targetHints":{"allow":["GET"]}}],"collection":[{"href":"https:\/\/www.altominho.tv\/site\/wp-json\/wp\/v2\/posts"}],"about":[{"href":"https:\/\/www.altominho.tv\/site\/wp-json\/wp\/v2\/types\/post"}],"author":[{"embeddable":true,"href":"https:\/\/www.altominho.tv\/site\/wp-json\/wp\/v2\/users\/16"}],"replies":[{"embeddable":true,"href":"https:\/\/www.altominho.tv\/site\/wp-json\/wp\/v2\/comments?post=73829"}],"version-history":[{"count":0,"href":"https:\/\/www.altominho.tv\/site\/wp-json\/wp\/v2\/posts\/73829\/revisions"}],"wp:featuredmedia":[{"embeddable":true,"href":"https:\/\/www.altominho.tv\/site\/wp-json\/wp\/v2\/media\/73830"}],"wp:attachment":[{"href":"https:\/\/www.altominho.tv\/site\/wp-json\/wp\/v2\/media?parent=73829"}],"wp:term":[{"taxonomy":"category","embeddable":true,"href":"https:\/\/www.altominho.tv\/site\/wp-json\/wp\/v2\/categories?post=73829"},{"taxonomy":"post_tag","embeddable":true,"href":"https:\/\/www.altominho.tv\/site\/wp-json\/wp\/v2\/tags?post=73829"}],"curies":[{"name":"wp","href":"https:\/\/api.w.org\/{rel}","templated":true}]}}