{"id":73627,"date":"2021-12-13T14:26:11","date_gmt":"2021-12-13T14:26:11","guid":{"rendered":"https:\/\/www.altominho.tv\/site\/?p=73627"},"modified":"2021-12-13T14:26:16","modified_gmt":"2021-12-13T14:26:16","slug":"residencia-artistica-poe-em-marcha-valorizacao-de-lugares-misticos-de-arcos-de-valdevez","status":"publish","type":"post","link":"https:\/\/www.altominho.tv\/site\/2021\/12\/13\/residencia-artistica-poe-em-marcha-valorizacao-de-lugares-misticos-de-arcos-de-valdevez\/","title":{"rendered":"Resid\u00eancia art\u00edstica p\u00f5e em marcha valoriza\u00e7\u00e3o de lugares m\u00edsticos de Arcos de Valdevez"},"content":{"rendered":"<p>O fot\u00f3grafo espanhol Joan Alvado anda h\u00e1 meses por entre florestas encantadas, lugares m\u00e1gicos e m\u00edsticos na zona poente de Arcos de Valdevez, \u201cexperi\u00eancia\u201d que ir\u00e1 desencadear um programa municipal de valoriza\u00e7\u00e3o daquele territ\u00f3rio.<\/p>\n<p>\u201cA minha preocupa\u00e7\u00e3o \u00e9 relacionar o meu trabalho com a envolvente, natural e f\u00edsica. Integr\u00e1-lo numa esp\u00e9cie de di\u00e1logo com a natureza\u201d, disse hoje \u00e0 ag\u00eancia Lusa o fot\u00f3grafo documental Joan Alvado.<\/p>\n<p>Autor de projetos como Escola de Pastores, na S\u00e9rvia, ou O \u00faltimo Homem na Terra, em Espanha, Joan est\u00e1 em Arcos de Valdevez a realizar a primeira de v\u00e1rias resid\u00eancias art\u00edsticas e acad\u00e9micas que ir\u00e3o apoiar a C\u00e2mara local a desenhar o melhor modelo de valoriza\u00e7\u00e3o da zona poente do concelho, no distrito de Viana do Castelo.<\/p>\n<p>O territ\u00f3rio abrange v\u00e1rias freguesias, localizadas na envolvente do Parque Nacional da Peneda Ger\u00eas (PNPG).<\/p>\n<p>Joan foi \u201cdesafiado\u201d pelo FAHR 021.3, &#8216;ateli\u00ea&#8217; de arquitetura e arte envolvido no projeto municipal, a fazer a sua \u201cleitura\u201d da identidade daquele territ\u00f3rio, das suas gentes, tradi\u00e7\u00f5es, usos e costumes.<\/p>\n<p>Desde setembro tem percorrido com o rio Vez, as montanhas do Soajo e da Peneda, a \u201cm\u00edstica\u201d ou a floresta encantada [tamb\u00e9m conhecida localmente por floresta m\u00e1gica ou floresta da Miranda, aldeia situada a 10 quil\u00f3metros do centro de Arcos de Valdevez].<\/p>\n<p>Observou os lugares de culto e f\u00e9, conheceu rituais sagrados do homem do per\u00edodo do megal\u00edtico que ainda hoje, destaca, perduram na\u00a0 natureza.<\/p>\n<p>O monte do Castelo, em Vila Fonche, que ser\u00e1 o \u201cmotor\u201d do projeto municipal, palco anual da prociss\u00e3o em honra de Nossa Senhora do Castelo.<\/p>\n<p>\u201cTenho observado como toda esta m\u00edstica da natureza se relaciona com a realidade das comunidades locais\u201d, observou Joan.<\/p>\n<p>Sem querer particularizar, admitiu ter sentido \u201cuma forte liga\u00e7\u00e3o\u201d com o rio Vez e com a floresta encantada de Miranda, na margem direita do rio Lima, singular pela diversidade de \u00e1rvores.<\/p>\n<p>\u201cSenti que s\u00e3o locais onde vale sempre a pena voltar, em dias diferentes, com condi\u00e7\u00f5es climat\u00e9ricas distintas. Mostrar-se-iam sempre de uma maneira diferente\u201d, destacou.<\/p>\n<p>Na floresta encantada de Miranda, sem freguesias nas proximidades, com pouca atividade e presen\u00e7a humana, observou garranos e \u201csentiu\u201d a \u201cfor\u00e7a que a natureza tem nas pessoas\u201d.<\/p>\n<p>\u201cNo inverno n\u00e3o se v\u00ea gente, n\u00e3o h\u00e1 trabalhos agr\u00edcolas. S\u00e3o locais onde a natureza est\u00e1 muito presente e tem muito peso na vida das pessoas\u201d, apontou.<\/p>\n<p>Joan fala de uma \u201cexperi\u00eancia especial\u201d por ter sido \u201cbem acolhido\u201d pelas popula\u00e7\u00f5es e da \u201crapidez\u201d com que conseguiu interagir com o territ\u00f3rio, \u201cgra\u00e7as\u201d aO apoio de Cl\u00e1udia Fernandes, da empresa local Northland, que se tornou a sua guia durante estes meses.<br \/>\nA resid\u00eancia art\u00edstica termina no domingo e dela resultar\u00e1 uma instala\u00e7\u00e3o art\u00edstica e uma exposi\u00e7\u00e3o de fotografias, a realizar no espa\u00e7o p\u00fablico.<\/p>\n<p>\u201cSe as minhas fotografias forem expostas num bosque, quero que se relacionem com esse bosque. Se forem expostas junto ao Vez, quero que se integrem no rio, numa esp\u00e9cie de di\u00e1logo. Interessa-me perceber a perce\u00e7\u00e3o que as pessoas que habitam nesses lugares t\u00eam sobre o meu trabalho\u201d, explicou o fot\u00f3grafo.<\/p>\n<p>Para o chefe de Divis\u00e3o de Desenvolvimento Sociocultural da C\u00e2mara de Arcos de Valdevez, Nuno Soares, a zona poente concelho, apesar de n\u00e3o estar integrada no PNPG, \u201cconcentra patrim\u00f3nio natural, hist\u00f3rico, arqueol\u00f3gico igualmente rico e importante\u201d.<\/p>\n<p>O pr\u00f3ximo passo, em 2022, ser\u00e1 avan\u00e7ar com um plano estrat\u00e9gico de valoriza\u00e7\u00e3o tal como aconteceu com a pacata aldeia de Sistelo, classificada monumento nacional e conhecida como o \u201cpequeno Tibete portugu\u00eas\u201d, devido aos seus socalcos, ou com a freguesia de Extremo e os seus fortes do per\u00edodo da Guerra da Restaura\u00e7\u00e3o da independ\u00eancia portuguesa, do s\u00e9culo XVII s\u00e9culo XVII\u201d.<\/p>\n<p>O projeto, explicou, ir\u00e1 estender-se, para sul, desde zona urbana de Arcos de Valdevez, at\u00e9 ao monte do Castelo, passando por Miranda e pela floresta encantada at\u00e9 ao rio Lima e, para norte, at\u00e9 ao Extremo, na fronteira com Paredes de Coura e Ponte de Lima.<\/p>\n<p>Hugo Reis, cofundadoR do &#8216;ateli\u00ea&#8217; de arquitetura e arte, real\u00e7ou a import\u00e2ncia de \u201ccome\u00e7ar a olhar com outros olhos\u201d para este territ\u00f3rio, \u201cque converge\u201d com outros munic\u00edpios do Alto Minho \u201ce que, por esse motivo, permitir\u00e1 a sua potencia\u00e7\u00e3o numa l\u00f3gica interregional\u201d.<\/p>\n<p>\u201cPara o lado ocidental de Arcos de Valdevez convergem uma s\u00e9rie de florestas, criadas durante o Estado Novo, que s\u00e3o verdadeiras p\u00e9rolas, feitas de uma variedade incr\u00edvel de vegeta\u00e7\u00e3o e todas elas muito humanizadas. A ideia \u00e9 virar as costas, no bom sentido, ao PNPG, e olhar para toda a outra realidade existente na sua envolvente\u201d, referiu.<\/p>\n<p>Defendeu que a nova estrat\u00e9gia municipal de valoriza\u00e7\u00e3o daquele territ\u00f3rio n\u00e3o assentar\u00e1 \u201capenas na potencia\u00e7\u00e3o tur\u00edstica, mas na\u00a0vertente\u00a0ambiental, cutlural e social\u201d.<\/p>\n<p>\u201cO munic\u00edpio n\u00e3o est\u00e1 focado, meramente, no atrativo tur\u00edstico, ainda que seja, provavelmente, por a\u00ed que se consigam alicer\u00e7ar melhores condi\u00e7\u00f5es para o apoio de fundos comunit\u00e1rios e investimentos futuros, mas \u00e9 todo um trabalho mais profundo, do impacto social nestas \u00e1reas em processo de desertifica\u00e7\u00e3o, de abandono e com imensas car\u00eancias\u201d, especificou Hugo Reis.<\/p>\n","protected":false},"excerpt":{"rendered":"<p>O fot\u00f3grafo espanhol Joan Alvado anda h\u00e1 meses por entre florestas encantadas, lugares m\u00e1gicos e m\u00edsticos na zona poente de Arcos de Valdevez, \u201cexperi\u00eancia\u201d que ir\u00e1 desencadear um programa municipal de valoriza\u00e7\u00e3o daquele territ\u00f3rio. \u201cA minha preocupa\u00e7\u00e3o \u00e9 relacionar o meu trabalho com a envolvente, natural e f\u00edsica. Integr\u00e1-lo numa esp\u00e9cie de di\u00e1logo com a [&hellip;]<\/p>\n","protected":false},"author":13,"featured_media":73628,"comment_status":"closed","ping_status":"closed","sticky":false,"template":"","format":"standard","meta":{"_exactmetrics_skip_tracking":false,"footnotes":""},"categories":[2],"tags":[27],"class_list":["post-73627","post","type-post","status-publish","format-standard","has-post-thumbnail","hentry","category-arcos-de-valdevez","tag-sociedade"],"yoast_head":"<!-- This site is optimized with the Yoast SEO Premium plugin v28.3 (Yoast SEO v28.3) - https:\/\/yoast.com\/product\/yoast-seo-premium-wordpress\/ -->\n<title>Resid\u00eancia art\u00edstica p\u00f5e em marcha valoriza\u00e7\u00e3o de lugares m\u00edsticos de Arcos de Valdevez<\/title>\n<meta name=\"robots\" content=\"index, follow, max-snippet:-1, max-image-preview:large, max-video-preview:-1\" \/>\n<link rel=\"canonical\" href=\"https:\/\/www.altominho.tv\/site\/2021\/12\/13\/residencia-artistica-poe-em-marcha-valorizacao-de-lugares-misticos-de-arcos-de-valdevez\/\" \/>\n<meta property=\"og:locale\" content=\"pt_PT\" \/>\n<meta property=\"og:type\" content=\"article\" \/>\n<meta property=\"og:title\" content=\"Resid\u00eancia art\u00edstica p\u00f5e em marcha valoriza\u00e7\u00e3o de lugares m\u00edsticos de Arcos de Valdevez\" \/>\n<meta property=\"og:description\" content=\"O fot\u00f3grafo espanhol Joan Alvado anda h\u00e1 meses por entre florestas encantadas, lugares m\u00e1gicos e m\u00edsticos na zona poente de Arcos de Valdevez, \u201cexperi\u00eancia\u201d que ir\u00e1 desencadear um programa municipal de valoriza\u00e7\u00e3o daquele territ\u00f3rio. \u201cA minha preocupa\u00e7\u00e3o \u00e9 relacionar o meu trabalho com a envolvente, natural e f\u00edsica. Integr\u00e1-lo numa esp\u00e9cie de di\u00e1logo com a [&hellip;]\" \/>\n<meta property=\"og:url\" content=\"https:\/\/www.altominho.tv\/site\/2021\/12\/13\/residencia-artistica-poe-em-marcha-valorizacao-de-lugares-misticos-de-arcos-de-valdevez\/\" \/>\n<meta property=\"og:site_name\" content=\"Altominho.tv\" \/>\n<meta property=\"article:publisher\" content=\"https:\/\/www.facebook.com\/altominhotv\" \/>\n<meta property=\"article:published_time\" content=\"2021-12-13T14:26:11+00:00\" \/>\n<meta property=\"article:modified_time\" content=\"2021-12-13T14:26:16+00:00\" \/>\n<meta property=\"og:image\" content=\"https:\/\/www.altominho.tv\/site\/wp-content\/uploads\/2021\/12\/o-que-visitar-em-arcos-de-valdevez.jpeg\" \/>\n\t<meta property=\"og:image:width\" content=\"800\" \/>\n\t<meta property=\"og:image:height\" content=\"533\" \/>\n\t<meta property=\"og:image:type\" content=\"image\/jpeg\" \/>\n<meta name=\"author\" content=\"Lusa\" \/>\n<meta name=\"twitter:card\" content=\"summary_large_image\" \/>\n<meta name=\"twitter:creator\" content=\"@altominhoTV\" \/>\n<meta name=\"twitter:site\" content=\"@altominhoTV\" \/>\n<meta name=\"twitter:label1\" content=\"Escrito por\" \/>\n\t<meta name=\"twitter:data1\" content=\"Lusa\" \/>\n\t<meta name=\"twitter:label2\" content=\"Tempo estimado de leitura\" \/>\n\t<meta name=\"twitter:data2\" content=\"4 minutos\" \/>\n<script type=\"application\/ld+json\" class=\"yoast-schema-graph\">{\"@context\":\"https:\\\/\\\/schema.org\",\"@graph\":[{\"@type\":\"Article\",\"@id\":\"https:\\\/\\\/www.altominho.tv\\\/site\\\/2021\\\/12\\\/13\\\/residencia-artistica-poe-em-marcha-valorizacao-de-lugares-misticos-de-arcos-de-valdevez\\\/#article\",\"isPartOf\":{\"@id\":\"https:\\\/\\\/www.altominho.tv\\\/site\\\/2021\\\/12\\\/13\\\/residencia-artistica-poe-em-marcha-valorizacao-de-lugares-misticos-de-arcos-de-valdevez\\\/\"},\"author\":{\"name\":\"Lusa\",\"@id\":\"https:\\\/\\\/www.altominho.tv\\\/site\\\/#\\\/schema\\\/person\\\/63f693da3e1899361cbe955c46f3232e\"},\"headline\":\"Resid\u00eancia art\u00edstica p\u00f5e em marcha valoriza\u00e7\u00e3o de lugares m\u00edsticos de Arcos de Valdevez\",\"datePublished\":\"2021-12-13T14:26:11+00:00\",\"dateModified\":\"2021-12-13T14:26:16+00:00\",\"mainEntityOfPage\":{\"@id\":\"https:\\\/\\\/www.altominho.tv\\\/site\\\/2021\\\/12\\\/13\\\/residencia-artistica-poe-em-marcha-valorizacao-de-lugares-misticos-de-arcos-de-valdevez\\\/\"},\"wordCount\":935,\"image\":{\"@id\":\"https:\\\/\\\/www.altominho.tv\\\/site\\\/2021\\\/12\\\/13\\\/residencia-artistica-poe-em-marcha-valorizacao-de-lugares-misticos-de-arcos-de-valdevez\\\/#primaryimage\"},\"thumbnailUrl\":\"https:\\\/\\\/www.altominho.tv\\\/site\\\/wp-content\\\/uploads\\\/2021\\\/12\\\/o-que-visitar-em-arcos-de-valdevez.jpeg\",\"keywords\":[\"Sociedade\"],\"articleSection\":[\"Arcos de Valdevez\"],\"inLanguage\":\"pt-PT\",\"copyrightYear\":\"2021\",\"copyrightHolder\":{\"@id\":\"https:\\\/\\\/www.altominho.tv\\\/site\\\/#organization\"}},{\"@type\":\"WebPage\",\"@id\":\"https:\\\/\\\/www.altominho.tv\\\/site\\\/2021\\\/12\\\/13\\\/residencia-artistica-poe-em-marcha-valorizacao-de-lugares-misticos-de-arcos-de-valdevez\\\/\",\"url\":\"https:\\\/\\\/www.altominho.tv\\\/site\\\/2021\\\/12\\\/13\\\/residencia-artistica-poe-em-marcha-valorizacao-de-lugares-misticos-de-arcos-de-valdevez\\\/\",\"name\":\"Resid\u00eancia art\u00edstica p\u00f5e em marcha valoriza\u00e7\u00e3o de lugares m\u00edsticos de Arcos de Valdevez\",\"isPartOf\":{\"@id\":\"https:\\\/\\\/www.altominho.tv\\\/site\\\/#website\"},\"primaryImageOfPage\":{\"@id\":\"https:\\\/\\\/www.altominho.tv\\\/site\\\/2021\\\/12\\\/13\\\/residencia-artistica-poe-em-marcha-valorizacao-de-lugares-misticos-de-arcos-de-valdevez\\\/#primaryimage\"},\"image\":{\"@id\":\"https:\\\/\\\/www.altominho.tv\\\/site\\\/2021\\\/12\\\/13\\\/residencia-artistica-poe-em-marcha-valorizacao-de-lugares-misticos-de-arcos-de-valdevez\\\/#primaryimage\"},\"thumbnailUrl\":\"https:\\\/\\\/www.altominho.tv\\\/site\\\/wp-content\\\/uploads\\\/2021\\\/12\\\/o-que-visitar-em-arcos-de-valdevez.jpeg\",\"datePublished\":\"2021-12-13T14:26:11+00:00\",\"dateModified\":\"2021-12-13T14:26:16+00:00\",\"author\":{\"@id\":\"https:\\\/\\\/www.altominho.tv\\\/site\\\/#\\\/schema\\\/person\\\/63f693da3e1899361cbe955c46f3232e\"},\"breadcrumb\":{\"@id\":\"https:\\\/\\\/www.altominho.tv\\\/site\\\/2021\\\/12\\\/13\\\/residencia-artistica-poe-em-marcha-valorizacao-de-lugares-misticos-de-arcos-de-valdevez\\\/#breadcrumb\"},\"inLanguage\":\"pt-PT\",\"potentialAction\":[{\"@type\":\"ReadAction\",\"target\":[\"https:\\\/\\\/www.altominho.tv\\\/site\\\/2021\\\/12\\\/13\\\/residencia-artistica-poe-em-marcha-valorizacao-de-lugares-misticos-de-arcos-de-valdevez\\\/\"]}]},{\"@type\":\"ImageObject\",\"inLanguage\":\"pt-PT\",\"@id\":\"https:\\\/\\\/www.altominho.tv\\\/site\\\/2021\\\/12\\\/13\\\/residencia-artistica-poe-em-marcha-valorizacao-de-lugares-misticos-de-arcos-de-valdevez\\\/#primaryimage\",\"url\":\"https:\\\/\\\/www.altominho.tv\\\/site\\\/wp-content\\\/uploads\\\/2021\\\/12\\\/o-que-visitar-em-arcos-de-valdevez.jpeg\",\"contentUrl\":\"https:\\\/\\\/www.altominho.tv\\\/site\\\/wp-content\\\/uploads\\\/2021\\\/12\\\/o-que-visitar-em-arcos-de-valdevez.jpeg\",\"width\":800,\"height\":533},{\"@type\":\"BreadcrumbList\",\"@id\":\"https:\\\/\\\/www.altominho.tv\\\/site\\\/2021\\\/12\\\/13\\\/residencia-artistica-poe-em-marcha-valorizacao-de-lugares-misticos-de-arcos-de-valdevez\\\/#breadcrumb\",\"itemListElement\":[{\"@type\":\"ListItem\",\"position\":1,\"name\":\"In\u00edcio\",\"item\":\"https:\\\/\\\/www.altominho.tv\\\/site\\\/\"},{\"@type\":\"ListItem\",\"position\":2,\"name\":\"Resid\u00eancia art\u00edstica p\u00f5e em marcha valoriza\u00e7\u00e3o de lugares m\u00edsticos de Arcos de Valdevez\"}]},{\"@type\":\"WebSite\",\"@id\":\"https:\\\/\\\/www.altominho.tv\\\/site\\\/#website\",\"url\":\"https:\\\/\\\/www.altominho.tv\\\/site\\\/\",\"name\":\"Altominho.tv\",\"description\":\"A sua regi\u00e3o \u00e0 dist\u00e2ncia de um clique...\",\"potentialAction\":[{\"@type\":\"SearchAction\",\"target\":{\"@type\":\"EntryPoint\",\"urlTemplate\":\"https:\\\/\\\/www.altominho.tv\\\/site\\\/?s={search_term_string}\"},\"query-input\":{\"@type\":\"PropertyValueSpecification\",\"valueRequired\":true,\"valueName\":\"search_term_string\"}}],\"inLanguage\":\"pt-PT\"},{\"@type\":\"Person\",\"@id\":\"https:\\\/\\\/www.altominho.tv\\\/site\\\/#\\\/schema\\\/person\\\/63f693da3e1899361cbe955c46f3232e\",\"name\":\"Lusa\",\"image\":{\"@type\":\"ImageObject\",\"inLanguage\":\"pt-PT\",\"@id\":\"https:\\\/\\\/www.altominho.tv\\\/site\\\/wp-content\\\/uploads\\\/2019\\\/08\\\/LUSA_Logo.gif\",\"url\":\"https:\\\/\\\/www.altominho.tv\\\/site\\\/wp-content\\\/uploads\\\/2019\\\/08\\\/LUSA_Logo.gif\",\"contentUrl\":\"https:\\\/\\\/www.altominho.tv\\\/site\\\/wp-content\\\/uploads\\\/2019\\\/08\\\/LUSA_Logo.gif\",\"caption\":\"Lusa\"},\"sameAs\":[\"http:\\\/\\\/\\\/\\\/www.altominho.tv\\\/site\"],\"url\":\"https:\\\/\\\/www.altominho.tv\\\/site\\\/author\\\/lusa\\\/\"}]}<\/script>\n<!-- \/ Yoast SEO Premium plugin. -->","yoast_head_json":{"title":"Resid\u00eancia art\u00edstica p\u00f5e em marcha valoriza\u00e7\u00e3o de lugares m\u00edsticos de Arcos de Valdevez","robots":{"index":"index","follow":"follow","max-snippet":"max-snippet:-1","max-image-preview":"max-image-preview:large","max-video-preview":"max-video-preview:-1"},"canonical":"https:\/\/www.altominho.tv\/site\/2021\/12\/13\/residencia-artistica-poe-em-marcha-valorizacao-de-lugares-misticos-de-arcos-de-valdevez\/","og_locale":"pt_PT","og_type":"article","og_title":"Resid\u00eancia art\u00edstica p\u00f5e em marcha valoriza\u00e7\u00e3o de lugares m\u00edsticos de Arcos de Valdevez","og_description":"O fot\u00f3grafo espanhol Joan Alvado anda h\u00e1 meses por entre florestas encantadas, lugares m\u00e1gicos e m\u00edsticos na zona poente de Arcos de Valdevez, \u201cexperi\u00eancia\u201d que ir\u00e1 desencadear um programa municipal de valoriza\u00e7\u00e3o daquele territ\u00f3rio. \u201cA minha preocupa\u00e7\u00e3o \u00e9 relacionar o meu trabalho com a envolvente, natural e f\u00edsica. Integr\u00e1-lo numa esp\u00e9cie de di\u00e1logo com a [&hellip;]","og_url":"https:\/\/www.altominho.tv\/site\/2021\/12\/13\/residencia-artistica-poe-em-marcha-valorizacao-de-lugares-misticos-de-arcos-de-valdevez\/","og_site_name":"Altominho.tv","article_publisher":"https:\/\/www.facebook.com\/altominhotv","article_published_time":"2021-12-13T14:26:11+00:00","article_modified_time":"2021-12-13T14:26:16+00:00","og_image":[{"width":800,"height":533,"url":"https:\/\/www.altominho.tv\/site\/wp-content\/uploads\/2021\/12\/o-que-visitar-em-arcos-de-valdevez.jpeg","type":"image\/jpeg"}],"author":"Lusa","twitter_card":"summary_large_image","twitter_creator":"@altominhoTV","twitter_site":"@altominhoTV","twitter_misc":{"Escrito por":"Lusa","Tempo estimado de leitura":"4 minutos"},"schema":{"@context":"https:\/\/schema.org","@graph":[{"@type":"Article","@id":"https:\/\/www.altominho.tv\/site\/2021\/12\/13\/residencia-artistica-poe-em-marcha-valorizacao-de-lugares-misticos-de-arcos-de-valdevez\/#article","isPartOf":{"@id":"https:\/\/www.altominho.tv\/site\/2021\/12\/13\/residencia-artistica-poe-em-marcha-valorizacao-de-lugares-misticos-de-arcos-de-valdevez\/"},"author":{"name":"Lusa","@id":"https:\/\/www.altominho.tv\/site\/#\/schema\/person\/63f693da3e1899361cbe955c46f3232e"},"headline":"Resid\u00eancia art\u00edstica p\u00f5e em marcha valoriza\u00e7\u00e3o de lugares m\u00edsticos de Arcos de Valdevez","datePublished":"2021-12-13T14:26:11+00:00","dateModified":"2021-12-13T14:26:16+00:00","mainEntityOfPage":{"@id":"https:\/\/www.altominho.tv\/site\/2021\/12\/13\/residencia-artistica-poe-em-marcha-valorizacao-de-lugares-misticos-de-arcos-de-valdevez\/"},"wordCount":935,"image":{"@id":"https:\/\/www.altominho.tv\/site\/2021\/12\/13\/residencia-artistica-poe-em-marcha-valorizacao-de-lugares-misticos-de-arcos-de-valdevez\/#primaryimage"},"thumbnailUrl":"https:\/\/www.altominho.tv\/site\/wp-content\/uploads\/2021\/12\/o-que-visitar-em-arcos-de-valdevez.jpeg","keywords":["Sociedade"],"articleSection":["Arcos de Valdevez"],"inLanguage":"pt-PT","copyrightYear":"2021","copyrightHolder":{"@id":"https:\/\/www.altominho.tv\/site\/#organization"}},{"@type":"WebPage","@id":"https:\/\/www.altominho.tv\/site\/2021\/12\/13\/residencia-artistica-poe-em-marcha-valorizacao-de-lugares-misticos-de-arcos-de-valdevez\/","url":"https:\/\/www.altominho.tv\/site\/2021\/12\/13\/residencia-artistica-poe-em-marcha-valorizacao-de-lugares-misticos-de-arcos-de-valdevez\/","name":"Resid\u00eancia art\u00edstica p\u00f5e em marcha valoriza\u00e7\u00e3o de lugares m\u00edsticos de Arcos de Valdevez","isPartOf":{"@id":"https:\/\/www.altominho.tv\/site\/#website"},"primaryImageOfPage":{"@id":"https:\/\/www.altominho.tv\/site\/2021\/12\/13\/residencia-artistica-poe-em-marcha-valorizacao-de-lugares-misticos-de-arcos-de-valdevez\/#primaryimage"},"image":{"@id":"https:\/\/www.altominho.tv\/site\/2021\/12\/13\/residencia-artistica-poe-em-marcha-valorizacao-de-lugares-misticos-de-arcos-de-valdevez\/#primaryimage"},"thumbnailUrl":"https:\/\/www.altominho.tv\/site\/wp-content\/uploads\/2021\/12\/o-que-visitar-em-arcos-de-valdevez.jpeg","datePublished":"2021-12-13T14:26:11+00:00","dateModified":"2021-12-13T14:26:16+00:00","author":{"@id":"https:\/\/www.altominho.tv\/site\/#\/schema\/person\/63f693da3e1899361cbe955c46f3232e"},"breadcrumb":{"@id":"https:\/\/www.altominho.tv\/site\/2021\/12\/13\/residencia-artistica-poe-em-marcha-valorizacao-de-lugares-misticos-de-arcos-de-valdevez\/#breadcrumb"},"inLanguage":"pt-PT","potentialAction":[{"@type":"ReadAction","target":["https:\/\/www.altominho.tv\/site\/2021\/12\/13\/residencia-artistica-poe-em-marcha-valorizacao-de-lugares-misticos-de-arcos-de-valdevez\/"]}]},{"@type":"ImageObject","inLanguage":"pt-PT","@id":"https:\/\/www.altominho.tv\/site\/2021\/12\/13\/residencia-artistica-poe-em-marcha-valorizacao-de-lugares-misticos-de-arcos-de-valdevez\/#primaryimage","url":"https:\/\/www.altominho.tv\/site\/wp-content\/uploads\/2021\/12\/o-que-visitar-em-arcos-de-valdevez.jpeg","contentUrl":"https:\/\/www.altominho.tv\/site\/wp-content\/uploads\/2021\/12\/o-que-visitar-em-arcos-de-valdevez.jpeg","width":800,"height":533},{"@type":"BreadcrumbList","@id":"https:\/\/www.altominho.tv\/site\/2021\/12\/13\/residencia-artistica-poe-em-marcha-valorizacao-de-lugares-misticos-de-arcos-de-valdevez\/#breadcrumb","itemListElement":[{"@type":"ListItem","position":1,"name":"In\u00edcio","item":"https:\/\/www.altominho.tv\/site\/"},{"@type":"ListItem","position":2,"name":"Resid\u00eancia art\u00edstica p\u00f5e em marcha valoriza\u00e7\u00e3o de lugares m\u00edsticos de Arcos de Valdevez"}]},{"@type":"WebSite","@id":"https:\/\/www.altominho.tv\/site\/#website","url":"https:\/\/www.altominho.tv\/site\/","name":"Altominho.tv","description":"A sua regi\u00e3o \u00e0 dist\u00e2ncia de um clique...","potentialAction":[{"@type":"SearchAction","target":{"@type":"EntryPoint","urlTemplate":"https:\/\/www.altominho.tv\/site\/?s={search_term_string}"},"query-input":{"@type":"PropertyValueSpecification","valueRequired":true,"valueName":"search_term_string"}}],"inLanguage":"pt-PT"},{"@type":"Person","@id":"https:\/\/www.altominho.tv\/site\/#\/schema\/person\/63f693da3e1899361cbe955c46f3232e","name":"Lusa","image":{"@type":"ImageObject","inLanguage":"pt-PT","@id":"https:\/\/www.altominho.tv\/site\/wp-content\/uploads\/2019\/08\/LUSA_Logo.gif","url":"https:\/\/www.altominho.tv\/site\/wp-content\/uploads\/2019\/08\/LUSA_Logo.gif","contentUrl":"https:\/\/www.altominho.tv\/site\/wp-content\/uploads\/2019\/08\/LUSA_Logo.gif","caption":"Lusa"},"sameAs":["http:\/\/\/\/www.altominho.tv\/site"],"url":"https:\/\/www.altominho.tv\/site\/author\/lusa\/"}]}},"_links":{"self":[{"href":"https:\/\/www.altominho.tv\/site\/wp-json\/wp\/v2\/posts\/73627","targetHints":{"allow":["GET"]}}],"collection":[{"href":"https:\/\/www.altominho.tv\/site\/wp-json\/wp\/v2\/posts"}],"about":[{"href":"https:\/\/www.altominho.tv\/site\/wp-json\/wp\/v2\/types\/post"}],"author":[{"embeddable":true,"href":"https:\/\/www.altominho.tv\/site\/wp-json\/wp\/v2\/users\/13"}],"replies":[{"embeddable":true,"href":"https:\/\/www.altominho.tv\/site\/wp-json\/wp\/v2\/comments?post=73627"}],"version-history":[{"count":0,"href":"https:\/\/www.altominho.tv\/site\/wp-json\/wp\/v2\/posts\/73627\/revisions"}],"wp:featuredmedia":[{"embeddable":true,"href":"https:\/\/www.altominho.tv\/site\/wp-json\/wp\/v2\/media\/73628"}],"wp:attachment":[{"href":"https:\/\/www.altominho.tv\/site\/wp-json\/wp\/v2\/media?parent=73627"}],"wp:term":[{"taxonomy":"category","embeddable":true,"href":"https:\/\/www.altominho.tv\/site\/wp-json\/wp\/v2\/categories?post=73627"},{"taxonomy":"post_tag","embeddable":true,"href":"https:\/\/www.altominho.tv\/site\/wp-json\/wp\/v2\/tags?post=73627"}],"curies":[{"name":"wp","href":"https:\/\/api.w.org\/{rel}","templated":true}]}}