{"id":73516,"date":"2021-12-09T10:14:39","date_gmt":"2021-12-09T10:14:39","guid":{"rendered":"https:\/\/www.altominho.tv\/site\/?p=73516"},"modified":"2021-12-09T10:25:37","modified_gmt":"2021-12-09T10:25:37","slug":"canecas-e-agendas-solidarias-querem-ajudar-a-missao-do-patronato-de-nossa-senhora-da-bonanca","status":"publish","type":"post","link":"https:\/\/www.altominho.tv\/site\/2021\/12\/09\/canecas-e-agendas-solidarias-querem-ajudar-a-missao-do-patronato-de-nossa-senhora-da-bonanca\/","title":{"rendered":"Canecas e agendas solid\u00e1rias querem ajudar a miss\u00e3o do Patronato de Nossa Senhora da Bonan\u00e7a"},"content":{"rendered":"<p><strong>O Patronato de Nossa Senhora da Bonan\u00e7a lan\u00e7ou mais uma campanha solid\u00e1ria de Natal. Este ano, a iniciativa intitula-se &#8220;Caneca solid\u00e1ria&#8221;, mas contempla tamb\u00e9m a edi\u00e7\u00e3o 2022 da agenda solid\u00e1ria.<\/strong><\/p>\n<p>Em comunicado, a Institui\u00e7\u00e3o Particular de Solidariedade Social (IPSS), com sede em Vila Praia de \u00c2ncora, no concelho de Caminha, explica que o objetivo da campanha \u00e9 &#8220;angariar fundos para a miss\u00e3o da institui\u00e7\u00e3o na inf\u00e2ncia e na solidariedade&#8221;. Atualmente, s\u00e3o apoiadas &#8220;um total de 85 crian\u00e7as dos tr\u00eas meses aos seis anos de idade&#8221;.<\/p>\n<p>As canecas e as agendas \u2013 de tamanho A5 com argolas, capa dura e dispon\u00edveis em v\u00e1rias cores (branco, preto, azul, verde, vermelho e rosa) \u2013 est\u00e3o ilustradas com desenhos das crian\u00e7as da creche e do jardim de inf\u00e2ncia.<\/p>\n<p>Os interessados podem adquirir a caneca no valor de cinco euros e a agenda por 10 euros, nos postos de turismo de Vila Praia de \u00c2ncora e Caminha e nas Piscinas Municipais de Vila Praia de \u00c2ncora, bem como em outros estabelecimentos do concelho (Docel\u00e2ndia, Veneza, Retrosaria Helana, Loja Toskana e Be Fit).<\/p>\n","protected":false},"excerpt":{"rendered":"<p>O Patronato de Nossa Senhora da Bonan\u00e7a lan\u00e7ou mais uma campanha solid\u00e1ria de Natal. Este ano, a iniciativa intitula-se &#8220;Caneca solid\u00e1ria&#8221;, mas contempla tamb\u00e9m a edi\u00e7\u00e3o 2022 da agenda solid\u00e1ria. Em comunicado, a Institui\u00e7\u00e3o Particular de Solidariedade Social (IPSS), com sede em Vila Praia de \u00c2ncora, no concelho de Caminha, explica que o objetivo da [&hellip;]<\/p>\n","protected":false},"author":12,"featured_media":73518,"comment_status":"closed","ping_status":"closed","sticky":false,"template":"","format":"standard","meta":{"_exactmetrics_skip_tracking":false,"_exactmetrics_sitenote_active":false,"_exactmetrics_sitenote_note":"","_exactmetrics_sitenote_category":0,"footnotes":""},"categories":[7],"tags":[27],"class_list":["post-73516","post","type-post","status-publish","format-standard","has-post-thumbnail","hentry","category-caminha","tag-sociedade"],"yoast_head":"<!-- This site is optimized with the Yoast SEO Premium plugin v27.4 (Yoast SEO v27.4) - https:\/\/yoast.com\/product\/yoast-seo-premium-wordpress\/ -->\n<title>Canecas e agendas solid\u00e1rias querem ajudar a miss\u00e3o do Patronato de Nossa Senhora da Bonan\u00e7a<\/title>\n<meta name=\"robots\" content=\"index, follow, max-snippet:-1, max-image-preview:large, max-video-preview:-1\" \/>\n<link rel=\"canonical\" href=\"https:\/\/www.altominho.tv\/site\/2021\/12\/09\/canecas-e-agendas-solidarias-querem-ajudar-a-missao-do-patronato-de-nossa-senhora-da-bonanca\/\" \/>\n<meta property=\"og:locale\" content=\"pt_PT\" \/>\n<meta property=\"og:type\" content=\"article\" \/>\n<meta property=\"og:title\" content=\"Canecas e agendas solid\u00e1rias querem ajudar a miss\u00e3o do Patronato de Nossa Senhora da Bonan\u00e7a\" \/>\n<meta property=\"og:description\" content=\"O Patronato de Nossa Senhora da Bonan\u00e7a lan\u00e7ou mais uma campanha solid\u00e1ria de Natal. Este ano, a iniciativa intitula-se &#8220;Caneca solid\u00e1ria&#8221;, mas contempla tamb\u00e9m a edi\u00e7\u00e3o 2022 da agenda solid\u00e1ria. Em comunicado, a Institui\u00e7\u00e3o Particular de Solidariedade Social (IPSS), com sede em Vila Praia de \u00c2ncora, no concelho de Caminha, explica que o objetivo da [&hellip;]\" \/>\n<meta property=\"og:url\" content=\"https:\/\/www.altominho.tv\/site\/2021\/12\/09\/canecas-e-agendas-solidarias-querem-ajudar-a-missao-do-patronato-de-nossa-senhora-da-bonanca\/\" \/>\n<meta property=\"og:site_name\" content=\"Altominho.tv\" \/>\n<meta property=\"article:publisher\" content=\"https:\/\/www.facebook.com\/altominhotv\" \/>\n<meta property=\"article:published_time\" content=\"2021-12-09T10:14:39+00:00\" \/>\n<meta property=\"article:modified_time\" content=\"2021-12-09T10:25:37+00:00\" \/>\n<meta property=\"og:image\" content=\"https:\/\/www.altominho.tv\/site\/wp-content\/uploads\/2021\/12\/1639044604594494.jpg\" \/>\n\t<meta property=\"og:image:width\" content=\"1052\" \/>\n\t<meta property=\"og:image:height\" content=\"530\" \/>\n\t<meta property=\"og:image:type\" content=\"image\/jpeg\" \/>\n<meta name=\"author\" content=\"Andreia Ferreira\" \/>\n<meta name=\"twitter:card\" content=\"summary_large_image\" \/>\n<meta name=\"twitter:creator\" content=\"@altominhoTV\" \/>\n<meta name=\"twitter:site\" content=\"@altominhoTV\" \/>\n<meta name=\"twitter:label1\" content=\"Escrito por\" \/>\n\t<meta name=\"twitter:data1\" content=\"Andreia Ferreira\" \/>\n\t<meta name=\"twitter:label2\" content=\"Tempo estimado de leitura\" \/>\n\t<meta name=\"twitter:data2\" content=\"1 minuto\" \/>\n<script type=\"application\/ld+json\" class=\"yoast-schema-graph\">{\"@context\":\"https:\\\/\\\/schema.org\",\"@graph\":[{\"@type\":\"Article\",\"@id\":\"https:\\\/\\\/www.altominho.tv\\\/site\\\/2021\\\/12\\\/09\\\/canecas-e-agendas-solidarias-querem-ajudar-a-missao-do-patronato-de-nossa-senhora-da-bonanca\\\/#article\",\"isPartOf\":{\"@id\":\"https:\\\/\\\/www.altominho.tv\\\/site\\\/2021\\\/12\\\/09\\\/canecas-e-agendas-solidarias-querem-ajudar-a-missao-do-patronato-de-nossa-senhora-da-bonanca\\\/\"},\"author\":{\"name\":\"Andreia Ferreira\",\"@id\":\"https:\\\/\\\/www.altominho.tv\\\/site\\\/#\\\/schema\\\/person\\\/d9be4265364723f14ea8e0d56a1d38cd\"},\"headline\":\"Canecas e agendas solid\u00e1rias querem ajudar a miss\u00e3o do Patronato de Nossa Senhora da Bonan\u00e7a\",\"datePublished\":\"2021-12-09T10:14:39+00:00\",\"dateModified\":\"2021-12-09T10:25:37+00:00\",\"mainEntityOfPage\":{\"@id\":\"https:\\\/\\\/www.altominho.tv\\\/site\\\/2021\\\/12\\\/09\\\/canecas-e-agendas-solidarias-querem-ajudar-a-missao-do-patronato-de-nossa-senhora-da-bonanca\\\/\"},\"wordCount\":209,\"image\":{\"@id\":\"https:\\\/\\\/www.altominho.tv\\\/site\\\/2021\\\/12\\\/09\\\/canecas-e-agendas-solidarias-querem-ajudar-a-missao-do-patronato-de-nossa-senhora-da-bonanca\\\/#primaryimage\"},\"thumbnailUrl\":\"https:\\\/\\\/www.altominho.tv\\\/site\\\/wp-content\\\/uploads\\\/2021\\\/12\\\/1639044604594494.jpg\",\"keywords\":[\"Sociedade\"],\"articleSection\":[\"Caminha\"],\"inLanguage\":\"pt-PT\",\"copyrightYear\":\"2021\",\"copyrightHolder\":{\"@id\":\"https:\\\/\\\/www.altominho.tv\\\/site\\\/#organization\"}},{\"@type\":\"WebPage\",\"@id\":\"https:\\\/\\\/www.altominho.tv\\\/site\\\/2021\\\/12\\\/09\\\/canecas-e-agendas-solidarias-querem-ajudar-a-missao-do-patronato-de-nossa-senhora-da-bonanca\\\/\",\"url\":\"https:\\\/\\\/www.altominho.tv\\\/site\\\/2021\\\/12\\\/09\\\/canecas-e-agendas-solidarias-querem-ajudar-a-missao-do-patronato-de-nossa-senhora-da-bonanca\\\/\",\"name\":\"Canecas e agendas solid\u00e1rias querem ajudar a miss\u00e3o do Patronato de Nossa Senhora da Bonan\u00e7a\",\"isPartOf\":{\"@id\":\"https:\\\/\\\/www.altominho.tv\\\/site\\\/#website\"},\"primaryImageOfPage\":{\"@id\":\"https:\\\/\\\/www.altominho.tv\\\/site\\\/2021\\\/12\\\/09\\\/canecas-e-agendas-solidarias-querem-ajudar-a-missao-do-patronato-de-nossa-senhora-da-bonanca\\\/#primaryimage\"},\"image\":{\"@id\":\"https:\\\/\\\/www.altominho.tv\\\/site\\\/2021\\\/12\\\/09\\\/canecas-e-agendas-solidarias-querem-ajudar-a-missao-do-patronato-de-nossa-senhora-da-bonanca\\\/#primaryimage\"},\"thumbnailUrl\":\"https:\\\/\\\/www.altominho.tv\\\/site\\\/wp-content\\\/uploads\\\/2021\\\/12\\\/1639044604594494.jpg\",\"datePublished\":\"2021-12-09T10:14:39+00:00\",\"dateModified\":\"2021-12-09T10:25:37+00:00\",\"author\":{\"@id\":\"https:\\\/\\\/www.altominho.tv\\\/site\\\/#\\\/schema\\\/person\\\/d9be4265364723f14ea8e0d56a1d38cd\"},\"breadcrumb\":{\"@id\":\"https:\\\/\\\/www.altominho.tv\\\/site\\\/2021\\\/12\\\/09\\\/canecas-e-agendas-solidarias-querem-ajudar-a-missao-do-patronato-de-nossa-senhora-da-bonanca\\\/#breadcrumb\"},\"inLanguage\":\"pt-PT\",\"potentialAction\":[{\"@type\":\"ReadAction\",\"target\":[\"https:\\\/\\\/www.altominho.tv\\\/site\\\/2021\\\/12\\\/09\\\/canecas-e-agendas-solidarias-querem-ajudar-a-missao-do-patronato-de-nossa-senhora-da-bonanca\\\/\"]}]},{\"@type\":\"ImageObject\",\"inLanguage\":\"pt-PT\",\"@id\":\"https:\\\/\\\/www.altominho.tv\\\/site\\\/2021\\\/12\\\/09\\\/canecas-e-agendas-solidarias-querem-ajudar-a-missao-do-patronato-de-nossa-senhora-da-bonanca\\\/#primaryimage\",\"url\":\"https:\\\/\\\/www.altominho.tv\\\/site\\\/wp-content\\\/uploads\\\/2021\\\/12\\\/1639044604594494.jpg\",\"contentUrl\":\"https:\\\/\\\/www.altominho.tv\\\/site\\\/wp-content\\\/uploads\\\/2021\\\/12\\\/1639044604594494.jpg\",\"width\":1052,\"height\":530},{\"@type\":\"BreadcrumbList\",\"@id\":\"https:\\\/\\\/www.altominho.tv\\\/site\\\/2021\\\/12\\\/09\\\/canecas-e-agendas-solidarias-querem-ajudar-a-missao-do-patronato-de-nossa-senhora-da-bonanca\\\/#breadcrumb\",\"itemListElement\":[{\"@type\":\"ListItem\",\"position\":1,\"name\":\"In\u00edcio\",\"item\":\"https:\\\/\\\/www.altominho.tv\\\/site\\\/\"},{\"@type\":\"ListItem\",\"position\":2,\"name\":\"Canecas e agendas solid\u00e1rias querem ajudar a miss\u00e3o do Patronato de Nossa Senhora da Bonan\u00e7a\"}]},{\"@type\":\"WebSite\",\"@id\":\"https:\\\/\\\/www.altominho.tv\\\/site\\\/#website\",\"url\":\"https:\\\/\\\/www.altominho.tv\\\/site\\\/\",\"name\":\"Altominho.tv\",\"description\":\"A sua regi\u00e3o \u00e0 dist\u00e2ncia de um clique...\",\"potentialAction\":[{\"@type\":\"SearchAction\",\"target\":{\"@type\":\"EntryPoint\",\"urlTemplate\":\"https:\\\/\\\/www.altominho.tv\\\/site\\\/?s={search_term_string}\"},\"query-input\":{\"@type\":\"PropertyValueSpecification\",\"valueRequired\":true,\"valueName\":\"search_term_string\"}}],\"inLanguage\":\"pt-PT\"},{\"@type\":\"Person\",\"@id\":\"https:\\\/\\\/www.altominho.tv\\\/site\\\/#\\\/schema\\\/person\\\/d9be4265364723f14ea8e0d56a1d38cd\",\"name\":\"Andreia Ferreira\",\"image\":{\"@type\":\"ImageObject\",\"inLanguage\":\"pt-PT\",\"@id\":\"https:\\\/\\\/www.altominho.tv\\\/site\\\/wp-content\\\/uploads\\\/2021\\\/01\\\/AndreiaFerreira-150x150.jpg\",\"url\":\"https:\\\/\\\/www.altominho.tv\\\/site\\\/wp-content\\\/uploads\\\/2021\\\/01\\\/AndreiaFerreira-150x150.jpg\",\"contentUrl\":\"https:\\\/\\\/www.altominho.tv\\\/site\\\/wp-content\\\/uploads\\\/2021\\\/01\\\/AndreiaFerreira-150x150.jpg\",\"caption\":\"Andreia Ferreira\"},\"url\":\"https:\\\/\\\/www.altominho.tv\\\/site\\\/author\\\/andreiaferreira\\\/\"}]}<\/script>\n<!-- \/ Yoast SEO Premium plugin. -->","yoast_head_json":{"title":"Canecas e agendas solid\u00e1rias querem ajudar a miss\u00e3o do Patronato de Nossa Senhora da Bonan\u00e7a","robots":{"index":"index","follow":"follow","max-snippet":"max-snippet:-1","max-image-preview":"max-image-preview:large","max-video-preview":"max-video-preview:-1"},"canonical":"https:\/\/www.altominho.tv\/site\/2021\/12\/09\/canecas-e-agendas-solidarias-querem-ajudar-a-missao-do-patronato-de-nossa-senhora-da-bonanca\/","og_locale":"pt_PT","og_type":"article","og_title":"Canecas e agendas solid\u00e1rias querem ajudar a miss\u00e3o do Patronato de Nossa Senhora da Bonan\u00e7a","og_description":"O Patronato de Nossa Senhora da Bonan\u00e7a lan\u00e7ou mais uma campanha solid\u00e1ria de Natal. Este ano, a iniciativa intitula-se &#8220;Caneca solid\u00e1ria&#8221;, mas contempla tamb\u00e9m a edi\u00e7\u00e3o 2022 da agenda solid\u00e1ria. Em comunicado, a Institui\u00e7\u00e3o Particular de Solidariedade Social (IPSS), com sede em Vila Praia de \u00c2ncora, no concelho de Caminha, explica que o objetivo da [&hellip;]","og_url":"https:\/\/www.altominho.tv\/site\/2021\/12\/09\/canecas-e-agendas-solidarias-querem-ajudar-a-missao-do-patronato-de-nossa-senhora-da-bonanca\/","og_site_name":"Altominho.tv","article_publisher":"https:\/\/www.facebook.com\/altominhotv","article_published_time":"2021-12-09T10:14:39+00:00","article_modified_time":"2021-12-09T10:25:37+00:00","og_image":[{"width":1052,"height":530,"url":"https:\/\/www.altominho.tv\/site\/wp-content\/uploads\/2021\/12\/1639044604594494.jpg","type":"image\/jpeg"}],"author":"Andreia Ferreira","twitter_card":"summary_large_image","twitter_creator":"@altominhoTV","twitter_site":"@altominhoTV","twitter_misc":{"Escrito por":"Andreia Ferreira","Tempo estimado de leitura":"1 minuto"},"schema":{"@context":"https:\/\/schema.org","@graph":[{"@type":"Article","@id":"https:\/\/www.altominho.tv\/site\/2021\/12\/09\/canecas-e-agendas-solidarias-querem-ajudar-a-missao-do-patronato-de-nossa-senhora-da-bonanca\/#article","isPartOf":{"@id":"https:\/\/www.altominho.tv\/site\/2021\/12\/09\/canecas-e-agendas-solidarias-querem-ajudar-a-missao-do-patronato-de-nossa-senhora-da-bonanca\/"},"author":{"name":"Andreia Ferreira","@id":"https:\/\/www.altominho.tv\/site\/#\/schema\/person\/d9be4265364723f14ea8e0d56a1d38cd"},"headline":"Canecas e agendas solid\u00e1rias querem ajudar a miss\u00e3o do Patronato de Nossa Senhora da Bonan\u00e7a","datePublished":"2021-12-09T10:14:39+00:00","dateModified":"2021-12-09T10:25:37+00:00","mainEntityOfPage":{"@id":"https:\/\/www.altominho.tv\/site\/2021\/12\/09\/canecas-e-agendas-solidarias-querem-ajudar-a-missao-do-patronato-de-nossa-senhora-da-bonanca\/"},"wordCount":209,"image":{"@id":"https:\/\/www.altominho.tv\/site\/2021\/12\/09\/canecas-e-agendas-solidarias-querem-ajudar-a-missao-do-patronato-de-nossa-senhora-da-bonanca\/#primaryimage"},"thumbnailUrl":"https:\/\/www.altominho.tv\/site\/wp-content\/uploads\/2021\/12\/1639044604594494.jpg","keywords":["Sociedade"],"articleSection":["Caminha"],"inLanguage":"pt-PT","copyrightYear":"2021","copyrightHolder":{"@id":"https:\/\/www.altominho.tv\/site\/#organization"}},{"@type":"WebPage","@id":"https:\/\/www.altominho.tv\/site\/2021\/12\/09\/canecas-e-agendas-solidarias-querem-ajudar-a-missao-do-patronato-de-nossa-senhora-da-bonanca\/","url":"https:\/\/www.altominho.tv\/site\/2021\/12\/09\/canecas-e-agendas-solidarias-querem-ajudar-a-missao-do-patronato-de-nossa-senhora-da-bonanca\/","name":"Canecas e agendas solid\u00e1rias querem ajudar a miss\u00e3o do Patronato de Nossa Senhora da Bonan\u00e7a","isPartOf":{"@id":"https:\/\/www.altominho.tv\/site\/#website"},"primaryImageOfPage":{"@id":"https:\/\/www.altominho.tv\/site\/2021\/12\/09\/canecas-e-agendas-solidarias-querem-ajudar-a-missao-do-patronato-de-nossa-senhora-da-bonanca\/#primaryimage"},"image":{"@id":"https:\/\/www.altominho.tv\/site\/2021\/12\/09\/canecas-e-agendas-solidarias-querem-ajudar-a-missao-do-patronato-de-nossa-senhora-da-bonanca\/#primaryimage"},"thumbnailUrl":"https:\/\/www.altominho.tv\/site\/wp-content\/uploads\/2021\/12\/1639044604594494.jpg","datePublished":"2021-12-09T10:14:39+00:00","dateModified":"2021-12-09T10:25:37+00:00","author":{"@id":"https:\/\/www.altominho.tv\/site\/#\/schema\/person\/d9be4265364723f14ea8e0d56a1d38cd"},"breadcrumb":{"@id":"https:\/\/www.altominho.tv\/site\/2021\/12\/09\/canecas-e-agendas-solidarias-querem-ajudar-a-missao-do-patronato-de-nossa-senhora-da-bonanca\/#breadcrumb"},"inLanguage":"pt-PT","potentialAction":[{"@type":"ReadAction","target":["https:\/\/www.altominho.tv\/site\/2021\/12\/09\/canecas-e-agendas-solidarias-querem-ajudar-a-missao-do-patronato-de-nossa-senhora-da-bonanca\/"]}]},{"@type":"ImageObject","inLanguage":"pt-PT","@id":"https:\/\/www.altominho.tv\/site\/2021\/12\/09\/canecas-e-agendas-solidarias-querem-ajudar-a-missao-do-patronato-de-nossa-senhora-da-bonanca\/#primaryimage","url":"https:\/\/www.altominho.tv\/site\/wp-content\/uploads\/2021\/12\/1639044604594494.jpg","contentUrl":"https:\/\/www.altominho.tv\/site\/wp-content\/uploads\/2021\/12\/1639044604594494.jpg","width":1052,"height":530},{"@type":"BreadcrumbList","@id":"https:\/\/www.altominho.tv\/site\/2021\/12\/09\/canecas-e-agendas-solidarias-querem-ajudar-a-missao-do-patronato-de-nossa-senhora-da-bonanca\/#breadcrumb","itemListElement":[{"@type":"ListItem","position":1,"name":"In\u00edcio","item":"https:\/\/www.altominho.tv\/site\/"},{"@type":"ListItem","position":2,"name":"Canecas e agendas solid\u00e1rias querem ajudar a miss\u00e3o do Patronato de Nossa Senhora da Bonan\u00e7a"}]},{"@type":"WebSite","@id":"https:\/\/www.altominho.tv\/site\/#website","url":"https:\/\/www.altominho.tv\/site\/","name":"Altominho.tv","description":"A sua regi\u00e3o \u00e0 dist\u00e2ncia de um clique...","potentialAction":[{"@type":"SearchAction","target":{"@type":"EntryPoint","urlTemplate":"https:\/\/www.altominho.tv\/site\/?s={search_term_string}"},"query-input":{"@type":"PropertyValueSpecification","valueRequired":true,"valueName":"search_term_string"}}],"inLanguage":"pt-PT"},{"@type":"Person","@id":"https:\/\/www.altominho.tv\/site\/#\/schema\/person\/d9be4265364723f14ea8e0d56a1d38cd","name":"Andreia Ferreira","image":{"@type":"ImageObject","inLanguage":"pt-PT","@id":"https:\/\/www.altominho.tv\/site\/wp-content\/uploads\/2021\/01\/AndreiaFerreira-150x150.jpg","url":"https:\/\/www.altominho.tv\/site\/wp-content\/uploads\/2021\/01\/AndreiaFerreira-150x150.jpg","contentUrl":"https:\/\/www.altominho.tv\/site\/wp-content\/uploads\/2021\/01\/AndreiaFerreira-150x150.jpg","caption":"Andreia Ferreira"},"url":"https:\/\/www.altominho.tv\/site\/author\/andreiaferreira\/"}]}},"_links":{"self":[{"href":"https:\/\/www.altominho.tv\/site\/wp-json\/wp\/v2\/posts\/73516","targetHints":{"allow":["GET"]}}],"collection":[{"href":"https:\/\/www.altominho.tv\/site\/wp-json\/wp\/v2\/posts"}],"about":[{"href":"https:\/\/www.altominho.tv\/site\/wp-json\/wp\/v2\/types\/post"}],"author":[{"embeddable":true,"href":"https:\/\/www.altominho.tv\/site\/wp-json\/wp\/v2\/users\/12"}],"replies":[{"embeddable":true,"href":"https:\/\/www.altominho.tv\/site\/wp-json\/wp\/v2\/comments?post=73516"}],"version-history":[{"count":0,"href":"https:\/\/www.altominho.tv\/site\/wp-json\/wp\/v2\/posts\/73516\/revisions"}],"wp:featuredmedia":[{"embeddable":true,"href":"https:\/\/www.altominho.tv\/site\/wp-json\/wp\/v2\/media\/73518"}],"wp:attachment":[{"href":"https:\/\/www.altominho.tv\/site\/wp-json\/wp\/v2\/media?parent=73516"}],"wp:term":[{"taxonomy":"category","embeddable":true,"href":"https:\/\/www.altominho.tv\/site\/wp-json\/wp\/v2\/categories?post=73516"},{"taxonomy":"post_tag","embeddable":true,"href":"https:\/\/www.altominho.tv\/site\/wp-json\/wp\/v2\/tags?post=73516"}],"curies":[{"name":"wp","href":"https:\/\/api.w.org\/{rel}","templated":true}]}}