{"id":73493,"date":"2021-12-07T13:53:38","date_gmt":"2021-12-07T13:53:38","guid":{"rendered":"https:\/\/www.altominho.tv\/site\/?p=73493"},"modified":"2021-12-07T13:53:42","modified_gmt":"2021-12-07T13:53:42","slug":"tuna-da-academia-senior-de-caminha-abre-concertos-de-natal-no-concelho","status":"publish","type":"post","link":"https:\/\/www.altominho.tv\/site\/2021\/12\/07\/tuna-da-academia-senior-de-caminha-abre-concertos-de-natal-no-concelho\/","title":{"rendered":"Tuna da Academia S\u00e9nior de Caminha abre concertos de Natal no concelho"},"content":{"rendered":"\n<p>A Tuna da Academia S\u00e9nior de Caminha vai abrir os concertos de Natal no concelho. At\u00e9 ao in\u00edcio de 2022, s\u00e3o v\u00e1rios os concertos a que poderemos assistir. Destacamos os concertos da Tuna da Academia S\u00e9nior de Caminha; Academia de M\u00fasica Fernandes F\u00e3o; Sociedade Musical Banda de Lanhelas; Joaquim Ribeiro e Jos\u00e9 Meira e, ainda, os concertos \u201cUma Noite de Natal\u201d com m\u00fasicos e cantores de concelho e o \u201cChristmas Jazz Concert\u201d. O ano fecha ao som da melhor m\u00fasica com Virgul no Terreiro, em Caminha. Os concertos de Natal arrancam j\u00e1 amanh\u00e3, dia 8 de dezembro, pelas 21H30, no Valadares, Teatro Municipal de Caminha, com a Tuna da Academia S\u00e9nior de Caminha. A entrada \u00e9 gratuita.<\/p>\n\n\n\n<p>A prata da casa \u00e9 dominante nos v\u00e1rios concertos de Natal que v\u00e3o animar as tardes e noites de v\u00e1rios espa\u00e7os culturais espalhados um pouco pelo concelho.<\/p>\n\n\n\n<p>No dia 11, de dezembro, pelas 18H00, a Igreja Paroquial de Gondar vai acolher o concerto de Natal protagonizado pela Academia de M\u00fasica Fernandes F\u00e3o. Ao mesmo tempo ser\u00e1 inaugurado o Pres\u00e9pio elaborado pela Catequese de Gondar. A entrada \u00e9 gratuita.<\/p>\n\n\n\n<p>No dia 12 de dezembro, a Tuna da Academia S\u00e9nior de Caminha atua na Igreja Paroquial de Orbac\u00e9m, pelas 15H30. A entrada \u00e9 tamb\u00e9m gratuita.<\/p>\n\n\n\n<p>No dia 18 de dezembro, pelas 21H30, o Pavilh\u00e3o Municipal de Caminha \u2013 Fernando Lima, serve de cen\u00e1rio ao concerto \u201cUma noite de Natal\u201d, com m\u00fasicos e cantores do concelho de Caminha. A entrada \u00e9 gratuita, mas os bilhetes ter\u00e3o de ser levantados nos Postos de Turismo de Caminha e de Vila Praia de \u00c2ncora.<\/p>\n\n\n\n<p>No dia 19 de dezembro, pelas 21H00, o Cineteatro dos Bombeiros de Vila Praia de \u00c2ncora acolhe um espet\u00e1culo cinema\/concerto \u201cThe Goat\u201d + \u201cThe Blacksmith\u201d de buster Keaton, com m\u00fasica de Joaquim Ribeiro e Jos\u00e9 Meira. Este espet\u00e1culo tem um cariz solid\u00e1rio, cuja bilheteira reverte para os Bombeiros Volunt\u00e1rios de Vila Praia de \u00c2ncora. O bilhete tem o valor de 5\u20ac.<\/p>\n\n\n\n<p>No dia 21 de dezembro, a Igreja Matriz de Caminha acolhe o habitual Concerto de Natal, a cargo da Academia de M\u00fasica Fernandes F\u00e3o. O espet\u00e1culo ter\u00e1 lugar pelas 19H00 e a entrada \u00e9 gratuita.<\/p>\n\n\n\n<p>No dia 22 de dezembro, o Cineteatro dos Bombeiros de Vila Praia de \u00c2ncora serve de palco ao \u201cChristmas Jazz Concert\u201d, pelas 21H30. A entrada \u00e9 gratuita, mas os bilhetes ter\u00e3o de ser levantados nos Postos de Turismo de Caminha e de Vila Praia de \u00c2ncora.<\/p>\n\n\n\n<p>A passagem de ano, em Caminha, ser\u00e1 festejada com Virgul, artista reconhecido como dono de uma longa carreira que tem epis\u00f3dios mais antigos com os Da\u202fWeasel. Com o grupo\u202fgravou os \u00e1lbuns \u201cDou-lhe com a Alma\u201d\u202f(1995),\u202f\u201c3\u00ba cap\u00edtulo\u201d\u202f(1997),\u202f\u201cInicia\u00e7\u00e3o a Uma Vida Banal \u2013 O Manual\u201d\u202f(1999),\u202f\u201cPodes fugir, Mas N\u00e3o te Podes Esconder\u201d\u202f(2001) ou os\u202fmega-sucessos\u202f\u201cRe-Defini\u00e7\u00f5es\u201d\u202f(2004) e\u202f\u201cAmor, Esc\u00e1rnio e Maldizer\u201d\u202f(2007\u201d).<\/p>\n\n\n\n<p>No dia 1 de janeiro de 2022, a Sociedade Musical Banda Lanhelense vai brindar-nos com o Concerto de Ano Novo, um espet\u00e1culo de elevada qualidade, tal como j\u00e1 nos habituou. O concerto ter\u00e1 lugar pelas 17H30, no Pavilh\u00e3o Municipal de Caminha \u2013 Fernando Lima. A entrada \u00e9 gratuita, mas os bilhetes ter\u00e3o de ser levantados nos Postos de Turismo de Caminha e de Vila Praia de \u00c2ncora.<\/p>\n","protected":false},"excerpt":{"rendered":"<p>A Tuna da Academia S\u00e9nior de Caminha vai abrir os concertos de Natal no concelho. At\u00e9 ao in\u00edcio de 2022, s\u00e3o v\u00e1rios os concertos a que poderemos assistir. Destacamos os concertos da Tuna da Academia S\u00e9nior de Caminha; Academia de M\u00fasica Fernandes F\u00e3o; Sociedade Musical Banda de Lanhelas; Joaquim Ribeiro e Jos\u00e9 Meira e, ainda, [&hellip;]<\/p>\n","protected":false},"author":1,"featured_media":73495,"comment_status":"closed","ping_status":"closed","sticky":false,"template":"","format":"standard","meta":{"_exactmetrics_skip_tracking":false,"_exactmetrics_sitenote_active":false,"_exactmetrics_sitenote_note":"","_exactmetrics_sitenote_category":0,"footnotes":""},"categories":[7],"tags":[19,27],"class_list":["post-73493","post","type-post","status-publish","format-standard","has-post-thumbnail","hentry","category-caminha","tag-cultura","tag-sociedade"],"yoast_head":"<!-- This site is optimized with the Yoast SEO Premium plugin v27.4 (Yoast SEO v27.4) - https:\/\/yoast.com\/product\/yoast-seo-premium-wordpress\/ -->\n<title>Tuna da Academia S\u00e9nior de Caminha abre concertos de Natal no concelho<\/title>\n<meta name=\"robots\" content=\"index, follow, max-snippet:-1, max-image-preview:large, max-video-preview:-1\" \/>\n<link rel=\"canonical\" href=\"https:\/\/www.altominho.tv\/site\/2021\/12\/07\/tuna-da-academia-senior-de-caminha-abre-concertos-de-natal-no-concelho\/\" \/>\n<meta property=\"og:locale\" content=\"pt_PT\" \/>\n<meta property=\"og:type\" content=\"article\" \/>\n<meta property=\"og:title\" content=\"Tuna da Academia S\u00e9nior de Caminha abre concertos de Natal no concelho\" \/>\n<meta property=\"og:description\" content=\"A Tuna da Academia S\u00e9nior de Caminha vai abrir os concertos de Natal no concelho. At\u00e9 ao in\u00edcio de 2022, s\u00e3o v\u00e1rios os concertos a que poderemos assistir. Destacamos os concertos da Tuna da Academia S\u00e9nior de Caminha; Academia de M\u00fasica Fernandes F\u00e3o; Sociedade Musical Banda de Lanhelas; Joaquim Ribeiro e Jos\u00e9 Meira e, ainda, [&hellip;]\" \/>\n<meta property=\"og:url\" content=\"https:\/\/www.altominho.tv\/site\/2021\/12\/07\/tuna-da-academia-senior-de-caminha-abre-concertos-de-natal-no-concelho\/\" \/>\n<meta property=\"og:site_name\" content=\"Altominho.tv\" \/>\n<meta property=\"article:publisher\" content=\"https:\/\/www.facebook.com\/altominhotv\" \/>\n<meta property=\"article:published_time\" content=\"2021-12-07T13:53:38+00:00\" \/>\n<meta property=\"article:modified_time\" content=\"2021-12-07T13:53:42+00:00\" \/>\n<meta property=\"og:image\" content=\"https:\/\/www.altominho.tv\/site\/wp-content\/uploads\/2021\/12\/Tuna-da-Academia-Se\u0301nior-de-Caminha-scaled.jpg\" \/>\n\t<meta property=\"og:image:width\" content=\"2560\" \/>\n\t<meta property=\"og:image:height\" content=\"1662\" \/>\n\t<meta property=\"og:image:type\" content=\"image\/jpeg\" \/>\n<meta name=\"author\" content=\"Altominho.tv\" \/>\n<meta name=\"twitter:card\" content=\"summary_large_image\" \/>\n<meta name=\"twitter:creator\" content=\"@altominhoTV\" \/>\n<meta name=\"twitter:site\" content=\"@altominhoTV\" \/>\n<meta name=\"twitter:label1\" content=\"Escrito por\" \/>\n\t<meta name=\"twitter:data1\" content=\"Altominho.tv\" \/>\n\t<meta name=\"twitter:label2\" content=\"Tempo estimado de leitura\" \/>\n\t<meta name=\"twitter:data2\" content=\"3 minutos\" \/>\n<script type=\"application\/ld+json\" class=\"yoast-schema-graph\">{\"@context\":\"https:\\\/\\\/schema.org\",\"@graph\":[{\"@type\":\"Article\",\"@id\":\"https:\\\/\\\/www.altominho.tv\\\/site\\\/2021\\\/12\\\/07\\\/tuna-da-academia-senior-de-caminha-abre-concertos-de-natal-no-concelho\\\/#article\",\"isPartOf\":{\"@id\":\"https:\\\/\\\/www.altominho.tv\\\/site\\\/2021\\\/12\\\/07\\\/tuna-da-academia-senior-de-caminha-abre-concertos-de-natal-no-concelho\\\/\"},\"author\":{\"name\":\"Altominho.tv\",\"@id\":\"https:\\\/\\\/www.altominho.tv\\\/site\\\/#\\\/schema\\\/person\\\/4e536851627d7914baf3dac752b6af22\"},\"headline\":\"Tuna da Academia S\u00e9nior de Caminha abre concertos de Natal no concelho\",\"datePublished\":\"2021-12-07T13:53:38+00:00\",\"dateModified\":\"2021-12-07T13:53:42+00:00\",\"mainEntityOfPage\":{\"@id\":\"https:\\\/\\\/www.altominho.tv\\\/site\\\/2021\\\/12\\\/07\\\/tuna-da-academia-senior-de-caminha-abre-concertos-de-natal-no-concelho\\\/\"},\"wordCount\":569,\"image\":{\"@id\":\"https:\\\/\\\/www.altominho.tv\\\/site\\\/2021\\\/12\\\/07\\\/tuna-da-academia-senior-de-caminha-abre-concertos-de-natal-no-concelho\\\/#primaryimage\"},\"thumbnailUrl\":\"https:\\\/\\\/www.altominho.tv\\\/site\\\/wp-content\\\/uploads\\\/2021\\\/12\\\/Tuna-da-Academia-Se\u0301nior-de-Caminha-scaled.jpg\",\"keywords\":[\"Cultura\",\"Sociedade\"],\"articleSection\":[\"Caminha\"],\"inLanguage\":\"pt-PT\",\"copyrightYear\":\"2021\",\"copyrightHolder\":{\"@id\":\"https:\\\/\\\/www.altominho.tv\\\/site\\\/#organization\"}},{\"@type\":\"WebPage\",\"@id\":\"https:\\\/\\\/www.altominho.tv\\\/site\\\/2021\\\/12\\\/07\\\/tuna-da-academia-senior-de-caminha-abre-concertos-de-natal-no-concelho\\\/\",\"url\":\"https:\\\/\\\/www.altominho.tv\\\/site\\\/2021\\\/12\\\/07\\\/tuna-da-academia-senior-de-caminha-abre-concertos-de-natal-no-concelho\\\/\",\"name\":\"Tuna da Academia S\u00e9nior de Caminha abre concertos de Natal no concelho\",\"isPartOf\":{\"@id\":\"https:\\\/\\\/www.altominho.tv\\\/site\\\/#website\"},\"primaryImageOfPage\":{\"@id\":\"https:\\\/\\\/www.altominho.tv\\\/site\\\/2021\\\/12\\\/07\\\/tuna-da-academia-senior-de-caminha-abre-concertos-de-natal-no-concelho\\\/#primaryimage\"},\"image\":{\"@id\":\"https:\\\/\\\/www.altominho.tv\\\/site\\\/2021\\\/12\\\/07\\\/tuna-da-academia-senior-de-caminha-abre-concertos-de-natal-no-concelho\\\/#primaryimage\"},\"thumbnailUrl\":\"https:\\\/\\\/www.altominho.tv\\\/site\\\/wp-content\\\/uploads\\\/2021\\\/12\\\/Tuna-da-Academia-Se\u0301nior-de-Caminha-scaled.jpg\",\"datePublished\":\"2021-12-07T13:53:38+00:00\",\"dateModified\":\"2021-12-07T13:53:42+00:00\",\"author\":{\"@id\":\"https:\\\/\\\/www.altominho.tv\\\/site\\\/#\\\/schema\\\/person\\\/4e536851627d7914baf3dac752b6af22\"},\"breadcrumb\":{\"@id\":\"https:\\\/\\\/www.altominho.tv\\\/site\\\/2021\\\/12\\\/07\\\/tuna-da-academia-senior-de-caminha-abre-concertos-de-natal-no-concelho\\\/#breadcrumb\"},\"inLanguage\":\"pt-PT\",\"potentialAction\":[{\"@type\":\"ReadAction\",\"target\":[\"https:\\\/\\\/www.altominho.tv\\\/site\\\/2021\\\/12\\\/07\\\/tuna-da-academia-senior-de-caminha-abre-concertos-de-natal-no-concelho\\\/\"]}]},{\"@type\":\"ImageObject\",\"inLanguage\":\"pt-PT\",\"@id\":\"https:\\\/\\\/www.altominho.tv\\\/site\\\/2021\\\/12\\\/07\\\/tuna-da-academia-senior-de-caminha-abre-concertos-de-natal-no-concelho\\\/#primaryimage\",\"url\":\"https:\\\/\\\/www.altominho.tv\\\/site\\\/wp-content\\\/uploads\\\/2021\\\/12\\\/Tuna-da-Academia-Se\u0301nior-de-Caminha-scaled.jpg\",\"contentUrl\":\"https:\\\/\\\/www.altominho.tv\\\/site\\\/wp-content\\\/uploads\\\/2021\\\/12\\\/Tuna-da-Academia-Se\u0301nior-de-Caminha-scaled.jpg\",\"width\":2560,\"height\":1662},{\"@type\":\"BreadcrumbList\",\"@id\":\"https:\\\/\\\/www.altominho.tv\\\/site\\\/2021\\\/12\\\/07\\\/tuna-da-academia-senior-de-caminha-abre-concertos-de-natal-no-concelho\\\/#breadcrumb\",\"itemListElement\":[{\"@type\":\"ListItem\",\"position\":1,\"name\":\"In\u00edcio\",\"item\":\"https:\\\/\\\/www.altominho.tv\\\/site\\\/\"},{\"@type\":\"ListItem\",\"position\":2,\"name\":\"Tuna da Academia S\u00e9nior de Caminha abre concertos de Natal no concelho\"}]},{\"@type\":\"WebSite\",\"@id\":\"https:\\\/\\\/www.altominho.tv\\\/site\\\/#website\",\"url\":\"https:\\\/\\\/www.altominho.tv\\\/site\\\/\",\"name\":\"Altominho.tv\",\"description\":\"A sua regi\u00e3o \u00e0 dist\u00e2ncia de um clique...\",\"potentialAction\":[{\"@type\":\"SearchAction\",\"target\":{\"@type\":\"EntryPoint\",\"urlTemplate\":\"https:\\\/\\\/www.altominho.tv\\\/site\\\/?s={search_term_string}\"},\"query-input\":{\"@type\":\"PropertyValueSpecification\",\"valueRequired\":true,\"valueName\":\"search_term_string\"}}],\"inLanguage\":\"pt-PT\"},{\"@type\":\"Person\",\"@id\":\"https:\\\/\\\/www.altominho.tv\\\/site\\\/#\\\/schema\\\/person\\\/4e536851627d7914baf3dac752b6af22\",\"name\":\"Altominho.tv\",\"image\":{\"@type\":\"ImageObject\",\"inLanguage\":\"pt-PT\",\"@id\":\"https:\\\/\\\/www.altominho.tv\\\/site\\\/wp-content\\\/uploads\\\/2019\\\/11\\\/Logo_Avatar_2-150x150.jpg\",\"url\":\"https:\\\/\\\/www.altominho.tv\\\/site\\\/wp-content\\\/uploads\\\/2019\\\/11\\\/Logo_Avatar_2-150x150.jpg\",\"contentUrl\":\"https:\\\/\\\/www.altominho.tv\\\/site\\\/wp-content\\\/uploads\\\/2019\\\/11\\\/Logo_Avatar_2-150x150.jpg\",\"caption\":\"Altominho.tv\"},\"url\":\"https:\\\/\\\/www.altominho.tv\\\/site\\\/author\\\/altominhotv-tecnico\\\/\"}]}<\/script>\n<!-- \/ Yoast SEO Premium plugin. -->","yoast_head_json":{"title":"Tuna da Academia S\u00e9nior de Caminha abre concertos de Natal no concelho","robots":{"index":"index","follow":"follow","max-snippet":"max-snippet:-1","max-image-preview":"max-image-preview:large","max-video-preview":"max-video-preview:-1"},"canonical":"https:\/\/www.altominho.tv\/site\/2021\/12\/07\/tuna-da-academia-senior-de-caminha-abre-concertos-de-natal-no-concelho\/","og_locale":"pt_PT","og_type":"article","og_title":"Tuna da Academia S\u00e9nior de Caminha abre concertos de Natal no concelho","og_description":"A Tuna da Academia S\u00e9nior de Caminha vai abrir os concertos de Natal no concelho. At\u00e9 ao in\u00edcio de 2022, s\u00e3o v\u00e1rios os concertos a que poderemos assistir. Destacamos os concertos da Tuna da Academia S\u00e9nior de Caminha; Academia de M\u00fasica Fernandes F\u00e3o; Sociedade Musical Banda de Lanhelas; Joaquim Ribeiro e Jos\u00e9 Meira e, ainda, [&hellip;]","og_url":"https:\/\/www.altominho.tv\/site\/2021\/12\/07\/tuna-da-academia-senior-de-caminha-abre-concertos-de-natal-no-concelho\/","og_site_name":"Altominho.tv","article_publisher":"https:\/\/www.facebook.com\/altominhotv","article_published_time":"2021-12-07T13:53:38+00:00","article_modified_time":"2021-12-07T13:53:42+00:00","og_image":[{"width":2560,"height":1662,"url":"https:\/\/www.altominho.tv\/site\/wp-content\/uploads\/2021\/12\/Tuna-da-Academia-Se\u0301nior-de-Caminha-scaled.jpg","type":"image\/jpeg"}],"author":"Altominho.tv","twitter_card":"summary_large_image","twitter_creator":"@altominhoTV","twitter_site":"@altominhoTV","twitter_misc":{"Escrito por":"Altominho.tv","Tempo estimado de leitura":"3 minutos"},"schema":{"@context":"https:\/\/schema.org","@graph":[{"@type":"Article","@id":"https:\/\/www.altominho.tv\/site\/2021\/12\/07\/tuna-da-academia-senior-de-caminha-abre-concertos-de-natal-no-concelho\/#article","isPartOf":{"@id":"https:\/\/www.altominho.tv\/site\/2021\/12\/07\/tuna-da-academia-senior-de-caminha-abre-concertos-de-natal-no-concelho\/"},"author":{"name":"Altominho.tv","@id":"https:\/\/www.altominho.tv\/site\/#\/schema\/person\/4e536851627d7914baf3dac752b6af22"},"headline":"Tuna da Academia S\u00e9nior de Caminha abre concertos de Natal no concelho","datePublished":"2021-12-07T13:53:38+00:00","dateModified":"2021-12-07T13:53:42+00:00","mainEntityOfPage":{"@id":"https:\/\/www.altominho.tv\/site\/2021\/12\/07\/tuna-da-academia-senior-de-caminha-abre-concertos-de-natal-no-concelho\/"},"wordCount":569,"image":{"@id":"https:\/\/www.altominho.tv\/site\/2021\/12\/07\/tuna-da-academia-senior-de-caminha-abre-concertos-de-natal-no-concelho\/#primaryimage"},"thumbnailUrl":"https:\/\/www.altominho.tv\/site\/wp-content\/uploads\/2021\/12\/Tuna-da-Academia-Se\u0301nior-de-Caminha-scaled.jpg","keywords":["Cultura","Sociedade"],"articleSection":["Caminha"],"inLanguage":"pt-PT","copyrightYear":"2021","copyrightHolder":{"@id":"https:\/\/www.altominho.tv\/site\/#organization"}},{"@type":"WebPage","@id":"https:\/\/www.altominho.tv\/site\/2021\/12\/07\/tuna-da-academia-senior-de-caminha-abre-concertos-de-natal-no-concelho\/","url":"https:\/\/www.altominho.tv\/site\/2021\/12\/07\/tuna-da-academia-senior-de-caminha-abre-concertos-de-natal-no-concelho\/","name":"Tuna da Academia S\u00e9nior de Caminha abre concertos de Natal no concelho","isPartOf":{"@id":"https:\/\/www.altominho.tv\/site\/#website"},"primaryImageOfPage":{"@id":"https:\/\/www.altominho.tv\/site\/2021\/12\/07\/tuna-da-academia-senior-de-caminha-abre-concertos-de-natal-no-concelho\/#primaryimage"},"image":{"@id":"https:\/\/www.altominho.tv\/site\/2021\/12\/07\/tuna-da-academia-senior-de-caminha-abre-concertos-de-natal-no-concelho\/#primaryimage"},"thumbnailUrl":"https:\/\/www.altominho.tv\/site\/wp-content\/uploads\/2021\/12\/Tuna-da-Academia-Se\u0301nior-de-Caminha-scaled.jpg","datePublished":"2021-12-07T13:53:38+00:00","dateModified":"2021-12-07T13:53:42+00:00","author":{"@id":"https:\/\/www.altominho.tv\/site\/#\/schema\/person\/4e536851627d7914baf3dac752b6af22"},"breadcrumb":{"@id":"https:\/\/www.altominho.tv\/site\/2021\/12\/07\/tuna-da-academia-senior-de-caminha-abre-concertos-de-natal-no-concelho\/#breadcrumb"},"inLanguage":"pt-PT","potentialAction":[{"@type":"ReadAction","target":["https:\/\/www.altominho.tv\/site\/2021\/12\/07\/tuna-da-academia-senior-de-caminha-abre-concertos-de-natal-no-concelho\/"]}]},{"@type":"ImageObject","inLanguage":"pt-PT","@id":"https:\/\/www.altominho.tv\/site\/2021\/12\/07\/tuna-da-academia-senior-de-caminha-abre-concertos-de-natal-no-concelho\/#primaryimage","url":"https:\/\/www.altominho.tv\/site\/wp-content\/uploads\/2021\/12\/Tuna-da-Academia-Se\u0301nior-de-Caminha-scaled.jpg","contentUrl":"https:\/\/www.altominho.tv\/site\/wp-content\/uploads\/2021\/12\/Tuna-da-Academia-Se\u0301nior-de-Caminha-scaled.jpg","width":2560,"height":1662},{"@type":"BreadcrumbList","@id":"https:\/\/www.altominho.tv\/site\/2021\/12\/07\/tuna-da-academia-senior-de-caminha-abre-concertos-de-natal-no-concelho\/#breadcrumb","itemListElement":[{"@type":"ListItem","position":1,"name":"In\u00edcio","item":"https:\/\/www.altominho.tv\/site\/"},{"@type":"ListItem","position":2,"name":"Tuna da Academia S\u00e9nior de Caminha abre concertos de Natal no concelho"}]},{"@type":"WebSite","@id":"https:\/\/www.altominho.tv\/site\/#website","url":"https:\/\/www.altominho.tv\/site\/","name":"Altominho.tv","description":"A sua regi\u00e3o \u00e0 dist\u00e2ncia de um clique...","potentialAction":[{"@type":"SearchAction","target":{"@type":"EntryPoint","urlTemplate":"https:\/\/www.altominho.tv\/site\/?s={search_term_string}"},"query-input":{"@type":"PropertyValueSpecification","valueRequired":true,"valueName":"search_term_string"}}],"inLanguage":"pt-PT"},{"@type":"Person","@id":"https:\/\/www.altominho.tv\/site\/#\/schema\/person\/4e536851627d7914baf3dac752b6af22","name":"Altominho.tv","image":{"@type":"ImageObject","inLanguage":"pt-PT","@id":"https:\/\/www.altominho.tv\/site\/wp-content\/uploads\/2019\/11\/Logo_Avatar_2-150x150.jpg","url":"https:\/\/www.altominho.tv\/site\/wp-content\/uploads\/2019\/11\/Logo_Avatar_2-150x150.jpg","contentUrl":"https:\/\/www.altominho.tv\/site\/wp-content\/uploads\/2019\/11\/Logo_Avatar_2-150x150.jpg","caption":"Altominho.tv"},"url":"https:\/\/www.altominho.tv\/site\/author\/altominhotv-tecnico\/"}]}},"_links":{"self":[{"href":"https:\/\/www.altominho.tv\/site\/wp-json\/wp\/v2\/posts\/73493","targetHints":{"allow":["GET"]}}],"collection":[{"href":"https:\/\/www.altominho.tv\/site\/wp-json\/wp\/v2\/posts"}],"about":[{"href":"https:\/\/www.altominho.tv\/site\/wp-json\/wp\/v2\/types\/post"}],"author":[{"embeddable":true,"href":"https:\/\/www.altominho.tv\/site\/wp-json\/wp\/v2\/users\/1"}],"replies":[{"embeddable":true,"href":"https:\/\/www.altominho.tv\/site\/wp-json\/wp\/v2\/comments?post=73493"}],"version-history":[{"count":0,"href":"https:\/\/www.altominho.tv\/site\/wp-json\/wp\/v2\/posts\/73493\/revisions"}],"wp:featuredmedia":[{"embeddable":true,"href":"https:\/\/www.altominho.tv\/site\/wp-json\/wp\/v2\/media\/73495"}],"wp:attachment":[{"href":"https:\/\/www.altominho.tv\/site\/wp-json\/wp\/v2\/media?parent=73493"}],"wp:term":[{"taxonomy":"category","embeddable":true,"href":"https:\/\/www.altominho.tv\/site\/wp-json\/wp\/v2\/categories?post=73493"},{"taxonomy":"post_tag","embeddable":true,"href":"https:\/\/www.altominho.tv\/site\/wp-json\/wp\/v2\/tags?post=73493"}],"curies":[{"name":"wp","href":"https:\/\/api.w.org\/{rel}","templated":true}]}}