{"id":73480,"date":"2021-12-07T10:47:30","date_gmt":"2021-12-07T10:47:30","guid":{"rendered":"https:\/\/www.altominho.tv\/site\/?p=73480"},"modified":"2021-12-07T10:47:35","modified_gmt":"2021-12-07T10:47:35","slug":"obras-no-mercado-municipal-de-caminha-avancam-a-bom-ritmo","status":"publish","type":"post","link":"https:\/\/www.altominho.tv\/site\/2021\/12\/07\/obras-no-mercado-municipal-de-caminha-avancam-a-bom-ritmo\/","title":{"rendered":"Obras no Mercado Municipal de Caminha avan\u00e7am a bom ritmo"},"content":{"rendered":"\n<p>A C\u00e2mara Municipal de Caminha est\u00e1 a construir um Mercado Municipal de raiz, &#8220;cujas obras decorrem a bom ritmo&#8221;.<\/p>\n\n\n\n<p>Em nota, a autarquia liderada por Miguel Alves, disse tratar-se &#8220;de uma obra importante, um equipamento esperado h\u00e1 quatro d\u00e9cadas, em plena zona ribeirinha do Rio Minho&#8221;. <\/p>\n\n\n\n<p>O investimento na constru\u00e7\u00e3o do novo Mercado Municipal de Caminha \u00e9 de cerca de 600 mil euros.<\/p>\n\n\n\n<p>&#8220;O velho edif\u00edcio j\u00e1 foi demolido, a obra encontra-se em fase de execu\u00e7\u00e3o da estrutura de bet\u00e3o armado. As infraestruturas ao n\u00edvel do solo tamb\u00e9m j\u00e1 foram executadas&#8221;, disse ainda a C\u00e2mara de Caminha.<\/p>\n\n\n\n<p>O projeto do Mercado Municipal de Caminha \u00e9 da autoria dos arquitetos Rui Rosado Correia e Tiago Sousa.<\/p>\n\n\n\n<p>Esta nova estrutura conta com quatro lojas viradas a sul, 12 bancas para venda de peixe, fruta e legumes, zonas de cargas e descargas, armaz\u00e9ns de frio, viveiro e outras val\u00eancias.<\/p>\n\n\n\n<p>Exteriormente o novo equipamento \u00e9 composto por uma s\u00e9rie de colunatas que permitem a transpar\u00eancia do mercado e ao mesmo tempo proteger do sol as pessoas que trabalham no mercado. M\u00e1quina de gelo, viveiro, c\u00e2maras frigor\u00edficas, cortinas de vento, novas bancadas e novos expositores tamb\u00e9m est\u00e3o previstos no projeto.<\/p>\n\n\n\n<p>A obra tem financiamento comunit\u00e1rio, atrav\u00e9s do NORTE 2020 e dos Planos de A\u00e7\u00e3o de Regenera\u00e7\u00e3o Urbana \u2013 PARU.<\/p>\n\n\n\n<p>A C\u00e2mara de Caminha disse ainda que &#8220;al\u00e9m do valor intr\u00ednseco do equipamento, enquanto espa\u00e7o comercial por excel\u00eancia, o novo Mercado Municipal vai melhorar uma importante entrada da Vila de Caminha, pela zona ribeirinha, ela tamb\u00e9m a ser requalificada&#8221;.<\/p>\n","protected":false},"excerpt":{"rendered":"<p>A C\u00e2mara Municipal de Caminha est\u00e1 a construir um Mercado Municipal de raiz, &#8220;cujas obras decorrem a bom ritmo&#8221;. Em nota, a autarquia liderada por Miguel Alves, disse tratar-se &#8220;de uma obra importante, um equipamento esperado h\u00e1 quatro d\u00e9cadas, em plena zona ribeirinha do Rio Minho&#8221;. O investimento na constru\u00e7\u00e3o do novo Mercado Municipal de [&hellip;]<\/p>\n","protected":false},"author":7,"featured_media":73481,"comment_status":"closed","ping_status":"closed","sticky":false,"template":"","format":"standard","meta":{"_exactmetrics_skip_tracking":false,"_exactmetrics_sitenote_active":false,"_exactmetrics_sitenote_note":"","_exactmetrics_sitenote_category":0,"footnotes":""},"categories":[7],"tags":[27],"class_list":["post-73480","post","type-post","status-publish","format-standard","has-post-thumbnail","hentry","category-caminha","tag-sociedade"],"yoast_head":"<!-- This site is optimized with the Yoast SEO Premium plugin v27.4 (Yoast SEO v27.4) - https:\/\/yoast.com\/product\/yoast-seo-premium-wordpress\/ -->\n<title>Obras no Mercado Municipal de Caminha avan\u00e7am a bom ritmo<\/title>\n<meta name=\"robots\" content=\"index, follow, max-snippet:-1, max-image-preview:large, max-video-preview:-1\" \/>\n<link rel=\"canonical\" href=\"https:\/\/www.altominho.tv\/site\/2021\/12\/07\/obras-no-mercado-municipal-de-caminha-avancam-a-bom-ritmo\/\" \/>\n<meta property=\"og:locale\" content=\"pt_PT\" \/>\n<meta property=\"og:type\" content=\"article\" \/>\n<meta property=\"og:title\" content=\"Obras no Mercado Municipal de Caminha avan\u00e7am a bom ritmo\" \/>\n<meta property=\"og:description\" content=\"A C\u00e2mara Municipal de Caminha est\u00e1 a construir um Mercado Municipal de raiz, &#8220;cujas obras decorrem a bom ritmo&#8221;. Em nota, a autarquia liderada por Miguel Alves, disse tratar-se &#8220;de uma obra importante, um equipamento esperado h\u00e1 quatro d\u00e9cadas, em plena zona ribeirinha do Rio Minho&#8221;. O investimento na constru\u00e7\u00e3o do novo Mercado Municipal de [&hellip;]\" \/>\n<meta property=\"og:url\" content=\"https:\/\/www.altominho.tv\/site\/2021\/12\/07\/obras-no-mercado-municipal-de-caminha-avancam-a-bom-ritmo\/\" \/>\n<meta property=\"og:site_name\" content=\"Altominho.tv\" \/>\n<meta property=\"article:publisher\" content=\"https:\/\/www.facebook.com\/altominhotv\" \/>\n<meta property=\"article:published_time\" content=\"2021-12-07T10:47:30+00:00\" \/>\n<meta property=\"article:modified_time\" content=\"2021-12-07T10:47:35+00:00\" \/>\n<meta property=\"og:image\" content=\"https:\/\/www.altominho.tv\/site\/wp-content\/uploads\/2021\/12\/mercado-municipal-2.jpg\" \/>\n\t<meta property=\"og:image:width\" content=\"1620\" \/>\n\t<meta property=\"og:image:height\" content=\"1080\" \/>\n\t<meta property=\"og:image:type\" content=\"image\/jpeg\" \/>\n<meta name=\"author\" content=\"Andreia Cunha\" \/>\n<meta name=\"twitter:card\" content=\"summary_large_image\" \/>\n<meta name=\"twitter:creator\" content=\"@altominhoTV\" \/>\n<meta name=\"twitter:site\" content=\"@altominhoTV\" \/>\n<meta name=\"twitter:label1\" content=\"Escrito por\" \/>\n\t<meta name=\"twitter:data1\" content=\"Andreia Cunha\" \/>\n\t<meta name=\"twitter:label2\" content=\"Tempo estimado de leitura\" \/>\n\t<meta name=\"twitter:data2\" content=\"2 minutos\" \/>\n<script type=\"application\/ld+json\" class=\"yoast-schema-graph\">{\"@context\":\"https:\\\/\\\/schema.org\",\"@graph\":[{\"@type\":\"Article\",\"@id\":\"https:\\\/\\\/www.altominho.tv\\\/site\\\/2021\\\/12\\\/07\\\/obras-no-mercado-municipal-de-caminha-avancam-a-bom-ritmo\\\/#article\",\"isPartOf\":{\"@id\":\"https:\\\/\\\/www.altominho.tv\\\/site\\\/2021\\\/12\\\/07\\\/obras-no-mercado-municipal-de-caminha-avancam-a-bom-ritmo\\\/\"},\"author\":{\"name\":\"Andreia Cunha\",\"@id\":\"https:\\\/\\\/www.altominho.tv\\\/site\\\/#\\\/schema\\\/person\\\/a0e4ef6d041f98ca284393d8f1d97153\"},\"headline\":\"Obras no Mercado Municipal de Caminha avan\u00e7am a bom ritmo\",\"datePublished\":\"2021-12-07T10:47:30+00:00\",\"dateModified\":\"2021-12-07T10:47:35+00:00\",\"mainEntityOfPage\":{\"@id\":\"https:\\\/\\\/www.altominho.tv\\\/site\\\/2021\\\/12\\\/07\\\/obras-no-mercado-municipal-de-caminha-avancam-a-bom-ritmo\\\/\"},\"wordCount\":285,\"image\":{\"@id\":\"https:\\\/\\\/www.altominho.tv\\\/site\\\/2021\\\/12\\\/07\\\/obras-no-mercado-municipal-de-caminha-avancam-a-bom-ritmo\\\/#primaryimage\"},\"thumbnailUrl\":\"https:\\\/\\\/www.altominho.tv\\\/site\\\/wp-content\\\/uploads\\\/2021\\\/12\\\/mercado-municipal-2.jpg\",\"keywords\":[\"Sociedade\"],\"articleSection\":[\"Caminha\"],\"inLanguage\":\"pt-PT\",\"copyrightYear\":\"2021\",\"copyrightHolder\":{\"@id\":\"https:\\\/\\\/www.altominho.tv\\\/site\\\/#organization\"}},{\"@type\":\"WebPage\",\"@id\":\"https:\\\/\\\/www.altominho.tv\\\/site\\\/2021\\\/12\\\/07\\\/obras-no-mercado-municipal-de-caminha-avancam-a-bom-ritmo\\\/\",\"url\":\"https:\\\/\\\/www.altominho.tv\\\/site\\\/2021\\\/12\\\/07\\\/obras-no-mercado-municipal-de-caminha-avancam-a-bom-ritmo\\\/\",\"name\":\"Obras no Mercado Municipal de Caminha avan\u00e7am a bom ritmo\",\"isPartOf\":{\"@id\":\"https:\\\/\\\/www.altominho.tv\\\/site\\\/#website\"},\"primaryImageOfPage\":{\"@id\":\"https:\\\/\\\/www.altominho.tv\\\/site\\\/2021\\\/12\\\/07\\\/obras-no-mercado-municipal-de-caminha-avancam-a-bom-ritmo\\\/#primaryimage\"},\"image\":{\"@id\":\"https:\\\/\\\/www.altominho.tv\\\/site\\\/2021\\\/12\\\/07\\\/obras-no-mercado-municipal-de-caminha-avancam-a-bom-ritmo\\\/#primaryimage\"},\"thumbnailUrl\":\"https:\\\/\\\/www.altominho.tv\\\/site\\\/wp-content\\\/uploads\\\/2021\\\/12\\\/mercado-municipal-2.jpg\",\"datePublished\":\"2021-12-07T10:47:30+00:00\",\"dateModified\":\"2021-12-07T10:47:35+00:00\",\"author\":{\"@id\":\"https:\\\/\\\/www.altominho.tv\\\/site\\\/#\\\/schema\\\/person\\\/a0e4ef6d041f98ca284393d8f1d97153\"},\"breadcrumb\":{\"@id\":\"https:\\\/\\\/www.altominho.tv\\\/site\\\/2021\\\/12\\\/07\\\/obras-no-mercado-municipal-de-caminha-avancam-a-bom-ritmo\\\/#breadcrumb\"},\"inLanguage\":\"pt-PT\",\"potentialAction\":[{\"@type\":\"ReadAction\",\"target\":[\"https:\\\/\\\/www.altominho.tv\\\/site\\\/2021\\\/12\\\/07\\\/obras-no-mercado-municipal-de-caminha-avancam-a-bom-ritmo\\\/\"]}]},{\"@type\":\"ImageObject\",\"inLanguage\":\"pt-PT\",\"@id\":\"https:\\\/\\\/www.altominho.tv\\\/site\\\/2021\\\/12\\\/07\\\/obras-no-mercado-municipal-de-caminha-avancam-a-bom-ritmo\\\/#primaryimage\",\"url\":\"https:\\\/\\\/www.altominho.tv\\\/site\\\/wp-content\\\/uploads\\\/2021\\\/12\\\/mercado-municipal-2.jpg\",\"contentUrl\":\"https:\\\/\\\/www.altominho.tv\\\/site\\\/wp-content\\\/uploads\\\/2021\\\/12\\\/mercado-municipal-2.jpg\",\"width\":1620,\"height\":1080},{\"@type\":\"BreadcrumbList\",\"@id\":\"https:\\\/\\\/www.altominho.tv\\\/site\\\/2021\\\/12\\\/07\\\/obras-no-mercado-municipal-de-caminha-avancam-a-bom-ritmo\\\/#breadcrumb\",\"itemListElement\":[{\"@type\":\"ListItem\",\"position\":1,\"name\":\"In\u00edcio\",\"item\":\"https:\\\/\\\/www.altominho.tv\\\/site\\\/\"},{\"@type\":\"ListItem\",\"position\":2,\"name\":\"Obras no Mercado Municipal de Caminha avan\u00e7am a bom ritmo\"}]},{\"@type\":\"WebSite\",\"@id\":\"https:\\\/\\\/www.altominho.tv\\\/site\\\/#website\",\"url\":\"https:\\\/\\\/www.altominho.tv\\\/site\\\/\",\"name\":\"Altominho.tv\",\"description\":\"A sua regi\u00e3o \u00e0 dist\u00e2ncia de um clique...\",\"potentialAction\":[{\"@type\":\"SearchAction\",\"target\":{\"@type\":\"EntryPoint\",\"urlTemplate\":\"https:\\\/\\\/www.altominho.tv\\\/site\\\/?s={search_term_string}\"},\"query-input\":{\"@type\":\"PropertyValueSpecification\",\"valueRequired\":true,\"valueName\":\"search_term_string\"}}],\"inLanguage\":\"pt-PT\"},{\"@type\":\"Person\",\"@id\":\"https:\\\/\\\/www.altominho.tv\\\/site\\\/#\\\/schema\\\/person\\\/a0e4ef6d041f98ca284393d8f1d97153\",\"name\":\"Andreia Cunha\",\"image\":{\"@type\":\"ImageObject\",\"inLanguage\":\"pt-PT\",\"@id\":\"https:\\\/\\\/www.altominho.tv\\\/site\\\/wp-content\\\/uploads\\\/2017\\\/11\\\/Andreia_Cunha-1-150x150.jpg\",\"url\":\"https:\\\/\\\/www.altominho.tv\\\/site\\\/wp-content\\\/uploads\\\/2017\\\/11\\\/Andreia_Cunha-1-150x150.jpg\",\"contentUrl\":\"https:\\\/\\\/www.altominho.tv\\\/site\\\/wp-content\\\/uploads\\\/2017\\\/11\\\/Andreia_Cunha-1-150x150.jpg\",\"caption\":\"Andreia Cunha\"},\"url\":\"https:\\\/\\\/www.altominho.tv\\\/site\\\/author\\\/andreiacunha\\\/\"}]}<\/script>\n<!-- \/ Yoast SEO Premium plugin. -->","yoast_head_json":{"title":"Obras no Mercado Municipal de Caminha avan\u00e7am a bom ritmo","robots":{"index":"index","follow":"follow","max-snippet":"max-snippet:-1","max-image-preview":"max-image-preview:large","max-video-preview":"max-video-preview:-1"},"canonical":"https:\/\/www.altominho.tv\/site\/2021\/12\/07\/obras-no-mercado-municipal-de-caminha-avancam-a-bom-ritmo\/","og_locale":"pt_PT","og_type":"article","og_title":"Obras no Mercado Municipal de Caminha avan\u00e7am a bom ritmo","og_description":"A C\u00e2mara Municipal de Caminha est\u00e1 a construir um Mercado Municipal de raiz, &#8220;cujas obras decorrem a bom ritmo&#8221;. Em nota, a autarquia liderada por Miguel Alves, disse tratar-se &#8220;de uma obra importante, um equipamento esperado h\u00e1 quatro d\u00e9cadas, em plena zona ribeirinha do Rio Minho&#8221;. O investimento na constru\u00e7\u00e3o do novo Mercado Municipal de [&hellip;]","og_url":"https:\/\/www.altominho.tv\/site\/2021\/12\/07\/obras-no-mercado-municipal-de-caminha-avancam-a-bom-ritmo\/","og_site_name":"Altominho.tv","article_publisher":"https:\/\/www.facebook.com\/altominhotv","article_published_time":"2021-12-07T10:47:30+00:00","article_modified_time":"2021-12-07T10:47:35+00:00","og_image":[{"width":1620,"height":1080,"url":"https:\/\/www.altominho.tv\/site\/wp-content\/uploads\/2021\/12\/mercado-municipal-2.jpg","type":"image\/jpeg"}],"author":"Andreia Cunha","twitter_card":"summary_large_image","twitter_creator":"@altominhoTV","twitter_site":"@altominhoTV","twitter_misc":{"Escrito por":"Andreia Cunha","Tempo estimado de leitura":"2 minutos"},"schema":{"@context":"https:\/\/schema.org","@graph":[{"@type":"Article","@id":"https:\/\/www.altominho.tv\/site\/2021\/12\/07\/obras-no-mercado-municipal-de-caminha-avancam-a-bom-ritmo\/#article","isPartOf":{"@id":"https:\/\/www.altominho.tv\/site\/2021\/12\/07\/obras-no-mercado-municipal-de-caminha-avancam-a-bom-ritmo\/"},"author":{"name":"Andreia Cunha","@id":"https:\/\/www.altominho.tv\/site\/#\/schema\/person\/a0e4ef6d041f98ca284393d8f1d97153"},"headline":"Obras no Mercado Municipal de Caminha avan\u00e7am a bom ritmo","datePublished":"2021-12-07T10:47:30+00:00","dateModified":"2021-12-07T10:47:35+00:00","mainEntityOfPage":{"@id":"https:\/\/www.altominho.tv\/site\/2021\/12\/07\/obras-no-mercado-municipal-de-caminha-avancam-a-bom-ritmo\/"},"wordCount":285,"image":{"@id":"https:\/\/www.altominho.tv\/site\/2021\/12\/07\/obras-no-mercado-municipal-de-caminha-avancam-a-bom-ritmo\/#primaryimage"},"thumbnailUrl":"https:\/\/www.altominho.tv\/site\/wp-content\/uploads\/2021\/12\/mercado-municipal-2.jpg","keywords":["Sociedade"],"articleSection":["Caminha"],"inLanguage":"pt-PT","copyrightYear":"2021","copyrightHolder":{"@id":"https:\/\/www.altominho.tv\/site\/#organization"}},{"@type":"WebPage","@id":"https:\/\/www.altominho.tv\/site\/2021\/12\/07\/obras-no-mercado-municipal-de-caminha-avancam-a-bom-ritmo\/","url":"https:\/\/www.altominho.tv\/site\/2021\/12\/07\/obras-no-mercado-municipal-de-caminha-avancam-a-bom-ritmo\/","name":"Obras no Mercado Municipal de Caminha avan\u00e7am a bom ritmo","isPartOf":{"@id":"https:\/\/www.altominho.tv\/site\/#website"},"primaryImageOfPage":{"@id":"https:\/\/www.altominho.tv\/site\/2021\/12\/07\/obras-no-mercado-municipal-de-caminha-avancam-a-bom-ritmo\/#primaryimage"},"image":{"@id":"https:\/\/www.altominho.tv\/site\/2021\/12\/07\/obras-no-mercado-municipal-de-caminha-avancam-a-bom-ritmo\/#primaryimage"},"thumbnailUrl":"https:\/\/www.altominho.tv\/site\/wp-content\/uploads\/2021\/12\/mercado-municipal-2.jpg","datePublished":"2021-12-07T10:47:30+00:00","dateModified":"2021-12-07T10:47:35+00:00","author":{"@id":"https:\/\/www.altominho.tv\/site\/#\/schema\/person\/a0e4ef6d041f98ca284393d8f1d97153"},"breadcrumb":{"@id":"https:\/\/www.altominho.tv\/site\/2021\/12\/07\/obras-no-mercado-municipal-de-caminha-avancam-a-bom-ritmo\/#breadcrumb"},"inLanguage":"pt-PT","potentialAction":[{"@type":"ReadAction","target":["https:\/\/www.altominho.tv\/site\/2021\/12\/07\/obras-no-mercado-municipal-de-caminha-avancam-a-bom-ritmo\/"]}]},{"@type":"ImageObject","inLanguage":"pt-PT","@id":"https:\/\/www.altominho.tv\/site\/2021\/12\/07\/obras-no-mercado-municipal-de-caminha-avancam-a-bom-ritmo\/#primaryimage","url":"https:\/\/www.altominho.tv\/site\/wp-content\/uploads\/2021\/12\/mercado-municipal-2.jpg","contentUrl":"https:\/\/www.altominho.tv\/site\/wp-content\/uploads\/2021\/12\/mercado-municipal-2.jpg","width":1620,"height":1080},{"@type":"BreadcrumbList","@id":"https:\/\/www.altominho.tv\/site\/2021\/12\/07\/obras-no-mercado-municipal-de-caminha-avancam-a-bom-ritmo\/#breadcrumb","itemListElement":[{"@type":"ListItem","position":1,"name":"In\u00edcio","item":"https:\/\/www.altominho.tv\/site\/"},{"@type":"ListItem","position":2,"name":"Obras no Mercado Municipal de Caminha avan\u00e7am a bom ritmo"}]},{"@type":"WebSite","@id":"https:\/\/www.altominho.tv\/site\/#website","url":"https:\/\/www.altominho.tv\/site\/","name":"Altominho.tv","description":"A sua regi\u00e3o \u00e0 dist\u00e2ncia de um clique...","potentialAction":[{"@type":"SearchAction","target":{"@type":"EntryPoint","urlTemplate":"https:\/\/www.altominho.tv\/site\/?s={search_term_string}"},"query-input":{"@type":"PropertyValueSpecification","valueRequired":true,"valueName":"search_term_string"}}],"inLanguage":"pt-PT"},{"@type":"Person","@id":"https:\/\/www.altominho.tv\/site\/#\/schema\/person\/a0e4ef6d041f98ca284393d8f1d97153","name":"Andreia Cunha","image":{"@type":"ImageObject","inLanguage":"pt-PT","@id":"https:\/\/www.altominho.tv\/site\/wp-content\/uploads\/2017\/11\/Andreia_Cunha-1-150x150.jpg","url":"https:\/\/www.altominho.tv\/site\/wp-content\/uploads\/2017\/11\/Andreia_Cunha-1-150x150.jpg","contentUrl":"https:\/\/www.altominho.tv\/site\/wp-content\/uploads\/2017\/11\/Andreia_Cunha-1-150x150.jpg","caption":"Andreia Cunha"},"url":"https:\/\/www.altominho.tv\/site\/author\/andreiacunha\/"}]}},"_links":{"self":[{"href":"https:\/\/www.altominho.tv\/site\/wp-json\/wp\/v2\/posts\/73480","targetHints":{"allow":["GET"]}}],"collection":[{"href":"https:\/\/www.altominho.tv\/site\/wp-json\/wp\/v2\/posts"}],"about":[{"href":"https:\/\/www.altominho.tv\/site\/wp-json\/wp\/v2\/types\/post"}],"author":[{"embeddable":true,"href":"https:\/\/www.altominho.tv\/site\/wp-json\/wp\/v2\/users\/7"}],"replies":[{"embeddable":true,"href":"https:\/\/www.altominho.tv\/site\/wp-json\/wp\/v2\/comments?post=73480"}],"version-history":[{"count":0,"href":"https:\/\/www.altominho.tv\/site\/wp-json\/wp\/v2\/posts\/73480\/revisions"}],"wp:featuredmedia":[{"embeddable":true,"href":"https:\/\/www.altominho.tv\/site\/wp-json\/wp\/v2\/media\/73481"}],"wp:attachment":[{"href":"https:\/\/www.altominho.tv\/site\/wp-json\/wp\/v2\/media?parent=73480"}],"wp:term":[{"taxonomy":"category","embeddable":true,"href":"https:\/\/www.altominho.tv\/site\/wp-json\/wp\/v2\/categories?post=73480"},{"taxonomy":"post_tag","embeddable":true,"href":"https:\/\/www.altominho.tv\/site\/wp-json\/wp\/v2\/tags?post=73480"}],"curies":[{"name":"wp","href":"https:\/\/api.w.org\/{rel}","templated":true}]}}