{"id":73027,"date":"2021-11-24T17:22:10","date_gmt":"2021-11-24T17:22:10","guid":{"rendered":"https:\/\/www.altominho.tv\/site\/?p=73027"},"modified":"2021-11-24T17:22:14","modified_gmt":"2021-11-24T17:22:14","slug":"festa-do-espumante-comeca-sexta-feira-em-melgaco","status":"publish","type":"post","link":"https:\/\/www.altominho.tv\/site\/2021\/11\/24\/festa-do-espumante-comeca-sexta-feira-em-melgaco\/","title":{"rendered":"Festa do Espumante come\u00e7a sexta-feira em Melga\u00e7o"},"content":{"rendered":"<p>Melga\u00e7o vai receber a s\u00e9tima edi\u00e7\u00e3o da Festa do Espumante. A tenda instalada no Largo do Mercado acolhe, entre sexta-feira e domingo, 15 produtores de espumante de Alvarinho da sub-regi\u00e3o de Mon\u00e7\u00e3o e Melga\u00e7o e sete produtores de produtos locais.<\/p>\n<p>A organiza\u00e7\u00e3o \u00e9 do munic\u00edpio de Melga\u00e7o, com produ\u00e7\u00e3o da Ess\u00eancia do Vinho e o apoio da Revista de Vinhos, e anuncia \u201cuma programa\u00e7\u00e3o intensa, que pretende valorizar os espumantes obtidos no \u2018terroir\u2019 de elei\u00e7\u00e3o da casta Alvarinho, bem como os produtores e produtos locais\u201d.<\/p>\n<p>Durante tr\u00eas dias, ser\u00e1 poss\u00edvel provar diferentes espumantes de Alvarinho produzidos na regi\u00e3o, em paralelo com outros produtos regionais, como fumeiro, queijos, mel e do\u00e7aria tradicional.<\/p>\n<p>A Festa do\u00a0Espumante inclui provas comentadas conduzidas por Manuel Moreira, sess\u00f5es de <em>showcooking<\/em> com os chefes Chakall (dia 26, pelas 19h00), Lu\u00eds Am\u00e9rico (dia 27, 15h30) e V\u00edtor Matos (dia 28, 15h30) e um espa\u00e7o de restaura\u00e7\u00e3o em funcionamento cont\u00ednuo e com propostas gastron\u00f3micas t\u00edpicas.<\/p>\n<p>J\u00e1 as noites ser\u00e3o preenchidas com m\u00fasica ao vivo e atua\u00e7\u00f5es de DJ\u2019s (Rui Afonso e DJ Tata na sexta-feira e Bruno Pereira, Andr\u00e9a Domingues e Roberto Martins e o DJ Pedro Sim\u00f5es no s\u00e1bado).<\/p>\n<p>A cerim\u00f3nia de abertura est\u00e1 marcada para as 18h00 de sexta-feira, com a presen\u00e7a da ministra da Coes\u00e3o Territorial, Ana Abrunhosa.<\/p>\n<p>A entrada \u00e9 livre, mas ser\u00e1 exigido certificado de vacina\u00e7\u00e3o ou teste negativo \u00e0 Covid-19.<\/p>\n","protected":false},"excerpt":{"rendered":"<p>Melga\u00e7o vai receber a s\u00e9tima edi\u00e7\u00e3o da Festa do Espumante. A tenda instalada no Largo do Mercado acolhe, entre sexta-feira e domingo, 15 produtores de espumante de Alvarinho da sub-regi\u00e3o de Mon\u00e7\u00e3o e Melga\u00e7o e sete produtores de produtos locais. A organiza\u00e7\u00e3o \u00e9 do munic\u00edpio de Melga\u00e7o, com produ\u00e7\u00e3o da Ess\u00eancia do Vinho e o [&hellip;]<\/p>\n","protected":false},"author":12,"featured_media":73029,"comment_status":"closed","ping_status":"closed","sticky":false,"template":"","format":"standard","meta":{"_exactmetrics_skip_tracking":false,"_exactmetrics_sitenote_active":false,"_exactmetrics_sitenote_note":"","_exactmetrics_sitenote_category":0,"footnotes":""},"categories":[8],"tags":[24],"class_list":["post-73027","post","type-post","status-publish","format-standard","has-post-thumbnail","hentry","category-melgaco","tag-lazer"],"yoast_head":"<!-- This site is optimized with the Yoast SEO Premium plugin v27.5 (Yoast SEO v27.5) - https:\/\/yoast.com\/product\/yoast-seo-premium-wordpress\/ -->\n<title>Festa do Espumante come\u00e7a sexta-feira em Melga\u00e7o<\/title>\n<meta name=\"robots\" content=\"index, follow, max-snippet:-1, max-image-preview:large, max-video-preview:-1\" \/>\n<link rel=\"canonical\" href=\"https:\/\/www.altominho.tv\/site\/2021\/11\/24\/festa-do-espumante-comeca-sexta-feira-em-melgaco\/\" \/>\n<meta property=\"og:locale\" content=\"pt_PT\" \/>\n<meta property=\"og:type\" content=\"article\" \/>\n<meta property=\"og:title\" content=\"Festa do Espumante come\u00e7a sexta-feira em Melga\u00e7o\" \/>\n<meta property=\"og:description\" content=\"Melga\u00e7o vai receber a s\u00e9tima edi\u00e7\u00e3o da Festa do Espumante. A tenda instalada no Largo do Mercado acolhe, entre sexta-feira e domingo, 15 produtores de espumante de Alvarinho da sub-regi\u00e3o de Mon\u00e7\u00e3o e Melga\u00e7o e sete produtores de produtos locais. A organiza\u00e7\u00e3o \u00e9 do munic\u00edpio de Melga\u00e7o, com produ\u00e7\u00e3o da Ess\u00eancia do Vinho e o [&hellip;]\" \/>\n<meta property=\"og:url\" content=\"https:\/\/www.altominho.tv\/site\/2021\/11\/24\/festa-do-espumante-comeca-sexta-feira-em-melgaco\/\" \/>\n<meta property=\"og:site_name\" content=\"Altominho.tv\" \/>\n<meta property=\"article:publisher\" content=\"https:\/\/www.facebook.com\/altominhotv\" \/>\n<meta property=\"article:published_time\" content=\"2021-11-24T17:22:10+00:00\" \/>\n<meta property=\"article:modified_time\" content=\"2021-11-24T17:22:14+00:00\" \/>\n<meta property=\"og:image\" content=\"https:\/\/www.altominho.tv\/site\/wp-content\/uploads\/2021\/11\/258764897_4867000960032533_5995146461514062679_n-e1637770577139.jpeg\" \/>\n\t<meta property=\"og:image:width\" content=\"1817\" \/>\n\t<meta property=\"og:image:height\" content=\"1182\" \/>\n\t<meta property=\"og:image:type\" content=\"image\/jpeg\" \/>\n<meta name=\"author\" content=\"Andreia Ferreira\" \/>\n<meta name=\"twitter:card\" content=\"summary_large_image\" \/>\n<meta name=\"twitter:creator\" content=\"@altominhoTV\" \/>\n<meta name=\"twitter:site\" content=\"@altominhoTV\" \/>\n<meta name=\"twitter:label1\" content=\"Escrito por\" \/>\n\t<meta name=\"twitter:data1\" content=\"Andreia Ferreira\" \/>\n\t<meta name=\"twitter:label2\" content=\"Tempo estimado de leitura\" \/>\n\t<meta name=\"twitter:data2\" content=\"1 minuto\" \/>\n<script type=\"application\/ld+json\" class=\"yoast-schema-graph\">{\"@context\":\"https:\\\/\\\/schema.org\",\"@graph\":[{\"@type\":\"Article\",\"@id\":\"https:\\\/\\\/www.altominho.tv\\\/site\\\/2021\\\/11\\\/24\\\/festa-do-espumante-comeca-sexta-feira-em-melgaco\\\/#article\",\"isPartOf\":{\"@id\":\"https:\\\/\\\/www.altominho.tv\\\/site\\\/2021\\\/11\\\/24\\\/festa-do-espumante-comeca-sexta-feira-em-melgaco\\\/\"},\"author\":{\"name\":\"Andreia Ferreira\",\"@id\":\"https:\\\/\\\/www.altominho.tv\\\/site\\\/#\\\/schema\\\/person\\\/d9be4265364723f14ea8e0d56a1d38cd\"},\"headline\":\"Festa do Espumante come\u00e7a sexta-feira em Melga\u00e7o\",\"datePublished\":\"2021-11-24T17:22:10+00:00\",\"dateModified\":\"2021-11-24T17:22:14+00:00\",\"mainEntityOfPage\":{\"@id\":\"https:\\\/\\\/www.altominho.tv\\\/site\\\/2021\\\/11\\\/24\\\/festa-do-espumante-comeca-sexta-feira-em-melgaco\\\/\"},\"wordCount\":267,\"image\":{\"@id\":\"https:\\\/\\\/www.altominho.tv\\\/site\\\/2021\\\/11\\\/24\\\/festa-do-espumante-comeca-sexta-feira-em-melgaco\\\/#primaryimage\"},\"thumbnailUrl\":\"https:\\\/\\\/www.altominho.tv\\\/site\\\/wp-content\\\/uploads\\\/2021\\\/11\\\/258764897_4867000960032533_5995146461514062679_n-e1637770577139.jpeg\",\"keywords\":[\"Lazer\"],\"articleSection\":[\"Melga\u00e7o\"],\"inLanguage\":\"pt-PT\",\"copyrightYear\":\"2021\",\"copyrightHolder\":{\"@id\":\"https:\\\/\\\/www.altominho.tv\\\/site\\\/#organization\"}},{\"@type\":\"WebPage\",\"@id\":\"https:\\\/\\\/www.altominho.tv\\\/site\\\/2021\\\/11\\\/24\\\/festa-do-espumante-comeca-sexta-feira-em-melgaco\\\/\",\"url\":\"https:\\\/\\\/www.altominho.tv\\\/site\\\/2021\\\/11\\\/24\\\/festa-do-espumante-comeca-sexta-feira-em-melgaco\\\/\",\"name\":\"Festa do Espumante come\u00e7a sexta-feira em Melga\u00e7o\",\"isPartOf\":{\"@id\":\"https:\\\/\\\/www.altominho.tv\\\/site\\\/#website\"},\"primaryImageOfPage\":{\"@id\":\"https:\\\/\\\/www.altominho.tv\\\/site\\\/2021\\\/11\\\/24\\\/festa-do-espumante-comeca-sexta-feira-em-melgaco\\\/#primaryimage\"},\"image\":{\"@id\":\"https:\\\/\\\/www.altominho.tv\\\/site\\\/2021\\\/11\\\/24\\\/festa-do-espumante-comeca-sexta-feira-em-melgaco\\\/#primaryimage\"},\"thumbnailUrl\":\"https:\\\/\\\/www.altominho.tv\\\/site\\\/wp-content\\\/uploads\\\/2021\\\/11\\\/258764897_4867000960032533_5995146461514062679_n-e1637770577139.jpeg\",\"datePublished\":\"2021-11-24T17:22:10+00:00\",\"dateModified\":\"2021-11-24T17:22:14+00:00\",\"author\":{\"@id\":\"https:\\\/\\\/www.altominho.tv\\\/site\\\/#\\\/schema\\\/person\\\/d9be4265364723f14ea8e0d56a1d38cd\"},\"breadcrumb\":{\"@id\":\"https:\\\/\\\/www.altominho.tv\\\/site\\\/2021\\\/11\\\/24\\\/festa-do-espumante-comeca-sexta-feira-em-melgaco\\\/#breadcrumb\"},\"inLanguage\":\"pt-PT\",\"potentialAction\":[{\"@type\":\"ReadAction\",\"target\":[\"https:\\\/\\\/www.altominho.tv\\\/site\\\/2021\\\/11\\\/24\\\/festa-do-espumante-comeca-sexta-feira-em-melgaco\\\/\"]}]},{\"@type\":\"ImageObject\",\"inLanguage\":\"pt-PT\",\"@id\":\"https:\\\/\\\/www.altominho.tv\\\/site\\\/2021\\\/11\\\/24\\\/festa-do-espumante-comeca-sexta-feira-em-melgaco\\\/#primaryimage\",\"url\":\"https:\\\/\\\/www.altominho.tv\\\/site\\\/wp-content\\\/uploads\\\/2021\\\/11\\\/258764897_4867000960032533_5995146461514062679_n-e1637770577139.jpeg\",\"contentUrl\":\"https:\\\/\\\/www.altominho.tv\\\/site\\\/wp-content\\\/uploads\\\/2021\\\/11\\\/258764897_4867000960032533_5995146461514062679_n-e1637770577139.jpeg\",\"width\":1817,\"height\":1182,\"caption\":\"MUNIC\u00cdPIO DE MELGA\u00c7O\"},{\"@type\":\"BreadcrumbList\",\"@id\":\"https:\\\/\\\/www.altominho.tv\\\/site\\\/2021\\\/11\\\/24\\\/festa-do-espumante-comeca-sexta-feira-em-melgaco\\\/#breadcrumb\",\"itemListElement\":[{\"@type\":\"ListItem\",\"position\":1,\"name\":\"In\u00edcio\",\"item\":\"https:\\\/\\\/www.altominho.tv\\\/site\\\/\"},{\"@type\":\"ListItem\",\"position\":2,\"name\":\"Festa do Espumante come\u00e7a sexta-feira em Melga\u00e7o\"}]},{\"@type\":\"WebSite\",\"@id\":\"https:\\\/\\\/www.altominho.tv\\\/site\\\/#website\",\"url\":\"https:\\\/\\\/www.altominho.tv\\\/site\\\/\",\"name\":\"Altominho.tv\",\"description\":\"A sua regi\u00e3o \u00e0 dist\u00e2ncia de um clique...\",\"potentialAction\":[{\"@type\":\"SearchAction\",\"target\":{\"@type\":\"EntryPoint\",\"urlTemplate\":\"https:\\\/\\\/www.altominho.tv\\\/site\\\/?s={search_term_string}\"},\"query-input\":{\"@type\":\"PropertyValueSpecification\",\"valueRequired\":true,\"valueName\":\"search_term_string\"}}],\"inLanguage\":\"pt-PT\"},{\"@type\":\"Person\",\"@id\":\"https:\\\/\\\/www.altominho.tv\\\/site\\\/#\\\/schema\\\/person\\\/d9be4265364723f14ea8e0d56a1d38cd\",\"name\":\"Andreia Ferreira\",\"image\":{\"@type\":\"ImageObject\",\"inLanguage\":\"pt-PT\",\"@id\":\"https:\\\/\\\/www.altominho.tv\\\/site\\\/wp-content\\\/uploads\\\/2021\\\/01\\\/AndreiaFerreira-150x150.jpg\",\"url\":\"https:\\\/\\\/www.altominho.tv\\\/site\\\/wp-content\\\/uploads\\\/2021\\\/01\\\/AndreiaFerreira-150x150.jpg\",\"contentUrl\":\"https:\\\/\\\/www.altominho.tv\\\/site\\\/wp-content\\\/uploads\\\/2021\\\/01\\\/AndreiaFerreira-150x150.jpg\",\"caption\":\"Andreia Ferreira\"},\"url\":\"https:\\\/\\\/www.altominho.tv\\\/site\\\/author\\\/andreiaferreira\\\/\"}]}<\/script>\n<!-- \/ Yoast SEO Premium plugin. -->","yoast_head_json":{"title":"Festa do Espumante come\u00e7a sexta-feira em Melga\u00e7o","robots":{"index":"index","follow":"follow","max-snippet":"max-snippet:-1","max-image-preview":"max-image-preview:large","max-video-preview":"max-video-preview:-1"},"canonical":"https:\/\/www.altominho.tv\/site\/2021\/11\/24\/festa-do-espumante-comeca-sexta-feira-em-melgaco\/","og_locale":"pt_PT","og_type":"article","og_title":"Festa do Espumante come\u00e7a sexta-feira em Melga\u00e7o","og_description":"Melga\u00e7o vai receber a s\u00e9tima edi\u00e7\u00e3o da Festa do Espumante. A tenda instalada no Largo do Mercado acolhe, entre sexta-feira e domingo, 15 produtores de espumante de Alvarinho da sub-regi\u00e3o de Mon\u00e7\u00e3o e Melga\u00e7o e sete produtores de produtos locais. A organiza\u00e7\u00e3o \u00e9 do munic\u00edpio de Melga\u00e7o, com produ\u00e7\u00e3o da Ess\u00eancia do Vinho e o [&hellip;]","og_url":"https:\/\/www.altominho.tv\/site\/2021\/11\/24\/festa-do-espumante-comeca-sexta-feira-em-melgaco\/","og_site_name":"Altominho.tv","article_publisher":"https:\/\/www.facebook.com\/altominhotv","article_published_time":"2021-11-24T17:22:10+00:00","article_modified_time":"2021-11-24T17:22:14+00:00","og_image":[{"width":1817,"height":1182,"url":"https:\/\/www.altominho.tv\/site\/wp-content\/uploads\/2021\/11\/258764897_4867000960032533_5995146461514062679_n-e1637770577139.jpeg","type":"image\/jpeg"}],"author":"Andreia Ferreira","twitter_card":"summary_large_image","twitter_creator":"@altominhoTV","twitter_site":"@altominhoTV","twitter_misc":{"Escrito por":"Andreia Ferreira","Tempo estimado de leitura":"1 minuto"},"schema":{"@context":"https:\/\/schema.org","@graph":[{"@type":"Article","@id":"https:\/\/www.altominho.tv\/site\/2021\/11\/24\/festa-do-espumante-comeca-sexta-feira-em-melgaco\/#article","isPartOf":{"@id":"https:\/\/www.altominho.tv\/site\/2021\/11\/24\/festa-do-espumante-comeca-sexta-feira-em-melgaco\/"},"author":{"name":"Andreia Ferreira","@id":"https:\/\/www.altominho.tv\/site\/#\/schema\/person\/d9be4265364723f14ea8e0d56a1d38cd"},"headline":"Festa do Espumante come\u00e7a sexta-feira em Melga\u00e7o","datePublished":"2021-11-24T17:22:10+00:00","dateModified":"2021-11-24T17:22:14+00:00","mainEntityOfPage":{"@id":"https:\/\/www.altominho.tv\/site\/2021\/11\/24\/festa-do-espumante-comeca-sexta-feira-em-melgaco\/"},"wordCount":267,"image":{"@id":"https:\/\/www.altominho.tv\/site\/2021\/11\/24\/festa-do-espumante-comeca-sexta-feira-em-melgaco\/#primaryimage"},"thumbnailUrl":"https:\/\/www.altominho.tv\/site\/wp-content\/uploads\/2021\/11\/258764897_4867000960032533_5995146461514062679_n-e1637770577139.jpeg","keywords":["Lazer"],"articleSection":["Melga\u00e7o"],"inLanguage":"pt-PT","copyrightYear":"2021","copyrightHolder":{"@id":"https:\/\/www.altominho.tv\/site\/#organization"}},{"@type":"WebPage","@id":"https:\/\/www.altominho.tv\/site\/2021\/11\/24\/festa-do-espumante-comeca-sexta-feira-em-melgaco\/","url":"https:\/\/www.altominho.tv\/site\/2021\/11\/24\/festa-do-espumante-comeca-sexta-feira-em-melgaco\/","name":"Festa do Espumante come\u00e7a sexta-feira em Melga\u00e7o","isPartOf":{"@id":"https:\/\/www.altominho.tv\/site\/#website"},"primaryImageOfPage":{"@id":"https:\/\/www.altominho.tv\/site\/2021\/11\/24\/festa-do-espumante-comeca-sexta-feira-em-melgaco\/#primaryimage"},"image":{"@id":"https:\/\/www.altominho.tv\/site\/2021\/11\/24\/festa-do-espumante-comeca-sexta-feira-em-melgaco\/#primaryimage"},"thumbnailUrl":"https:\/\/www.altominho.tv\/site\/wp-content\/uploads\/2021\/11\/258764897_4867000960032533_5995146461514062679_n-e1637770577139.jpeg","datePublished":"2021-11-24T17:22:10+00:00","dateModified":"2021-11-24T17:22:14+00:00","author":{"@id":"https:\/\/www.altominho.tv\/site\/#\/schema\/person\/d9be4265364723f14ea8e0d56a1d38cd"},"breadcrumb":{"@id":"https:\/\/www.altominho.tv\/site\/2021\/11\/24\/festa-do-espumante-comeca-sexta-feira-em-melgaco\/#breadcrumb"},"inLanguage":"pt-PT","potentialAction":[{"@type":"ReadAction","target":["https:\/\/www.altominho.tv\/site\/2021\/11\/24\/festa-do-espumante-comeca-sexta-feira-em-melgaco\/"]}]},{"@type":"ImageObject","inLanguage":"pt-PT","@id":"https:\/\/www.altominho.tv\/site\/2021\/11\/24\/festa-do-espumante-comeca-sexta-feira-em-melgaco\/#primaryimage","url":"https:\/\/www.altominho.tv\/site\/wp-content\/uploads\/2021\/11\/258764897_4867000960032533_5995146461514062679_n-e1637770577139.jpeg","contentUrl":"https:\/\/www.altominho.tv\/site\/wp-content\/uploads\/2021\/11\/258764897_4867000960032533_5995146461514062679_n-e1637770577139.jpeg","width":1817,"height":1182,"caption":"MUNIC\u00cdPIO DE MELGA\u00c7O"},{"@type":"BreadcrumbList","@id":"https:\/\/www.altominho.tv\/site\/2021\/11\/24\/festa-do-espumante-comeca-sexta-feira-em-melgaco\/#breadcrumb","itemListElement":[{"@type":"ListItem","position":1,"name":"In\u00edcio","item":"https:\/\/www.altominho.tv\/site\/"},{"@type":"ListItem","position":2,"name":"Festa do Espumante come\u00e7a sexta-feira em Melga\u00e7o"}]},{"@type":"WebSite","@id":"https:\/\/www.altominho.tv\/site\/#website","url":"https:\/\/www.altominho.tv\/site\/","name":"Altominho.tv","description":"A sua regi\u00e3o \u00e0 dist\u00e2ncia de um clique...","potentialAction":[{"@type":"SearchAction","target":{"@type":"EntryPoint","urlTemplate":"https:\/\/www.altominho.tv\/site\/?s={search_term_string}"},"query-input":{"@type":"PropertyValueSpecification","valueRequired":true,"valueName":"search_term_string"}}],"inLanguage":"pt-PT"},{"@type":"Person","@id":"https:\/\/www.altominho.tv\/site\/#\/schema\/person\/d9be4265364723f14ea8e0d56a1d38cd","name":"Andreia Ferreira","image":{"@type":"ImageObject","inLanguage":"pt-PT","@id":"https:\/\/www.altominho.tv\/site\/wp-content\/uploads\/2021\/01\/AndreiaFerreira-150x150.jpg","url":"https:\/\/www.altominho.tv\/site\/wp-content\/uploads\/2021\/01\/AndreiaFerreira-150x150.jpg","contentUrl":"https:\/\/www.altominho.tv\/site\/wp-content\/uploads\/2021\/01\/AndreiaFerreira-150x150.jpg","caption":"Andreia Ferreira"},"url":"https:\/\/www.altominho.tv\/site\/author\/andreiaferreira\/"}]}},"_links":{"self":[{"href":"https:\/\/www.altominho.tv\/site\/wp-json\/wp\/v2\/posts\/73027","targetHints":{"allow":["GET"]}}],"collection":[{"href":"https:\/\/www.altominho.tv\/site\/wp-json\/wp\/v2\/posts"}],"about":[{"href":"https:\/\/www.altominho.tv\/site\/wp-json\/wp\/v2\/types\/post"}],"author":[{"embeddable":true,"href":"https:\/\/www.altominho.tv\/site\/wp-json\/wp\/v2\/users\/12"}],"replies":[{"embeddable":true,"href":"https:\/\/www.altominho.tv\/site\/wp-json\/wp\/v2\/comments?post=73027"}],"version-history":[{"count":0,"href":"https:\/\/www.altominho.tv\/site\/wp-json\/wp\/v2\/posts\/73027\/revisions"}],"wp:featuredmedia":[{"embeddable":true,"href":"https:\/\/www.altominho.tv\/site\/wp-json\/wp\/v2\/media\/73029"}],"wp:attachment":[{"href":"https:\/\/www.altominho.tv\/site\/wp-json\/wp\/v2\/media?parent=73027"}],"wp:term":[{"taxonomy":"category","embeddable":true,"href":"https:\/\/www.altominho.tv\/site\/wp-json\/wp\/v2\/categories?post=73027"},{"taxonomy":"post_tag","embeddable":true,"href":"https:\/\/www.altominho.tv\/site\/wp-json\/wp\/v2\/tags?post=73027"}],"curies":[{"name":"wp","href":"https:\/\/api.w.org\/{rel}","templated":true}]}}