{"id":72894,"date":"2021-11-22T13:22:42","date_gmt":"2021-11-22T13:22:42","guid":{"rendered":"https:\/\/www.altominho.tv\/site\/?p=72894"},"modified":"2021-11-22T13:22:47","modified_gmt":"2021-11-22T13:22:47","slug":"governo-apoia-candidatura-de-melgaco-a-organizacao-dos-europeus-de-xco-em-2025","status":"publish","type":"post","link":"https:\/\/www.altominho.tv\/site\/2021\/11\/22\/governo-apoia-candidatura-de-melgaco-a-organizacao-dos-europeus-de-xco-em-2025\/","title":{"rendered":"Governo apoia candidatura de Melga\u00e7o \u00e0 organiza\u00e7\u00e3o dos Europeus de XCO em 2025"},"content":{"rendered":"\n<p>O ministro da Educa\u00e7\u00e3o garantiu hoje o apoio do Governo \u00e0 candidatura de Melga\u00e7o para a organiza\u00e7\u00e3o dos campeonatos europeus de \u2018cross country\u2019 ol\u00edmpico (XCO) de 2025, apresentada pela Federa\u00e7\u00e3o Portuguesa de Ciclismo (FPC).<\/p>\n\n\n\n<p>\u201cContem com o Governo, estou convencido que temos todas as condi\u00e7\u00f5es e que, com a nossa ajuda e influ\u00eancia, podemos trabalhar para que a candidatura seja bem-sucedida\u201d, disse Tiago Brand\u00e3o Rodrigues, na sess\u00e3o comemorativa dos 20 anos do Centro de Est\u00e1gios da vila minhota.<\/p>\n\n\n\n<p>Delmino Pereira, presidente da FPC, destacou as \u201ccondi\u00e7\u00f5es excecionais da zona de Melga\u00e7o para a pr\u00e1tica do ciclismo de estrada e de montanha\u201d e definiu a candidatura lusa como \u201cforte\u201d.<\/p>\n\n\n\n<p>\u201cTemos uma candidatura forte para conseguir organizar em 2025 o campeonato europeu de \u2018cross country\u2019 ol\u00edmpico, que j\u00e1 foi apresentada \u00e0 UCI (Uni\u00e3o Ciclista Internacional) e para a qual queremos ter tamb\u00e9m o apoio da federa\u00e7\u00e3o espanhola e da federa\u00e7\u00e3o galega de ciclismo\u201d, disse.<\/p>\n\n\n\n<p>Delmino Pereira destacou o facto de os europeus de XCO serem \u201cuma prova universal, de uma variante ol\u00edmpica, disputada nas categorias de juniores, sub-23 e elites, em masculinos e femininos\u201d.<\/p>\n\n\n\n<p>De acordo com o presidente da FPC, a escolha para a organiza\u00e7\u00e3o dos europeus de XCO de 2025 ser\u00e1 feita no pr\u00f3ximo m\u00eas de mar\u00e7o, na Assembleia-Geral da UCI.<\/p>\n","protected":false},"excerpt":{"rendered":"<p>O ministro da Educa\u00e7\u00e3o garantiu hoje o apoio do Governo \u00e0 candidatura de Melga\u00e7o para a organiza\u00e7\u00e3o dos campeonatos europeus de \u2018cross country\u2019 ol\u00edmpico (XCO) de 2025, apresentada pela Federa\u00e7\u00e3o Portuguesa de Ciclismo (FPC). \u201cContem com o Governo, estou convencido que temos todas as condi\u00e7\u00f5es e que, com a nossa ajuda e influ\u00eancia, podemos trabalhar [&hellip;]<\/p>\n","protected":false},"author":16,"featured_media":72896,"comment_status":"closed","ping_status":"closed","sticky":false,"template":"","format":"standard","meta":{"_exactmetrics_skip_tracking":false,"_exactmetrics_sitenote_active":false,"_exactmetrics_sitenote_note":"","_exactmetrics_sitenote_category":0,"footnotes":""},"categories":[8],"tags":[20],"class_list":["post-72894","post","type-post","status-publish","format-standard","has-post-thumbnail","hentry","category-melgaco","tag-desporto"],"yoast_head":"<!-- This site is optimized with the Yoast SEO Premium plugin v27.5 (Yoast SEO v27.5) - https:\/\/yoast.com\/product\/yoast-seo-premium-wordpress\/ -->\n<title>Governo apoia candidatura de Melga\u00e7o \u00e0 organiza\u00e7\u00e3o dos Europeus de XCO em 2025<\/title>\n<meta name=\"robots\" content=\"index, follow, max-snippet:-1, max-image-preview:large, max-video-preview:-1\" \/>\n<link rel=\"canonical\" href=\"https:\/\/www.altominho.tv\/site\/2021\/11\/22\/governo-apoia-candidatura-de-melgaco-a-organizacao-dos-europeus-de-xco-em-2025\/\" \/>\n<meta property=\"og:locale\" content=\"pt_PT\" \/>\n<meta property=\"og:type\" content=\"article\" \/>\n<meta property=\"og:title\" content=\"Governo apoia candidatura de Melga\u00e7o \u00e0 organiza\u00e7\u00e3o dos Europeus de XCO em 2025\" \/>\n<meta property=\"og:description\" content=\"O ministro da Educa\u00e7\u00e3o garantiu hoje o apoio do Governo \u00e0 candidatura de Melga\u00e7o para a organiza\u00e7\u00e3o dos campeonatos europeus de \u2018cross country\u2019 ol\u00edmpico (XCO) de 2025, apresentada pela Federa\u00e7\u00e3o Portuguesa de Ciclismo (FPC). \u201cContem com o Governo, estou convencido que temos todas as condi\u00e7\u00f5es e que, com a nossa ajuda e influ\u00eancia, podemos trabalhar [&hellip;]\" \/>\n<meta property=\"og:url\" content=\"https:\/\/www.altominho.tv\/site\/2021\/11\/22\/governo-apoia-candidatura-de-melgaco-a-organizacao-dos-europeus-de-xco-em-2025\/\" \/>\n<meta property=\"og:site_name\" content=\"Altominho.tv\" \/>\n<meta property=\"article:publisher\" content=\"https:\/\/www.facebook.com\/altominhotv\" \/>\n<meta property=\"article:published_time\" content=\"2021-11-22T13:22:42+00:00\" \/>\n<meta property=\"article:modified_time\" content=\"2021-11-22T13:22:47+00:00\" \/>\n<meta property=\"og:image\" content=\"https:\/\/www.altominho.tv\/site\/wp-content\/uploads\/2021\/11\/xco-740x389-1.jpeg\" \/>\n\t<meta property=\"og:image:width\" content=\"740\" \/>\n\t<meta property=\"og:image:height\" content=\"389\" \/>\n\t<meta property=\"og:image:type\" content=\"image\/jpeg\" \/>\n<meta name=\"author\" content=\"Andreia Cunha | Lusa\" \/>\n<meta name=\"twitter:card\" content=\"summary_large_image\" \/>\n<meta name=\"twitter:creator\" content=\"@altominhoTV\" \/>\n<meta name=\"twitter:site\" content=\"@altominhoTV\" \/>\n<meta name=\"twitter:label1\" content=\"Escrito por\" \/>\n\t<meta name=\"twitter:data1\" content=\"Andreia Cunha | Lusa\" \/>\n\t<meta name=\"twitter:label2\" content=\"Tempo estimado de leitura\" \/>\n\t<meta name=\"twitter:data2\" content=\"1 minuto\" \/>\n<script type=\"application\/ld+json\" class=\"yoast-schema-graph\">{\"@context\":\"https:\\\/\\\/schema.org\",\"@graph\":[{\"@type\":\"Article\",\"@id\":\"https:\\\/\\\/www.altominho.tv\\\/site\\\/2021\\\/11\\\/22\\\/governo-apoia-candidatura-de-melgaco-a-organizacao-dos-europeus-de-xco-em-2025\\\/#article\",\"isPartOf\":{\"@id\":\"https:\\\/\\\/www.altominho.tv\\\/site\\\/2021\\\/11\\\/22\\\/governo-apoia-candidatura-de-melgaco-a-organizacao-dos-europeus-de-xco-em-2025\\\/\"},\"author\":{\"name\":\"Andreia Cunha | Lusa\",\"@id\":\"https:\\\/\\\/www.altominho.tv\\\/site\\\/#\\\/schema\\\/person\\\/dbaf181c01b51ff40c9f461a905d321e\"},\"headline\":\"Governo apoia candidatura de Melga\u00e7o \u00e0 organiza\u00e7\u00e3o dos Europeus de XCO em 2025\",\"datePublished\":\"2021-11-22T13:22:42+00:00\",\"dateModified\":\"2021-11-22T13:22:47+00:00\",\"mainEntityOfPage\":{\"@id\":\"https:\\\/\\\/www.altominho.tv\\\/site\\\/2021\\\/11\\\/22\\\/governo-apoia-candidatura-de-melgaco-a-organizacao-dos-europeus-de-xco-em-2025\\\/\"},\"wordCount\":241,\"image\":{\"@id\":\"https:\\\/\\\/www.altominho.tv\\\/site\\\/2021\\\/11\\\/22\\\/governo-apoia-candidatura-de-melgaco-a-organizacao-dos-europeus-de-xco-em-2025\\\/#primaryimage\"},\"thumbnailUrl\":\"https:\\\/\\\/www.altominho.tv\\\/site\\\/wp-content\\\/uploads\\\/2021\\\/11\\\/xco-740x389-1.jpeg\",\"keywords\":[\"Desporto\"],\"articleSection\":[\"Melga\u00e7o\"],\"inLanguage\":\"pt-PT\",\"copyrightYear\":\"2021\",\"copyrightHolder\":{\"@id\":\"https:\\\/\\\/www.altominho.tv\\\/site\\\/#organization\"}},{\"@type\":\"WebPage\",\"@id\":\"https:\\\/\\\/www.altominho.tv\\\/site\\\/2021\\\/11\\\/22\\\/governo-apoia-candidatura-de-melgaco-a-organizacao-dos-europeus-de-xco-em-2025\\\/\",\"url\":\"https:\\\/\\\/www.altominho.tv\\\/site\\\/2021\\\/11\\\/22\\\/governo-apoia-candidatura-de-melgaco-a-organizacao-dos-europeus-de-xco-em-2025\\\/\",\"name\":\"Governo apoia candidatura de Melga\u00e7o \u00e0 organiza\u00e7\u00e3o dos Europeus de XCO em 2025\",\"isPartOf\":{\"@id\":\"https:\\\/\\\/www.altominho.tv\\\/site\\\/#website\"},\"primaryImageOfPage\":{\"@id\":\"https:\\\/\\\/www.altominho.tv\\\/site\\\/2021\\\/11\\\/22\\\/governo-apoia-candidatura-de-melgaco-a-organizacao-dos-europeus-de-xco-em-2025\\\/#primaryimage\"},\"image\":{\"@id\":\"https:\\\/\\\/www.altominho.tv\\\/site\\\/2021\\\/11\\\/22\\\/governo-apoia-candidatura-de-melgaco-a-organizacao-dos-europeus-de-xco-em-2025\\\/#primaryimage\"},\"thumbnailUrl\":\"https:\\\/\\\/www.altominho.tv\\\/site\\\/wp-content\\\/uploads\\\/2021\\\/11\\\/xco-740x389-1.jpeg\",\"datePublished\":\"2021-11-22T13:22:42+00:00\",\"dateModified\":\"2021-11-22T13:22:47+00:00\",\"author\":{\"@id\":\"https:\\\/\\\/www.altominho.tv\\\/site\\\/#\\\/schema\\\/person\\\/dbaf181c01b51ff40c9f461a905d321e\"},\"breadcrumb\":{\"@id\":\"https:\\\/\\\/www.altominho.tv\\\/site\\\/2021\\\/11\\\/22\\\/governo-apoia-candidatura-de-melgaco-a-organizacao-dos-europeus-de-xco-em-2025\\\/#breadcrumb\"},\"inLanguage\":\"pt-PT\",\"potentialAction\":[{\"@type\":\"ReadAction\",\"target\":[\"https:\\\/\\\/www.altominho.tv\\\/site\\\/2021\\\/11\\\/22\\\/governo-apoia-candidatura-de-melgaco-a-organizacao-dos-europeus-de-xco-em-2025\\\/\"]}]},{\"@type\":\"ImageObject\",\"inLanguage\":\"pt-PT\",\"@id\":\"https:\\\/\\\/www.altominho.tv\\\/site\\\/2021\\\/11\\\/22\\\/governo-apoia-candidatura-de-melgaco-a-organizacao-dos-europeus-de-xco-em-2025\\\/#primaryimage\",\"url\":\"https:\\\/\\\/www.altominho.tv\\\/site\\\/wp-content\\\/uploads\\\/2021\\\/11\\\/xco-740x389-1.jpeg\",\"contentUrl\":\"https:\\\/\\\/www.altominho.tv\\\/site\\\/wp-content\\\/uploads\\\/2021\\\/11\\\/xco-740x389-1.jpeg\",\"width\":740,\"height\":389},{\"@type\":\"BreadcrumbList\",\"@id\":\"https:\\\/\\\/www.altominho.tv\\\/site\\\/2021\\\/11\\\/22\\\/governo-apoia-candidatura-de-melgaco-a-organizacao-dos-europeus-de-xco-em-2025\\\/#breadcrumb\",\"itemListElement\":[{\"@type\":\"ListItem\",\"position\":1,\"name\":\"In\u00edcio\",\"item\":\"https:\\\/\\\/www.altominho.tv\\\/site\\\/\"},{\"@type\":\"ListItem\",\"position\":2,\"name\":\"Governo apoia candidatura de Melga\u00e7o \u00e0 organiza\u00e7\u00e3o dos Europeus de XCO em 2025\"}]},{\"@type\":\"WebSite\",\"@id\":\"https:\\\/\\\/www.altominho.tv\\\/site\\\/#website\",\"url\":\"https:\\\/\\\/www.altominho.tv\\\/site\\\/\",\"name\":\"Altominho.tv\",\"description\":\"A sua regi\u00e3o \u00e0 dist\u00e2ncia de um clique...\",\"potentialAction\":[{\"@type\":\"SearchAction\",\"target\":{\"@type\":\"EntryPoint\",\"urlTemplate\":\"https:\\\/\\\/www.altominho.tv\\\/site\\\/?s={search_term_string}\"},\"query-input\":{\"@type\":\"PropertyValueSpecification\",\"valueRequired\":true,\"valueName\":\"search_term_string\"}}],\"inLanguage\":\"pt-PT\"},{\"@type\":\"Person\",\"@id\":\"https:\\\/\\\/www.altominho.tv\\\/site\\\/#\\\/schema\\\/person\\\/dbaf181c01b51ff40c9f461a905d321e\",\"name\":\"Andreia Cunha | Lusa\",\"image\":{\"@type\":\"ImageObject\",\"inLanguage\":\"pt-PT\",\"@id\":\"https:\\\/\\\/www.altominho.tv\\\/site\\\/wp-content\\\/uploads\\\/2017\\\/11\\\/Andreia_Cunha-1-150x150.jpg\",\"url\":\"https:\\\/\\\/www.altominho.tv\\\/site\\\/wp-content\\\/uploads\\\/2017\\\/11\\\/Andreia_Cunha-1-150x150.jpg\",\"contentUrl\":\"https:\\\/\\\/www.altominho.tv\\\/site\\\/wp-content\\\/uploads\\\/2017\\\/11\\\/Andreia_Cunha-1-150x150.jpg\",\"caption\":\"Andreia Cunha | Lusa\"},\"sameAs\":[\"https:\\\/\\\/www.altominho.tv\\\/site\"],\"url\":\"https:\\\/\\\/www.altominho.tv\\\/site\\\/author\\\/andreiacunhalusa\\\/\"}]}<\/script>\n<!-- \/ Yoast SEO Premium plugin. -->","yoast_head_json":{"title":"Governo apoia candidatura de Melga\u00e7o \u00e0 organiza\u00e7\u00e3o dos Europeus de XCO em 2025","robots":{"index":"index","follow":"follow","max-snippet":"max-snippet:-1","max-image-preview":"max-image-preview:large","max-video-preview":"max-video-preview:-1"},"canonical":"https:\/\/www.altominho.tv\/site\/2021\/11\/22\/governo-apoia-candidatura-de-melgaco-a-organizacao-dos-europeus-de-xco-em-2025\/","og_locale":"pt_PT","og_type":"article","og_title":"Governo apoia candidatura de Melga\u00e7o \u00e0 organiza\u00e7\u00e3o dos Europeus de XCO em 2025","og_description":"O ministro da Educa\u00e7\u00e3o garantiu hoje o apoio do Governo \u00e0 candidatura de Melga\u00e7o para a organiza\u00e7\u00e3o dos campeonatos europeus de \u2018cross country\u2019 ol\u00edmpico (XCO) de 2025, apresentada pela Federa\u00e7\u00e3o Portuguesa de Ciclismo (FPC). \u201cContem com o Governo, estou convencido que temos todas as condi\u00e7\u00f5es e que, com a nossa ajuda e influ\u00eancia, podemos trabalhar [&hellip;]","og_url":"https:\/\/www.altominho.tv\/site\/2021\/11\/22\/governo-apoia-candidatura-de-melgaco-a-organizacao-dos-europeus-de-xco-em-2025\/","og_site_name":"Altominho.tv","article_publisher":"https:\/\/www.facebook.com\/altominhotv","article_published_time":"2021-11-22T13:22:42+00:00","article_modified_time":"2021-11-22T13:22:47+00:00","og_image":[{"width":740,"height":389,"url":"https:\/\/www.altominho.tv\/site\/wp-content\/uploads\/2021\/11\/xco-740x389-1.jpeg","type":"image\/jpeg"}],"author":"Andreia Cunha | Lusa","twitter_card":"summary_large_image","twitter_creator":"@altominhoTV","twitter_site":"@altominhoTV","twitter_misc":{"Escrito por":"Andreia Cunha | Lusa","Tempo estimado de leitura":"1 minuto"},"schema":{"@context":"https:\/\/schema.org","@graph":[{"@type":"Article","@id":"https:\/\/www.altominho.tv\/site\/2021\/11\/22\/governo-apoia-candidatura-de-melgaco-a-organizacao-dos-europeus-de-xco-em-2025\/#article","isPartOf":{"@id":"https:\/\/www.altominho.tv\/site\/2021\/11\/22\/governo-apoia-candidatura-de-melgaco-a-organizacao-dos-europeus-de-xco-em-2025\/"},"author":{"name":"Andreia Cunha | Lusa","@id":"https:\/\/www.altominho.tv\/site\/#\/schema\/person\/dbaf181c01b51ff40c9f461a905d321e"},"headline":"Governo apoia candidatura de Melga\u00e7o \u00e0 organiza\u00e7\u00e3o dos Europeus de XCO em 2025","datePublished":"2021-11-22T13:22:42+00:00","dateModified":"2021-11-22T13:22:47+00:00","mainEntityOfPage":{"@id":"https:\/\/www.altominho.tv\/site\/2021\/11\/22\/governo-apoia-candidatura-de-melgaco-a-organizacao-dos-europeus-de-xco-em-2025\/"},"wordCount":241,"image":{"@id":"https:\/\/www.altominho.tv\/site\/2021\/11\/22\/governo-apoia-candidatura-de-melgaco-a-organizacao-dos-europeus-de-xco-em-2025\/#primaryimage"},"thumbnailUrl":"https:\/\/www.altominho.tv\/site\/wp-content\/uploads\/2021\/11\/xco-740x389-1.jpeg","keywords":["Desporto"],"articleSection":["Melga\u00e7o"],"inLanguage":"pt-PT","copyrightYear":"2021","copyrightHolder":{"@id":"https:\/\/www.altominho.tv\/site\/#organization"}},{"@type":"WebPage","@id":"https:\/\/www.altominho.tv\/site\/2021\/11\/22\/governo-apoia-candidatura-de-melgaco-a-organizacao-dos-europeus-de-xco-em-2025\/","url":"https:\/\/www.altominho.tv\/site\/2021\/11\/22\/governo-apoia-candidatura-de-melgaco-a-organizacao-dos-europeus-de-xco-em-2025\/","name":"Governo apoia candidatura de Melga\u00e7o \u00e0 organiza\u00e7\u00e3o dos Europeus de XCO em 2025","isPartOf":{"@id":"https:\/\/www.altominho.tv\/site\/#website"},"primaryImageOfPage":{"@id":"https:\/\/www.altominho.tv\/site\/2021\/11\/22\/governo-apoia-candidatura-de-melgaco-a-organizacao-dos-europeus-de-xco-em-2025\/#primaryimage"},"image":{"@id":"https:\/\/www.altominho.tv\/site\/2021\/11\/22\/governo-apoia-candidatura-de-melgaco-a-organizacao-dos-europeus-de-xco-em-2025\/#primaryimage"},"thumbnailUrl":"https:\/\/www.altominho.tv\/site\/wp-content\/uploads\/2021\/11\/xco-740x389-1.jpeg","datePublished":"2021-11-22T13:22:42+00:00","dateModified":"2021-11-22T13:22:47+00:00","author":{"@id":"https:\/\/www.altominho.tv\/site\/#\/schema\/person\/dbaf181c01b51ff40c9f461a905d321e"},"breadcrumb":{"@id":"https:\/\/www.altominho.tv\/site\/2021\/11\/22\/governo-apoia-candidatura-de-melgaco-a-organizacao-dos-europeus-de-xco-em-2025\/#breadcrumb"},"inLanguage":"pt-PT","potentialAction":[{"@type":"ReadAction","target":["https:\/\/www.altominho.tv\/site\/2021\/11\/22\/governo-apoia-candidatura-de-melgaco-a-organizacao-dos-europeus-de-xco-em-2025\/"]}]},{"@type":"ImageObject","inLanguage":"pt-PT","@id":"https:\/\/www.altominho.tv\/site\/2021\/11\/22\/governo-apoia-candidatura-de-melgaco-a-organizacao-dos-europeus-de-xco-em-2025\/#primaryimage","url":"https:\/\/www.altominho.tv\/site\/wp-content\/uploads\/2021\/11\/xco-740x389-1.jpeg","contentUrl":"https:\/\/www.altominho.tv\/site\/wp-content\/uploads\/2021\/11\/xco-740x389-1.jpeg","width":740,"height":389},{"@type":"BreadcrumbList","@id":"https:\/\/www.altominho.tv\/site\/2021\/11\/22\/governo-apoia-candidatura-de-melgaco-a-organizacao-dos-europeus-de-xco-em-2025\/#breadcrumb","itemListElement":[{"@type":"ListItem","position":1,"name":"In\u00edcio","item":"https:\/\/www.altominho.tv\/site\/"},{"@type":"ListItem","position":2,"name":"Governo apoia candidatura de Melga\u00e7o \u00e0 organiza\u00e7\u00e3o dos Europeus de XCO em 2025"}]},{"@type":"WebSite","@id":"https:\/\/www.altominho.tv\/site\/#website","url":"https:\/\/www.altominho.tv\/site\/","name":"Altominho.tv","description":"A sua regi\u00e3o \u00e0 dist\u00e2ncia de um clique...","potentialAction":[{"@type":"SearchAction","target":{"@type":"EntryPoint","urlTemplate":"https:\/\/www.altominho.tv\/site\/?s={search_term_string}"},"query-input":{"@type":"PropertyValueSpecification","valueRequired":true,"valueName":"search_term_string"}}],"inLanguage":"pt-PT"},{"@type":"Person","@id":"https:\/\/www.altominho.tv\/site\/#\/schema\/person\/dbaf181c01b51ff40c9f461a905d321e","name":"Andreia Cunha | Lusa","image":{"@type":"ImageObject","inLanguage":"pt-PT","@id":"https:\/\/www.altominho.tv\/site\/wp-content\/uploads\/2017\/11\/Andreia_Cunha-1-150x150.jpg","url":"https:\/\/www.altominho.tv\/site\/wp-content\/uploads\/2017\/11\/Andreia_Cunha-1-150x150.jpg","contentUrl":"https:\/\/www.altominho.tv\/site\/wp-content\/uploads\/2017\/11\/Andreia_Cunha-1-150x150.jpg","caption":"Andreia Cunha | Lusa"},"sameAs":["https:\/\/www.altominho.tv\/site"],"url":"https:\/\/www.altominho.tv\/site\/author\/andreiacunhalusa\/"}]}},"_links":{"self":[{"href":"https:\/\/www.altominho.tv\/site\/wp-json\/wp\/v2\/posts\/72894","targetHints":{"allow":["GET"]}}],"collection":[{"href":"https:\/\/www.altominho.tv\/site\/wp-json\/wp\/v2\/posts"}],"about":[{"href":"https:\/\/www.altominho.tv\/site\/wp-json\/wp\/v2\/types\/post"}],"author":[{"embeddable":true,"href":"https:\/\/www.altominho.tv\/site\/wp-json\/wp\/v2\/users\/16"}],"replies":[{"embeddable":true,"href":"https:\/\/www.altominho.tv\/site\/wp-json\/wp\/v2\/comments?post=72894"}],"version-history":[{"count":0,"href":"https:\/\/www.altominho.tv\/site\/wp-json\/wp\/v2\/posts\/72894\/revisions"}],"wp:featuredmedia":[{"embeddable":true,"href":"https:\/\/www.altominho.tv\/site\/wp-json\/wp\/v2\/media\/72896"}],"wp:attachment":[{"href":"https:\/\/www.altominho.tv\/site\/wp-json\/wp\/v2\/media?parent=72894"}],"wp:term":[{"taxonomy":"category","embeddable":true,"href":"https:\/\/www.altominho.tv\/site\/wp-json\/wp\/v2\/categories?post=72894"},{"taxonomy":"post_tag","embeddable":true,"href":"https:\/\/www.altominho.tv\/site\/wp-json\/wp\/v2\/tags?post=72894"}],"curies":[{"name":"wp","href":"https:\/\/api.w.org\/{rel}","templated":true}]}}