{"id":72817,"date":"2021-11-18T14:57:34","date_gmt":"2021-11-18T14:57:34","guid":{"rendered":"https:\/\/www.altominho.tv\/site\/?p=72817"},"modified":"2021-11-18T14:57:38","modified_gmt":"2021-11-18T14:57:38","slug":"casa-do-conhecimento-de-paredes-de-coura-recebe-curso-de-outono","status":"publish","type":"post","link":"https:\/\/www.altominho.tv\/site\/2021\/11\/18\/casa-do-conhecimento-de-paredes-de-coura-recebe-curso-de-outono\/","title":{"rendered":"Casa do Conhecimento de Paredes de Coura recebe Curso de Outono"},"content":{"rendered":"<p>\u201cA escola no p\u00f3s-pandemia\u201d e \u201cInclus\u00e3o e desigualdades escolares: rotinas de acompanhamento escolar das fam\u00edlias portuguesas em tempo de pandemia\u201d s\u00e3o alguns dos temas em debate na edi\u00e7\u00e3o deste ano do Curso de Outono. A iniciativa, promovida pelo munic\u00edpio de Paredes de Coura e pela Universidade de Minho, decorre esta sexta-feira e s\u00e1bado, na Casa do Conhecimento, em Paredes de Coura.<\/p>\n<p>Durante o semin\u00e1rio, Jos\u00e9 Carlos Morgado vai debru\u00e7ar-se sobre \u201cA escola no p\u00f3s-pandemia\u201d, Leonor Lima Torres vai apresentar o tema \u201cInclus\u00e3o e desigualdades escolares: rotinas de acompanhamento escolar das fam\u00edlias portuguesas em tempo de pandemia\u201d e Henrique Santos falar\u00e1 sobre \u201cO futuro das cidades inteligentes\u201d. O tema \u201cAs Casas: Romarig\u00e3es e outras hist\u00f3rias\u201d ser\u00e1 ainda apresentado por Sofia Saldanha e Jos\u00e9 Augusto Palhares abordar\u00e1 o \u201cProjeto Educativo de Paredes de Coura\u201d. J\u00e1 Vitor Paulo Pereira apresenta a \u201cA\u00e7\u00e3o educativa da C\u00e2mara Municipal de Paredes de Coura\u201d.<\/p>\n<p>O diretor do Centro de Forma\u00e7\u00e3o e Inova\u00e7\u00e3o dos Profissionais de Educa\u00e7\u00e3o, Jos\u00e9 Carlos Fernandes, a vereadora da Educa\u00e7\u00e3o e Cultura da C\u00e2mara de Paredes de Coura, Maria Jos\u00e9 Moreira, o professor do Instituto de Educa\u00e7\u00e3o da Universidade do Minho, Jos\u00e9 Augusto Pacheco, e o reitor da Universidade do Minho, Rui Vieira de Castro, s\u00e3o outros oradores convidados.<\/p>\n<p>O Curso de Outono encerra na tarde de s\u00e1bado, com uma atividade no Centro de Interpreta\u00e7\u00e3o Ambiental da Paisagem Protegida do Corno de Bico.<\/p>\n","protected":false},"excerpt":{"rendered":"<p>\u201cA escola no p\u00f3s-pandemia\u201d e \u201cInclus\u00e3o e desigualdades escolares: rotinas de acompanhamento escolar das fam\u00edlias portuguesas em tempo de pandemia\u201d s\u00e3o alguns dos temas em debate na edi\u00e7\u00e3o deste ano do Curso de Outono. A iniciativa, promovida pelo munic\u00edpio de Paredes de Coura e pela Universidade de Minho, decorre esta sexta-feira e s\u00e1bado, na Casa [&hellip;]<\/p>\n","protected":false},"author":12,"featured_media":72818,"comment_status":"closed","ping_status":"closed","sticky":false,"template":"","format":"standard","meta":{"_exactmetrics_skip_tracking":false,"_exactmetrics_sitenote_active":false,"_exactmetrics_sitenote_note":"","_exactmetrics_sitenote_category":0,"footnotes":""},"categories":[10],"tags":[22],"class_list":["post-72817","post","type-post","status-publish","format-standard","has-post-thumbnail","hentry","category-paredes-de-coura","tag-educacao"],"yoast_head":"<!-- This site is optimized with the Yoast SEO Premium plugin v27.4 (Yoast SEO v27.4) - https:\/\/yoast.com\/product\/yoast-seo-premium-wordpress\/ -->\n<title>Casa do Conhecimento de Paredes de Coura recebe Curso de Outono<\/title>\n<meta name=\"robots\" content=\"index, follow, max-snippet:-1, max-image-preview:large, max-video-preview:-1\" \/>\n<link rel=\"canonical\" href=\"https:\/\/www.altominho.tv\/site\/2021\/11\/18\/casa-do-conhecimento-de-paredes-de-coura-recebe-curso-de-outono\/\" \/>\n<meta property=\"og:locale\" content=\"pt_PT\" \/>\n<meta property=\"og:type\" content=\"article\" \/>\n<meta property=\"og:title\" content=\"Casa do Conhecimento de Paredes de Coura recebe Curso de Outono\" \/>\n<meta property=\"og:description\" content=\"\u201cA escola no p\u00f3s-pandemia\u201d e \u201cInclus\u00e3o e desigualdades escolares: rotinas de acompanhamento escolar das fam\u00edlias portuguesas em tempo de pandemia\u201d s\u00e3o alguns dos temas em debate na edi\u00e7\u00e3o deste ano do Curso de Outono. A iniciativa, promovida pelo munic\u00edpio de Paredes de Coura e pela Universidade de Minho, decorre esta sexta-feira e s\u00e1bado, na Casa [&hellip;]\" \/>\n<meta property=\"og:url\" content=\"https:\/\/www.altominho.tv\/site\/2021\/11\/18\/casa-do-conhecimento-de-paredes-de-coura-recebe-curso-de-outono\/\" \/>\n<meta property=\"og:site_name\" content=\"Altominho.tv\" \/>\n<meta property=\"article:publisher\" content=\"https:\/\/www.facebook.com\/altominhotv\" \/>\n<meta property=\"article:published_time\" content=\"2021-11-18T14:57:34+00:00\" \/>\n<meta property=\"article:modified_time\" content=\"2021-11-18T14:57:38+00:00\" \/>\n<meta property=\"og:image\" content=\"https:\/\/www.altominho.tv\/site\/wp-content\/uploads\/2021\/11\/Casa-Conhecimento-UM.jpg\" \/>\n\t<meta property=\"og:image:width\" content=\"1080\" \/>\n\t<meta property=\"og:image:height\" content=\"607\" \/>\n\t<meta property=\"og:image:type\" content=\"image\/jpeg\" \/>\n<meta name=\"author\" content=\"Andreia Ferreira\" \/>\n<meta name=\"twitter:card\" content=\"summary_large_image\" \/>\n<meta name=\"twitter:creator\" content=\"@altominhoTV\" \/>\n<meta name=\"twitter:site\" content=\"@altominhoTV\" \/>\n<meta name=\"twitter:label1\" content=\"Escrito por\" \/>\n\t<meta name=\"twitter:data1\" content=\"Andreia Ferreira\" \/>\n\t<meta name=\"twitter:label2\" content=\"Tempo estimado de leitura\" \/>\n\t<meta name=\"twitter:data2\" content=\"2 minutos\" \/>\n<script type=\"application\/ld+json\" class=\"yoast-schema-graph\">{\"@context\":\"https:\\\/\\\/schema.org\",\"@graph\":[{\"@type\":\"Article\",\"@id\":\"https:\\\/\\\/www.altominho.tv\\\/site\\\/2021\\\/11\\\/18\\\/casa-do-conhecimento-de-paredes-de-coura-recebe-curso-de-outono\\\/#article\",\"isPartOf\":{\"@id\":\"https:\\\/\\\/www.altominho.tv\\\/site\\\/2021\\\/11\\\/18\\\/casa-do-conhecimento-de-paredes-de-coura-recebe-curso-de-outono\\\/\"},\"author\":{\"name\":\"Andreia Ferreira\",\"@id\":\"https:\\\/\\\/www.altominho.tv\\\/site\\\/#\\\/schema\\\/person\\\/d9be4265364723f14ea8e0d56a1d38cd\"},\"headline\":\"Casa do Conhecimento de Paredes de Coura recebe Curso de Outono\",\"datePublished\":\"2021-11-18T14:57:34+00:00\",\"dateModified\":\"2021-11-18T14:57:38+00:00\",\"mainEntityOfPage\":{\"@id\":\"https:\\\/\\\/www.altominho.tv\\\/site\\\/2021\\\/11\\\/18\\\/casa-do-conhecimento-de-paredes-de-coura-recebe-curso-de-outono\\\/\"},\"wordCount\":265,\"image\":{\"@id\":\"https:\\\/\\\/www.altominho.tv\\\/site\\\/2021\\\/11\\\/18\\\/casa-do-conhecimento-de-paredes-de-coura-recebe-curso-de-outono\\\/#primaryimage\"},\"thumbnailUrl\":\"https:\\\/\\\/www.altominho.tv\\\/site\\\/wp-content\\\/uploads\\\/2021\\\/11\\\/Casa-Conhecimento-UM.jpg\",\"keywords\":[\"Educa\u00e7\u00e3o\"],\"articleSection\":[\"Paredes de Coura\"],\"inLanguage\":\"pt-PT\",\"copyrightYear\":\"2021\",\"copyrightHolder\":{\"@id\":\"https:\\\/\\\/www.altominho.tv\\\/site\\\/#organization\"}},{\"@type\":\"WebPage\",\"@id\":\"https:\\\/\\\/www.altominho.tv\\\/site\\\/2021\\\/11\\\/18\\\/casa-do-conhecimento-de-paredes-de-coura-recebe-curso-de-outono\\\/\",\"url\":\"https:\\\/\\\/www.altominho.tv\\\/site\\\/2021\\\/11\\\/18\\\/casa-do-conhecimento-de-paredes-de-coura-recebe-curso-de-outono\\\/\",\"name\":\"Casa do Conhecimento de Paredes de Coura recebe Curso de Outono\",\"isPartOf\":{\"@id\":\"https:\\\/\\\/www.altominho.tv\\\/site\\\/#website\"},\"primaryImageOfPage\":{\"@id\":\"https:\\\/\\\/www.altominho.tv\\\/site\\\/2021\\\/11\\\/18\\\/casa-do-conhecimento-de-paredes-de-coura-recebe-curso-de-outono\\\/#primaryimage\"},\"image\":{\"@id\":\"https:\\\/\\\/www.altominho.tv\\\/site\\\/2021\\\/11\\\/18\\\/casa-do-conhecimento-de-paredes-de-coura-recebe-curso-de-outono\\\/#primaryimage\"},\"thumbnailUrl\":\"https:\\\/\\\/www.altominho.tv\\\/site\\\/wp-content\\\/uploads\\\/2021\\\/11\\\/Casa-Conhecimento-UM.jpg\",\"datePublished\":\"2021-11-18T14:57:34+00:00\",\"dateModified\":\"2021-11-18T14:57:38+00:00\",\"author\":{\"@id\":\"https:\\\/\\\/www.altominho.tv\\\/site\\\/#\\\/schema\\\/person\\\/d9be4265364723f14ea8e0d56a1d38cd\"},\"breadcrumb\":{\"@id\":\"https:\\\/\\\/www.altominho.tv\\\/site\\\/2021\\\/11\\\/18\\\/casa-do-conhecimento-de-paredes-de-coura-recebe-curso-de-outono\\\/#breadcrumb\"},\"inLanguage\":\"pt-PT\",\"potentialAction\":[{\"@type\":\"ReadAction\",\"target\":[\"https:\\\/\\\/www.altominho.tv\\\/site\\\/2021\\\/11\\\/18\\\/casa-do-conhecimento-de-paredes-de-coura-recebe-curso-de-outono\\\/\"]}]},{\"@type\":\"ImageObject\",\"inLanguage\":\"pt-PT\",\"@id\":\"https:\\\/\\\/www.altominho.tv\\\/site\\\/2021\\\/11\\\/18\\\/casa-do-conhecimento-de-paredes-de-coura-recebe-curso-de-outono\\\/#primaryimage\",\"url\":\"https:\\\/\\\/www.altominho.tv\\\/site\\\/wp-content\\\/uploads\\\/2021\\\/11\\\/Casa-Conhecimento-UM.jpg\",\"contentUrl\":\"https:\\\/\\\/www.altominho.tv\\\/site\\\/wp-content\\\/uploads\\\/2021\\\/11\\\/Casa-Conhecimento-UM.jpg\",\"width\":1080,\"height\":607},{\"@type\":\"BreadcrumbList\",\"@id\":\"https:\\\/\\\/www.altominho.tv\\\/site\\\/2021\\\/11\\\/18\\\/casa-do-conhecimento-de-paredes-de-coura-recebe-curso-de-outono\\\/#breadcrumb\",\"itemListElement\":[{\"@type\":\"ListItem\",\"position\":1,\"name\":\"In\u00edcio\",\"item\":\"https:\\\/\\\/www.altominho.tv\\\/site\\\/\"},{\"@type\":\"ListItem\",\"position\":2,\"name\":\"Casa do Conhecimento de Paredes de Coura recebe Curso de Outono\"}]},{\"@type\":\"WebSite\",\"@id\":\"https:\\\/\\\/www.altominho.tv\\\/site\\\/#website\",\"url\":\"https:\\\/\\\/www.altominho.tv\\\/site\\\/\",\"name\":\"Altominho.tv\",\"description\":\"A sua regi\u00e3o \u00e0 dist\u00e2ncia de um clique...\",\"potentialAction\":[{\"@type\":\"SearchAction\",\"target\":{\"@type\":\"EntryPoint\",\"urlTemplate\":\"https:\\\/\\\/www.altominho.tv\\\/site\\\/?s={search_term_string}\"},\"query-input\":{\"@type\":\"PropertyValueSpecification\",\"valueRequired\":true,\"valueName\":\"search_term_string\"}}],\"inLanguage\":\"pt-PT\"},{\"@type\":\"Person\",\"@id\":\"https:\\\/\\\/www.altominho.tv\\\/site\\\/#\\\/schema\\\/person\\\/d9be4265364723f14ea8e0d56a1d38cd\",\"name\":\"Andreia Ferreira\",\"image\":{\"@type\":\"ImageObject\",\"inLanguage\":\"pt-PT\",\"@id\":\"https:\\\/\\\/www.altominho.tv\\\/site\\\/wp-content\\\/uploads\\\/2021\\\/01\\\/AndreiaFerreira-150x150.jpg\",\"url\":\"https:\\\/\\\/www.altominho.tv\\\/site\\\/wp-content\\\/uploads\\\/2021\\\/01\\\/AndreiaFerreira-150x150.jpg\",\"contentUrl\":\"https:\\\/\\\/www.altominho.tv\\\/site\\\/wp-content\\\/uploads\\\/2021\\\/01\\\/AndreiaFerreira-150x150.jpg\",\"caption\":\"Andreia Ferreira\"},\"url\":\"https:\\\/\\\/www.altominho.tv\\\/site\\\/author\\\/andreiaferreira\\\/\"}]}<\/script>\n<!-- \/ Yoast SEO Premium plugin. -->","yoast_head_json":{"title":"Casa do Conhecimento de Paredes de Coura recebe Curso de Outono","robots":{"index":"index","follow":"follow","max-snippet":"max-snippet:-1","max-image-preview":"max-image-preview:large","max-video-preview":"max-video-preview:-1"},"canonical":"https:\/\/www.altominho.tv\/site\/2021\/11\/18\/casa-do-conhecimento-de-paredes-de-coura-recebe-curso-de-outono\/","og_locale":"pt_PT","og_type":"article","og_title":"Casa do Conhecimento de Paredes de Coura recebe Curso de Outono","og_description":"\u201cA escola no p\u00f3s-pandemia\u201d e \u201cInclus\u00e3o e desigualdades escolares: rotinas de acompanhamento escolar das fam\u00edlias portuguesas em tempo de pandemia\u201d s\u00e3o alguns dos temas em debate na edi\u00e7\u00e3o deste ano do Curso de Outono. A iniciativa, promovida pelo munic\u00edpio de Paredes de Coura e pela Universidade de Minho, decorre esta sexta-feira e s\u00e1bado, na Casa [&hellip;]","og_url":"https:\/\/www.altominho.tv\/site\/2021\/11\/18\/casa-do-conhecimento-de-paredes-de-coura-recebe-curso-de-outono\/","og_site_name":"Altominho.tv","article_publisher":"https:\/\/www.facebook.com\/altominhotv","article_published_time":"2021-11-18T14:57:34+00:00","article_modified_time":"2021-11-18T14:57:38+00:00","og_image":[{"width":1080,"height":607,"url":"https:\/\/www.altominho.tv\/site\/wp-content\/uploads\/2021\/11\/Casa-Conhecimento-UM.jpg","type":"image\/jpeg"}],"author":"Andreia Ferreira","twitter_card":"summary_large_image","twitter_creator":"@altominhoTV","twitter_site":"@altominhoTV","twitter_misc":{"Escrito por":"Andreia Ferreira","Tempo estimado de leitura":"2 minutos"},"schema":{"@context":"https:\/\/schema.org","@graph":[{"@type":"Article","@id":"https:\/\/www.altominho.tv\/site\/2021\/11\/18\/casa-do-conhecimento-de-paredes-de-coura-recebe-curso-de-outono\/#article","isPartOf":{"@id":"https:\/\/www.altominho.tv\/site\/2021\/11\/18\/casa-do-conhecimento-de-paredes-de-coura-recebe-curso-de-outono\/"},"author":{"name":"Andreia Ferreira","@id":"https:\/\/www.altominho.tv\/site\/#\/schema\/person\/d9be4265364723f14ea8e0d56a1d38cd"},"headline":"Casa do Conhecimento de Paredes de Coura recebe Curso de Outono","datePublished":"2021-11-18T14:57:34+00:00","dateModified":"2021-11-18T14:57:38+00:00","mainEntityOfPage":{"@id":"https:\/\/www.altominho.tv\/site\/2021\/11\/18\/casa-do-conhecimento-de-paredes-de-coura-recebe-curso-de-outono\/"},"wordCount":265,"image":{"@id":"https:\/\/www.altominho.tv\/site\/2021\/11\/18\/casa-do-conhecimento-de-paredes-de-coura-recebe-curso-de-outono\/#primaryimage"},"thumbnailUrl":"https:\/\/www.altominho.tv\/site\/wp-content\/uploads\/2021\/11\/Casa-Conhecimento-UM.jpg","keywords":["Educa\u00e7\u00e3o"],"articleSection":["Paredes de Coura"],"inLanguage":"pt-PT","copyrightYear":"2021","copyrightHolder":{"@id":"https:\/\/www.altominho.tv\/site\/#organization"}},{"@type":"WebPage","@id":"https:\/\/www.altominho.tv\/site\/2021\/11\/18\/casa-do-conhecimento-de-paredes-de-coura-recebe-curso-de-outono\/","url":"https:\/\/www.altominho.tv\/site\/2021\/11\/18\/casa-do-conhecimento-de-paredes-de-coura-recebe-curso-de-outono\/","name":"Casa do Conhecimento de Paredes de Coura recebe Curso de Outono","isPartOf":{"@id":"https:\/\/www.altominho.tv\/site\/#website"},"primaryImageOfPage":{"@id":"https:\/\/www.altominho.tv\/site\/2021\/11\/18\/casa-do-conhecimento-de-paredes-de-coura-recebe-curso-de-outono\/#primaryimage"},"image":{"@id":"https:\/\/www.altominho.tv\/site\/2021\/11\/18\/casa-do-conhecimento-de-paredes-de-coura-recebe-curso-de-outono\/#primaryimage"},"thumbnailUrl":"https:\/\/www.altominho.tv\/site\/wp-content\/uploads\/2021\/11\/Casa-Conhecimento-UM.jpg","datePublished":"2021-11-18T14:57:34+00:00","dateModified":"2021-11-18T14:57:38+00:00","author":{"@id":"https:\/\/www.altominho.tv\/site\/#\/schema\/person\/d9be4265364723f14ea8e0d56a1d38cd"},"breadcrumb":{"@id":"https:\/\/www.altominho.tv\/site\/2021\/11\/18\/casa-do-conhecimento-de-paredes-de-coura-recebe-curso-de-outono\/#breadcrumb"},"inLanguage":"pt-PT","potentialAction":[{"@type":"ReadAction","target":["https:\/\/www.altominho.tv\/site\/2021\/11\/18\/casa-do-conhecimento-de-paredes-de-coura-recebe-curso-de-outono\/"]}]},{"@type":"ImageObject","inLanguage":"pt-PT","@id":"https:\/\/www.altominho.tv\/site\/2021\/11\/18\/casa-do-conhecimento-de-paredes-de-coura-recebe-curso-de-outono\/#primaryimage","url":"https:\/\/www.altominho.tv\/site\/wp-content\/uploads\/2021\/11\/Casa-Conhecimento-UM.jpg","contentUrl":"https:\/\/www.altominho.tv\/site\/wp-content\/uploads\/2021\/11\/Casa-Conhecimento-UM.jpg","width":1080,"height":607},{"@type":"BreadcrumbList","@id":"https:\/\/www.altominho.tv\/site\/2021\/11\/18\/casa-do-conhecimento-de-paredes-de-coura-recebe-curso-de-outono\/#breadcrumb","itemListElement":[{"@type":"ListItem","position":1,"name":"In\u00edcio","item":"https:\/\/www.altominho.tv\/site\/"},{"@type":"ListItem","position":2,"name":"Casa do Conhecimento de Paredes de Coura recebe Curso de Outono"}]},{"@type":"WebSite","@id":"https:\/\/www.altominho.tv\/site\/#website","url":"https:\/\/www.altominho.tv\/site\/","name":"Altominho.tv","description":"A sua regi\u00e3o \u00e0 dist\u00e2ncia de um clique...","potentialAction":[{"@type":"SearchAction","target":{"@type":"EntryPoint","urlTemplate":"https:\/\/www.altominho.tv\/site\/?s={search_term_string}"},"query-input":{"@type":"PropertyValueSpecification","valueRequired":true,"valueName":"search_term_string"}}],"inLanguage":"pt-PT"},{"@type":"Person","@id":"https:\/\/www.altominho.tv\/site\/#\/schema\/person\/d9be4265364723f14ea8e0d56a1d38cd","name":"Andreia Ferreira","image":{"@type":"ImageObject","inLanguage":"pt-PT","@id":"https:\/\/www.altominho.tv\/site\/wp-content\/uploads\/2021\/01\/AndreiaFerreira-150x150.jpg","url":"https:\/\/www.altominho.tv\/site\/wp-content\/uploads\/2021\/01\/AndreiaFerreira-150x150.jpg","contentUrl":"https:\/\/www.altominho.tv\/site\/wp-content\/uploads\/2021\/01\/AndreiaFerreira-150x150.jpg","caption":"Andreia Ferreira"},"url":"https:\/\/www.altominho.tv\/site\/author\/andreiaferreira\/"}]}},"_links":{"self":[{"href":"https:\/\/www.altominho.tv\/site\/wp-json\/wp\/v2\/posts\/72817","targetHints":{"allow":["GET"]}}],"collection":[{"href":"https:\/\/www.altominho.tv\/site\/wp-json\/wp\/v2\/posts"}],"about":[{"href":"https:\/\/www.altominho.tv\/site\/wp-json\/wp\/v2\/types\/post"}],"author":[{"embeddable":true,"href":"https:\/\/www.altominho.tv\/site\/wp-json\/wp\/v2\/users\/12"}],"replies":[{"embeddable":true,"href":"https:\/\/www.altominho.tv\/site\/wp-json\/wp\/v2\/comments?post=72817"}],"version-history":[{"count":0,"href":"https:\/\/www.altominho.tv\/site\/wp-json\/wp\/v2\/posts\/72817\/revisions"}],"wp:featuredmedia":[{"embeddable":true,"href":"https:\/\/www.altominho.tv\/site\/wp-json\/wp\/v2\/media\/72818"}],"wp:attachment":[{"href":"https:\/\/www.altominho.tv\/site\/wp-json\/wp\/v2\/media?parent=72817"}],"wp:term":[{"taxonomy":"category","embeddable":true,"href":"https:\/\/www.altominho.tv\/site\/wp-json\/wp\/v2\/categories?post=72817"},{"taxonomy":"post_tag","embeddable":true,"href":"https:\/\/www.altominho.tv\/site\/wp-json\/wp\/v2\/tags?post=72817"}],"curies":[{"name":"wp","href":"https:\/\/api.w.org\/{rel}","templated":true}]}}