{"id":72783,"date":"2021-11-18T16:18:20","date_gmt":"2021-11-18T16:18:20","guid":{"rendered":"https:\/\/www.altominho.tv\/site\/?p=72783"},"modified":"2021-11-18T16:18:24","modified_gmt":"2021-11-18T16:18:24","slug":"urban-trail-night-prova-noturna-que-liga-valenca-e-tui-regressa-a-27-de-novembro","status":"publish","type":"post","link":"https:\/\/www.altominho.tv\/site\/2021\/11\/18\/urban-trail-night-prova-noturna-que-liga-valenca-e-tui-regressa-a-27-de-novembro\/","title":{"rendered":"Urban Trail Night: prova noturna que liga Valen\u00e7a e Tui regressa a 27 de novembro"},"content":{"rendered":"<p>A eurocidade constitu\u00edda pelos munic\u00edpios de Valen\u00e7a e Tui, na Galiza, vai acolher, no dia 27 de novembro, mais uma edi\u00e7\u00e3o do Urban Trail Night, uma prova noturna com uma extens\u00e3o de 14 quil\u00f3metros que liga os dois concelhos vizinhos.<\/p>\n<p>Com partida marcada para as 19h30, na Avenida da Esta\u00e7\u00e3o, em Valen\u00e7a, e chegada no Paseo da Corredoira, em Tui, esta prova espera a participa\u00e7\u00e3o de mais de 400 atletas.<\/p>\n<p>&#8220;Correr na Fortaleza de Valen\u00e7a, na ponte internacional, nos trilhos ribeirinhos, na zona hist\u00f3rica de Tui e at\u00e9 pelo interior de uma discoteca converte esta prova num encontro \u00fanico dos amantes do <em>running<\/em>&#8220;, refere o munic\u00edpio de Valen\u00e7a em comunicado.<\/p>\n<p>As <a href=\"https:\/\/lap2go.com\/es\/event\/eurocidade-2021\/\" target=\"_blank\" rel=\"noopener\">inscri\u00e7\u00f5es<\/a> est\u00e3o a decorrer e terminam \u00e0s 23h59 do dia 25 de novembro.<\/p>\n","protected":false},"excerpt":{"rendered":"<p>A eurocidade constitu\u00edda pelos munic\u00edpios de Valen\u00e7a e Tui, na Galiza, vai acolher, no dia 27 de novembro, mais uma edi\u00e7\u00e3o do Urban Trail Night, uma prova noturna com uma extens\u00e3o de 14 quil\u00f3metros que liga os dois concelhos vizinhos. Com partida marcada para as 19h30, na Avenida da Esta\u00e7\u00e3o, em Valen\u00e7a, e chegada no [&hellip;]<\/p>\n","protected":false},"author":12,"featured_media":72787,"comment_status":"closed","ping_status":"closed","sticky":false,"template":"","format":"standard","meta":{"_exactmetrics_skip_tracking":false,"_exactmetrics_sitenote_active":false,"_exactmetrics_sitenote_note":"","_exactmetrics_sitenote_category":0,"footnotes":""},"categories":[13],"tags":[20],"class_list":["post-72783","post","type-post","status-publish","format-standard","has-post-thumbnail","hentry","category-valenca","tag-desporto"],"yoast_head":"<!-- This site is optimized with the Yoast SEO Premium plugin v27.5 (Yoast SEO v27.5) - https:\/\/yoast.com\/product\/yoast-seo-premium-wordpress\/ -->\n<title>Urban Trail Night: prova noturna que liga Valen\u00e7a e Tui regressa a 27 de novembro<\/title>\n<meta name=\"robots\" content=\"index, follow, max-snippet:-1, max-image-preview:large, max-video-preview:-1\" \/>\n<link rel=\"canonical\" href=\"https:\/\/www.altominho.tv\/site\/2021\/11\/18\/urban-trail-night-prova-noturna-que-liga-valenca-e-tui-regressa-a-27-de-novembro\/\" \/>\n<meta property=\"og:locale\" content=\"pt_PT\" \/>\n<meta property=\"og:type\" content=\"article\" \/>\n<meta property=\"og:title\" content=\"Urban Trail Night: prova noturna que liga Valen\u00e7a e Tui regressa a 27 de novembro\" \/>\n<meta property=\"og:description\" content=\"A eurocidade constitu\u00edda pelos munic\u00edpios de Valen\u00e7a e Tui, na Galiza, vai acolher, no dia 27 de novembro, mais uma edi\u00e7\u00e3o do Urban Trail Night, uma prova noturna com uma extens\u00e3o de 14 quil\u00f3metros que liga os dois concelhos vizinhos. Com partida marcada para as 19h30, na Avenida da Esta\u00e7\u00e3o, em Valen\u00e7a, e chegada no [&hellip;]\" \/>\n<meta property=\"og:url\" content=\"https:\/\/www.altominho.tv\/site\/2021\/11\/18\/urban-trail-night-prova-noturna-que-liga-valenca-e-tui-regressa-a-27-de-novembro\/\" \/>\n<meta property=\"og:site_name\" content=\"Altominho.tv\" \/>\n<meta property=\"article:publisher\" content=\"https:\/\/www.facebook.com\/altominhotv\" \/>\n<meta property=\"article:published_time\" content=\"2021-11-18T16:18:20+00:00\" \/>\n<meta property=\"article:modified_time\" content=\"2021-11-18T16:18:24+00:00\" \/>\n<meta property=\"og:image\" content=\"https:\/\/www.altominho.tv\/site\/wp-content\/uploads\/2021\/11\/Urban-Trail-Night.jpg\" \/>\n\t<meta property=\"og:image:width\" content=\"1620\" \/>\n\t<meta property=\"og:image:height\" content=\"911\" \/>\n\t<meta property=\"og:image:type\" content=\"image\/jpeg\" \/>\n<meta name=\"author\" content=\"Andreia Ferreira\" \/>\n<meta name=\"twitter:card\" content=\"summary_large_image\" \/>\n<meta name=\"twitter:creator\" content=\"@altominhoTV\" \/>\n<meta name=\"twitter:site\" content=\"@altominhoTV\" \/>\n<meta name=\"twitter:label1\" content=\"Escrito por\" \/>\n\t<meta name=\"twitter:data1\" content=\"Andreia Ferreira\" \/>\n\t<meta name=\"twitter:label2\" content=\"Tempo estimado de leitura\" \/>\n\t<meta name=\"twitter:data2\" content=\"1 minuto\" \/>\n<script type=\"application\/ld+json\" class=\"yoast-schema-graph\">{\"@context\":\"https:\\\/\\\/schema.org\",\"@graph\":[{\"@type\":\"Article\",\"@id\":\"https:\\\/\\\/www.altominho.tv\\\/site\\\/2021\\\/11\\\/18\\\/urban-trail-night-prova-noturna-que-liga-valenca-e-tui-regressa-a-27-de-novembro\\\/#article\",\"isPartOf\":{\"@id\":\"https:\\\/\\\/www.altominho.tv\\\/site\\\/2021\\\/11\\\/18\\\/urban-trail-night-prova-noturna-que-liga-valenca-e-tui-regressa-a-27-de-novembro\\\/\"},\"author\":{\"name\":\"Andreia Ferreira\",\"@id\":\"https:\\\/\\\/www.altominho.tv\\\/site\\\/#\\\/schema\\\/person\\\/d9be4265364723f14ea8e0d56a1d38cd\"},\"headline\":\"Urban Trail Night: prova noturna que liga Valen\u00e7a e Tui regressa a 27 de novembro\",\"datePublished\":\"2021-11-18T16:18:20+00:00\",\"dateModified\":\"2021-11-18T16:18:24+00:00\",\"mainEntityOfPage\":{\"@id\":\"https:\\\/\\\/www.altominho.tv\\\/site\\\/2021\\\/11\\\/18\\\/urban-trail-night-prova-noturna-que-liga-valenca-e-tui-regressa-a-27-de-novembro\\\/\"},\"wordCount\":150,\"image\":{\"@id\":\"https:\\\/\\\/www.altominho.tv\\\/site\\\/2021\\\/11\\\/18\\\/urban-trail-night-prova-noturna-que-liga-valenca-e-tui-regressa-a-27-de-novembro\\\/#primaryimage\"},\"thumbnailUrl\":\"https:\\\/\\\/www.altominho.tv\\\/site\\\/wp-content\\\/uploads\\\/2021\\\/11\\\/Urban-Trail-Night.jpg\",\"keywords\":[\"Desporto\"],\"articleSection\":[\"Valen\u00e7a\"],\"inLanguage\":\"pt-PT\",\"copyrightYear\":\"2021\",\"copyrightHolder\":{\"@id\":\"https:\\\/\\\/www.altominho.tv\\\/site\\\/#organization\"}},{\"@type\":\"WebPage\",\"@id\":\"https:\\\/\\\/www.altominho.tv\\\/site\\\/2021\\\/11\\\/18\\\/urban-trail-night-prova-noturna-que-liga-valenca-e-tui-regressa-a-27-de-novembro\\\/\",\"url\":\"https:\\\/\\\/www.altominho.tv\\\/site\\\/2021\\\/11\\\/18\\\/urban-trail-night-prova-noturna-que-liga-valenca-e-tui-regressa-a-27-de-novembro\\\/\",\"name\":\"Urban Trail Night: prova noturna que liga Valen\u00e7a e Tui regressa a 27 de novembro\",\"isPartOf\":{\"@id\":\"https:\\\/\\\/www.altominho.tv\\\/site\\\/#website\"},\"primaryImageOfPage\":{\"@id\":\"https:\\\/\\\/www.altominho.tv\\\/site\\\/2021\\\/11\\\/18\\\/urban-trail-night-prova-noturna-que-liga-valenca-e-tui-regressa-a-27-de-novembro\\\/#primaryimage\"},\"image\":{\"@id\":\"https:\\\/\\\/www.altominho.tv\\\/site\\\/2021\\\/11\\\/18\\\/urban-trail-night-prova-noturna-que-liga-valenca-e-tui-regressa-a-27-de-novembro\\\/#primaryimage\"},\"thumbnailUrl\":\"https:\\\/\\\/www.altominho.tv\\\/site\\\/wp-content\\\/uploads\\\/2021\\\/11\\\/Urban-Trail-Night.jpg\",\"datePublished\":\"2021-11-18T16:18:20+00:00\",\"dateModified\":\"2021-11-18T16:18:24+00:00\",\"author\":{\"@id\":\"https:\\\/\\\/www.altominho.tv\\\/site\\\/#\\\/schema\\\/person\\\/d9be4265364723f14ea8e0d56a1d38cd\"},\"breadcrumb\":{\"@id\":\"https:\\\/\\\/www.altominho.tv\\\/site\\\/2021\\\/11\\\/18\\\/urban-trail-night-prova-noturna-que-liga-valenca-e-tui-regressa-a-27-de-novembro\\\/#breadcrumb\"},\"inLanguage\":\"pt-PT\",\"potentialAction\":[{\"@type\":\"ReadAction\",\"target\":[\"https:\\\/\\\/www.altominho.tv\\\/site\\\/2021\\\/11\\\/18\\\/urban-trail-night-prova-noturna-que-liga-valenca-e-tui-regressa-a-27-de-novembro\\\/\"]}]},{\"@type\":\"ImageObject\",\"inLanguage\":\"pt-PT\",\"@id\":\"https:\\\/\\\/www.altominho.tv\\\/site\\\/2021\\\/11\\\/18\\\/urban-trail-night-prova-noturna-que-liga-valenca-e-tui-regressa-a-27-de-novembro\\\/#primaryimage\",\"url\":\"https:\\\/\\\/www.altominho.tv\\\/site\\\/wp-content\\\/uploads\\\/2021\\\/11\\\/Urban-Trail-Night.jpg\",\"contentUrl\":\"https:\\\/\\\/www.altominho.tv\\\/site\\\/wp-content\\\/uploads\\\/2021\\\/11\\\/Urban-Trail-Night.jpg\",\"width\":1620,\"height\":911,\"caption\":\"FACEBOOK URBAN TRAIL NIGHT\"},{\"@type\":\"BreadcrumbList\",\"@id\":\"https:\\\/\\\/www.altominho.tv\\\/site\\\/2021\\\/11\\\/18\\\/urban-trail-night-prova-noturna-que-liga-valenca-e-tui-regressa-a-27-de-novembro\\\/#breadcrumb\",\"itemListElement\":[{\"@type\":\"ListItem\",\"position\":1,\"name\":\"In\u00edcio\",\"item\":\"https:\\\/\\\/www.altominho.tv\\\/site\\\/\"},{\"@type\":\"ListItem\",\"position\":2,\"name\":\"Urban Trail Night: prova noturna que liga Valen\u00e7a e Tui regressa a 27 de novembro\"}]},{\"@type\":\"WebSite\",\"@id\":\"https:\\\/\\\/www.altominho.tv\\\/site\\\/#website\",\"url\":\"https:\\\/\\\/www.altominho.tv\\\/site\\\/\",\"name\":\"Altominho.tv\",\"description\":\"A sua regi\u00e3o \u00e0 dist\u00e2ncia de um clique...\",\"potentialAction\":[{\"@type\":\"SearchAction\",\"target\":{\"@type\":\"EntryPoint\",\"urlTemplate\":\"https:\\\/\\\/www.altominho.tv\\\/site\\\/?s={search_term_string}\"},\"query-input\":{\"@type\":\"PropertyValueSpecification\",\"valueRequired\":true,\"valueName\":\"search_term_string\"}}],\"inLanguage\":\"pt-PT\"},{\"@type\":\"Person\",\"@id\":\"https:\\\/\\\/www.altominho.tv\\\/site\\\/#\\\/schema\\\/person\\\/d9be4265364723f14ea8e0d56a1d38cd\",\"name\":\"Andreia Ferreira\",\"image\":{\"@type\":\"ImageObject\",\"inLanguage\":\"pt-PT\",\"@id\":\"https:\\\/\\\/www.altominho.tv\\\/site\\\/wp-content\\\/uploads\\\/2021\\\/01\\\/AndreiaFerreira-150x150.jpg\",\"url\":\"https:\\\/\\\/www.altominho.tv\\\/site\\\/wp-content\\\/uploads\\\/2021\\\/01\\\/AndreiaFerreira-150x150.jpg\",\"contentUrl\":\"https:\\\/\\\/www.altominho.tv\\\/site\\\/wp-content\\\/uploads\\\/2021\\\/01\\\/AndreiaFerreira-150x150.jpg\",\"caption\":\"Andreia Ferreira\"},\"url\":\"https:\\\/\\\/www.altominho.tv\\\/site\\\/author\\\/andreiaferreira\\\/\"}]}<\/script>\n<!-- \/ Yoast SEO Premium plugin. -->","yoast_head_json":{"title":"Urban Trail Night: prova noturna que liga Valen\u00e7a e Tui regressa a 27 de novembro","robots":{"index":"index","follow":"follow","max-snippet":"max-snippet:-1","max-image-preview":"max-image-preview:large","max-video-preview":"max-video-preview:-1"},"canonical":"https:\/\/www.altominho.tv\/site\/2021\/11\/18\/urban-trail-night-prova-noturna-que-liga-valenca-e-tui-regressa-a-27-de-novembro\/","og_locale":"pt_PT","og_type":"article","og_title":"Urban Trail Night: prova noturna que liga Valen\u00e7a e Tui regressa a 27 de novembro","og_description":"A eurocidade constitu\u00edda pelos munic\u00edpios de Valen\u00e7a e Tui, na Galiza, vai acolher, no dia 27 de novembro, mais uma edi\u00e7\u00e3o do Urban Trail Night, uma prova noturna com uma extens\u00e3o de 14 quil\u00f3metros que liga os dois concelhos vizinhos. Com partida marcada para as 19h30, na Avenida da Esta\u00e7\u00e3o, em Valen\u00e7a, e chegada no [&hellip;]","og_url":"https:\/\/www.altominho.tv\/site\/2021\/11\/18\/urban-trail-night-prova-noturna-que-liga-valenca-e-tui-regressa-a-27-de-novembro\/","og_site_name":"Altominho.tv","article_publisher":"https:\/\/www.facebook.com\/altominhotv","article_published_time":"2021-11-18T16:18:20+00:00","article_modified_time":"2021-11-18T16:18:24+00:00","og_image":[{"width":1620,"height":911,"url":"https:\/\/www.altominho.tv\/site\/wp-content\/uploads\/2021\/11\/Urban-Trail-Night.jpg","type":"image\/jpeg"}],"author":"Andreia Ferreira","twitter_card":"summary_large_image","twitter_creator":"@altominhoTV","twitter_site":"@altominhoTV","twitter_misc":{"Escrito por":"Andreia Ferreira","Tempo estimado de leitura":"1 minuto"},"schema":{"@context":"https:\/\/schema.org","@graph":[{"@type":"Article","@id":"https:\/\/www.altominho.tv\/site\/2021\/11\/18\/urban-trail-night-prova-noturna-que-liga-valenca-e-tui-regressa-a-27-de-novembro\/#article","isPartOf":{"@id":"https:\/\/www.altominho.tv\/site\/2021\/11\/18\/urban-trail-night-prova-noturna-que-liga-valenca-e-tui-regressa-a-27-de-novembro\/"},"author":{"name":"Andreia Ferreira","@id":"https:\/\/www.altominho.tv\/site\/#\/schema\/person\/d9be4265364723f14ea8e0d56a1d38cd"},"headline":"Urban Trail Night: prova noturna que liga Valen\u00e7a e Tui regressa a 27 de novembro","datePublished":"2021-11-18T16:18:20+00:00","dateModified":"2021-11-18T16:18:24+00:00","mainEntityOfPage":{"@id":"https:\/\/www.altominho.tv\/site\/2021\/11\/18\/urban-trail-night-prova-noturna-que-liga-valenca-e-tui-regressa-a-27-de-novembro\/"},"wordCount":150,"image":{"@id":"https:\/\/www.altominho.tv\/site\/2021\/11\/18\/urban-trail-night-prova-noturna-que-liga-valenca-e-tui-regressa-a-27-de-novembro\/#primaryimage"},"thumbnailUrl":"https:\/\/www.altominho.tv\/site\/wp-content\/uploads\/2021\/11\/Urban-Trail-Night.jpg","keywords":["Desporto"],"articleSection":["Valen\u00e7a"],"inLanguage":"pt-PT","copyrightYear":"2021","copyrightHolder":{"@id":"https:\/\/www.altominho.tv\/site\/#organization"}},{"@type":"WebPage","@id":"https:\/\/www.altominho.tv\/site\/2021\/11\/18\/urban-trail-night-prova-noturna-que-liga-valenca-e-tui-regressa-a-27-de-novembro\/","url":"https:\/\/www.altominho.tv\/site\/2021\/11\/18\/urban-trail-night-prova-noturna-que-liga-valenca-e-tui-regressa-a-27-de-novembro\/","name":"Urban Trail Night: prova noturna que liga Valen\u00e7a e Tui regressa a 27 de novembro","isPartOf":{"@id":"https:\/\/www.altominho.tv\/site\/#website"},"primaryImageOfPage":{"@id":"https:\/\/www.altominho.tv\/site\/2021\/11\/18\/urban-trail-night-prova-noturna-que-liga-valenca-e-tui-regressa-a-27-de-novembro\/#primaryimage"},"image":{"@id":"https:\/\/www.altominho.tv\/site\/2021\/11\/18\/urban-trail-night-prova-noturna-que-liga-valenca-e-tui-regressa-a-27-de-novembro\/#primaryimage"},"thumbnailUrl":"https:\/\/www.altominho.tv\/site\/wp-content\/uploads\/2021\/11\/Urban-Trail-Night.jpg","datePublished":"2021-11-18T16:18:20+00:00","dateModified":"2021-11-18T16:18:24+00:00","author":{"@id":"https:\/\/www.altominho.tv\/site\/#\/schema\/person\/d9be4265364723f14ea8e0d56a1d38cd"},"breadcrumb":{"@id":"https:\/\/www.altominho.tv\/site\/2021\/11\/18\/urban-trail-night-prova-noturna-que-liga-valenca-e-tui-regressa-a-27-de-novembro\/#breadcrumb"},"inLanguage":"pt-PT","potentialAction":[{"@type":"ReadAction","target":["https:\/\/www.altominho.tv\/site\/2021\/11\/18\/urban-trail-night-prova-noturna-que-liga-valenca-e-tui-regressa-a-27-de-novembro\/"]}]},{"@type":"ImageObject","inLanguage":"pt-PT","@id":"https:\/\/www.altominho.tv\/site\/2021\/11\/18\/urban-trail-night-prova-noturna-que-liga-valenca-e-tui-regressa-a-27-de-novembro\/#primaryimage","url":"https:\/\/www.altominho.tv\/site\/wp-content\/uploads\/2021\/11\/Urban-Trail-Night.jpg","contentUrl":"https:\/\/www.altominho.tv\/site\/wp-content\/uploads\/2021\/11\/Urban-Trail-Night.jpg","width":1620,"height":911,"caption":"FACEBOOK URBAN TRAIL NIGHT"},{"@type":"BreadcrumbList","@id":"https:\/\/www.altominho.tv\/site\/2021\/11\/18\/urban-trail-night-prova-noturna-que-liga-valenca-e-tui-regressa-a-27-de-novembro\/#breadcrumb","itemListElement":[{"@type":"ListItem","position":1,"name":"In\u00edcio","item":"https:\/\/www.altominho.tv\/site\/"},{"@type":"ListItem","position":2,"name":"Urban Trail Night: prova noturna que liga Valen\u00e7a e Tui regressa a 27 de novembro"}]},{"@type":"WebSite","@id":"https:\/\/www.altominho.tv\/site\/#website","url":"https:\/\/www.altominho.tv\/site\/","name":"Altominho.tv","description":"A sua regi\u00e3o \u00e0 dist\u00e2ncia de um clique...","potentialAction":[{"@type":"SearchAction","target":{"@type":"EntryPoint","urlTemplate":"https:\/\/www.altominho.tv\/site\/?s={search_term_string}"},"query-input":{"@type":"PropertyValueSpecification","valueRequired":true,"valueName":"search_term_string"}}],"inLanguage":"pt-PT"},{"@type":"Person","@id":"https:\/\/www.altominho.tv\/site\/#\/schema\/person\/d9be4265364723f14ea8e0d56a1d38cd","name":"Andreia Ferreira","image":{"@type":"ImageObject","inLanguage":"pt-PT","@id":"https:\/\/www.altominho.tv\/site\/wp-content\/uploads\/2021\/01\/AndreiaFerreira-150x150.jpg","url":"https:\/\/www.altominho.tv\/site\/wp-content\/uploads\/2021\/01\/AndreiaFerreira-150x150.jpg","contentUrl":"https:\/\/www.altominho.tv\/site\/wp-content\/uploads\/2021\/01\/AndreiaFerreira-150x150.jpg","caption":"Andreia Ferreira"},"url":"https:\/\/www.altominho.tv\/site\/author\/andreiaferreira\/"}]}},"_links":{"self":[{"href":"https:\/\/www.altominho.tv\/site\/wp-json\/wp\/v2\/posts\/72783","targetHints":{"allow":["GET"]}}],"collection":[{"href":"https:\/\/www.altominho.tv\/site\/wp-json\/wp\/v2\/posts"}],"about":[{"href":"https:\/\/www.altominho.tv\/site\/wp-json\/wp\/v2\/types\/post"}],"author":[{"embeddable":true,"href":"https:\/\/www.altominho.tv\/site\/wp-json\/wp\/v2\/users\/12"}],"replies":[{"embeddable":true,"href":"https:\/\/www.altominho.tv\/site\/wp-json\/wp\/v2\/comments?post=72783"}],"version-history":[{"count":0,"href":"https:\/\/www.altominho.tv\/site\/wp-json\/wp\/v2\/posts\/72783\/revisions"}],"wp:featuredmedia":[{"embeddable":true,"href":"https:\/\/www.altominho.tv\/site\/wp-json\/wp\/v2\/media\/72787"}],"wp:attachment":[{"href":"https:\/\/www.altominho.tv\/site\/wp-json\/wp\/v2\/media?parent=72783"}],"wp:term":[{"taxonomy":"category","embeddable":true,"href":"https:\/\/www.altominho.tv\/site\/wp-json\/wp\/v2\/categories?post=72783"},{"taxonomy":"post_tag","embeddable":true,"href":"https:\/\/www.altominho.tv\/site\/wp-json\/wp\/v2\/tags?post=72783"}],"curies":[{"name":"wp","href":"https:\/\/api.w.org\/{rel}","templated":true}]}}