{"id":72752,"date":"2021-11-17T12:27:19","date_gmt":"2021-11-17T12:27:19","guid":{"rendered":"https:\/\/www.altominho.tv\/site\/?p=72752"},"modified":"2021-11-17T12:27:23","modified_gmt":"2021-11-17T12:27:23","slug":"nova-sinaletica-informativa-e-interpretativa-na-rede-de-ecovias-do-alto-minho-para-valorizacao-dos-eixos-dos-rios-lima-e-vez","status":"publish","type":"post","link":"https:\/\/www.altominho.tv\/site\/2021\/11\/17\/nova-sinaletica-informativa-e-interpretativa-na-rede-de-ecovias-do-alto-minho-para-valorizacao-dos-eixos-dos-rios-lima-e-vez\/","title":{"rendered":"Nova sinal\u00e9tica informativa e interpretativa na rede de ecovias do Alto Minho para valoriza\u00e7\u00e3o dos eixos dos rios Lima e Vez"},"content":{"rendered":"\n<p class=\"wp-block-paragraph\">As ecovias dos rios Lima e Vez possuem nova sinal\u00e9tica nos seus percursos, com informa\u00e7\u00e3o relevante sobre o territ\u00f3rio para utilizadores e turistas. Dinamizada pela Comunidade Intermunicipal do Alto Minho (CIM Alto Minho), em articula\u00e7\u00e3o com os munic\u00edpios de Arcos de Valdevez, Ponte da Barca, Ponte de Lima e Viana do Castelo, no \u00e2mbito do projeto de coopera\u00e7\u00e3o transfronteiri\u00e7a CTC II \u2013 Comunidade Territorial de Coopera\u00e7\u00e3o Lima-L\u00edmia-C\u00e1vado, a coloca\u00e7\u00e3o de sinaliza\u00e7\u00e3o informativa permite que o utilizador conhe\u00e7a a sua localiza\u00e7\u00e3o exata, al\u00e9m de possibilitar a compreens\u00e3o da rede de percursos pedonais e clic\u00e1veis no seu todo (por eixo) e identificar elementos de interesse nos diversos trajetos no contexto transfronteiri\u00e7o e da sua liga\u00e7\u00e3o com a reserva Mundial da Biosfera Ger\u00eas -Xur\u00e9s.<\/p>\n\n\n\n<p class=\"wp-block-paragraph\">A rede de percursos pedonais e clic\u00e1veis associada aos eixos de valoriza\u00e7\u00e3o dos rios Lima e Vez, desenvolve-se, com diferentes propor\u00e7\u00f5es, nos concelhos de Arcos de Valdevez, Ponte da Barca, Ponte de Lima e Viana do Castelo, num total de 85,66 km de extens\u00e3o. Na margem esquerda do rio Lima, entre De\u00e3o e Oleiros, apresenta 30,34 km de extens\u00e3o, e na margem direita do rio Lima e do rio Vez, entre as freguesias de Font\u00e3o e Sistelo, incluindo o segmento de Ermelo, tem 55,32 km de extens\u00e3o. No entanto, esta rede est\u00e1 tamb\u00e9m interligada com os restantes eixos de valoriza\u00e7\u00e3o do litoral e do rio Minho, no sentido de promover os percursos cicl\u00e1veis do Alto Minho de forma conjunta.<\/p>\n\n\n\n<p class=\"wp-block-paragraph\">O projeto CTC Limia-Lima-C\u00e1vado, cofinanciado pelo EP &#8211; INTERREG V A Espanha-Portugal (POCTEP), foi desenvolvido pelas comunidades intermunicipais do Alto Minho e do C\u00e1vado, em conjunto com o INORDE &#8211; Instituto Orensano de Desarrollo Econ\u00f3mico, com o prop\u00f3sito de promover o desenvolvimento integrado deste espa\u00e7o transfronteiri\u00e7o, com caracter\u00edsticas geogr\u00e1ficas e problemas comuns, mas tamb\u00e9m com fortes potencialidades e oportunidades ao n\u00edvel do turismo de natureza e dos desportos n\u00e1uticos. Nesse sentido, destaca-se tamb\u00e9m o trabalho de levantamento das ecovias e de toda a informa\u00e7\u00e3o relevante sobre turismo de natureza, a qual foi agregada e disponibilizada atrav\u00e9s da produ\u00e7\u00e3o e publica\u00e7\u00e3o de um guia digital que integra a oferta ecotur\u00edstica deste territ\u00f3rio.<\/p>\n","protected":false},"excerpt":{"rendered":"<p>As ecovias dos rios Lima e Vez possuem nova sinal\u00e9tica nos seus percursos, com informa\u00e7\u00e3o relevante sobre o territ\u00f3rio para utilizadores e turistas. Dinamizada pela Comunidade Intermunicipal do Alto Minho (CIM Alto Minho), em articula\u00e7\u00e3o com os munic\u00edpios de Arcos de Valdevez, Ponte da Barca, Ponte de Lima e Viana do Castelo, no \u00e2mbito do [&hellip;]<\/p>\n","protected":false},"author":1,"featured_media":72753,"comment_status":"closed","ping_status":"closed","sticky":false,"template":"","format":"standard","meta":{"_exactmetrics_skip_tracking":false,"footnotes":""},"categories":[73],"tags":[24,27],"class_list":["post-72752","post","type-post","status-publish","format-standard","has-post-thumbnail","hentry","category-alto-minho","tag-lazer","tag-sociedade"],"yoast_head":"<!-- This site is optimized with the Yoast SEO Premium plugin v28.3 (Yoast SEO v28.3) - https:\/\/yoast.com\/product\/yoast-seo-premium-wordpress\/ -->\n<title>Nova sinal\u00e9tica informativa e interpretativa na rede de ecovias do Alto Minho para valoriza\u00e7\u00e3o dos eixos dos rios Lima e Vez<\/title>\n<meta name=\"robots\" content=\"index, follow, max-snippet:-1, max-image-preview:large, max-video-preview:-1\" \/>\n<link rel=\"canonical\" href=\"https:\/\/www.altominho.tv\/site\/2021\/11\/17\/nova-sinaletica-informativa-e-interpretativa-na-rede-de-ecovias-do-alto-minho-para-valorizacao-dos-eixos-dos-rios-lima-e-vez\/\" \/>\n<meta property=\"og:locale\" content=\"pt_PT\" \/>\n<meta property=\"og:type\" content=\"article\" \/>\n<meta property=\"og:title\" content=\"Nova sinal\u00e9tica informativa e interpretativa na rede de ecovias do Alto Minho para valoriza\u00e7\u00e3o dos eixos dos rios Lima e Vez\" \/>\n<meta property=\"og:description\" content=\"As ecovias dos rios Lima e Vez possuem nova sinal\u00e9tica nos seus percursos, com informa\u00e7\u00e3o relevante sobre o territ\u00f3rio para utilizadores e turistas. Dinamizada pela Comunidade Intermunicipal do Alto Minho (CIM Alto Minho), em articula\u00e7\u00e3o com os munic\u00edpios de Arcos de Valdevez, Ponte da Barca, Ponte de Lima e Viana do Castelo, no \u00e2mbito do [&hellip;]\" \/>\n<meta property=\"og:url\" content=\"https:\/\/www.altominho.tv\/site\/2021\/11\/17\/nova-sinaletica-informativa-e-interpretativa-na-rede-de-ecovias-do-alto-minho-para-valorizacao-dos-eixos-dos-rios-lima-e-vez\/\" \/>\n<meta property=\"og:site_name\" content=\"Altominho.tv\" \/>\n<meta property=\"article:publisher\" content=\"https:\/\/www.facebook.com\/altominhotv\" \/>\n<meta property=\"article:published_time\" content=\"2021-11-17T12:27:19+00:00\" \/>\n<meta property=\"article:modified_time\" content=\"2021-11-17T12:27:23+00:00\" \/>\n<meta property=\"og:image\" content=\"https:\/\/www.altominho.tv\/site\/wp-content\/uploads\/2021\/11\/257130199_3029993227279024_823704677631928318_n.jpeg\" \/>\n\t<meta property=\"og:image:width\" content=\"1024\" \/>\n\t<meta property=\"og:image:height\" content=\"576\" \/>\n\t<meta property=\"og:image:type\" content=\"image\/jpeg\" \/>\n<meta name=\"author\" content=\"Altominho.tv\" \/>\n<meta name=\"twitter:card\" content=\"summary_large_image\" \/>\n<meta name=\"twitter:creator\" content=\"@altominhoTV\" \/>\n<meta name=\"twitter:site\" content=\"@altominhoTV\" \/>\n<meta name=\"twitter:label1\" content=\"Escrito por\" \/>\n\t<meta name=\"twitter:data1\" content=\"Altominho.tv\" \/>\n\t<meta name=\"twitter:label2\" content=\"Tempo estimado de leitura\" \/>\n\t<meta name=\"twitter:data2\" content=\"2 minutos\" \/>\n<script type=\"application\/ld+json\" class=\"yoast-schema-graph\">{\"@context\":\"https:\\\/\\\/schema.org\",\"@graph\":[{\"@type\":\"Article\",\"@id\":\"https:\\\/\\\/www.altominho.tv\\\/site\\\/2021\\\/11\\\/17\\\/nova-sinaletica-informativa-e-interpretativa-na-rede-de-ecovias-do-alto-minho-para-valorizacao-dos-eixos-dos-rios-lima-e-vez\\\/#article\",\"isPartOf\":{\"@id\":\"https:\\\/\\\/www.altominho.tv\\\/site\\\/2021\\\/11\\\/17\\\/nova-sinaletica-informativa-e-interpretativa-na-rede-de-ecovias-do-alto-minho-para-valorizacao-dos-eixos-dos-rios-lima-e-vez\\\/\"},\"author\":{\"name\":\"Altominho.tv\",\"@id\":\"https:\\\/\\\/www.altominho.tv\\\/site\\\/#\\\/schema\\\/person\\\/4e536851627d7914baf3dac752b6af22\"},\"headline\":\"Nova sinal\u00e9tica informativa e interpretativa na rede de ecovias do Alto Minho para valoriza\u00e7\u00e3o dos eixos dos rios Lima e Vez\",\"datePublished\":\"2021-11-17T12:27:19+00:00\",\"dateModified\":\"2021-11-17T12:27:23+00:00\",\"mainEntityOfPage\":{\"@id\":\"https:\\\/\\\/www.altominho.tv\\\/site\\\/2021\\\/11\\\/17\\\/nova-sinaletica-informativa-e-interpretativa-na-rede-de-ecovias-do-alto-minho-para-valorizacao-dos-eixos-dos-rios-lima-e-vez\\\/\"},\"wordCount\":420,\"image\":{\"@id\":\"https:\\\/\\\/www.altominho.tv\\\/site\\\/2021\\\/11\\\/17\\\/nova-sinaletica-informativa-e-interpretativa-na-rede-de-ecovias-do-alto-minho-para-valorizacao-dos-eixos-dos-rios-lima-e-vez\\\/#primaryimage\"},\"thumbnailUrl\":\"https:\\\/\\\/www.altominho.tv\\\/site\\\/wp-content\\\/uploads\\\/2021\\\/11\\\/257130199_3029993227279024_823704677631928318_n.jpeg\",\"keywords\":[\"Lazer\",\"Sociedade\"],\"articleSection\":[\"Alto Minho\"],\"inLanguage\":\"pt-PT\",\"copyrightYear\":\"2021\",\"copyrightHolder\":{\"@id\":\"https:\\\/\\\/www.altominho.tv\\\/site\\\/#organization\"}},{\"@type\":\"WebPage\",\"@id\":\"https:\\\/\\\/www.altominho.tv\\\/site\\\/2021\\\/11\\\/17\\\/nova-sinaletica-informativa-e-interpretativa-na-rede-de-ecovias-do-alto-minho-para-valorizacao-dos-eixos-dos-rios-lima-e-vez\\\/\",\"url\":\"https:\\\/\\\/www.altominho.tv\\\/site\\\/2021\\\/11\\\/17\\\/nova-sinaletica-informativa-e-interpretativa-na-rede-de-ecovias-do-alto-minho-para-valorizacao-dos-eixos-dos-rios-lima-e-vez\\\/\",\"name\":\"Nova sinal\u00e9tica informativa e interpretativa na rede de ecovias do Alto Minho para valoriza\u00e7\u00e3o dos eixos dos rios Lima e Vez\",\"isPartOf\":{\"@id\":\"https:\\\/\\\/www.altominho.tv\\\/site\\\/#website\"},\"primaryImageOfPage\":{\"@id\":\"https:\\\/\\\/www.altominho.tv\\\/site\\\/2021\\\/11\\\/17\\\/nova-sinaletica-informativa-e-interpretativa-na-rede-de-ecovias-do-alto-minho-para-valorizacao-dos-eixos-dos-rios-lima-e-vez\\\/#primaryimage\"},\"image\":{\"@id\":\"https:\\\/\\\/www.altominho.tv\\\/site\\\/2021\\\/11\\\/17\\\/nova-sinaletica-informativa-e-interpretativa-na-rede-de-ecovias-do-alto-minho-para-valorizacao-dos-eixos-dos-rios-lima-e-vez\\\/#primaryimage\"},\"thumbnailUrl\":\"https:\\\/\\\/www.altominho.tv\\\/site\\\/wp-content\\\/uploads\\\/2021\\\/11\\\/257130199_3029993227279024_823704677631928318_n.jpeg\",\"datePublished\":\"2021-11-17T12:27:19+00:00\",\"dateModified\":\"2021-11-17T12:27:23+00:00\",\"author\":{\"@id\":\"https:\\\/\\\/www.altominho.tv\\\/site\\\/#\\\/schema\\\/person\\\/4e536851627d7914baf3dac752b6af22\"},\"breadcrumb\":{\"@id\":\"https:\\\/\\\/www.altominho.tv\\\/site\\\/2021\\\/11\\\/17\\\/nova-sinaletica-informativa-e-interpretativa-na-rede-de-ecovias-do-alto-minho-para-valorizacao-dos-eixos-dos-rios-lima-e-vez\\\/#breadcrumb\"},\"inLanguage\":\"pt-PT\",\"potentialAction\":[{\"@type\":\"ReadAction\",\"target\":[\"https:\\\/\\\/www.altominho.tv\\\/site\\\/2021\\\/11\\\/17\\\/nova-sinaletica-informativa-e-interpretativa-na-rede-de-ecovias-do-alto-minho-para-valorizacao-dos-eixos-dos-rios-lima-e-vez\\\/\"]}]},{\"@type\":\"ImageObject\",\"inLanguage\":\"pt-PT\",\"@id\":\"https:\\\/\\\/www.altominho.tv\\\/site\\\/2021\\\/11\\\/17\\\/nova-sinaletica-informativa-e-interpretativa-na-rede-de-ecovias-do-alto-minho-para-valorizacao-dos-eixos-dos-rios-lima-e-vez\\\/#primaryimage\",\"url\":\"https:\\\/\\\/www.altominho.tv\\\/site\\\/wp-content\\\/uploads\\\/2021\\\/11\\\/257130199_3029993227279024_823704677631928318_n.jpeg\",\"contentUrl\":\"https:\\\/\\\/www.altominho.tv\\\/site\\\/wp-content\\\/uploads\\\/2021\\\/11\\\/257130199_3029993227279024_823704677631928318_n.jpeg\",\"width\":1024,\"height\":576},{\"@type\":\"BreadcrumbList\",\"@id\":\"https:\\\/\\\/www.altominho.tv\\\/site\\\/2021\\\/11\\\/17\\\/nova-sinaletica-informativa-e-interpretativa-na-rede-de-ecovias-do-alto-minho-para-valorizacao-dos-eixos-dos-rios-lima-e-vez\\\/#breadcrumb\",\"itemListElement\":[{\"@type\":\"ListItem\",\"position\":1,\"name\":\"In\u00edcio\",\"item\":\"https:\\\/\\\/www.altominho.tv\\\/site\\\/\"},{\"@type\":\"ListItem\",\"position\":2,\"name\":\"Nova sinal\u00e9tica informativa e interpretativa na rede de ecovias do Alto Minho para valoriza\u00e7\u00e3o dos eixos dos rios Lima e Vez\"}]},{\"@type\":\"WebSite\",\"@id\":\"https:\\\/\\\/www.altominho.tv\\\/site\\\/#website\",\"url\":\"https:\\\/\\\/www.altominho.tv\\\/site\\\/\",\"name\":\"Altominho.tv\",\"description\":\"A sua regi\u00e3o \u00e0 dist\u00e2ncia de um clique...\",\"potentialAction\":[{\"@type\":\"SearchAction\",\"target\":{\"@type\":\"EntryPoint\",\"urlTemplate\":\"https:\\\/\\\/www.altominho.tv\\\/site\\\/?s={search_term_string}\"},\"query-input\":{\"@type\":\"PropertyValueSpecification\",\"valueRequired\":true,\"valueName\":\"search_term_string\"}}],\"inLanguage\":\"pt-PT\"},{\"@type\":\"Person\",\"@id\":\"https:\\\/\\\/www.altominho.tv\\\/site\\\/#\\\/schema\\\/person\\\/4e536851627d7914baf3dac752b6af22\",\"name\":\"Altominho.tv\",\"image\":{\"@type\":\"ImageObject\",\"inLanguage\":\"pt-PT\",\"@id\":\"https:\\\/\\\/www.altominho.tv\\\/site\\\/wp-content\\\/uploads\\\/2019\\\/11\\\/Logo_Avatar_2-150x150.jpg\",\"url\":\"https:\\\/\\\/www.altominho.tv\\\/site\\\/wp-content\\\/uploads\\\/2019\\\/11\\\/Logo_Avatar_2-150x150.jpg\",\"contentUrl\":\"https:\\\/\\\/www.altominho.tv\\\/site\\\/wp-content\\\/uploads\\\/2019\\\/11\\\/Logo_Avatar_2-150x150.jpg\",\"caption\":\"Altominho.tv\"},\"url\":\"https:\\\/\\\/www.altominho.tv\\\/site\\\/author\\\/altominhotv-tecnico\\\/\"}]}<\/script>\n<!-- \/ Yoast SEO Premium plugin. -->","yoast_head_json":{"title":"Nova sinal\u00e9tica informativa e interpretativa na rede de ecovias do Alto Minho para valoriza\u00e7\u00e3o dos eixos dos rios Lima e Vez","robots":{"index":"index","follow":"follow","max-snippet":"max-snippet:-1","max-image-preview":"max-image-preview:large","max-video-preview":"max-video-preview:-1"},"canonical":"https:\/\/www.altominho.tv\/site\/2021\/11\/17\/nova-sinaletica-informativa-e-interpretativa-na-rede-de-ecovias-do-alto-minho-para-valorizacao-dos-eixos-dos-rios-lima-e-vez\/","og_locale":"pt_PT","og_type":"article","og_title":"Nova sinal\u00e9tica informativa e interpretativa na rede de ecovias do Alto Minho para valoriza\u00e7\u00e3o dos eixos dos rios Lima e Vez","og_description":"As ecovias dos rios Lima e Vez possuem nova sinal\u00e9tica nos seus percursos, com informa\u00e7\u00e3o relevante sobre o territ\u00f3rio para utilizadores e turistas. Dinamizada pela Comunidade Intermunicipal do Alto Minho (CIM Alto Minho), em articula\u00e7\u00e3o com os munic\u00edpios de Arcos de Valdevez, Ponte da Barca, Ponte de Lima e Viana do Castelo, no \u00e2mbito do [&hellip;]","og_url":"https:\/\/www.altominho.tv\/site\/2021\/11\/17\/nova-sinaletica-informativa-e-interpretativa-na-rede-de-ecovias-do-alto-minho-para-valorizacao-dos-eixos-dos-rios-lima-e-vez\/","og_site_name":"Altominho.tv","article_publisher":"https:\/\/www.facebook.com\/altominhotv","article_published_time":"2021-11-17T12:27:19+00:00","article_modified_time":"2021-11-17T12:27:23+00:00","og_image":[{"width":1024,"height":576,"url":"https:\/\/www.altominho.tv\/site\/wp-content\/uploads\/2021\/11\/257130199_3029993227279024_823704677631928318_n.jpeg","type":"image\/jpeg"}],"author":"Altominho.tv","twitter_card":"summary_large_image","twitter_creator":"@altominhoTV","twitter_site":"@altominhoTV","twitter_misc":{"Escrito por":"Altominho.tv","Tempo estimado de leitura":"2 minutos"},"schema":{"@context":"https:\/\/schema.org","@graph":[{"@type":"Article","@id":"https:\/\/www.altominho.tv\/site\/2021\/11\/17\/nova-sinaletica-informativa-e-interpretativa-na-rede-de-ecovias-do-alto-minho-para-valorizacao-dos-eixos-dos-rios-lima-e-vez\/#article","isPartOf":{"@id":"https:\/\/www.altominho.tv\/site\/2021\/11\/17\/nova-sinaletica-informativa-e-interpretativa-na-rede-de-ecovias-do-alto-minho-para-valorizacao-dos-eixos-dos-rios-lima-e-vez\/"},"author":{"name":"Altominho.tv","@id":"https:\/\/www.altominho.tv\/site\/#\/schema\/person\/4e536851627d7914baf3dac752b6af22"},"headline":"Nova sinal\u00e9tica informativa e interpretativa na rede de ecovias do Alto Minho para valoriza\u00e7\u00e3o dos eixos dos rios Lima e Vez","datePublished":"2021-11-17T12:27:19+00:00","dateModified":"2021-11-17T12:27:23+00:00","mainEntityOfPage":{"@id":"https:\/\/www.altominho.tv\/site\/2021\/11\/17\/nova-sinaletica-informativa-e-interpretativa-na-rede-de-ecovias-do-alto-minho-para-valorizacao-dos-eixos-dos-rios-lima-e-vez\/"},"wordCount":420,"image":{"@id":"https:\/\/www.altominho.tv\/site\/2021\/11\/17\/nova-sinaletica-informativa-e-interpretativa-na-rede-de-ecovias-do-alto-minho-para-valorizacao-dos-eixos-dos-rios-lima-e-vez\/#primaryimage"},"thumbnailUrl":"https:\/\/www.altominho.tv\/site\/wp-content\/uploads\/2021\/11\/257130199_3029993227279024_823704677631928318_n.jpeg","keywords":["Lazer","Sociedade"],"articleSection":["Alto Minho"],"inLanguage":"pt-PT","copyrightYear":"2021","copyrightHolder":{"@id":"https:\/\/www.altominho.tv\/site\/#organization"}},{"@type":"WebPage","@id":"https:\/\/www.altominho.tv\/site\/2021\/11\/17\/nova-sinaletica-informativa-e-interpretativa-na-rede-de-ecovias-do-alto-minho-para-valorizacao-dos-eixos-dos-rios-lima-e-vez\/","url":"https:\/\/www.altominho.tv\/site\/2021\/11\/17\/nova-sinaletica-informativa-e-interpretativa-na-rede-de-ecovias-do-alto-minho-para-valorizacao-dos-eixos-dos-rios-lima-e-vez\/","name":"Nova sinal\u00e9tica informativa e interpretativa na rede de ecovias do Alto Minho para valoriza\u00e7\u00e3o dos eixos dos rios Lima e Vez","isPartOf":{"@id":"https:\/\/www.altominho.tv\/site\/#website"},"primaryImageOfPage":{"@id":"https:\/\/www.altominho.tv\/site\/2021\/11\/17\/nova-sinaletica-informativa-e-interpretativa-na-rede-de-ecovias-do-alto-minho-para-valorizacao-dos-eixos-dos-rios-lima-e-vez\/#primaryimage"},"image":{"@id":"https:\/\/www.altominho.tv\/site\/2021\/11\/17\/nova-sinaletica-informativa-e-interpretativa-na-rede-de-ecovias-do-alto-minho-para-valorizacao-dos-eixos-dos-rios-lima-e-vez\/#primaryimage"},"thumbnailUrl":"https:\/\/www.altominho.tv\/site\/wp-content\/uploads\/2021\/11\/257130199_3029993227279024_823704677631928318_n.jpeg","datePublished":"2021-11-17T12:27:19+00:00","dateModified":"2021-11-17T12:27:23+00:00","author":{"@id":"https:\/\/www.altominho.tv\/site\/#\/schema\/person\/4e536851627d7914baf3dac752b6af22"},"breadcrumb":{"@id":"https:\/\/www.altominho.tv\/site\/2021\/11\/17\/nova-sinaletica-informativa-e-interpretativa-na-rede-de-ecovias-do-alto-minho-para-valorizacao-dos-eixos-dos-rios-lima-e-vez\/#breadcrumb"},"inLanguage":"pt-PT","potentialAction":[{"@type":"ReadAction","target":["https:\/\/www.altominho.tv\/site\/2021\/11\/17\/nova-sinaletica-informativa-e-interpretativa-na-rede-de-ecovias-do-alto-minho-para-valorizacao-dos-eixos-dos-rios-lima-e-vez\/"]}]},{"@type":"ImageObject","inLanguage":"pt-PT","@id":"https:\/\/www.altominho.tv\/site\/2021\/11\/17\/nova-sinaletica-informativa-e-interpretativa-na-rede-de-ecovias-do-alto-minho-para-valorizacao-dos-eixos-dos-rios-lima-e-vez\/#primaryimage","url":"https:\/\/www.altominho.tv\/site\/wp-content\/uploads\/2021\/11\/257130199_3029993227279024_823704677631928318_n.jpeg","contentUrl":"https:\/\/www.altominho.tv\/site\/wp-content\/uploads\/2021\/11\/257130199_3029993227279024_823704677631928318_n.jpeg","width":1024,"height":576},{"@type":"BreadcrumbList","@id":"https:\/\/www.altominho.tv\/site\/2021\/11\/17\/nova-sinaletica-informativa-e-interpretativa-na-rede-de-ecovias-do-alto-minho-para-valorizacao-dos-eixos-dos-rios-lima-e-vez\/#breadcrumb","itemListElement":[{"@type":"ListItem","position":1,"name":"In\u00edcio","item":"https:\/\/www.altominho.tv\/site\/"},{"@type":"ListItem","position":2,"name":"Nova sinal\u00e9tica informativa e interpretativa na rede de ecovias do Alto Minho para valoriza\u00e7\u00e3o dos eixos dos rios Lima e Vez"}]},{"@type":"WebSite","@id":"https:\/\/www.altominho.tv\/site\/#website","url":"https:\/\/www.altominho.tv\/site\/","name":"Altominho.tv","description":"A sua regi\u00e3o \u00e0 dist\u00e2ncia de um clique...","potentialAction":[{"@type":"SearchAction","target":{"@type":"EntryPoint","urlTemplate":"https:\/\/www.altominho.tv\/site\/?s={search_term_string}"},"query-input":{"@type":"PropertyValueSpecification","valueRequired":true,"valueName":"search_term_string"}}],"inLanguage":"pt-PT"},{"@type":"Person","@id":"https:\/\/www.altominho.tv\/site\/#\/schema\/person\/4e536851627d7914baf3dac752b6af22","name":"Altominho.tv","image":{"@type":"ImageObject","inLanguage":"pt-PT","@id":"https:\/\/www.altominho.tv\/site\/wp-content\/uploads\/2019\/11\/Logo_Avatar_2-150x150.jpg","url":"https:\/\/www.altominho.tv\/site\/wp-content\/uploads\/2019\/11\/Logo_Avatar_2-150x150.jpg","contentUrl":"https:\/\/www.altominho.tv\/site\/wp-content\/uploads\/2019\/11\/Logo_Avatar_2-150x150.jpg","caption":"Altominho.tv"},"url":"https:\/\/www.altominho.tv\/site\/author\/altominhotv-tecnico\/"}]}},"_links":{"self":[{"href":"https:\/\/www.altominho.tv\/site\/wp-json\/wp\/v2\/posts\/72752","targetHints":{"allow":["GET"]}}],"collection":[{"href":"https:\/\/www.altominho.tv\/site\/wp-json\/wp\/v2\/posts"}],"about":[{"href":"https:\/\/www.altominho.tv\/site\/wp-json\/wp\/v2\/types\/post"}],"author":[{"embeddable":true,"href":"https:\/\/www.altominho.tv\/site\/wp-json\/wp\/v2\/users\/1"}],"replies":[{"embeddable":true,"href":"https:\/\/www.altominho.tv\/site\/wp-json\/wp\/v2\/comments?post=72752"}],"version-history":[{"count":0,"href":"https:\/\/www.altominho.tv\/site\/wp-json\/wp\/v2\/posts\/72752\/revisions"}],"wp:featuredmedia":[{"embeddable":true,"href":"https:\/\/www.altominho.tv\/site\/wp-json\/wp\/v2\/media\/72753"}],"wp:attachment":[{"href":"https:\/\/www.altominho.tv\/site\/wp-json\/wp\/v2\/media?parent=72752"}],"wp:term":[{"taxonomy":"category","embeddable":true,"href":"https:\/\/www.altominho.tv\/site\/wp-json\/wp\/v2\/categories?post=72752"},{"taxonomy":"post_tag","embeddable":true,"href":"https:\/\/www.altominho.tv\/site\/wp-json\/wp\/v2\/tags?post=72752"}],"curies":[{"name":"wp","href":"https:\/\/api.w.org\/{rel}","templated":true}]}}