{"id":72746,"date":"2021-11-17T12:18:24","date_gmt":"2021-11-17T12:18:24","guid":{"rendered":"https:\/\/www.altominho.tv\/site\/?p=72746"},"modified":"2021-11-17T12:18:29","modified_gmt":"2021-11-17T12:18:29","slug":"arcos-de-valdevez-apoia-comercio-com-3000-vales-de-desconto","status":"publish","type":"post","link":"https:\/\/www.altominho.tv\/site\/2021\/11\/17\/arcos-de-valdevez-apoia-comercio-com-3000-vales-de-desconto\/","title":{"rendered":"Arcos de Valdevez apoia com\u00e9rcio com 3000 vales de desconto"},"content":{"rendered":"\n<p class=\"wp-block-paragraph\">O Munic\u00edpio de Arcos de Valdevez vai lan\u00e7ar a campanha \u201cNatal em Arcos de Valdevez \u00e9 Com\u00e9rcio Tradicional\u201d, onde vai apoiar o com\u00e9rcio com 3000 vales de desconto.<\/p>\n\n\n\n<p class=\"wp-block-paragraph\">A campanha decorre de 1 de dezembro a 6 de janeiro de 2022 &#8220;e visa promover a compra e o consumo de produtos e servi\u00e7os no concelho de Arcos de Valdevez, dinamizando, assim, a economia local&#8221;.<\/p>\n\n\n\n<p class=\"wp-block-paragraph\">Em nota, a autarquia referiu que &#8220;o Natal representa uma \u00e9poca muito importante para o com\u00e9rcio local e, sendo este um dos setores mais castigados pela Pandemia COVID-19, a C\u00e2mara Municipal considera necess\u00e1rio criar est\u00edmulos para atenuar o impacto econ\u00f3mico causado pela crise pand\u00e9mica&#8221;.<\/p>\n\n\n\n<p class=\"wp-block-paragraph\">Neste sentido, o Munic\u00edpio de Arcos de Valdevez vai lan\u00e7ar, de 1 de dezembro a 6 de janeiro de 2022, uma campanha para estimular o consumo local e apoiar o com\u00e9rcio do concelho durante a \u00e9poca natal\u00edcia.<\/p>\n\n\n\n<p class=\"wp-block-paragraph\">Esta iniciativa &#8220;ser\u00e1 concretizada atrav\u00e9s da entrega de 3000 vales de desconto, com valor unit\u00e1rio de 5\u20ac, nos com\u00e9rcios aderentes, com o objetivo de incentivar os arcuenses e outros consumidores a comprarem no com\u00e9rcio local&#8221;.<\/p>\n\n\n\n<p class=\"wp-block-paragraph\">Por cada compra de valor igual ou superior a 20\u20ac, num dos estabelecimentos aderentes \u00e0 campanha, o consumidor recebe o vale, podendo descontar diretamente nessa compra ou em outra compra em outro estabelecimento aderente.<\/p>\n\n\n\n<p class=\"wp-block-paragraph\">Os vales de desconto s\u00e3o de uso \u00fanico e s\u00e3o v\u00e1lidos at\u00e9 dia 6 de janeiro de 2022.<\/p>\n\n\n\n<p class=\"wp-block-paragraph\">A autarquia informou ainda que &#8220;podem participar nesta iniciativa os estabelecimentos de com\u00e9rcio tradicional de todo o concelho de Arcos de Valdevez, de \u00e1rea inferior a 200m2, desde que cumpram as condi\u00e7\u00f5es de participa\u00e7\u00e3o e cuja atividade principal seja venda de produtos alimentares, vestu\u00e1rio e cal\u00e7ado, artigos de desporto, produtos de higiene pessoal e de higieniza\u00e7\u00e3o da habita\u00e7\u00e3o, artigos para o lar, decora\u00e7\u00e3o e retrosarias, eletrodom\u00e9sticos, inform\u00e1tica e telecomunica\u00e7\u00f5es, brinquedos, barbeiros e cabeleireiros, livrarias e papelarias, floristas, fotografia, etc&#8221;.<\/p>\n","protected":false},"excerpt":{"rendered":"<p>O Munic\u00edpio de Arcos de Valdevez vai lan\u00e7ar a campanha \u201cNatal em Arcos de Valdevez \u00e9 Com\u00e9rcio Tradicional\u201d, onde vai apoiar o com\u00e9rcio com 3000 vales de desconto. A campanha decorre de 1 de dezembro a 6 de janeiro de 2022 &#8220;e visa promover a compra e o consumo de produtos e servi\u00e7os no concelho [&hellip;]<\/p>\n","protected":false},"author":7,"featured_media":72750,"comment_status":"closed","ping_status":"closed","sticky":false,"template":"","format":"standard","meta":{"_exactmetrics_skip_tracking":false,"footnotes":""},"categories":[2],"tags":[27],"class_list":["post-72746","post","type-post","status-publish","format-standard","has-post-thumbnail","hentry","category-arcos-de-valdevez","tag-sociedade"],"yoast_head":"<!-- This site is optimized with the Yoast SEO Premium plugin v28.3 (Yoast SEO v28.3) - https:\/\/yoast.com\/product\/yoast-seo-premium-wordpress\/ -->\n<title>Arcos de Valdevez apoia com\u00e9rcio com 3000 vales de desconto<\/title>\n<meta name=\"robots\" content=\"index, follow, max-snippet:-1, max-image-preview:large, max-video-preview:-1\" \/>\n<link rel=\"canonical\" href=\"https:\/\/www.altominho.tv\/site\/2021\/11\/17\/arcos-de-valdevez-apoia-comercio-com-3000-vales-de-desconto\/\" \/>\n<meta property=\"og:locale\" content=\"pt_PT\" \/>\n<meta property=\"og:type\" content=\"article\" \/>\n<meta property=\"og:title\" content=\"Arcos de Valdevez apoia com\u00e9rcio com 3000 vales de desconto\" \/>\n<meta property=\"og:description\" content=\"O Munic\u00edpio de Arcos de Valdevez vai lan\u00e7ar a campanha \u201cNatal em Arcos de Valdevez \u00e9 Com\u00e9rcio Tradicional\u201d, onde vai apoiar o com\u00e9rcio com 3000 vales de desconto. A campanha decorre de 1 de dezembro a 6 de janeiro de 2022 &#8220;e visa promover a compra e o consumo de produtos e servi\u00e7os no concelho [&hellip;]\" \/>\n<meta property=\"og:url\" content=\"https:\/\/www.altominho.tv\/site\/2021\/11\/17\/arcos-de-valdevez-apoia-comercio-com-3000-vales-de-desconto\/\" \/>\n<meta property=\"og:site_name\" content=\"Altominho.tv\" \/>\n<meta property=\"article:publisher\" content=\"https:\/\/www.facebook.com\/altominhotv\" \/>\n<meta property=\"article:published_time\" content=\"2021-11-17T12:18:24+00:00\" \/>\n<meta property=\"article:modified_time\" content=\"2021-11-17T12:18:29+00:00\" \/>\n<meta property=\"og:image\" content=\"https:\/\/www.altominho.tv\/site\/wp-content\/uploads\/2021\/11\/vale-natal-Co\u0301pia.png\" \/>\n\t<meta property=\"og:image:width\" content=\"1024\" \/>\n\t<meta property=\"og:image:height\" content=\"473\" \/>\n\t<meta property=\"og:image:type\" content=\"image\/png\" \/>\n<meta name=\"author\" content=\"Andreia Cunha\" \/>\n<meta name=\"twitter:card\" content=\"summary_large_image\" \/>\n<meta name=\"twitter:creator\" content=\"@altominhoTV\" \/>\n<meta name=\"twitter:site\" content=\"@altominhoTV\" \/>\n<meta name=\"twitter:label1\" content=\"Escrito por\" \/>\n\t<meta name=\"twitter:data1\" content=\"Andreia Cunha\" \/>\n\t<meta name=\"twitter:label2\" content=\"Tempo estimado de leitura\" \/>\n\t<meta name=\"twitter:data2\" content=\"2 minutos\" \/>\n<script type=\"application\/ld+json\" class=\"yoast-schema-graph\">{\"@context\":\"https:\\\/\\\/schema.org\",\"@graph\":[{\"@type\":\"Article\",\"@id\":\"https:\\\/\\\/www.altominho.tv\\\/site\\\/2021\\\/11\\\/17\\\/arcos-de-valdevez-apoia-comercio-com-3000-vales-de-desconto\\\/#article\",\"isPartOf\":{\"@id\":\"https:\\\/\\\/www.altominho.tv\\\/site\\\/2021\\\/11\\\/17\\\/arcos-de-valdevez-apoia-comercio-com-3000-vales-de-desconto\\\/\"},\"author\":{\"name\":\"Andreia Cunha\",\"@id\":\"https:\\\/\\\/www.altominho.tv\\\/site\\\/#\\\/schema\\\/person\\\/a0e4ef6d041f98ca284393d8f1d97153\"},\"headline\":\"Arcos de Valdevez apoia com\u00e9rcio com 3000 vales de desconto\",\"datePublished\":\"2021-11-17T12:18:24+00:00\",\"dateModified\":\"2021-11-17T12:18:29+00:00\",\"mainEntityOfPage\":{\"@id\":\"https:\\\/\\\/www.altominho.tv\\\/site\\\/2021\\\/11\\\/17\\\/arcos-de-valdevez-apoia-comercio-com-3000-vales-de-desconto\\\/\"},\"wordCount\":340,\"image\":{\"@id\":\"https:\\\/\\\/www.altominho.tv\\\/site\\\/2021\\\/11\\\/17\\\/arcos-de-valdevez-apoia-comercio-com-3000-vales-de-desconto\\\/#primaryimage\"},\"thumbnailUrl\":\"https:\\\/\\\/www.altominho.tv\\\/site\\\/wp-content\\\/uploads\\\/2021\\\/11\\\/vale-natal-Co\u0301pia.png\",\"keywords\":[\"Sociedade\"],\"articleSection\":[\"Arcos de Valdevez\"],\"inLanguage\":\"pt-PT\",\"copyrightYear\":\"2021\",\"copyrightHolder\":{\"@id\":\"https:\\\/\\\/www.altominho.tv\\\/site\\\/#organization\"}},{\"@type\":\"WebPage\",\"@id\":\"https:\\\/\\\/www.altominho.tv\\\/site\\\/2021\\\/11\\\/17\\\/arcos-de-valdevez-apoia-comercio-com-3000-vales-de-desconto\\\/\",\"url\":\"https:\\\/\\\/www.altominho.tv\\\/site\\\/2021\\\/11\\\/17\\\/arcos-de-valdevez-apoia-comercio-com-3000-vales-de-desconto\\\/\",\"name\":\"Arcos de Valdevez apoia com\u00e9rcio com 3000 vales de desconto\",\"isPartOf\":{\"@id\":\"https:\\\/\\\/www.altominho.tv\\\/site\\\/#website\"},\"primaryImageOfPage\":{\"@id\":\"https:\\\/\\\/www.altominho.tv\\\/site\\\/2021\\\/11\\\/17\\\/arcos-de-valdevez-apoia-comercio-com-3000-vales-de-desconto\\\/#primaryimage\"},\"image\":{\"@id\":\"https:\\\/\\\/www.altominho.tv\\\/site\\\/2021\\\/11\\\/17\\\/arcos-de-valdevez-apoia-comercio-com-3000-vales-de-desconto\\\/#primaryimage\"},\"thumbnailUrl\":\"https:\\\/\\\/www.altominho.tv\\\/site\\\/wp-content\\\/uploads\\\/2021\\\/11\\\/vale-natal-Co\u0301pia.png\",\"datePublished\":\"2021-11-17T12:18:24+00:00\",\"dateModified\":\"2021-11-17T12:18:29+00:00\",\"author\":{\"@id\":\"https:\\\/\\\/www.altominho.tv\\\/site\\\/#\\\/schema\\\/person\\\/a0e4ef6d041f98ca284393d8f1d97153\"},\"breadcrumb\":{\"@id\":\"https:\\\/\\\/www.altominho.tv\\\/site\\\/2021\\\/11\\\/17\\\/arcos-de-valdevez-apoia-comercio-com-3000-vales-de-desconto\\\/#breadcrumb\"},\"inLanguage\":\"pt-PT\",\"potentialAction\":[{\"@type\":\"ReadAction\",\"target\":[\"https:\\\/\\\/www.altominho.tv\\\/site\\\/2021\\\/11\\\/17\\\/arcos-de-valdevez-apoia-comercio-com-3000-vales-de-desconto\\\/\"]}]},{\"@type\":\"ImageObject\",\"inLanguage\":\"pt-PT\",\"@id\":\"https:\\\/\\\/www.altominho.tv\\\/site\\\/2021\\\/11\\\/17\\\/arcos-de-valdevez-apoia-comercio-com-3000-vales-de-desconto\\\/#primaryimage\",\"url\":\"https:\\\/\\\/www.altominho.tv\\\/site\\\/wp-content\\\/uploads\\\/2021\\\/11\\\/vale-natal-Co\u0301pia.png\",\"contentUrl\":\"https:\\\/\\\/www.altominho.tv\\\/site\\\/wp-content\\\/uploads\\\/2021\\\/11\\\/vale-natal-Co\u0301pia.png\",\"width\":1024,\"height\":473},{\"@type\":\"BreadcrumbList\",\"@id\":\"https:\\\/\\\/www.altominho.tv\\\/site\\\/2021\\\/11\\\/17\\\/arcos-de-valdevez-apoia-comercio-com-3000-vales-de-desconto\\\/#breadcrumb\",\"itemListElement\":[{\"@type\":\"ListItem\",\"position\":1,\"name\":\"In\u00edcio\",\"item\":\"https:\\\/\\\/www.altominho.tv\\\/site\\\/\"},{\"@type\":\"ListItem\",\"position\":2,\"name\":\"Arcos de Valdevez apoia com\u00e9rcio com 3000 vales de desconto\"}]},{\"@type\":\"WebSite\",\"@id\":\"https:\\\/\\\/www.altominho.tv\\\/site\\\/#website\",\"url\":\"https:\\\/\\\/www.altominho.tv\\\/site\\\/\",\"name\":\"Altominho.tv\",\"description\":\"A sua regi\u00e3o \u00e0 dist\u00e2ncia de um clique...\",\"potentialAction\":[{\"@type\":\"SearchAction\",\"target\":{\"@type\":\"EntryPoint\",\"urlTemplate\":\"https:\\\/\\\/www.altominho.tv\\\/site\\\/?s={search_term_string}\"},\"query-input\":{\"@type\":\"PropertyValueSpecification\",\"valueRequired\":true,\"valueName\":\"search_term_string\"}}],\"inLanguage\":\"pt-PT\"},{\"@type\":\"Person\",\"@id\":\"https:\\\/\\\/www.altominho.tv\\\/site\\\/#\\\/schema\\\/person\\\/a0e4ef6d041f98ca284393d8f1d97153\",\"name\":\"Andreia Cunha\",\"image\":{\"@type\":\"ImageObject\",\"inLanguage\":\"pt-PT\",\"@id\":\"https:\\\/\\\/www.altominho.tv\\\/site\\\/wp-content\\\/uploads\\\/2017\\\/11\\\/Andreia_Cunha-1-150x150.jpg\",\"url\":\"https:\\\/\\\/www.altominho.tv\\\/site\\\/wp-content\\\/uploads\\\/2017\\\/11\\\/Andreia_Cunha-1-150x150.jpg\",\"contentUrl\":\"https:\\\/\\\/www.altominho.tv\\\/site\\\/wp-content\\\/uploads\\\/2017\\\/11\\\/Andreia_Cunha-1-150x150.jpg\",\"caption\":\"Andreia Cunha\"},\"url\":\"https:\\\/\\\/www.altominho.tv\\\/site\\\/author\\\/andreiacunha\\\/\"}]}<\/script>\n<!-- \/ Yoast SEO Premium plugin. -->","yoast_head_json":{"title":"Arcos de Valdevez apoia com\u00e9rcio com 3000 vales de desconto","robots":{"index":"index","follow":"follow","max-snippet":"max-snippet:-1","max-image-preview":"max-image-preview:large","max-video-preview":"max-video-preview:-1"},"canonical":"https:\/\/www.altominho.tv\/site\/2021\/11\/17\/arcos-de-valdevez-apoia-comercio-com-3000-vales-de-desconto\/","og_locale":"pt_PT","og_type":"article","og_title":"Arcos de Valdevez apoia com\u00e9rcio com 3000 vales de desconto","og_description":"O Munic\u00edpio de Arcos de Valdevez vai lan\u00e7ar a campanha \u201cNatal em Arcos de Valdevez \u00e9 Com\u00e9rcio Tradicional\u201d, onde vai apoiar o com\u00e9rcio com 3000 vales de desconto. A campanha decorre de 1 de dezembro a 6 de janeiro de 2022 &#8220;e visa promover a compra e o consumo de produtos e servi\u00e7os no concelho [&hellip;]","og_url":"https:\/\/www.altominho.tv\/site\/2021\/11\/17\/arcos-de-valdevez-apoia-comercio-com-3000-vales-de-desconto\/","og_site_name":"Altominho.tv","article_publisher":"https:\/\/www.facebook.com\/altominhotv","article_published_time":"2021-11-17T12:18:24+00:00","article_modified_time":"2021-11-17T12:18:29+00:00","og_image":[{"width":1024,"height":473,"url":"https:\/\/www.altominho.tv\/site\/wp-content\/uploads\/2021\/11\/vale-natal-Co\u0301pia.png","type":"image\/png"}],"author":"Andreia Cunha","twitter_card":"summary_large_image","twitter_creator":"@altominhoTV","twitter_site":"@altominhoTV","twitter_misc":{"Escrito por":"Andreia Cunha","Tempo estimado de leitura":"2 minutos"},"schema":{"@context":"https:\/\/schema.org","@graph":[{"@type":"Article","@id":"https:\/\/www.altominho.tv\/site\/2021\/11\/17\/arcos-de-valdevez-apoia-comercio-com-3000-vales-de-desconto\/#article","isPartOf":{"@id":"https:\/\/www.altominho.tv\/site\/2021\/11\/17\/arcos-de-valdevez-apoia-comercio-com-3000-vales-de-desconto\/"},"author":{"name":"Andreia Cunha","@id":"https:\/\/www.altominho.tv\/site\/#\/schema\/person\/a0e4ef6d041f98ca284393d8f1d97153"},"headline":"Arcos de Valdevez apoia com\u00e9rcio com 3000 vales de desconto","datePublished":"2021-11-17T12:18:24+00:00","dateModified":"2021-11-17T12:18:29+00:00","mainEntityOfPage":{"@id":"https:\/\/www.altominho.tv\/site\/2021\/11\/17\/arcos-de-valdevez-apoia-comercio-com-3000-vales-de-desconto\/"},"wordCount":340,"image":{"@id":"https:\/\/www.altominho.tv\/site\/2021\/11\/17\/arcos-de-valdevez-apoia-comercio-com-3000-vales-de-desconto\/#primaryimage"},"thumbnailUrl":"https:\/\/www.altominho.tv\/site\/wp-content\/uploads\/2021\/11\/vale-natal-Co\u0301pia.png","keywords":["Sociedade"],"articleSection":["Arcos de Valdevez"],"inLanguage":"pt-PT","copyrightYear":"2021","copyrightHolder":{"@id":"https:\/\/www.altominho.tv\/site\/#organization"}},{"@type":"WebPage","@id":"https:\/\/www.altominho.tv\/site\/2021\/11\/17\/arcos-de-valdevez-apoia-comercio-com-3000-vales-de-desconto\/","url":"https:\/\/www.altominho.tv\/site\/2021\/11\/17\/arcos-de-valdevez-apoia-comercio-com-3000-vales-de-desconto\/","name":"Arcos de Valdevez apoia com\u00e9rcio com 3000 vales de desconto","isPartOf":{"@id":"https:\/\/www.altominho.tv\/site\/#website"},"primaryImageOfPage":{"@id":"https:\/\/www.altominho.tv\/site\/2021\/11\/17\/arcos-de-valdevez-apoia-comercio-com-3000-vales-de-desconto\/#primaryimage"},"image":{"@id":"https:\/\/www.altominho.tv\/site\/2021\/11\/17\/arcos-de-valdevez-apoia-comercio-com-3000-vales-de-desconto\/#primaryimage"},"thumbnailUrl":"https:\/\/www.altominho.tv\/site\/wp-content\/uploads\/2021\/11\/vale-natal-Co\u0301pia.png","datePublished":"2021-11-17T12:18:24+00:00","dateModified":"2021-11-17T12:18:29+00:00","author":{"@id":"https:\/\/www.altominho.tv\/site\/#\/schema\/person\/a0e4ef6d041f98ca284393d8f1d97153"},"breadcrumb":{"@id":"https:\/\/www.altominho.tv\/site\/2021\/11\/17\/arcos-de-valdevez-apoia-comercio-com-3000-vales-de-desconto\/#breadcrumb"},"inLanguage":"pt-PT","potentialAction":[{"@type":"ReadAction","target":["https:\/\/www.altominho.tv\/site\/2021\/11\/17\/arcos-de-valdevez-apoia-comercio-com-3000-vales-de-desconto\/"]}]},{"@type":"ImageObject","inLanguage":"pt-PT","@id":"https:\/\/www.altominho.tv\/site\/2021\/11\/17\/arcos-de-valdevez-apoia-comercio-com-3000-vales-de-desconto\/#primaryimage","url":"https:\/\/www.altominho.tv\/site\/wp-content\/uploads\/2021\/11\/vale-natal-Co\u0301pia.png","contentUrl":"https:\/\/www.altominho.tv\/site\/wp-content\/uploads\/2021\/11\/vale-natal-Co\u0301pia.png","width":1024,"height":473},{"@type":"BreadcrumbList","@id":"https:\/\/www.altominho.tv\/site\/2021\/11\/17\/arcos-de-valdevez-apoia-comercio-com-3000-vales-de-desconto\/#breadcrumb","itemListElement":[{"@type":"ListItem","position":1,"name":"In\u00edcio","item":"https:\/\/www.altominho.tv\/site\/"},{"@type":"ListItem","position":2,"name":"Arcos de Valdevez apoia com\u00e9rcio com 3000 vales de desconto"}]},{"@type":"WebSite","@id":"https:\/\/www.altominho.tv\/site\/#website","url":"https:\/\/www.altominho.tv\/site\/","name":"Altominho.tv","description":"A sua regi\u00e3o \u00e0 dist\u00e2ncia de um clique...","potentialAction":[{"@type":"SearchAction","target":{"@type":"EntryPoint","urlTemplate":"https:\/\/www.altominho.tv\/site\/?s={search_term_string}"},"query-input":{"@type":"PropertyValueSpecification","valueRequired":true,"valueName":"search_term_string"}}],"inLanguage":"pt-PT"},{"@type":"Person","@id":"https:\/\/www.altominho.tv\/site\/#\/schema\/person\/a0e4ef6d041f98ca284393d8f1d97153","name":"Andreia Cunha","image":{"@type":"ImageObject","inLanguage":"pt-PT","@id":"https:\/\/www.altominho.tv\/site\/wp-content\/uploads\/2017\/11\/Andreia_Cunha-1-150x150.jpg","url":"https:\/\/www.altominho.tv\/site\/wp-content\/uploads\/2017\/11\/Andreia_Cunha-1-150x150.jpg","contentUrl":"https:\/\/www.altominho.tv\/site\/wp-content\/uploads\/2017\/11\/Andreia_Cunha-1-150x150.jpg","caption":"Andreia Cunha"},"url":"https:\/\/www.altominho.tv\/site\/author\/andreiacunha\/"}]}},"_links":{"self":[{"href":"https:\/\/www.altominho.tv\/site\/wp-json\/wp\/v2\/posts\/72746","targetHints":{"allow":["GET"]}}],"collection":[{"href":"https:\/\/www.altominho.tv\/site\/wp-json\/wp\/v2\/posts"}],"about":[{"href":"https:\/\/www.altominho.tv\/site\/wp-json\/wp\/v2\/types\/post"}],"author":[{"embeddable":true,"href":"https:\/\/www.altominho.tv\/site\/wp-json\/wp\/v2\/users\/7"}],"replies":[{"embeddable":true,"href":"https:\/\/www.altominho.tv\/site\/wp-json\/wp\/v2\/comments?post=72746"}],"version-history":[{"count":0,"href":"https:\/\/www.altominho.tv\/site\/wp-json\/wp\/v2\/posts\/72746\/revisions"}],"wp:featuredmedia":[{"embeddable":true,"href":"https:\/\/www.altominho.tv\/site\/wp-json\/wp\/v2\/media\/72750"}],"wp:attachment":[{"href":"https:\/\/www.altominho.tv\/site\/wp-json\/wp\/v2\/media?parent=72746"}],"wp:term":[{"taxonomy":"category","embeddable":true,"href":"https:\/\/www.altominho.tv\/site\/wp-json\/wp\/v2\/categories?post=72746"},{"taxonomy":"post_tag","embeddable":true,"href":"https:\/\/www.altominho.tv\/site\/wp-json\/wp\/v2\/tags?post=72746"}],"curies":[{"name":"wp","href":"https:\/\/api.w.org\/{rel}","templated":true}]}}