{"id":72734,"date":"2021-11-16T17:36:02","date_gmt":"2021-11-16T17:36:02","guid":{"rendered":"https:\/\/www.altominho.tv\/site\/?p=72734"},"modified":"2021-11-16T17:39:19","modified_gmt":"2021-11-16T17:39:19","slug":"vodafone-paredes-de-coura-anuncia-mais-cinco-nomes-para-2022","status":"publish","type":"post","link":"https:\/\/www.altominho.tv\/site\/2021\/11\/16\/vodafone-paredes-de-coura-anuncia-mais-cinco-nomes-para-2022\/","title":{"rendered":"Vodafone Paredes de Coura anuncia mais cinco nomes para 2022"},"content":{"rendered":"<p>Beach House,\u00a0King Gizzard &amp; The Lizard Wizard,\u00a0Arlo Parks,\u00a0Princess Nokia\u00a0e Indigo De Souza juntam-se ao cartaz da edi\u00e7\u00e3o de 2022 do festival de Paredes de Coura, que decorrer\u00e1 entre os dias 16 e 20 de agosto, junto \u00e0 praia fluvial do Tabo\u00e3o.<\/p>\n<p>Para a 28.\u00aa edi\u00e7\u00e3o do festival j\u00e1 estavam confirmados nomes como Pixies, IDLES, The Blaze, Slowthai, BadBadNotGood, Parque Courts, Ty Segall &amp; Freedom Band, Beabadoobee, Molchat Doma, L\u2019Imp\u00e9ratrice, Yves Tumor, The Comet is Coming, Tommy Cash, Yellow Days, Alex G, Mall Grab, Viagra Boys, Nu Genea Live Band, HAAi e The Murder Capital.<\/p>\n<p>Segundo a organiza\u00e7\u00e3o, os passes gerais para o festival podem ser adquiridos nos locais habituais pelo valor de 120 euros.<\/p>\n","protected":false},"excerpt":{"rendered":"<p>Beach House,\u00a0King Gizzard &amp; The Lizard Wizard,\u00a0Arlo Parks,\u00a0Princess Nokia\u00a0e Indigo De Souza juntam-se ao cartaz da edi\u00e7\u00e3o de 2022 do festival de Paredes de Coura, que decorrer\u00e1 entre os dias 16 e 20 de agosto, junto \u00e0 praia fluvial do Tabo\u00e3o. Para a 28.\u00aa edi\u00e7\u00e3o do festival j\u00e1 estavam confirmados nomes como Pixies, IDLES, The [&hellip;]<\/p>\n","protected":false},"author":12,"featured_media":72741,"comment_status":"closed","ping_status":"closed","sticky":false,"template":"","format":"standard","meta":{"_exactmetrics_skip_tracking":false,"_exactmetrics_sitenote_active":false,"_exactmetrics_sitenote_note":"","_exactmetrics_sitenote_category":0,"footnotes":""},"categories":[10],"tags":[19],"class_list":["post-72734","post","type-post","status-publish","format-standard","has-post-thumbnail","hentry","category-paredes-de-coura","tag-cultura"],"yoast_head":"<!-- This site is optimized with the Yoast SEO Premium plugin v27.4 (Yoast SEO v27.4) - https:\/\/yoast.com\/product\/yoast-seo-premium-wordpress\/ -->\n<title>Vodafone Paredes de Coura anuncia mais cinco nomes para 2022<\/title>\n<meta name=\"robots\" content=\"index, follow, max-snippet:-1, max-image-preview:large, max-video-preview:-1\" \/>\n<link rel=\"canonical\" href=\"https:\/\/www.altominho.tv\/site\/2021\/11\/16\/vodafone-paredes-de-coura-anuncia-mais-cinco-nomes-para-2022\/\" \/>\n<meta property=\"og:locale\" content=\"pt_PT\" \/>\n<meta property=\"og:type\" content=\"article\" \/>\n<meta property=\"og:title\" content=\"Vodafone Paredes de Coura anuncia mais cinco nomes para 2022\" \/>\n<meta property=\"og:description\" content=\"Beach House,\u00a0King Gizzard &amp; The Lizard Wizard,\u00a0Arlo Parks,\u00a0Princess Nokia\u00a0e Indigo De Souza juntam-se ao cartaz da edi\u00e7\u00e3o de 2022 do festival de Paredes de Coura, que decorrer\u00e1 entre os dias 16 e 20 de agosto, junto \u00e0 praia fluvial do Tabo\u00e3o. Para a 28.\u00aa edi\u00e7\u00e3o do festival j\u00e1 estavam confirmados nomes como Pixies, IDLES, The [&hellip;]\" \/>\n<meta property=\"og:url\" content=\"https:\/\/www.altominho.tv\/site\/2021\/11\/16\/vodafone-paredes-de-coura-anuncia-mais-cinco-nomes-para-2022\/\" \/>\n<meta property=\"og:site_name\" content=\"Altominho.tv\" \/>\n<meta property=\"article:publisher\" content=\"https:\/\/www.facebook.com\/altominhotv\" \/>\n<meta property=\"article:published_time\" content=\"2021-11-16T17:36:02+00:00\" \/>\n<meta property=\"article:modified_time\" content=\"2021-11-16T17:39:19+00:00\" \/>\n<meta property=\"og:image\" content=\"https:\/\/www.altominho.tv\/site\/wp-content\/uploads\/2021\/11\/Captura-de-ecra\u0303-2021-11-16-a\u0300s-17.24.10.png\" \/>\n\t<meta property=\"og:image:width\" content=\"1263\" \/>\n\t<meta property=\"og:image:height\" content=\"655\" \/>\n\t<meta property=\"og:image:type\" content=\"image\/png\" \/>\n<meta name=\"author\" content=\"Andreia Ferreira\" \/>\n<meta name=\"twitter:card\" content=\"summary_large_image\" \/>\n<meta name=\"twitter:creator\" content=\"@altominhoTV\" \/>\n<meta name=\"twitter:site\" content=\"@altominhoTV\" \/>\n<meta name=\"twitter:label1\" content=\"Escrito por\" \/>\n\t<meta name=\"twitter:data1\" content=\"Andreia Ferreira\" \/>\n\t<meta name=\"twitter:label2\" content=\"Tempo estimado de leitura\" \/>\n\t<meta name=\"twitter:data2\" content=\"1 minuto\" \/>\n<script type=\"application\/ld+json\" class=\"yoast-schema-graph\">{\"@context\":\"https:\\\/\\\/schema.org\",\"@graph\":[{\"@type\":\"Article\",\"@id\":\"https:\\\/\\\/www.altominho.tv\\\/site\\\/2021\\\/11\\\/16\\\/vodafone-paredes-de-coura-anuncia-mais-cinco-nomes-para-2022\\\/#article\",\"isPartOf\":{\"@id\":\"https:\\\/\\\/www.altominho.tv\\\/site\\\/2021\\\/11\\\/16\\\/vodafone-paredes-de-coura-anuncia-mais-cinco-nomes-para-2022\\\/\"},\"author\":{\"name\":\"Andreia Ferreira\",\"@id\":\"https:\\\/\\\/www.altominho.tv\\\/site\\\/#\\\/schema\\\/person\\\/d9be4265364723f14ea8e0d56a1d38cd\"},\"headline\":\"Vodafone Paredes de Coura anuncia mais cinco nomes para 2022\",\"datePublished\":\"2021-11-16T17:36:02+00:00\",\"dateModified\":\"2021-11-16T17:39:19+00:00\",\"mainEntityOfPage\":{\"@id\":\"https:\\\/\\\/www.altominho.tv\\\/site\\\/2021\\\/11\\\/16\\\/vodafone-paredes-de-coura-anuncia-mais-cinco-nomes-para-2022\\\/\"},\"wordCount\":127,\"image\":{\"@id\":\"https:\\\/\\\/www.altominho.tv\\\/site\\\/2021\\\/11\\\/16\\\/vodafone-paredes-de-coura-anuncia-mais-cinco-nomes-para-2022\\\/#primaryimage\"},\"thumbnailUrl\":\"https:\\\/\\\/www.altominho.tv\\\/site\\\/wp-content\\\/uploads\\\/2021\\\/11\\\/Captura-de-ecra\u0303-2021-11-16-a\u0300s-17.24.10.png\",\"keywords\":[\"Cultura\"],\"articleSection\":[\"Paredes de Coura\"],\"inLanguage\":\"pt-PT\",\"copyrightYear\":\"2021\",\"copyrightHolder\":{\"@id\":\"https:\\\/\\\/www.altominho.tv\\\/site\\\/#organization\"}},{\"@type\":\"WebPage\",\"@id\":\"https:\\\/\\\/www.altominho.tv\\\/site\\\/2021\\\/11\\\/16\\\/vodafone-paredes-de-coura-anuncia-mais-cinco-nomes-para-2022\\\/\",\"url\":\"https:\\\/\\\/www.altominho.tv\\\/site\\\/2021\\\/11\\\/16\\\/vodafone-paredes-de-coura-anuncia-mais-cinco-nomes-para-2022\\\/\",\"name\":\"Vodafone Paredes de Coura anuncia mais cinco nomes para 2022\",\"isPartOf\":{\"@id\":\"https:\\\/\\\/www.altominho.tv\\\/site\\\/#website\"},\"primaryImageOfPage\":{\"@id\":\"https:\\\/\\\/www.altominho.tv\\\/site\\\/2021\\\/11\\\/16\\\/vodafone-paredes-de-coura-anuncia-mais-cinco-nomes-para-2022\\\/#primaryimage\"},\"image\":{\"@id\":\"https:\\\/\\\/www.altominho.tv\\\/site\\\/2021\\\/11\\\/16\\\/vodafone-paredes-de-coura-anuncia-mais-cinco-nomes-para-2022\\\/#primaryimage\"},\"thumbnailUrl\":\"https:\\\/\\\/www.altominho.tv\\\/site\\\/wp-content\\\/uploads\\\/2021\\\/11\\\/Captura-de-ecra\u0303-2021-11-16-a\u0300s-17.24.10.png\",\"datePublished\":\"2021-11-16T17:36:02+00:00\",\"dateModified\":\"2021-11-16T17:39:19+00:00\",\"author\":{\"@id\":\"https:\\\/\\\/www.altominho.tv\\\/site\\\/#\\\/schema\\\/person\\\/d9be4265364723f14ea8e0d56a1d38cd\"},\"breadcrumb\":{\"@id\":\"https:\\\/\\\/www.altominho.tv\\\/site\\\/2021\\\/11\\\/16\\\/vodafone-paredes-de-coura-anuncia-mais-cinco-nomes-para-2022\\\/#breadcrumb\"},\"inLanguage\":\"pt-PT\",\"potentialAction\":[{\"@type\":\"ReadAction\",\"target\":[\"https:\\\/\\\/www.altominho.tv\\\/site\\\/2021\\\/11\\\/16\\\/vodafone-paredes-de-coura-anuncia-mais-cinco-nomes-para-2022\\\/\"]}]},{\"@type\":\"ImageObject\",\"inLanguage\":\"pt-PT\",\"@id\":\"https:\\\/\\\/www.altominho.tv\\\/site\\\/2021\\\/11\\\/16\\\/vodafone-paredes-de-coura-anuncia-mais-cinco-nomes-para-2022\\\/#primaryimage\",\"url\":\"https:\\\/\\\/www.altominho.tv\\\/site\\\/wp-content\\\/uploads\\\/2021\\\/11\\\/Captura-de-ecra\u0303-2021-11-16-a\u0300s-17.24.10.png\",\"contentUrl\":\"https:\\\/\\\/www.altominho.tv\\\/site\\\/wp-content\\\/uploads\\\/2021\\\/11\\\/Captura-de-ecra\u0303-2021-11-16-a\u0300s-17.24.10.png\",\"width\":1263,\"height\":655},{\"@type\":\"BreadcrumbList\",\"@id\":\"https:\\\/\\\/www.altominho.tv\\\/site\\\/2021\\\/11\\\/16\\\/vodafone-paredes-de-coura-anuncia-mais-cinco-nomes-para-2022\\\/#breadcrumb\",\"itemListElement\":[{\"@type\":\"ListItem\",\"position\":1,\"name\":\"In\u00edcio\",\"item\":\"https:\\\/\\\/www.altominho.tv\\\/site\\\/\"},{\"@type\":\"ListItem\",\"position\":2,\"name\":\"Vodafone Paredes de Coura anuncia mais cinco nomes para 2022\"}]},{\"@type\":\"WebSite\",\"@id\":\"https:\\\/\\\/www.altominho.tv\\\/site\\\/#website\",\"url\":\"https:\\\/\\\/www.altominho.tv\\\/site\\\/\",\"name\":\"Altominho.tv\",\"description\":\"A sua regi\u00e3o \u00e0 dist\u00e2ncia de um clique...\",\"potentialAction\":[{\"@type\":\"SearchAction\",\"target\":{\"@type\":\"EntryPoint\",\"urlTemplate\":\"https:\\\/\\\/www.altominho.tv\\\/site\\\/?s={search_term_string}\"},\"query-input\":{\"@type\":\"PropertyValueSpecification\",\"valueRequired\":true,\"valueName\":\"search_term_string\"}}],\"inLanguage\":\"pt-PT\"},{\"@type\":\"Person\",\"@id\":\"https:\\\/\\\/www.altominho.tv\\\/site\\\/#\\\/schema\\\/person\\\/d9be4265364723f14ea8e0d56a1d38cd\",\"name\":\"Andreia Ferreira\",\"image\":{\"@type\":\"ImageObject\",\"inLanguage\":\"pt-PT\",\"@id\":\"https:\\\/\\\/www.altominho.tv\\\/site\\\/wp-content\\\/uploads\\\/2021\\\/01\\\/AndreiaFerreira-150x150.jpg\",\"url\":\"https:\\\/\\\/www.altominho.tv\\\/site\\\/wp-content\\\/uploads\\\/2021\\\/01\\\/AndreiaFerreira-150x150.jpg\",\"contentUrl\":\"https:\\\/\\\/www.altominho.tv\\\/site\\\/wp-content\\\/uploads\\\/2021\\\/01\\\/AndreiaFerreira-150x150.jpg\",\"caption\":\"Andreia Ferreira\"},\"url\":\"https:\\\/\\\/www.altominho.tv\\\/site\\\/author\\\/andreiaferreira\\\/\"}]}<\/script>\n<!-- \/ Yoast SEO Premium plugin. -->","yoast_head_json":{"title":"Vodafone Paredes de Coura anuncia mais cinco nomes para 2022","robots":{"index":"index","follow":"follow","max-snippet":"max-snippet:-1","max-image-preview":"max-image-preview:large","max-video-preview":"max-video-preview:-1"},"canonical":"https:\/\/www.altominho.tv\/site\/2021\/11\/16\/vodafone-paredes-de-coura-anuncia-mais-cinco-nomes-para-2022\/","og_locale":"pt_PT","og_type":"article","og_title":"Vodafone Paredes de Coura anuncia mais cinco nomes para 2022","og_description":"Beach House,\u00a0King Gizzard &amp; The Lizard Wizard,\u00a0Arlo Parks,\u00a0Princess Nokia\u00a0e Indigo De Souza juntam-se ao cartaz da edi\u00e7\u00e3o de 2022 do festival de Paredes de Coura, que decorrer\u00e1 entre os dias 16 e 20 de agosto, junto \u00e0 praia fluvial do Tabo\u00e3o. Para a 28.\u00aa edi\u00e7\u00e3o do festival j\u00e1 estavam confirmados nomes como Pixies, IDLES, The [&hellip;]","og_url":"https:\/\/www.altominho.tv\/site\/2021\/11\/16\/vodafone-paredes-de-coura-anuncia-mais-cinco-nomes-para-2022\/","og_site_name":"Altominho.tv","article_publisher":"https:\/\/www.facebook.com\/altominhotv","article_published_time":"2021-11-16T17:36:02+00:00","article_modified_time":"2021-11-16T17:39:19+00:00","og_image":[{"width":1263,"height":655,"url":"https:\/\/www.altominho.tv\/site\/wp-content\/uploads\/2021\/11\/Captura-de-ecra\u0303-2021-11-16-a\u0300s-17.24.10.png","type":"image\/png"}],"author":"Andreia Ferreira","twitter_card":"summary_large_image","twitter_creator":"@altominhoTV","twitter_site":"@altominhoTV","twitter_misc":{"Escrito por":"Andreia Ferreira","Tempo estimado de leitura":"1 minuto"},"schema":{"@context":"https:\/\/schema.org","@graph":[{"@type":"Article","@id":"https:\/\/www.altominho.tv\/site\/2021\/11\/16\/vodafone-paredes-de-coura-anuncia-mais-cinco-nomes-para-2022\/#article","isPartOf":{"@id":"https:\/\/www.altominho.tv\/site\/2021\/11\/16\/vodafone-paredes-de-coura-anuncia-mais-cinco-nomes-para-2022\/"},"author":{"name":"Andreia Ferreira","@id":"https:\/\/www.altominho.tv\/site\/#\/schema\/person\/d9be4265364723f14ea8e0d56a1d38cd"},"headline":"Vodafone Paredes de Coura anuncia mais cinco nomes para 2022","datePublished":"2021-11-16T17:36:02+00:00","dateModified":"2021-11-16T17:39:19+00:00","mainEntityOfPage":{"@id":"https:\/\/www.altominho.tv\/site\/2021\/11\/16\/vodafone-paredes-de-coura-anuncia-mais-cinco-nomes-para-2022\/"},"wordCount":127,"image":{"@id":"https:\/\/www.altominho.tv\/site\/2021\/11\/16\/vodafone-paredes-de-coura-anuncia-mais-cinco-nomes-para-2022\/#primaryimage"},"thumbnailUrl":"https:\/\/www.altominho.tv\/site\/wp-content\/uploads\/2021\/11\/Captura-de-ecra\u0303-2021-11-16-a\u0300s-17.24.10.png","keywords":["Cultura"],"articleSection":["Paredes de Coura"],"inLanguage":"pt-PT","copyrightYear":"2021","copyrightHolder":{"@id":"https:\/\/www.altominho.tv\/site\/#organization"}},{"@type":"WebPage","@id":"https:\/\/www.altominho.tv\/site\/2021\/11\/16\/vodafone-paredes-de-coura-anuncia-mais-cinco-nomes-para-2022\/","url":"https:\/\/www.altominho.tv\/site\/2021\/11\/16\/vodafone-paredes-de-coura-anuncia-mais-cinco-nomes-para-2022\/","name":"Vodafone Paredes de Coura anuncia mais cinco nomes para 2022","isPartOf":{"@id":"https:\/\/www.altominho.tv\/site\/#website"},"primaryImageOfPage":{"@id":"https:\/\/www.altominho.tv\/site\/2021\/11\/16\/vodafone-paredes-de-coura-anuncia-mais-cinco-nomes-para-2022\/#primaryimage"},"image":{"@id":"https:\/\/www.altominho.tv\/site\/2021\/11\/16\/vodafone-paredes-de-coura-anuncia-mais-cinco-nomes-para-2022\/#primaryimage"},"thumbnailUrl":"https:\/\/www.altominho.tv\/site\/wp-content\/uploads\/2021\/11\/Captura-de-ecra\u0303-2021-11-16-a\u0300s-17.24.10.png","datePublished":"2021-11-16T17:36:02+00:00","dateModified":"2021-11-16T17:39:19+00:00","author":{"@id":"https:\/\/www.altominho.tv\/site\/#\/schema\/person\/d9be4265364723f14ea8e0d56a1d38cd"},"breadcrumb":{"@id":"https:\/\/www.altominho.tv\/site\/2021\/11\/16\/vodafone-paredes-de-coura-anuncia-mais-cinco-nomes-para-2022\/#breadcrumb"},"inLanguage":"pt-PT","potentialAction":[{"@type":"ReadAction","target":["https:\/\/www.altominho.tv\/site\/2021\/11\/16\/vodafone-paredes-de-coura-anuncia-mais-cinco-nomes-para-2022\/"]}]},{"@type":"ImageObject","inLanguage":"pt-PT","@id":"https:\/\/www.altominho.tv\/site\/2021\/11\/16\/vodafone-paredes-de-coura-anuncia-mais-cinco-nomes-para-2022\/#primaryimage","url":"https:\/\/www.altominho.tv\/site\/wp-content\/uploads\/2021\/11\/Captura-de-ecra\u0303-2021-11-16-a\u0300s-17.24.10.png","contentUrl":"https:\/\/www.altominho.tv\/site\/wp-content\/uploads\/2021\/11\/Captura-de-ecra\u0303-2021-11-16-a\u0300s-17.24.10.png","width":1263,"height":655},{"@type":"BreadcrumbList","@id":"https:\/\/www.altominho.tv\/site\/2021\/11\/16\/vodafone-paredes-de-coura-anuncia-mais-cinco-nomes-para-2022\/#breadcrumb","itemListElement":[{"@type":"ListItem","position":1,"name":"In\u00edcio","item":"https:\/\/www.altominho.tv\/site\/"},{"@type":"ListItem","position":2,"name":"Vodafone Paredes de Coura anuncia mais cinco nomes para 2022"}]},{"@type":"WebSite","@id":"https:\/\/www.altominho.tv\/site\/#website","url":"https:\/\/www.altominho.tv\/site\/","name":"Altominho.tv","description":"A sua regi\u00e3o \u00e0 dist\u00e2ncia de um clique...","potentialAction":[{"@type":"SearchAction","target":{"@type":"EntryPoint","urlTemplate":"https:\/\/www.altominho.tv\/site\/?s={search_term_string}"},"query-input":{"@type":"PropertyValueSpecification","valueRequired":true,"valueName":"search_term_string"}}],"inLanguage":"pt-PT"},{"@type":"Person","@id":"https:\/\/www.altominho.tv\/site\/#\/schema\/person\/d9be4265364723f14ea8e0d56a1d38cd","name":"Andreia Ferreira","image":{"@type":"ImageObject","inLanguage":"pt-PT","@id":"https:\/\/www.altominho.tv\/site\/wp-content\/uploads\/2021\/01\/AndreiaFerreira-150x150.jpg","url":"https:\/\/www.altominho.tv\/site\/wp-content\/uploads\/2021\/01\/AndreiaFerreira-150x150.jpg","contentUrl":"https:\/\/www.altominho.tv\/site\/wp-content\/uploads\/2021\/01\/AndreiaFerreira-150x150.jpg","caption":"Andreia Ferreira"},"url":"https:\/\/www.altominho.tv\/site\/author\/andreiaferreira\/"}]}},"_links":{"self":[{"href":"https:\/\/www.altominho.tv\/site\/wp-json\/wp\/v2\/posts\/72734","targetHints":{"allow":["GET"]}}],"collection":[{"href":"https:\/\/www.altominho.tv\/site\/wp-json\/wp\/v2\/posts"}],"about":[{"href":"https:\/\/www.altominho.tv\/site\/wp-json\/wp\/v2\/types\/post"}],"author":[{"embeddable":true,"href":"https:\/\/www.altominho.tv\/site\/wp-json\/wp\/v2\/users\/12"}],"replies":[{"embeddable":true,"href":"https:\/\/www.altominho.tv\/site\/wp-json\/wp\/v2\/comments?post=72734"}],"version-history":[{"count":0,"href":"https:\/\/www.altominho.tv\/site\/wp-json\/wp\/v2\/posts\/72734\/revisions"}],"wp:featuredmedia":[{"embeddable":true,"href":"https:\/\/www.altominho.tv\/site\/wp-json\/wp\/v2\/media\/72741"}],"wp:attachment":[{"href":"https:\/\/www.altominho.tv\/site\/wp-json\/wp\/v2\/media?parent=72734"}],"wp:term":[{"taxonomy":"category","embeddable":true,"href":"https:\/\/www.altominho.tv\/site\/wp-json\/wp\/v2\/categories?post=72734"},{"taxonomy":"post_tag","embeddable":true,"href":"https:\/\/www.altominho.tv\/site\/wp-json\/wp\/v2\/tags?post=72734"}],"curies":[{"name":"wp","href":"https:\/\/api.w.org\/{rel}","templated":true}]}}