{"id":72601,"date":"2021-11-12T16:57:36","date_gmt":"2021-11-12T16:57:36","guid":{"rendered":"https:\/\/www.altominho.tv\/site\/?p=72601"},"modified":"2021-11-12T17:01:57","modified_gmt":"2021-11-12T17:01:57","slug":"alto-minho-com-mais-68-recuperados-casos-ativos-descem-para-190","status":"publish","type":"post","link":"https:\/\/www.altominho.tv\/site\/2021\/11\/12\/alto-minho-com-mais-68-recuperados-casos-ativos-descem-para-190\/","title":{"rendered":"Alto Minho com mais 68 recuperados. Casos ativos descem para 190"},"content":{"rendered":"<p>A regi\u00e3o do Alto Minho registou, desde a passada quarta-feira, 43 novos casos de infe\u00e7\u00e3o pelo coronav\u00edrus SARS-CoV-2 e 68 recuperados. O n\u00famero de casos ativos desceu para 190, de acordo com os dados mais recentes da Unidade Local de Sa\u00fade do Alto Minho (ULSAM).<\/p>\n<p>O relat\u00f3rio da situa\u00e7\u00e3o epidemiol\u00f3gica divulgado esta sexta-feira indica que o distrito de Viana do Castelo contabiliza um total de 22.066 casos confirmados, 437 \u00f3bitos e 21.439 recuperados desde o in\u00edcio da pandemia.<\/p>\n<p>O concelho de Viana do Castelo continua a ter o maior n\u00famero de infe\u00e7\u00f5es ativas, agora com 82. Nos \u00faltimos dois dias, foram confirmados 18 novos casos e 37 recuperados.<\/p>\n<p>Com 43 infetados, Ponte de Lima \u00e9 o segundo concelho com mais casos. H\u00e1 registo de oito novas infe\u00e7\u00f5es e nove casos recuperados.<\/p>\n<p>O concelho de Arcos de Valdevez somou dois casos de infe\u00e7\u00e3o e sete casos de recupera\u00e7\u00e3o, num total de 29 infetados.<\/p>\n<p>Em Valen\u00e7a, registaram-se oito novos casos e uma pessoa foi dada como recuperada. Est\u00e3o agora ativos 12 casos.<\/p>\n<p>Ponte da Barca tem 11 infetados, ap\u00f3s confirma\u00e7\u00e3o de mais quatro recuperados. A ULSAM retificou o n\u00famero total de casos confirmados, passando de 1295 no \u00faltimo relat\u00f3rio para 1294.<\/p>\n<p>Mais um caso positivo confirmado em Caminha, que tem ainda tr\u00eas recuperados. O n\u00famero de casos ativos desceu para cinco.<\/p>\n<p>O concelho de Vila Nova de Cerveira registou quatro infe\u00e7\u00f5es e mais duas pessoas recuperaram da doen\u00e7a, num total de quatro infetados.<\/p>\n<p>Mais uma pessoa testou positivo \u00e0 Covid-19 em Paredes de Coura e o n\u00famero de casos ativos subiu para dois.<\/p>\n<p>H\u00e1 mais um caso confirmado no concelho de Mon\u00e7\u00e3o, que registou tamb\u00e9m cinco recuperados. Tem apenas um caso ativo.<\/p>\n<p>Com um novo caso de Covid-19, Melga\u00e7o passou a ter um infetado.<\/p>\n\n\n<figure class=\"wp-block-image size-large\"><img loading=\"lazy\" decoding=\"async\" width=\"784\" height=\"1024\" src=\"https:\/\/www.altominho.tv\/site\/wp-content\/uploads\/2021\/11\/relatorio-1-784x1024.jpg\" alt=\"\" class=\"wp-image-72605\" srcset=\"https:\/\/www.altominho.tv\/site\/wp-content\/uploads\/2021\/11\/relatorio-1-784x1024.jpg 784w, https:\/\/www.altominho.tv\/site\/wp-content\/uploads\/2021\/11\/relatorio-1-331x433.jpg 331w, https:\/\/www.altominho.tv\/site\/wp-content\/uploads\/2021\/11\/relatorio-1-768x1004.jpg 768w, https:\/\/www.altominho.tv\/site\/wp-content\/uploads\/2021\/11\/relatorio-1-370x483.jpg 370w, https:\/\/www.altominho.tv\/site\/wp-content\/uploads\/2021\/11\/relatorio-1-270x353.jpg 270w, https:\/\/www.altominho.tv\/site\/wp-content\/uploads\/2021\/11\/relatorio-1-570x745.jpg 570w, https:\/\/www.altominho.tv\/site\/wp-content\/uploads\/2021\/11\/relatorio-1-740x967.jpg 740w, https:\/\/www.altominho.tv\/site\/wp-content\/uploads\/2021\/11\/relatorio-1.jpg 1027w\" sizes=\"auto, (max-width: 784px) 100vw, 784px\" \/><figcaption>ULSAM<\/figcaption><\/figure>\n","protected":false},"excerpt":{"rendered":"<p>A regi\u00e3o do Alto Minho registou, desde a passada quarta-feira, 43 novos casos de infe\u00e7\u00e3o pelo coronav\u00edrus SARS-CoV-2 e 68 recuperados. O n\u00famero de casos ativos desceu para 190, de acordo com os dados mais recentes da Unidade Local de Sa\u00fade do Alto Minho (ULSAM). O relat\u00f3rio da situa\u00e7\u00e3o epidemiol\u00f3gica divulgado esta sexta-feira indica que [&hellip;]<\/p>\n","protected":false},"author":12,"featured_media":71142,"comment_status":"closed","ping_status":"closed","sticky":false,"template":"","format":"standard","meta":{"_exactmetrics_skip_tracking":false,"footnotes":""},"categories":[73],"tags":[26,27],"class_list":["post-72601","post","type-post","status-publish","format-standard","has-post-thumbnail","hentry","category-alto-minho","tag-saude","tag-sociedade"],"yoast_head":"<!-- This site is optimized with the Yoast SEO Premium plugin v28.3 (Yoast SEO v28.3) - https:\/\/yoast.com\/product\/yoast-seo-premium-wordpress\/ -->\n<title>Alto Minho com mais 68 recuperados. Casos ativos descem para 190<\/title>\n<meta name=\"robots\" content=\"index, follow, max-snippet:-1, max-image-preview:large, max-video-preview:-1\" \/>\n<link rel=\"canonical\" href=\"https:\/\/www.altominho.tv\/site\/2021\/11\/12\/alto-minho-com-mais-68-recuperados-casos-ativos-descem-para-190\/\" \/>\n<meta property=\"og:locale\" content=\"pt_PT\" \/>\n<meta property=\"og:type\" content=\"article\" \/>\n<meta property=\"og:title\" content=\"Alto Minho com mais 68 recuperados. Casos ativos descem para 190\" \/>\n<meta property=\"og:description\" content=\"A regi\u00e3o do Alto Minho registou, desde a passada quarta-feira, 43 novos casos de infe\u00e7\u00e3o pelo coronav\u00edrus SARS-CoV-2 e 68 recuperados. O n\u00famero de casos ativos desceu para 190, de acordo com os dados mais recentes da Unidade Local de Sa\u00fade do Alto Minho (ULSAM). O relat\u00f3rio da situa\u00e7\u00e3o epidemiol\u00f3gica divulgado esta sexta-feira indica que [&hellip;]\" \/>\n<meta property=\"og:url\" content=\"https:\/\/www.altominho.tv\/site\/2021\/11\/12\/alto-minho-com-mais-68-recuperados-casos-ativos-descem-para-190\/\" \/>\n<meta property=\"og:site_name\" content=\"Altominho.tv\" \/>\n<meta property=\"article:publisher\" content=\"https:\/\/www.facebook.com\/altominhotv\" \/>\n<meta property=\"article:published_time\" content=\"2021-11-12T16:57:36+00:00\" \/>\n<meta property=\"article:modified_time\" content=\"2021-11-12T17:01:57+00:00\" \/>\n<meta property=\"og:image\" content=\"https:\/\/www.altominho.tv\/site\/wp-content\/uploads\/2021\/09\/VianaCastelo.jpg\" \/>\n\t<meta property=\"og:image:width\" content=\"1605\" \/>\n\t<meta property=\"og:image:height\" content=\"748\" \/>\n\t<meta property=\"og:image:type\" content=\"image\/jpeg\" \/>\n<meta name=\"author\" content=\"Andreia Ferreira\" \/>\n<meta name=\"twitter:card\" content=\"summary_large_image\" \/>\n<meta name=\"twitter:creator\" content=\"@altominhoTV\" \/>\n<meta name=\"twitter:site\" content=\"@altominhoTV\" \/>\n<meta name=\"twitter:label1\" content=\"Escrito por\" \/>\n\t<meta name=\"twitter:data1\" content=\"Andreia Ferreira\" \/>\n\t<meta name=\"twitter:label2\" content=\"Tempo estimado de leitura\" \/>\n\t<meta name=\"twitter:data2\" content=\"2 minutos\" \/>\n<script type=\"application\/ld+json\" class=\"yoast-schema-graph\">{\"@context\":\"https:\\\/\\\/schema.org\",\"@graph\":[{\"@type\":\"Article\",\"@id\":\"https:\\\/\\\/www.altominho.tv\\\/site\\\/2021\\\/11\\\/12\\\/alto-minho-com-mais-68-recuperados-casos-ativos-descem-para-190\\\/#article\",\"isPartOf\":{\"@id\":\"https:\\\/\\\/www.altominho.tv\\\/site\\\/2021\\\/11\\\/12\\\/alto-minho-com-mais-68-recuperados-casos-ativos-descem-para-190\\\/\"},\"author\":{\"name\":\"Andreia Ferreira\",\"@id\":\"https:\\\/\\\/www.altominho.tv\\\/site\\\/#\\\/schema\\\/person\\\/d9be4265364723f14ea8e0d56a1d38cd\"},\"headline\":\"Alto Minho com mais 68 recuperados. Casos ativos descem para 190\",\"datePublished\":\"2021-11-12T16:57:36+00:00\",\"dateModified\":\"2021-11-12T17:01:57+00:00\",\"mainEntityOfPage\":{\"@id\":\"https:\\\/\\\/www.altominho.tv\\\/site\\\/2021\\\/11\\\/12\\\/alto-minho-com-mais-68-recuperados-casos-ativos-descem-para-190\\\/\"},\"wordCount\":313,\"image\":{\"@id\":\"https:\\\/\\\/www.altominho.tv\\\/site\\\/2021\\\/11\\\/12\\\/alto-minho-com-mais-68-recuperados-casos-ativos-descem-para-190\\\/#primaryimage\"},\"thumbnailUrl\":\"https:\\\/\\\/www.altominho.tv\\\/site\\\/wp-content\\\/uploads\\\/2021\\\/09\\\/VianaCastelo.jpg\",\"keywords\":[\"Sa\u00fade\",\"Sociedade\"],\"articleSection\":[\"Alto Minho\"],\"inLanguage\":\"pt-PT\",\"copyrightYear\":\"2021\",\"copyrightHolder\":{\"@id\":\"https:\\\/\\\/www.altominho.tv\\\/site\\\/#organization\"}},{\"@type\":\"WebPage\",\"@id\":\"https:\\\/\\\/www.altominho.tv\\\/site\\\/2021\\\/11\\\/12\\\/alto-minho-com-mais-68-recuperados-casos-ativos-descem-para-190\\\/\",\"url\":\"https:\\\/\\\/www.altominho.tv\\\/site\\\/2021\\\/11\\\/12\\\/alto-minho-com-mais-68-recuperados-casos-ativos-descem-para-190\\\/\",\"name\":\"Alto Minho com mais 68 recuperados. Casos ativos descem para 190\",\"isPartOf\":{\"@id\":\"https:\\\/\\\/www.altominho.tv\\\/site\\\/#website\"},\"primaryImageOfPage\":{\"@id\":\"https:\\\/\\\/www.altominho.tv\\\/site\\\/2021\\\/11\\\/12\\\/alto-minho-com-mais-68-recuperados-casos-ativos-descem-para-190\\\/#primaryimage\"},\"image\":{\"@id\":\"https:\\\/\\\/www.altominho.tv\\\/site\\\/2021\\\/11\\\/12\\\/alto-minho-com-mais-68-recuperados-casos-ativos-descem-para-190\\\/#primaryimage\"},\"thumbnailUrl\":\"https:\\\/\\\/www.altominho.tv\\\/site\\\/wp-content\\\/uploads\\\/2021\\\/09\\\/VianaCastelo.jpg\",\"datePublished\":\"2021-11-12T16:57:36+00:00\",\"dateModified\":\"2021-11-12T17:01:57+00:00\",\"author\":{\"@id\":\"https:\\\/\\\/www.altominho.tv\\\/site\\\/#\\\/schema\\\/person\\\/d9be4265364723f14ea8e0d56a1d38cd\"},\"breadcrumb\":{\"@id\":\"https:\\\/\\\/www.altominho.tv\\\/site\\\/2021\\\/11\\\/12\\\/alto-minho-com-mais-68-recuperados-casos-ativos-descem-para-190\\\/#breadcrumb\"},\"inLanguage\":\"pt-PT\",\"potentialAction\":[{\"@type\":\"ReadAction\",\"target\":[\"https:\\\/\\\/www.altominho.tv\\\/site\\\/2021\\\/11\\\/12\\\/alto-minho-com-mais-68-recuperados-casos-ativos-descem-para-190\\\/\"]}]},{\"@type\":\"ImageObject\",\"inLanguage\":\"pt-PT\",\"@id\":\"https:\\\/\\\/www.altominho.tv\\\/site\\\/2021\\\/11\\\/12\\\/alto-minho-com-mais-68-recuperados-casos-ativos-descem-para-190\\\/#primaryimage\",\"url\":\"https:\\\/\\\/www.altominho.tv\\\/site\\\/wp-content\\\/uploads\\\/2021\\\/09\\\/VianaCastelo.jpg\",\"contentUrl\":\"https:\\\/\\\/www.altominho.tv\\\/site\\\/wp-content\\\/uploads\\\/2021\\\/09\\\/VianaCastelo.jpg\",\"width\":1605,\"height\":748},{\"@type\":\"BreadcrumbList\",\"@id\":\"https:\\\/\\\/www.altominho.tv\\\/site\\\/2021\\\/11\\\/12\\\/alto-minho-com-mais-68-recuperados-casos-ativos-descem-para-190\\\/#breadcrumb\",\"itemListElement\":[{\"@type\":\"ListItem\",\"position\":1,\"name\":\"In\u00edcio\",\"item\":\"https:\\\/\\\/www.altominho.tv\\\/site\\\/\"},{\"@type\":\"ListItem\",\"position\":2,\"name\":\"Alto Minho com mais 68 recuperados. Casos ativos descem para 190\"}]},{\"@type\":\"WebSite\",\"@id\":\"https:\\\/\\\/www.altominho.tv\\\/site\\\/#website\",\"url\":\"https:\\\/\\\/www.altominho.tv\\\/site\\\/\",\"name\":\"Altominho.tv\",\"description\":\"A sua regi\u00e3o \u00e0 dist\u00e2ncia de um clique...\",\"potentialAction\":[{\"@type\":\"SearchAction\",\"target\":{\"@type\":\"EntryPoint\",\"urlTemplate\":\"https:\\\/\\\/www.altominho.tv\\\/site\\\/?s={search_term_string}\"},\"query-input\":{\"@type\":\"PropertyValueSpecification\",\"valueRequired\":true,\"valueName\":\"search_term_string\"}}],\"inLanguage\":\"pt-PT\"},{\"@type\":\"Person\",\"@id\":\"https:\\\/\\\/www.altominho.tv\\\/site\\\/#\\\/schema\\\/person\\\/d9be4265364723f14ea8e0d56a1d38cd\",\"name\":\"Andreia Ferreira\",\"image\":{\"@type\":\"ImageObject\",\"inLanguage\":\"pt-PT\",\"@id\":\"https:\\\/\\\/www.altominho.tv\\\/site\\\/wp-content\\\/uploads\\\/2021\\\/01\\\/AndreiaFerreira-150x150.jpg\",\"url\":\"https:\\\/\\\/www.altominho.tv\\\/site\\\/wp-content\\\/uploads\\\/2021\\\/01\\\/AndreiaFerreira-150x150.jpg\",\"contentUrl\":\"https:\\\/\\\/www.altominho.tv\\\/site\\\/wp-content\\\/uploads\\\/2021\\\/01\\\/AndreiaFerreira-150x150.jpg\",\"caption\":\"Andreia Ferreira\"},\"url\":\"https:\\\/\\\/www.altominho.tv\\\/site\\\/author\\\/andreiaferreira\\\/\"}]}<\/script>\n<!-- \/ Yoast SEO Premium plugin. -->","yoast_head_json":{"title":"Alto Minho com mais 68 recuperados. Casos ativos descem para 190","robots":{"index":"index","follow":"follow","max-snippet":"max-snippet:-1","max-image-preview":"max-image-preview:large","max-video-preview":"max-video-preview:-1"},"canonical":"https:\/\/www.altominho.tv\/site\/2021\/11\/12\/alto-minho-com-mais-68-recuperados-casos-ativos-descem-para-190\/","og_locale":"pt_PT","og_type":"article","og_title":"Alto Minho com mais 68 recuperados. Casos ativos descem para 190","og_description":"A regi\u00e3o do Alto Minho registou, desde a passada quarta-feira, 43 novos casos de infe\u00e7\u00e3o pelo coronav\u00edrus SARS-CoV-2 e 68 recuperados. O n\u00famero de casos ativos desceu para 190, de acordo com os dados mais recentes da Unidade Local de Sa\u00fade do Alto Minho (ULSAM). O relat\u00f3rio da situa\u00e7\u00e3o epidemiol\u00f3gica divulgado esta sexta-feira indica que [&hellip;]","og_url":"https:\/\/www.altominho.tv\/site\/2021\/11\/12\/alto-minho-com-mais-68-recuperados-casos-ativos-descem-para-190\/","og_site_name":"Altominho.tv","article_publisher":"https:\/\/www.facebook.com\/altominhotv","article_published_time":"2021-11-12T16:57:36+00:00","article_modified_time":"2021-11-12T17:01:57+00:00","og_image":[{"width":1605,"height":748,"url":"https:\/\/www.altominho.tv\/site\/wp-content\/uploads\/2021\/09\/VianaCastelo.jpg","type":"image\/jpeg"}],"author":"Andreia Ferreira","twitter_card":"summary_large_image","twitter_creator":"@altominhoTV","twitter_site":"@altominhoTV","twitter_misc":{"Escrito por":"Andreia Ferreira","Tempo estimado de leitura":"2 minutos"},"schema":{"@context":"https:\/\/schema.org","@graph":[{"@type":"Article","@id":"https:\/\/www.altominho.tv\/site\/2021\/11\/12\/alto-minho-com-mais-68-recuperados-casos-ativos-descem-para-190\/#article","isPartOf":{"@id":"https:\/\/www.altominho.tv\/site\/2021\/11\/12\/alto-minho-com-mais-68-recuperados-casos-ativos-descem-para-190\/"},"author":{"name":"Andreia Ferreira","@id":"https:\/\/www.altominho.tv\/site\/#\/schema\/person\/d9be4265364723f14ea8e0d56a1d38cd"},"headline":"Alto Minho com mais 68 recuperados. Casos ativos descem para 190","datePublished":"2021-11-12T16:57:36+00:00","dateModified":"2021-11-12T17:01:57+00:00","mainEntityOfPage":{"@id":"https:\/\/www.altominho.tv\/site\/2021\/11\/12\/alto-minho-com-mais-68-recuperados-casos-ativos-descem-para-190\/"},"wordCount":313,"image":{"@id":"https:\/\/www.altominho.tv\/site\/2021\/11\/12\/alto-minho-com-mais-68-recuperados-casos-ativos-descem-para-190\/#primaryimage"},"thumbnailUrl":"https:\/\/www.altominho.tv\/site\/wp-content\/uploads\/2021\/09\/VianaCastelo.jpg","keywords":["Sa\u00fade","Sociedade"],"articleSection":["Alto Minho"],"inLanguage":"pt-PT","copyrightYear":"2021","copyrightHolder":{"@id":"https:\/\/www.altominho.tv\/site\/#organization"}},{"@type":"WebPage","@id":"https:\/\/www.altominho.tv\/site\/2021\/11\/12\/alto-minho-com-mais-68-recuperados-casos-ativos-descem-para-190\/","url":"https:\/\/www.altominho.tv\/site\/2021\/11\/12\/alto-minho-com-mais-68-recuperados-casos-ativos-descem-para-190\/","name":"Alto Minho com mais 68 recuperados. Casos ativos descem para 190","isPartOf":{"@id":"https:\/\/www.altominho.tv\/site\/#website"},"primaryImageOfPage":{"@id":"https:\/\/www.altominho.tv\/site\/2021\/11\/12\/alto-minho-com-mais-68-recuperados-casos-ativos-descem-para-190\/#primaryimage"},"image":{"@id":"https:\/\/www.altominho.tv\/site\/2021\/11\/12\/alto-minho-com-mais-68-recuperados-casos-ativos-descem-para-190\/#primaryimage"},"thumbnailUrl":"https:\/\/www.altominho.tv\/site\/wp-content\/uploads\/2021\/09\/VianaCastelo.jpg","datePublished":"2021-11-12T16:57:36+00:00","dateModified":"2021-11-12T17:01:57+00:00","author":{"@id":"https:\/\/www.altominho.tv\/site\/#\/schema\/person\/d9be4265364723f14ea8e0d56a1d38cd"},"breadcrumb":{"@id":"https:\/\/www.altominho.tv\/site\/2021\/11\/12\/alto-minho-com-mais-68-recuperados-casos-ativos-descem-para-190\/#breadcrumb"},"inLanguage":"pt-PT","potentialAction":[{"@type":"ReadAction","target":["https:\/\/www.altominho.tv\/site\/2021\/11\/12\/alto-minho-com-mais-68-recuperados-casos-ativos-descem-para-190\/"]}]},{"@type":"ImageObject","inLanguage":"pt-PT","@id":"https:\/\/www.altominho.tv\/site\/2021\/11\/12\/alto-minho-com-mais-68-recuperados-casos-ativos-descem-para-190\/#primaryimage","url":"https:\/\/www.altominho.tv\/site\/wp-content\/uploads\/2021\/09\/VianaCastelo.jpg","contentUrl":"https:\/\/www.altominho.tv\/site\/wp-content\/uploads\/2021\/09\/VianaCastelo.jpg","width":1605,"height":748},{"@type":"BreadcrumbList","@id":"https:\/\/www.altominho.tv\/site\/2021\/11\/12\/alto-minho-com-mais-68-recuperados-casos-ativos-descem-para-190\/#breadcrumb","itemListElement":[{"@type":"ListItem","position":1,"name":"In\u00edcio","item":"https:\/\/www.altominho.tv\/site\/"},{"@type":"ListItem","position":2,"name":"Alto Minho com mais 68 recuperados. Casos ativos descem para 190"}]},{"@type":"WebSite","@id":"https:\/\/www.altominho.tv\/site\/#website","url":"https:\/\/www.altominho.tv\/site\/","name":"Altominho.tv","description":"A sua regi\u00e3o \u00e0 dist\u00e2ncia de um clique...","potentialAction":[{"@type":"SearchAction","target":{"@type":"EntryPoint","urlTemplate":"https:\/\/www.altominho.tv\/site\/?s={search_term_string}"},"query-input":{"@type":"PropertyValueSpecification","valueRequired":true,"valueName":"search_term_string"}}],"inLanguage":"pt-PT"},{"@type":"Person","@id":"https:\/\/www.altominho.tv\/site\/#\/schema\/person\/d9be4265364723f14ea8e0d56a1d38cd","name":"Andreia Ferreira","image":{"@type":"ImageObject","inLanguage":"pt-PT","@id":"https:\/\/www.altominho.tv\/site\/wp-content\/uploads\/2021\/01\/AndreiaFerreira-150x150.jpg","url":"https:\/\/www.altominho.tv\/site\/wp-content\/uploads\/2021\/01\/AndreiaFerreira-150x150.jpg","contentUrl":"https:\/\/www.altominho.tv\/site\/wp-content\/uploads\/2021\/01\/AndreiaFerreira-150x150.jpg","caption":"Andreia Ferreira"},"url":"https:\/\/www.altominho.tv\/site\/author\/andreiaferreira\/"}]}},"_links":{"self":[{"href":"https:\/\/www.altominho.tv\/site\/wp-json\/wp\/v2\/posts\/72601","targetHints":{"allow":["GET"]}}],"collection":[{"href":"https:\/\/www.altominho.tv\/site\/wp-json\/wp\/v2\/posts"}],"about":[{"href":"https:\/\/www.altominho.tv\/site\/wp-json\/wp\/v2\/types\/post"}],"author":[{"embeddable":true,"href":"https:\/\/www.altominho.tv\/site\/wp-json\/wp\/v2\/users\/12"}],"replies":[{"embeddable":true,"href":"https:\/\/www.altominho.tv\/site\/wp-json\/wp\/v2\/comments?post=72601"}],"version-history":[{"count":0,"href":"https:\/\/www.altominho.tv\/site\/wp-json\/wp\/v2\/posts\/72601\/revisions"}],"wp:featuredmedia":[{"embeddable":true,"href":"https:\/\/www.altominho.tv\/site\/wp-json\/wp\/v2\/media\/71142"}],"wp:attachment":[{"href":"https:\/\/www.altominho.tv\/site\/wp-json\/wp\/v2\/media?parent=72601"}],"wp:term":[{"taxonomy":"category","embeddable":true,"href":"https:\/\/www.altominho.tv\/site\/wp-json\/wp\/v2\/categories?post=72601"},{"taxonomy":"post_tag","embeddable":true,"href":"https:\/\/www.altominho.tv\/site\/wp-json\/wp\/v2\/tags?post=72601"}],"curies":[{"name":"wp","href":"https:\/\/api.w.org\/{rel}","templated":true}]}}