{"id":72573,"date":"2021-11-12T13:58:30","date_gmt":"2021-11-12T13:58:30","guid":{"rendered":"https:\/\/www.altominho.tv\/site\/?p=72573"},"modified":"2021-11-12T13:58:34","modified_gmt":"2021-11-12T13:58:34","slug":"paredes-de-coura-lidera-a-norte-os-concelhos-de-baixa-densidade-que-mais-beneficiaram-de-apoio-por-habitante","status":"publish","type":"post","link":"https:\/\/www.altominho.tv\/site\/2021\/11\/12\/paredes-de-coura-lidera-a-norte-os-concelhos-de-baixa-densidade-que-mais-beneficiaram-de-apoio-por-habitante\/","title":{"rendered":"Paredes de Coura lidera a Norte os concelhos de baixa densidade que mais beneficiaram de apoio por habitante"},"content":{"rendered":"<p style=\"font-weight: 400\">Ao crescimento de 263% na cria\u00e7\u00e3o de riqueza fazendo de Paredes de Coura o concelho que mais cresceu entre os 24 munic\u00edpios dos distritos de Viana do Castelo e Braga na \u00faltima d\u00e9cada, este munic\u00edpio do Alto Minho junta agora um outro novo indicador como sendo o concelho de baixa densidade acima dos 5 mil habitantes que a Norte mais beneficiou da intensidade de apoio por habitante para opera\u00e7\u00f5es de esfera municipal.<\/p>\n<p style=\"font-weight: 400\">Ao garantir um valor de 1678 euros por habitante, muito acima da m\u00e9dia regional que \u00e9 396\u20ac\/habitante, o Munic\u00edpio de Paredes de Coura d\u00e1 mais um sinal da enorme vitalidade que lhe vem caracterizando nos \u00faltimos anos, conforme testemunha o documento produzido pela Comiss\u00e3o de Coordena\u00e7\u00e3o e Desenvolvimento Regional \u2013 Norte, sob o t\u00edtulo \u2018PORTUGAL 2020 na Regi\u00e3o Norte: opera\u00e7\u00f5es da esfera municipal e abordagens territoriais integradas\u2019.<\/p>\n<p style=\"font-weight: 400\">\u201cS\u00e3o, de facto, bons indicadores que mostram uma grande din\u00e2mica na concretiza\u00e7\u00e3o de projetos, consequ\u00eancia do n\u00famero elevado de candidaturas aprovadas e um bom n\u00edvel de investimento aprovado. Somos, como costumo dizer, uma C\u00e2mara Municipal diferente.<\/p>\n<p style=\"font-weight: 400\">Uma C\u00e2mara diferente que se assemelha muito a uma\u00a0<em>startup<\/em>. A uma\u00a0<em>startup pol\u00edtica<\/em>\u00a0que, atrav\u00e9s da velocidade institucional, da agilidade e da capacidade de supera\u00e7\u00e3o, consegue uma performance que depois se reflete na vida das pessoas\u201d, argumentou Vitor Paulo Pereira, presidente da C\u00e2mara de Paredes de Coura, que ainda h\u00e1 dias tamb\u00e9m viu um outro documento disponibilizado pela CCDR-Norte reconhecer Coura como o concelho que mais cresceu na cria\u00e7\u00e3o de riqueza no per\u00edodo entre 2011 e 2019.<\/p>\n<p style=\"font-weight: 400\"><strong>Uma\u00a0<em>startup pol\u00edtica que garantiu<\/em>\u00a01678 euros do \u2018Fundo aprovado por habitante\u2019<\/strong><\/p>\n<p style=\"font-weight: 400\">J\u00e1 com o novo documento \u2018PORTUGAL 2020 na Regi\u00e3o Norte: opera\u00e7\u00f5es da esfera municipal e abordagens territoriais integradas\u2019 ficamos a saber como se distribuem as opera\u00e7\u00f5es da esfera municipal \u00e0 escala concelhia, onde sobressai que o Munic\u00edpio de Paredes de Coura garantiu 1678 euros do \u2018Fundo aprovado por habitante\u2019, consubstanciado em 54 opera\u00e7\u00f5es, num total de 14,4M\u20ac aprovados para um total de 17,3M\u20ac de \u2018Investimento eleg\u00edvel\u2019.<\/p>\n<p style=\"font-weight: 400\">\u201cEste indicador ganha outra relev\u00e2ncia se considerarmos que nesta an\u00e1lise n\u00e3o s\u00e3o considerados os outros investimentos feitos pelo Estado ou pelos empres\u00e1rios e que tem uma forte influ\u00eancia na cria\u00e7\u00e3o de riqueza para o concelho e para os courenses.<\/p>\n<p style=\"font-weight: 400\">Poderia apenas referir alguns exemplos para compreendermos a dimens\u00e3o do que estamos a falar: a liga\u00e7\u00e3o \u00e0 A3, a nova f\u00e1brica de vacinas, a nova metalomec\u00e2nica que vamos instalar ou o novo projeto tur\u00edstico do solar da Casa do Outeiro\u201d, enumerou Vitor Paulo Pereira, n\u00e3o escondendo o enorme orgulho por, mais uma vez, a gest\u00e3o do seu executivo evidenciar uma assinal\u00e1vel din\u00e2mica, refletida em todos estes importantes indicadores para a comunidade courense.<\/p>\n<p style=\"font-weight: 400\">Os dados do documento da CCDR-Norte agora divulgado, que exp\u00f5e a Din\u00e2mica dos Fundos Europeus na Regi\u00e3o Norte e tem como data de refer\u00eancia 30 de junho de 2021, refletem as din\u00e2micas territoriais, mas tamb\u00e9m as contratualiza\u00e7\u00f5es realizadas com entidades locais, da mesma forma que sublinha que no Norte as abordagens territoriais s\u00e3o financiadas pelos Fundos Europeus Estruturais e de Investimento do Portugal 2020, destacando-se o FEDER e em menor medida o FSE e FEADER.<\/p>\n<p style=\"font-weight: 400\">O mesmo documento apresenta tamb\u00e9m o\u00a0<em>ranking<\/em>\u00a0dos maiores projetos apoiados a Norte, dos quais integra no 6\u00ba lugar o projeto de \u2018Controlo e redu\u00e7\u00e3o de perdas do Sistema de \u00c1guas do Alto Minho\u2019, atrav\u00e9s do programa POSEUR, do Fundo de Coes\u00e3o, e promovido pela AdAM (\u00c1guas do Alto Minho) do qual o Munic\u00edpio de Paredes de Coura faz parte.<\/p>\n<p style=\"font-weight: 400\"><strong>\u00a0<\/strong><\/p>\n","protected":false},"excerpt":{"rendered":"<p>Ao crescimento de 263% na cria\u00e7\u00e3o de riqueza fazendo de Paredes de Coura o concelho que mais cresceu entre os 24 munic\u00edpios dos distritos de Viana do Castelo e Braga na \u00faltima d\u00e9cada, este munic\u00edpio do Alto Minho junta agora um outro novo indicador como sendo o concelho de baixa densidade acima dos 5 mil [&hellip;]<\/p>\n","protected":false},"author":10,"featured_media":72574,"comment_status":"closed","ping_status":"closed","sticky":false,"template":"","format":"standard","meta":{"_exactmetrics_skip_tracking":false,"_exactmetrics_sitenote_active":false,"_exactmetrics_sitenote_note":"","_exactmetrics_sitenote_category":0,"footnotes":""},"categories":[10],"tags":[27],"class_list":["post-72573","post","type-post","status-publish","format-standard","has-post-thumbnail","hentry","category-paredes-de-coura","tag-sociedade"],"yoast_head":"<!-- This site is optimized with the Yoast SEO Premium plugin v27.4 (Yoast SEO v27.4) - https:\/\/yoast.com\/product\/yoast-seo-premium-wordpress\/ -->\n<title>Paredes de Coura lidera a Norte os concelhos de baixa densidade que mais beneficiaram de apoio por habitante<\/title>\n<meta name=\"robots\" content=\"index, follow, max-snippet:-1, max-image-preview:large, max-video-preview:-1\" \/>\n<link rel=\"canonical\" href=\"https:\/\/www.altominho.tv\/site\/2021\/11\/12\/paredes-de-coura-lidera-a-norte-os-concelhos-de-baixa-densidade-que-mais-beneficiaram-de-apoio-por-habitante\/\" \/>\n<meta property=\"og:locale\" content=\"pt_PT\" \/>\n<meta property=\"og:type\" content=\"article\" \/>\n<meta property=\"og:title\" content=\"Paredes de Coura lidera a Norte os concelhos de baixa densidade que mais beneficiaram de apoio por habitante\" \/>\n<meta property=\"og:description\" content=\"Ao crescimento de 263% na cria\u00e7\u00e3o de riqueza fazendo de Paredes de Coura o concelho que mais cresceu entre os 24 munic\u00edpios dos distritos de Viana do Castelo e Braga na \u00faltima d\u00e9cada, este munic\u00edpio do Alto Minho junta agora um outro novo indicador como sendo o concelho de baixa densidade acima dos 5 mil [&hellip;]\" \/>\n<meta property=\"og:url\" content=\"https:\/\/www.altominho.tv\/site\/2021\/11\/12\/paredes-de-coura-lidera-a-norte-os-concelhos-de-baixa-densidade-que-mais-beneficiaram-de-apoio-por-habitante\/\" \/>\n<meta property=\"og:site_name\" content=\"Altominho.tv\" \/>\n<meta property=\"article:publisher\" content=\"https:\/\/www.facebook.com\/altominhotv\" \/>\n<meta property=\"article:published_time\" content=\"2021-11-12T13:58:30+00:00\" \/>\n<meta property=\"article:modified_time\" content=\"2021-11-12T13:58:34+00:00\" \/>\n<meta property=\"og:image\" content=\"https:\/\/www.altominho.tv\/site\/wp-content\/uploads\/2021\/11\/cmcoura1.jpeg\" \/>\n\t<meta property=\"og:image:width\" content=\"740\" \/>\n\t<meta property=\"og:image:height\" content=\"492\" \/>\n\t<meta property=\"og:image:type\" content=\"image\/jpeg\" \/>\n<meta name=\"author\" content=\"Andreia Barreiro\" \/>\n<meta name=\"twitter:card\" content=\"summary_large_image\" \/>\n<meta name=\"twitter:creator\" content=\"@altominhoTV\" \/>\n<meta name=\"twitter:site\" content=\"@altominhoTV\" \/>\n<meta name=\"twitter:label1\" content=\"Escrito por\" \/>\n\t<meta name=\"twitter:data1\" content=\"Andreia Barreiro\" \/>\n\t<meta name=\"twitter:label2\" content=\"Tempo estimado de leitura\" \/>\n\t<meta name=\"twitter:data2\" content=\"3 minutos\" \/>\n<script type=\"application\/ld+json\" class=\"yoast-schema-graph\">{\"@context\":\"https:\\\/\\\/schema.org\",\"@graph\":[{\"@type\":\"Article\",\"@id\":\"https:\\\/\\\/www.altominho.tv\\\/site\\\/2021\\\/11\\\/12\\\/paredes-de-coura-lidera-a-norte-os-concelhos-de-baixa-densidade-que-mais-beneficiaram-de-apoio-por-habitante\\\/#article\",\"isPartOf\":{\"@id\":\"https:\\\/\\\/www.altominho.tv\\\/site\\\/2021\\\/11\\\/12\\\/paredes-de-coura-lidera-a-norte-os-concelhos-de-baixa-densidade-que-mais-beneficiaram-de-apoio-por-habitante\\\/\"},\"author\":{\"name\":\"Andreia Barreiro\",\"@id\":\"https:\\\/\\\/www.altominho.tv\\\/site\\\/#\\\/schema\\\/person\\\/4fa0996d8841f9d6cbb84eb43c555c2c\"},\"headline\":\"Paredes de Coura lidera a Norte os concelhos de baixa densidade que mais beneficiaram de apoio por habitante\",\"datePublished\":\"2021-11-12T13:58:30+00:00\",\"dateModified\":\"2021-11-12T13:58:34+00:00\",\"mainEntityOfPage\":{\"@id\":\"https:\\\/\\\/www.altominho.tv\\\/site\\\/2021\\\/11\\\/12\\\/paredes-de-coura-lidera-a-norte-os-concelhos-de-baixa-densidade-que-mais-beneficiaram-de-apoio-por-habitante\\\/\"},\"wordCount\":639,\"image\":{\"@id\":\"https:\\\/\\\/www.altominho.tv\\\/site\\\/2021\\\/11\\\/12\\\/paredes-de-coura-lidera-a-norte-os-concelhos-de-baixa-densidade-que-mais-beneficiaram-de-apoio-por-habitante\\\/#primaryimage\"},\"thumbnailUrl\":\"https:\\\/\\\/www.altominho.tv\\\/site\\\/wp-content\\\/uploads\\\/2021\\\/11\\\/cmcoura1.jpeg\",\"keywords\":[\"Sociedade\"],\"articleSection\":[\"Paredes de Coura\"],\"inLanguage\":\"pt-PT\",\"copyrightYear\":\"2021\",\"copyrightHolder\":{\"@id\":\"https:\\\/\\\/www.altominho.tv\\\/site\\\/#organization\"}},{\"@type\":\"WebPage\",\"@id\":\"https:\\\/\\\/www.altominho.tv\\\/site\\\/2021\\\/11\\\/12\\\/paredes-de-coura-lidera-a-norte-os-concelhos-de-baixa-densidade-que-mais-beneficiaram-de-apoio-por-habitante\\\/\",\"url\":\"https:\\\/\\\/www.altominho.tv\\\/site\\\/2021\\\/11\\\/12\\\/paredes-de-coura-lidera-a-norte-os-concelhos-de-baixa-densidade-que-mais-beneficiaram-de-apoio-por-habitante\\\/\",\"name\":\"Paredes de Coura lidera a Norte os concelhos de baixa densidade que mais beneficiaram de apoio por habitante\",\"isPartOf\":{\"@id\":\"https:\\\/\\\/www.altominho.tv\\\/site\\\/#website\"},\"primaryImageOfPage\":{\"@id\":\"https:\\\/\\\/www.altominho.tv\\\/site\\\/2021\\\/11\\\/12\\\/paredes-de-coura-lidera-a-norte-os-concelhos-de-baixa-densidade-que-mais-beneficiaram-de-apoio-por-habitante\\\/#primaryimage\"},\"image\":{\"@id\":\"https:\\\/\\\/www.altominho.tv\\\/site\\\/2021\\\/11\\\/12\\\/paredes-de-coura-lidera-a-norte-os-concelhos-de-baixa-densidade-que-mais-beneficiaram-de-apoio-por-habitante\\\/#primaryimage\"},\"thumbnailUrl\":\"https:\\\/\\\/www.altominho.tv\\\/site\\\/wp-content\\\/uploads\\\/2021\\\/11\\\/cmcoura1.jpeg\",\"datePublished\":\"2021-11-12T13:58:30+00:00\",\"dateModified\":\"2021-11-12T13:58:34+00:00\",\"author\":{\"@id\":\"https:\\\/\\\/www.altominho.tv\\\/site\\\/#\\\/schema\\\/person\\\/4fa0996d8841f9d6cbb84eb43c555c2c\"},\"breadcrumb\":{\"@id\":\"https:\\\/\\\/www.altominho.tv\\\/site\\\/2021\\\/11\\\/12\\\/paredes-de-coura-lidera-a-norte-os-concelhos-de-baixa-densidade-que-mais-beneficiaram-de-apoio-por-habitante\\\/#breadcrumb\"},\"inLanguage\":\"pt-PT\",\"potentialAction\":[{\"@type\":\"ReadAction\",\"target\":[\"https:\\\/\\\/www.altominho.tv\\\/site\\\/2021\\\/11\\\/12\\\/paredes-de-coura-lidera-a-norte-os-concelhos-de-baixa-densidade-que-mais-beneficiaram-de-apoio-por-habitante\\\/\"]}]},{\"@type\":\"ImageObject\",\"inLanguage\":\"pt-PT\",\"@id\":\"https:\\\/\\\/www.altominho.tv\\\/site\\\/2021\\\/11\\\/12\\\/paredes-de-coura-lidera-a-norte-os-concelhos-de-baixa-densidade-que-mais-beneficiaram-de-apoio-por-habitante\\\/#primaryimage\",\"url\":\"https:\\\/\\\/www.altominho.tv\\\/site\\\/wp-content\\\/uploads\\\/2021\\\/11\\\/cmcoura1.jpeg\",\"contentUrl\":\"https:\\\/\\\/www.altominho.tv\\\/site\\\/wp-content\\\/uploads\\\/2021\\\/11\\\/cmcoura1.jpeg\",\"width\":740,\"height\":492},{\"@type\":\"BreadcrumbList\",\"@id\":\"https:\\\/\\\/www.altominho.tv\\\/site\\\/2021\\\/11\\\/12\\\/paredes-de-coura-lidera-a-norte-os-concelhos-de-baixa-densidade-que-mais-beneficiaram-de-apoio-por-habitante\\\/#breadcrumb\",\"itemListElement\":[{\"@type\":\"ListItem\",\"position\":1,\"name\":\"In\u00edcio\",\"item\":\"https:\\\/\\\/www.altominho.tv\\\/site\\\/\"},{\"@type\":\"ListItem\",\"position\":2,\"name\":\"Paredes de Coura lidera a Norte os concelhos de baixa densidade que mais beneficiaram de apoio por habitante\"}]},{\"@type\":\"WebSite\",\"@id\":\"https:\\\/\\\/www.altominho.tv\\\/site\\\/#website\",\"url\":\"https:\\\/\\\/www.altominho.tv\\\/site\\\/\",\"name\":\"Altominho.tv\",\"description\":\"A sua regi\u00e3o \u00e0 dist\u00e2ncia de um clique...\",\"potentialAction\":[{\"@type\":\"SearchAction\",\"target\":{\"@type\":\"EntryPoint\",\"urlTemplate\":\"https:\\\/\\\/www.altominho.tv\\\/site\\\/?s={search_term_string}\"},\"query-input\":{\"@type\":\"PropertyValueSpecification\",\"valueRequired\":true,\"valueName\":\"search_term_string\"}}],\"inLanguage\":\"pt-PT\"},{\"@type\":\"Person\",\"@id\":\"https:\\\/\\\/www.altominho.tv\\\/site\\\/#\\\/schema\\\/person\\\/4fa0996d8841f9d6cbb84eb43c555c2c\",\"name\":\"Andreia Barreiro\",\"image\":{\"@type\":\"ImageObject\",\"inLanguage\":\"pt-PT\",\"@id\":\"https:\\\/\\\/www.altominho.tv\\\/site\\\/wp-content\\\/uploads\\\/2021\\\/01\\\/132443895_3480358142084005_3574327946369834311_o-150x150.jpg\",\"url\":\"https:\\\/\\\/www.altominho.tv\\\/site\\\/wp-content\\\/uploads\\\/2021\\\/01\\\/132443895_3480358142084005_3574327946369834311_o-150x150.jpg\",\"contentUrl\":\"https:\\\/\\\/www.altominho.tv\\\/site\\\/wp-content\\\/uploads\\\/2021\\\/01\\\/132443895_3480358142084005_3574327946369834311_o-150x150.jpg\",\"caption\":\"Andreia Barreiro\"},\"url\":\"https:\\\/\\\/www.altominho.tv\\\/site\\\/author\\\/andreiabarreiro\\\/\"}]}<\/script>\n<!-- \/ Yoast SEO Premium plugin. -->","yoast_head_json":{"title":"Paredes de Coura lidera a Norte os concelhos de baixa densidade que mais beneficiaram de apoio por habitante","robots":{"index":"index","follow":"follow","max-snippet":"max-snippet:-1","max-image-preview":"max-image-preview:large","max-video-preview":"max-video-preview:-1"},"canonical":"https:\/\/www.altominho.tv\/site\/2021\/11\/12\/paredes-de-coura-lidera-a-norte-os-concelhos-de-baixa-densidade-que-mais-beneficiaram-de-apoio-por-habitante\/","og_locale":"pt_PT","og_type":"article","og_title":"Paredes de Coura lidera a Norte os concelhos de baixa densidade que mais beneficiaram de apoio por habitante","og_description":"Ao crescimento de 263% na cria\u00e7\u00e3o de riqueza fazendo de Paredes de Coura o concelho que mais cresceu entre os 24 munic\u00edpios dos distritos de Viana do Castelo e Braga na \u00faltima d\u00e9cada, este munic\u00edpio do Alto Minho junta agora um outro novo indicador como sendo o concelho de baixa densidade acima dos 5 mil [&hellip;]","og_url":"https:\/\/www.altominho.tv\/site\/2021\/11\/12\/paredes-de-coura-lidera-a-norte-os-concelhos-de-baixa-densidade-que-mais-beneficiaram-de-apoio-por-habitante\/","og_site_name":"Altominho.tv","article_publisher":"https:\/\/www.facebook.com\/altominhotv","article_published_time":"2021-11-12T13:58:30+00:00","article_modified_time":"2021-11-12T13:58:34+00:00","og_image":[{"width":740,"height":492,"url":"https:\/\/www.altominho.tv\/site\/wp-content\/uploads\/2021\/11\/cmcoura1.jpeg","type":"image\/jpeg"}],"author":"Andreia Barreiro","twitter_card":"summary_large_image","twitter_creator":"@altominhoTV","twitter_site":"@altominhoTV","twitter_misc":{"Escrito por":"Andreia Barreiro","Tempo estimado de leitura":"3 minutos"},"schema":{"@context":"https:\/\/schema.org","@graph":[{"@type":"Article","@id":"https:\/\/www.altominho.tv\/site\/2021\/11\/12\/paredes-de-coura-lidera-a-norte-os-concelhos-de-baixa-densidade-que-mais-beneficiaram-de-apoio-por-habitante\/#article","isPartOf":{"@id":"https:\/\/www.altominho.tv\/site\/2021\/11\/12\/paredes-de-coura-lidera-a-norte-os-concelhos-de-baixa-densidade-que-mais-beneficiaram-de-apoio-por-habitante\/"},"author":{"name":"Andreia Barreiro","@id":"https:\/\/www.altominho.tv\/site\/#\/schema\/person\/4fa0996d8841f9d6cbb84eb43c555c2c"},"headline":"Paredes de Coura lidera a Norte os concelhos de baixa densidade que mais beneficiaram de apoio por habitante","datePublished":"2021-11-12T13:58:30+00:00","dateModified":"2021-11-12T13:58:34+00:00","mainEntityOfPage":{"@id":"https:\/\/www.altominho.tv\/site\/2021\/11\/12\/paredes-de-coura-lidera-a-norte-os-concelhos-de-baixa-densidade-que-mais-beneficiaram-de-apoio-por-habitante\/"},"wordCount":639,"image":{"@id":"https:\/\/www.altominho.tv\/site\/2021\/11\/12\/paredes-de-coura-lidera-a-norte-os-concelhos-de-baixa-densidade-que-mais-beneficiaram-de-apoio-por-habitante\/#primaryimage"},"thumbnailUrl":"https:\/\/www.altominho.tv\/site\/wp-content\/uploads\/2021\/11\/cmcoura1.jpeg","keywords":["Sociedade"],"articleSection":["Paredes de Coura"],"inLanguage":"pt-PT","copyrightYear":"2021","copyrightHolder":{"@id":"https:\/\/www.altominho.tv\/site\/#organization"}},{"@type":"WebPage","@id":"https:\/\/www.altominho.tv\/site\/2021\/11\/12\/paredes-de-coura-lidera-a-norte-os-concelhos-de-baixa-densidade-que-mais-beneficiaram-de-apoio-por-habitante\/","url":"https:\/\/www.altominho.tv\/site\/2021\/11\/12\/paredes-de-coura-lidera-a-norte-os-concelhos-de-baixa-densidade-que-mais-beneficiaram-de-apoio-por-habitante\/","name":"Paredes de Coura lidera a Norte os concelhos de baixa densidade que mais beneficiaram de apoio por habitante","isPartOf":{"@id":"https:\/\/www.altominho.tv\/site\/#website"},"primaryImageOfPage":{"@id":"https:\/\/www.altominho.tv\/site\/2021\/11\/12\/paredes-de-coura-lidera-a-norte-os-concelhos-de-baixa-densidade-que-mais-beneficiaram-de-apoio-por-habitante\/#primaryimage"},"image":{"@id":"https:\/\/www.altominho.tv\/site\/2021\/11\/12\/paredes-de-coura-lidera-a-norte-os-concelhos-de-baixa-densidade-que-mais-beneficiaram-de-apoio-por-habitante\/#primaryimage"},"thumbnailUrl":"https:\/\/www.altominho.tv\/site\/wp-content\/uploads\/2021\/11\/cmcoura1.jpeg","datePublished":"2021-11-12T13:58:30+00:00","dateModified":"2021-11-12T13:58:34+00:00","author":{"@id":"https:\/\/www.altominho.tv\/site\/#\/schema\/person\/4fa0996d8841f9d6cbb84eb43c555c2c"},"breadcrumb":{"@id":"https:\/\/www.altominho.tv\/site\/2021\/11\/12\/paredes-de-coura-lidera-a-norte-os-concelhos-de-baixa-densidade-que-mais-beneficiaram-de-apoio-por-habitante\/#breadcrumb"},"inLanguage":"pt-PT","potentialAction":[{"@type":"ReadAction","target":["https:\/\/www.altominho.tv\/site\/2021\/11\/12\/paredes-de-coura-lidera-a-norte-os-concelhos-de-baixa-densidade-que-mais-beneficiaram-de-apoio-por-habitante\/"]}]},{"@type":"ImageObject","inLanguage":"pt-PT","@id":"https:\/\/www.altominho.tv\/site\/2021\/11\/12\/paredes-de-coura-lidera-a-norte-os-concelhos-de-baixa-densidade-que-mais-beneficiaram-de-apoio-por-habitante\/#primaryimage","url":"https:\/\/www.altominho.tv\/site\/wp-content\/uploads\/2021\/11\/cmcoura1.jpeg","contentUrl":"https:\/\/www.altominho.tv\/site\/wp-content\/uploads\/2021\/11\/cmcoura1.jpeg","width":740,"height":492},{"@type":"BreadcrumbList","@id":"https:\/\/www.altominho.tv\/site\/2021\/11\/12\/paredes-de-coura-lidera-a-norte-os-concelhos-de-baixa-densidade-que-mais-beneficiaram-de-apoio-por-habitante\/#breadcrumb","itemListElement":[{"@type":"ListItem","position":1,"name":"In\u00edcio","item":"https:\/\/www.altominho.tv\/site\/"},{"@type":"ListItem","position":2,"name":"Paredes de Coura lidera a Norte os concelhos de baixa densidade que mais beneficiaram de apoio por habitante"}]},{"@type":"WebSite","@id":"https:\/\/www.altominho.tv\/site\/#website","url":"https:\/\/www.altominho.tv\/site\/","name":"Altominho.tv","description":"A sua regi\u00e3o \u00e0 dist\u00e2ncia de um clique...","potentialAction":[{"@type":"SearchAction","target":{"@type":"EntryPoint","urlTemplate":"https:\/\/www.altominho.tv\/site\/?s={search_term_string}"},"query-input":{"@type":"PropertyValueSpecification","valueRequired":true,"valueName":"search_term_string"}}],"inLanguage":"pt-PT"},{"@type":"Person","@id":"https:\/\/www.altominho.tv\/site\/#\/schema\/person\/4fa0996d8841f9d6cbb84eb43c555c2c","name":"Andreia Barreiro","image":{"@type":"ImageObject","inLanguage":"pt-PT","@id":"https:\/\/www.altominho.tv\/site\/wp-content\/uploads\/2021\/01\/132443895_3480358142084005_3574327946369834311_o-150x150.jpg","url":"https:\/\/www.altominho.tv\/site\/wp-content\/uploads\/2021\/01\/132443895_3480358142084005_3574327946369834311_o-150x150.jpg","contentUrl":"https:\/\/www.altominho.tv\/site\/wp-content\/uploads\/2021\/01\/132443895_3480358142084005_3574327946369834311_o-150x150.jpg","caption":"Andreia Barreiro"},"url":"https:\/\/www.altominho.tv\/site\/author\/andreiabarreiro\/"}]}},"_links":{"self":[{"href":"https:\/\/www.altominho.tv\/site\/wp-json\/wp\/v2\/posts\/72573","targetHints":{"allow":["GET"]}}],"collection":[{"href":"https:\/\/www.altominho.tv\/site\/wp-json\/wp\/v2\/posts"}],"about":[{"href":"https:\/\/www.altominho.tv\/site\/wp-json\/wp\/v2\/types\/post"}],"author":[{"embeddable":true,"href":"https:\/\/www.altominho.tv\/site\/wp-json\/wp\/v2\/users\/10"}],"replies":[{"embeddable":true,"href":"https:\/\/www.altominho.tv\/site\/wp-json\/wp\/v2\/comments?post=72573"}],"version-history":[{"count":0,"href":"https:\/\/www.altominho.tv\/site\/wp-json\/wp\/v2\/posts\/72573\/revisions"}],"wp:featuredmedia":[{"embeddable":true,"href":"https:\/\/www.altominho.tv\/site\/wp-json\/wp\/v2\/media\/72574"}],"wp:attachment":[{"href":"https:\/\/www.altominho.tv\/site\/wp-json\/wp\/v2\/media?parent=72573"}],"wp:term":[{"taxonomy":"category","embeddable":true,"href":"https:\/\/www.altominho.tv\/site\/wp-json\/wp\/v2\/categories?post=72573"},{"taxonomy":"post_tag","embeddable":true,"href":"https:\/\/www.altominho.tv\/site\/wp-json\/wp\/v2\/tags?post=72573"}],"curies":[{"name":"wp","href":"https:\/\/api.w.org\/{rel}","templated":true}]}}