{"id":72435,"date":"2021-11-09T19:43:22","date_gmt":"2021-11-09T19:43:22","guid":{"rendered":"https:\/\/www.altominho.tv\/site\/?p=72435"},"modified":"2021-11-09T19:43:26","modified_gmt":"2021-11-09T19:43:26","slug":"cantadores-ao-desafio-alunos-e-dj-sobem-este-domingo-ao-palco-da-casa-das-artes-de-arcos-de-valdevez-em-projeto-inovador","status":"publish","type":"post","link":"https:\/\/www.altominho.tv\/site\/2021\/11\/09\/cantadores-ao-desafio-alunos-e-dj-sobem-este-domingo-ao-palco-da-casa-das-artes-de-arcos-de-valdevez-em-projeto-inovador\/","title":{"rendered":"Cantadores ao desafio, alunos e DJ sobem este domingo ao palco da Casa das Artes de Arcos de Valdevez em projeto inovador"},"content":{"rendered":"\n<p class=\"wp-block-paragraph\">\u00c9 j\u00e1 no pr\u00f3ximo dia 14 de novembro, pelas 16h00, que a Casa das Artes de Arcos de Valdevez recebe o projeto \u201cDe Repente Canta a Gente\u201d.<\/p>\n\n\n\n<p class=\"wp-block-paragraph\">Este projeto &#8220;pretende divulgar uma vertente do patrim\u00f3nio imaterial tradicional do Alto Minho &#8211; os Cantares ao Desafio&#8221;.<\/p>\n\n\n\n<p class=\"wp-block-paragraph\">O projeto \u00e9 uma iniciativa da CIM-Alto Minho, em parceria com os v\u00e1rios Munic\u00edpios.<\/p>\n\n\n\n<p class=\"wp-block-paragraph\">Ap\u00f3s as sess\u00f5es realizadas nas escolas de Arcos de Valdevez, foram selecionados jovens alunos que demonstraram particular interesse por esta forma de tradi\u00e7\u00e3o musical, numa a\u00e7\u00e3o liderada por Augusto Can\u00e1rio e que procurou ensinar aos mais novos a forma de cantar e os segredos do desafio.<\/p>\n\n\n\n<p class=\"wp-block-paragraph\">No caso espec\u00edfico do concerto da Casa das Artes de Arcos de Valdevez e do projeto realizado neste concelho, destaque ainda para a presen\u00e7a de um artista local \u2013 o Produtor e DJ arcuense Freak J &#8211; &#8220;cuja performance se insere na vertente de novas abordagens dos Cantares ao Desafio, que vai agregar esta forma de cantar tradicional \u00e0s novas est\u00e9ticas da m\u00fasica eletr\u00f3nica e de DJ&#8221;, deu hoje nota a autarquia. <\/p>\n\n\n\n<p class=\"wp-block-paragraph\">O espet\u00e1culo conta ainda com as presen\u00e7as dos m\u00fasicos e cantadores locais Carlos Rodrigues e Leiras de Soajo.<\/p>\n","protected":false},"excerpt":{"rendered":"<p>\u00c9 j\u00e1 no pr\u00f3ximo dia 14 de novembro, pelas 16h00, que a Casa das Artes de Arcos de Valdevez recebe o projeto \u201cDe Repente Canta a Gente\u201d. Este projeto &#8220;pretende divulgar uma vertente do patrim\u00f3nio imaterial tradicional do Alto Minho &#8211; os Cantares ao Desafio&#8221;. O projeto \u00e9 uma iniciativa da CIM-Alto Minho, em parceria [&hellip;]<\/p>\n","protected":false},"author":7,"featured_media":72436,"comment_status":"closed","ping_status":"closed","sticky":false,"template":"","format":"standard","meta":{"_exactmetrics_skip_tracking":false,"footnotes":""},"categories":[2],"tags":[19,24],"class_list":["post-72435","post","type-post","status-publish","format-standard","has-post-thumbnail","hentry","category-arcos-de-valdevez","tag-cultura","tag-lazer"],"yoast_head":"<!-- This site is optimized with the Yoast SEO Premium plugin v28.3 (Yoast SEO v28.3) - https:\/\/yoast.com\/product\/yoast-seo-premium-wordpress\/ -->\n<title>Cantadores ao desafio, alunos e DJ sobem este domingo ao palco da Casa das Artes de Arcos de Valdevez em projeto inovador<\/title>\n<meta name=\"robots\" content=\"index, follow, max-snippet:-1, max-image-preview:large, max-video-preview:-1\" \/>\n<link rel=\"canonical\" href=\"https:\/\/www.altominho.tv\/site\/2021\/11\/09\/cantadores-ao-desafio-alunos-e-dj-sobem-este-domingo-ao-palco-da-casa-das-artes-de-arcos-de-valdevez-em-projeto-inovador\/\" \/>\n<meta property=\"og:locale\" content=\"pt_PT\" \/>\n<meta property=\"og:type\" content=\"article\" \/>\n<meta property=\"og:title\" content=\"Cantadores ao desafio, alunos e DJ sobem este domingo ao palco da Casa das Artes de Arcos de Valdevez em projeto inovador\" \/>\n<meta property=\"og:description\" content=\"\u00c9 j\u00e1 no pr\u00f3ximo dia 14 de novembro, pelas 16h00, que a Casa das Artes de Arcos de Valdevez recebe o projeto \u201cDe Repente Canta a Gente\u201d. Este projeto &#8220;pretende divulgar uma vertente do patrim\u00f3nio imaterial tradicional do Alto Minho &#8211; os Cantares ao Desafio&#8221;. O projeto \u00e9 uma iniciativa da CIM-Alto Minho, em parceria [&hellip;]\" \/>\n<meta property=\"og:url\" content=\"https:\/\/www.altominho.tv\/site\/2021\/11\/09\/cantadores-ao-desafio-alunos-e-dj-sobem-este-domingo-ao-palco-da-casa-das-artes-de-arcos-de-valdevez-em-projeto-inovador\/\" \/>\n<meta property=\"og:site_name\" content=\"Altominho.tv\" \/>\n<meta property=\"article:publisher\" content=\"https:\/\/www.facebook.com\/altominhotv\" \/>\n<meta property=\"article:published_time\" content=\"2021-11-09T19:43:22+00:00\" \/>\n<meta property=\"article:modified_time\" content=\"2021-11-09T19:43:26+00:00\" \/>\n<meta property=\"og:image\" content=\"https:\/\/www.altominho.tv\/site\/wp-content\/uploads\/2021\/11\/de-repente-canta-a-gente-2.jpg\" \/>\n\t<meta property=\"og:image:width\" content=\"1944\" \/>\n\t<meta property=\"og:image:height\" content=\"1296\" \/>\n\t<meta property=\"og:image:type\" content=\"image\/jpeg\" \/>\n<meta name=\"author\" content=\"Andreia Cunha\" \/>\n<meta name=\"twitter:card\" content=\"summary_large_image\" \/>\n<meta name=\"twitter:creator\" content=\"@altominhoTV\" \/>\n<meta name=\"twitter:site\" content=\"@altominhoTV\" \/>\n<meta name=\"twitter:label1\" content=\"Escrito por\" \/>\n\t<meta name=\"twitter:data1\" content=\"Andreia Cunha\" \/>\n\t<meta name=\"twitter:label2\" content=\"Tempo estimado de leitura\" \/>\n\t<meta name=\"twitter:data2\" content=\"1 minuto\" \/>\n<script type=\"application\/ld+json\" class=\"yoast-schema-graph\">{\"@context\":\"https:\\\/\\\/schema.org\",\"@graph\":[{\"@type\":\"Article\",\"@id\":\"https:\\\/\\\/www.altominho.tv\\\/site\\\/2021\\\/11\\\/09\\\/cantadores-ao-desafio-alunos-e-dj-sobem-este-domingo-ao-palco-da-casa-das-artes-de-arcos-de-valdevez-em-projeto-inovador\\\/#article\",\"isPartOf\":{\"@id\":\"https:\\\/\\\/www.altominho.tv\\\/site\\\/2021\\\/11\\\/09\\\/cantadores-ao-desafio-alunos-e-dj-sobem-este-domingo-ao-palco-da-casa-das-artes-de-arcos-de-valdevez-em-projeto-inovador\\\/\"},\"author\":{\"name\":\"Andreia Cunha\",\"@id\":\"https:\\\/\\\/www.altominho.tv\\\/site\\\/#\\\/schema\\\/person\\\/a0e4ef6d041f98ca284393d8f1d97153\"},\"headline\":\"Cantadores ao desafio, alunos e DJ sobem este domingo ao palco da Casa das Artes de Arcos de Valdevez em projeto inovador\",\"datePublished\":\"2021-11-09T19:43:22+00:00\",\"dateModified\":\"2021-11-09T19:43:26+00:00\",\"mainEntityOfPage\":{\"@id\":\"https:\\\/\\\/www.altominho.tv\\\/site\\\/2021\\\/11\\\/09\\\/cantadores-ao-desafio-alunos-e-dj-sobem-este-domingo-ao-palco-da-casa-das-artes-de-arcos-de-valdevez-em-projeto-inovador\\\/\"},\"wordCount\":230,\"image\":{\"@id\":\"https:\\\/\\\/www.altominho.tv\\\/site\\\/2021\\\/11\\\/09\\\/cantadores-ao-desafio-alunos-e-dj-sobem-este-domingo-ao-palco-da-casa-das-artes-de-arcos-de-valdevez-em-projeto-inovador\\\/#primaryimage\"},\"thumbnailUrl\":\"https:\\\/\\\/www.altominho.tv\\\/site\\\/wp-content\\\/uploads\\\/2021\\\/11\\\/de-repente-canta-a-gente-2.jpg\",\"keywords\":[\"Cultura\",\"Lazer\"],\"articleSection\":[\"Arcos de Valdevez\"],\"inLanguage\":\"pt-PT\",\"copyrightYear\":\"2021\",\"copyrightHolder\":{\"@id\":\"https:\\\/\\\/www.altominho.tv\\\/site\\\/#organization\"}},{\"@type\":\"WebPage\",\"@id\":\"https:\\\/\\\/www.altominho.tv\\\/site\\\/2021\\\/11\\\/09\\\/cantadores-ao-desafio-alunos-e-dj-sobem-este-domingo-ao-palco-da-casa-das-artes-de-arcos-de-valdevez-em-projeto-inovador\\\/\",\"url\":\"https:\\\/\\\/www.altominho.tv\\\/site\\\/2021\\\/11\\\/09\\\/cantadores-ao-desafio-alunos-e-dj-sobem-este-domingo-ao-palco-da-casa-das-artes-de-arcos-de-valdevez-em-projeto-inovador\\\/\",\"name\":\"Cantadores ao desafio, alunos e DJ sobem este domingo ao palco da Casa das Artes de Arcos de Valdevez em projeto inovador\",\"isPartOf\":{\"@id\":\"https:\\\/\\\/www.altominho.tv\\\/site\\\/#website\"},\"primaryImageOfPage\":{\"@id\":\"https:\\\/\\\/www.altominho.tv\\\/site\\\/2021\\\/11\\\/09\\\/cantadores-ao-desafio-alunos-e-dj-sobem-este-domingo-ao-palco-da-casa-das-artes-de-arcos-de-valdevez-em-projeto-inovador\\\/#primaryimage\"},\"image\":{\"@id\":\"https:\\\/\\\/www.altominho.tv\\\/site\\\/2021\\\/11\\\/09\\\/cantadores-ao-desafio-alunos-e-dj-sobem-este-domingo-ao-palco-da-casa-das-artes-de-arcos-de-valdevez-em-projeto-inovador\\\/#primaryimage\"},\"thumbnailUrl\":\"https:\\\/\\\/www.altominho.tv\\\/site\\\/wp-content\\\/uploads\\\/2021\\\/11\\\/de-repente-canta-a-gente-2.jpg\",\"datePublished\":\"2021-11-09T19:43:22+00:00\",\"dateModified\":\"2021-11-09T19:43:26+00:00\",\"author\":{\"@id\":\"https:\\\/\\\/www.altominho.tv\\\/site\\\/#\\\/schema\\\/person\\\/a0e4ef6d041f98ca284393d8f1d97153\"},\"breadcrumb\":{\"@id\":\"https:\\\/\\\/www.altominho.tv\\\/site\\\/2021\\\/11\\\/09\\\/cantadores-ao-desafio-alunos-e-dj-sobem-este-domingo-ao-palco-da-casa-das-artes-de-arcos-de-valdevez-em-projeto-inovador\\\/#breadcrumb\"},\"inLanguage\":\"pt-PT\",\"potentialAction\":[{\"@type\":\"ReadAction\",\"target\":[\"https:\\\/\\\/www.altominho.tv\\\/site\\\/2021\\\/11\\\/09\\\/cantadores-ao-desafio-alunos-e-dj-sobem-este-domingo-ao-palco-da-casa-das-artes-de-arcos-de-valdevez-em-projeto-inovador\\\/\"]}]},{\"@type\":\"ImageObject\",\"inLanguage\":\"pt-PT\",\"@id\":\"https:\\\/\\\/www.altominho.tv\\\/site\\\/2021\\\/11\\\/09\\\/cantadores-ao-desafio-alunos-e-dj-sobem-este-domingo-ao-palco-da-casa-das-artes-de-arcos-de-valdevez-em-projeto-inovador\\\/#primaryimage\",\"url\":\"https:\\\/\\\/www.altominho.tv\\\/site\\\/wp-content\\\/uploads\\\/2021\\\/11\\\/de-repente-canta-a-gente-2.jpg\",\"contentUrl\":\"https:\\\/\\\/www.altominho.tv\\\/site\\\/wp-content\\\/uploads\\\/2021\\\/11\\\/de-repente-canta-a-gente-2.jpg\",\"width\":1944,\"height\":1296},{\"@type\":\"BreadcrumbList\",\"@id\":\"https:\\\/\\\/www.altominho.tv\\\/site\\\/2021\\\/11\\\/09\\\/cantadores-ao-desafio-alunos-e-dj-sobem-este-domingo-ao-palco-da-casa-das-artes-de-arcos-de-valdevez-em-projeto-inovador\\\/#breadcrumb\",\"itemListElement\":[{\"@type\":\"ListItem\",\"position\":1,\"name\":\"In\u00edcio\",\"item\":\"https:\\\/\\\/www.altominho.tv\\\/site\\\/\"},{\"@type\":\"ListItem\",\"position\":2,\"name\":\"Cantadores ao desafio, alunos e DJ sobem este domingo ao palco da Casa das Artes de Arcos de Valdevez em projeto inovador\"}]},{\"@type\":\"WebSite\",\"@id\":\"https:\\\/\\\/www.altominho.tv\\\/site\\\/#website\",\"url\":\"https:\\\/\\\/www.altominho.tv\\\/site\\\/\",\"name\":\"Altominho.tv\",\"description\":\"A sua regi\u00e3o \u00e0 dist\u00e2ncia de um clique...\",\"potentialAction\":[{\"@type\":\"SearchAction\",\"target\":{\"@type\":\"EntryPoint\",\"urlTemplate\":\"https:\\\/\\\/www.altominho.tv\\\/site\\\/?s={search_term_string}\"},\"query-input\":{\"@type\":\"PropertyValueSpecification\",\"valueRequired\":true,\"valueName\":\"search_term_string\"}}],\"inLanguage\":\"pt-PT\"},{\"@type\":\"Person\",\"@id\":\"https:\\\/\\\/www.altominho.tv\\\/site\\\/#\\\/schema\\\/person\\\/a0e4ef6d041f98ca284393d8f1d97153\",\"name\":\"Andreia Cunha\",\"image\":{\"@type\":\"ImageObject\",\"inLanguage\":\"pt-PT\",\"@id\":\"https:\\\/\\\/www.altominho.tv\\\/site\\\/wp-content\\\/uploads\\\/2017\\\/11\\\/Andreia_Cunha-1-150x150.jpg\",\"url\":\"https:\\\/\\\/www.altominho.tv\\\/site\\\/wp-content\\\/uploads\\\/2017\\\/11\\\/Andreia_Cunha-1-150x150.jpg\",\"contentUrl\":\"https:\\\/\\\/www.altominho.tv\\\/site\\\/wp-content\\\/uploads\\\/2017\\\/11\\\/Andreia_Cunha-1-150x150.jpg\",\"caption\":\"Andreia Cunha\"},\"url\":\"https:\\\/\\\/www.altominho.tv\\\/site\\\/author\\\/andreiacunha\\\/\"}]}<\/script>\n<!-- \/ Yoast SEO Premium plugin. -->","yoast_head_json":{"title":"Cantadores ao desafio, alunos e DJ sobem este domingo ao palco da Casa das Artes de Arcos de Valdevez em projeto inovador","robots":{"index":"index","follow":"follow","max-snippet":"max-snippet:-1","max-image-preview":"max-image-preview:large","max-video-preview":"max-video-preview:-1"},"canonical":"https:\/\/www.altominho.tv\/site\/2021\/11\/09\/cantadores-ao-desafio-alunos-e-dj-sobem-este-domingo-ao-palco-da-casa-das-artes-de-arcos-de-valdevez-em-projeto-inovador\/","og_locale":"pt_PT","og_type":"article","og_title":"Cantadores ao desafio, alunos e DJ sobem este domingo ao palco da Casa das Artes de Arcos de Valdevez em projeto inovador","og_description":"\u00c9 j\u00e1 no pr\u00f3ximo dia 14 de novembro, pelas 16h00, que a Casa das Artes de Arcos de Valdevez recebe o projeto \u201cDe Repente Canta a Gente\u201d. Este projeto &#8220;pretende divulgar uma vertente do patrim\u00f3nio imaterial tradicional do Alto Minho &#8211; os Cantares ao Desafio&#8221;. O projeto \u00e9 uma iniciativa da CIM-Alto Minho, em parceria [&hellip;]","og_url":"https:\/\/www.altominho.tv\/site\/2021\/11\/09\/cantadores-ao-desafio-alunos-e-dj-sobem-este-domingo-ao-palco-da-casa-das-artes-de-arcos-de-valdevez-em-projeto-inovador\/","og_site_name":"Altominho.tv","article_publisher":"https:\/\/www.facebook.com\/altominhotv","article_published_time":"2021-11-09T19:43:22+00:00","article_modified_time":"2021-11-09T19:43:26+00:00","og_image":[{"width":1944,"height":1296,"url":"https:\/\/www.altominho.tv\/site\/wp-content\/uploads\/2021\/11\/de-repente-canta-a-gente-2.jpg","type":"image\/jpeg"}],"author":"Andreia Cunha","twitter_card":"summary_large_image","twitter_creator":"@altominhoTV","twitter_site":"@altominhoTV","twitter_misc":{"Escrito por":"Andreia Cunha","Tempo estimado de leitura":"1 minuto"},"schema":{"@context":"https:\/\/schema.org","@graph":[{"@type":"Article","@id":"https:\/\/www.altominho.tv\/site\/2021\/11\/09\/cantadores-ao-desafio-alunos-e-dj-sobem-este-domingo-ao-palco-da-casa-das-artes-de-arcos-de-valdevez-em-projeto-inovador\/#article","isPartOf":{"@id":"https:\/\/www.altominho.tv\/site\/2021\/11\/09\/cantadores-ao-desafio-alunos-e-dj-sobem-este-domingo-ao-palco-da-casa-das-artes-de-arcos-de-valdevez-em-projeto-inovador\/"},"author":{"name":"Andreia Cunha","@id":"https:\/\/www.altominho.tv\/site\/#\/schema\/person\/a0e4ef6d041f98ca284393d8f1d97153"},"headline":"Cantadores ao desafio, alunos e DJ sobem este domingo ao palco da Casa das Artes de Arcos de Valdevez em projeto inovador","datePublished":"2021-11-09T19:43:22+00:00","dateModified":"2021-11-09T19:43:26+00:00","mainEntityOfPage":{"@id":"https:\/\/www.altominho.tv\/site\/2021\/11\/09\/cantadores-ao-desafio-alunos-e-dj-sobem-este-domingo-ao-palco-da-casa-das-artes-de-arcos-de-valdevez-em-projeto-inovador\/"},"wordCount":230,"image":{"@id":"https:\/\/www.altominho.tv\/site\/2021\/11\/09\/cantadores-ao-desafio-alunos-e-dj-sobem-este-domingo-ao-palco-da-casa-das-artes-de-arcos-de-valdevez-em-projeto-inovador\/#primaryimage"},"thumbnailUrl":"https:\/\/www.altominho.tv\/site\/wp-content\/uploads\/2021\/11\/de-repente-canta-a-gente-2.jpg","keywords":["Cultura","Lazer"],"articleSection":["Arcos de Valdevez"],"inLanguage":"pt-PT","copyrightYear":"2021","copyrightHolder":{"@id":"https:\/\/www.altominho.tv\/site\/#organization"}},{"@type":"WebPage","@id":"https:\/\/www.altominho.tv\/site\/2021\/11\/09\/cantadores-ao-desafio-alunos-e-dj-sobem-este-domingo-ao-palco-da-casa-das-artes-de-arcos-de-valdevez-em-projeto-inovador\/","url":"https:\/\/www.altominho.tv\/site\/2021\/11\/09\/cantadores-ao-desafio-alunos-e-dj-sobem-este-domingo-ao-palco-da-casa-das-artes-de-arcos-de-valdevez-em-projeto-inovador\/","name":"Cantadores ao desafio, alunos e DJ sobem este domingo ao palco da Casa das Artes de Arcos de Valdevez em projeto inovador","isPartOf":{"@id":"https:\/\/www.altominho.tv\/site\/#website"},"primaryImageOfPage":{"@id":"https:\/\/www.altominho.tv\/site\/2021\/11\/09\/cantadores-ao-desafio-alunos-e-dj-sobem-este-domingo-ao-palco-da-casa-das-artes-de-arcos-de-valdevez-em-projeto-inovador\/#primaryimage"},"image":{"@id":"https:\/\/www.altominho.tv\/site\/2021\/11\/09\/cantadores-ao-desafio-alunos-e-dj-sobem-este-domingo-ao-palco-da-casa-das-artes-de-arcos-de-valdevez-em-projeto-inovador\/#primaryimage"},"thumbnailUrl":"https:\/\/www.altominho.tv\/site\/wp-content\/uploads\/2021\/11\/de-repente-canta-a-gente-2.jpg","datePublished":"2021-11-09T19:43:22+00:00","dateModified":"2021-11-09T19:43:26+00:00","author":{"@id":"https:\/\/www.altominho.tv\/site\/#\/schema\/person\/a0e4ef6d041f98ca284393d8f1d97153"},"breadcrumb":{"@id":"https:\/\/www.altominho.tv\/site\/2021\/11\/09\/cantadores-ao-desafio-alunos-e-dj-sobem-este-domingo-ao-palco-da-casa-das-artes-de-arcos-de-valdevez-em-projeto-inovador\/#breadcrumb"},"inLanguage":"pt-PT","potentialAction":[{"@type":"ReadAction","target":["https:\/\/www.altominho.tv\/site\/2021\/11\/09\/cantadores-ao-desafio-alunos-e-dj-sobem-este-domingo-ao-palco-da-casa-das-artes-de-arcos-de-valdevez-em-projeto-inovador\/"]}]},{"@type":"ImageObject","inLanguage":"pt-PT","@id":"https:\/\/www.altominho.tv\/site\/2021\/11\/09\/cantadores-ao-desafio-alunos-e-dj-sobem-este-domingo-ao-palco-da-casa-das-artes-de-arcos-de-valdevez-em-projeto-inovador\/#primaryimage","url":"https:\/\/www.altominho.tv\/site\/wp-content\/uploads\/2021\/11\/de-repente-canta-a-gente-2.jpg","contentUrl":"https:\/\/www.altominho.tv\/site\/wp-content\/uploads\/2021\/11\/de-repente-canta-a-gente-2.jpg","width":1944,"height":1296},{"@type":"BreadcrumbList","@id":"https:\/\/www.altominho.tv\/site\/2021\/11\/09\/cantadores-ao-desafio-alunos-e-dj-sobem-este-domingo-ao-palco-da-casa-das-artes-de-arcos-de-valdevez-em-projeto-inovador\/#breadcrumb","itemListElement":[{"@type":"ListItem","position":1,"name":"In\u00edcio","item":"https:\/\/www.altominho.tv\/site\/"},{"@type":"ListItem","position":2,"name":"Cantadores ao desafio, alunos e DJ sobem este domingo ao palco da Casa das Artes de Arcos de Valdevez em projeto inovador"}]},{"@type":"WebSite","@id":"https:\/\/www.altominho.tv\/site\/#website","url":"https:\/\/www.altominho.tv\/site\/","name":"Altominho.tv","description":"A sua regi\u00e3o \u00e0 dist\u00e2ncia de um clique...","potentialAction":[{"@type":"SearchAction","target":{"@type":"EntryPoint","urlTemplate":"https:\/\/www.altominho.tv\/site\/?s={search_term_string}"},"query-input":{"@type":"PropertyValueSpecification","valueRequired":true,"valueName":"search_term_string"}}],"inLanguage":"pt-PT"},{"@type":"Person","@id":"https:\/\/www.altominho.tv\/site\/#\/schema\/person\/a0e4ef6d041f98ca284393d8f1d97153","name":"Andreia Cunha","image":{"@type":"ImageObject","inLanguage":"pt-PT","@id":"https:\/\/www.altominho.tv\/site\/wp-content\/uploads\/2017\/11\/Andreia_Cunha-1-150x150.jpg","url":"https:\/\/www.altominho.tv\/site\/wp-content\/uploads\/2017\/11\/Andreia_Cunha-1-150x150.jpg","contentUrl":"https:\/\/www.altominho.tv\/site\/wp-content\/uploads\/2017\/11\/Andreia_Cunha-1-150x150.jpg","caption":"Andreia Cunha"},"url":"https:\/\/www.altominho.tv\/site\/author\/andreiacunha\/"}]}},"_links":{"self":[{"href":"https:\/\/www.altominho.tv\/site\/wp-json\/wp\/v2\/posts\/72435","targetHints":{"allow":["GET"]}}],"collection":[{"href":"https:\/\/www.altominho.tv\/site\/wp-json\/wp\/v2\/posts"}],"about":[{"href":"https:\/\/www.altominho.tv\/site\/wp-json\/wp\/v2\/types\/post"}],"author":[{"embeddable":true,"href":"https:\/\/www.altominho.tv\/site\/wp-json\/wp\/v2\/users\/7"}],"replies":[{"embeddable":true,"href":"https:\/\/www.altominho.tv\/site\/wp-json\/wp\/v2\/comments?post=72435"}],"version-history":[{"count":0,"href":"https:\/\/www.altominho.tv\/site\/wp-json\/wp\/v2\/posts\/72435\/revisions"}],"wp:featuredmedia":[{"embeddable":true,"href":"https:\/\/www.altominho.tv\/site\/wp-json\/wp\/v2\/media\/72436"}],"wp:attachment":[{"href":"https:\/\/www.altominho.tv\/site\/wp-json\/wp\/v2\/media?parent=72435"}],"wp:term":[{"taxonomy":"category","embeddable":true,"href":"https:\/\/www.altominho.tv\/site\/wp-json\/wp\/v2\/categories?post=72435"},{"taxonomy":"post_tag","embeddable":true,"href":"https:\/\/www.altominho.tv\/site\/wp-json\/wp\/v2\/tags?post=72435"}],"curies":[{"name":"wp","href":"https:\/\/api.w.org\/{rel}","templated":true}]}}