{"id":72341,"date":"2021-11-08T15:56:43","date_gmt":"2021-11-08T15:56:43","guid":{"rendered":"https:\/\/www.altominho.tv\/site\/?p=72341"},"modified":"2021-11-08T15:56:47","modified_gmt":"2021-11-08T15:56:47","slug":"lancada-a-concurso-reabilitacao-de-esplanadas-para-mostra-e-venda-de-produtos-em-arcos-de-valdevez","status":"publish","type":"post","link":"https:\/\/www.altominho.tv\/site\/2021\/11\/08\/lancada-a-concurso-reabilitacao-de-esplanadas-para-mostra-e-venda-de-produtos-em-arcos-de-valdevez\/","title":{"rendered":"Lan\u00e7ada a concurso reabilita\u00e7\u00e3o de esplanadas para mostra e venda de produtos em Arcos de Valdevez"},"content":{"rendered":"<p>A empreitada de reabilita\u00e7\u00e3o de espa\u00e7os interiores para promo\u00e7\u00e3o e comercializa\u00e7\u00e3o de produtos regionais de Arcos de Valdevez foi esta segunda-feira lan\u00e7ada a concurso, por 145 mil euros, como consta de an\u00fancio publicado em Di\u00e1rio da Rep\u00fablica (DR).<\/p>\n<p>De acordo com aviso, em causa est\u00e1 o projeto da C\u00e2mara Municipal \u201cEsplanadas do Vez &#8211; Espa\u00e7o de promo\u00e7\u00e3o e comercializa\u00e7\u00e3o de produtos regionais &#8211; Reabilita\u00e7\u00e3o de espa\u00e7os interiores\u201d, que tem um prazo de execu\u00e7\u00e3o de 150 dias.<\/p>\n<p>Segundo informa\u00e7\u00e3o que consta no s\u00edtio oficial da C\u00e2mara de Arcos de Valdevez, aquele projeto pretende \u201cdinamizar econ\u00f3mica e socialmente um territ\u00f3rio de baixa densidade\u201d, apostando \u201cna versatilidade dos espa\u00e7os como forma de promover a atividade comercial apelando \u00e0 inova\u00e7\u00e3o\u201d.<\/p>\n<p>\u201cUm dos espa\u00e7os \u00e2ncora deste programa de dinamiza\u00e7\u00e3o \u00e9 a zona do Campo do Traslad\u00e1rio com a cria\u00e7\u00e3o das esplanadas do Vez. Nesse sentido, torna-se necess\u00e1ria a reabilita\u00e7\u00e3o de um espa\u00e7o na zona fulcral da vila, que visa dar resposta aos novos desafios que hoje se colocam ao novo papel destas estruturas\u201d, refere o munic\u00edpio.<\/p>\n","protected":false},"excerpt":{"rendered":"<p>A empreitada de reabilita\u00e7\u00e3o de espa\u00e7os interiores para promo\u00e7\u00e3o e comercializa\u00e7\u00e3o de produtos regionais de Arcos de Valdevez foi esta segunda-feira lan\u00e7ada a concurso, por 145 mil euros, como consta de an\u00fancio publicado em Di\u00e1rio da Rep\u00fablica (DR). De acordo com aviso, em causa est\u00e1 o projeto da C\u00e2mara Municipal \u201cEsplanadas do Vez &#8211; Espa\u00e7o [&hellip;]<\/p>\n","protected":false},"author":13,"featured_media":72349,"comment_status":"closed","ping_status":"closed","sticky":false,"template":"","format":"standard","meta":{"_exactmetrics_skip_tracking":false,"_exactmetrics_sitenote_active":false,"_exactmetrics_sitenote_note":"","_exactmetrics_sitenote_category":0,"footnotes":""},"categories":[2],"tags":[21],"class_list":["post-72341","post","type-post","status-publish","format-standard","has-post-thumbnail","hentry","category-arcos-de-valdevez","tag-economia"],"yoast_head":"<!-- This site is optimized with the Yoast SEO Premium plugin v27.5 (Yoast SEO v27.5) - https:\/\/yoast.com\/product\/yoast-seo-premium-wordpress\/ -->\n<title>Lan\u00e7ada a concurso reabilita\u00e7\u00e3o de esplanadas para mostra e venda de produtos em Arcos de Valdevez<\/title>\n<meta name=\"robots\" content=\"index, follow, max-snippet:-1, max-image-preview:large, max-video-preview:-1\" \/>\n<link rel=\"canonical\" href=\"https:\/\/www.altominho.tv\/site\/2021\/11\/08\/lancada-a-concurso-reabilitacao-de-esplanadas-para-mostra-e-venda-de-produtos-em-arcos-de-valdevez\/\" \/>\n<meta property=\"og:locale\" content=\"pt_PT\" \/>\n<meta property=\"og:type\" content=\"article\" \/>\n<meta property=\"og:title\" content=\"Lan\u00e7ada a concurso reabilita\u00e7\u00e3o de esplanadas para mostra e venda de produtos em Arcos de Valdevez\" \/>\n<meta property=\"og:description\" content=\"A empreitada de reabilita\u00e7\u00e3o de espa\u00e7os interiores para promo\u00e7\u00e3o e comercializa\u00e7\u00e3o de produtos regionais de Arcos de Valdevez foi esta segunda-feira lan\u00e7ada a concurso, por 145 mil euros, como consta de an\u00fancio publicado em Di\u00e1rio da Rep\u00fablica (DR). De acordo com aviso, em causa est\u00e1 o projeto da C\u00e2mara Municipal \u201cEsplanadas do Vez &#8211; Espa\u00e7o [&hellip;]\" \/>\n<meta property=\"og:url\" content=\"https:\/\/www.altominho.tv\/site\/2021\/11\/08\/lancada-a-concurso-reabilitacao-de-esplanadas-para-mostra-e-venda-de-produtos-em-arcos-de-valdevez\/\" \/>\n<meta property=\"og:site_name\" content=\"Altominho.tv\" \/>\n<meta property=\"article:publisher\" content=\"https:\/\/www.facebook.com\/altominhotv\" \/>\n<meta property=\"article:published_time\" content=\"2021-11-08T15:56:43+00:00\" \/>\n<meta property=\"article:modified_time\" content=\"2021-11-08T15:56:47+00:00\" \/>\n<meta property=\"og:image\" content=\"https:\/\/www.altominho.tv\/site\/wp-content\/uploads\/2021\/11\/3.jpg\" \/>\n\t<meta property=\"og:image:width\" content=\"1280\" \/>\n\t<meta property=\"og:image:height\" content=\"720\" \/>\n\t<meta property=\"og:image:type\" content=\"image\/jpeg\" \/>\n<meta name=\"author\" content=\"Lusa\" \/>\n<meta name=\"twitter:card\" content=\"summary_large_image\" \/>\n<meta name=\"twitter:creator\" content=\"@altominhoTV\" \/>\n<meta name=\"twitter:site\" content=\"@altominhoTV\" \/>\n<meta name=\"twitter:label1\" content=\"Escrito por\" \/>\n\t<meta name=\"twitter:data1\" content=\"Lusa\" \/>\n\t<meta name=\"twitter:label2\" content=\"Tempo estimado de leitura\" \/>\n\t<meta name=\"twitter:data2\" content=\"1 minuto\" \/>\n<script type=\"application\/ld+json\" class=\"yoast-schema-graph\">{\"@context\":\"https:\\\/\\\/schema.org\",\"@graph\":[{\"@type\":\"Article\",\"@id\":\"https:\\\/\\\/www.altominho.tv\\\/site\\\/2021\\\/11\\\/08\\\/lancada-a-concurso-reabilitacao-de-esplanadas-para-mostra-e-venda-de-produtos-em-arcos-de-valdevez\\\/#article\",\"isPartOf\":{\"@id\":\"https:\\\/\\\/www.altominho.tv\\\/site\\\/2021\\\/11\\\/08\\\/lancada-a-concurso-reabilitacao-de-esplanadas-para-mostra-e-venda-de-produtos-em-arcos-de-valdevez\\\/\"},\"author\":{\"name\":\"Lusa\",\"@id\":\"https:\\\/\\\/www.altominho.tv\\\/site\\\/#\\\/schema\\\/person\\\/63f693da3e1899361cbe955c46f3232e\"},\"headline\":\"Lan\u00e7ada a concurso reabilita\u00e7\u00e3o de esplanadas para mostra e venda de produtos em Arcos de Valdevez\",\"datePublished\":\"2021-11-08T15:56:43+00:00\",\"dateModified\":\"2021-11-08T15:56:47+00:00\",\"mainEntityOfPage\":{\"@id\":\"https:\\\/\\\/www.altominho.tv\\\/site\\\/2021\\\/11\\\/08\\\/lancada-a-concurso-reabilitacao-de-esplanadas-para-mostra-e-venda-de-produtos-em-arcos-de-valdevez\\\/\"},\"wordCount\":215,\"image\":{\"@id\":\"https:\\\/\\\/www.altominho.tv\\\/site\\\/2021\\\/11\\\/08\\\/lancada-a-concurso-reabilitacao-de-esplanadas-para-mostra-e-venda-de-produtos-em-arcos-de-valdevez\\\/#primaryimage\"},\"thumbnailUrl\":\"https:\\\/\\\/www.altominho.tv\\\/site\\\/wp-content\\\/uploads\\\/2021\\\/11\\\/3.jpg\",\"keywords\":[\"Economia\"],\"articleSection\":[\"Arcos de Valdevez\"],\"inLanguage\":\"pt-PT\",\"copyrightYear\":\"2021\",\"copyrightHolder\":{\"@id\":\"https:\\\/\\\/www.altominho.tv\\\/site\\\/#organization\"}},{\"@type\":\"WebPage\",\"@id\":\"https:\\\/\\\/www.altominho.tv\\\/site\\\/2021\\\/11\\\/08\\\/lancada-a-concurso-reabilitacao-de-esplanadas-para-mostra-e-venda-de-produtos-em-arcos-de-valdevez\\\/\",\"url\":\"https:\\\/\\\/www.altominho.tv\\\/site\\\/2021\\\/11\\\/08\\\/lancada-a-concurso-reabilitacao-de-esplanadas-para-mostra-e-venda-de-produtos-em-arcos-de-valdevez\\\/\",\"name\":\"Lan\u00e7ada a concurso reabilita\u00e7\u00e3o de esplanadas para mostra e venda de produtos em Arcos de Valdevez\",\"isPartOf\":{\"@id\":\"https:\\\/\\\/www.altominho.tv\\\/site\\\/#website\"},\"primaryImageOfPage\":{\"@id\":\"https:\\\/\\\/www.altominho.tv\\\/site\\\/2021\\\/11\\\/08\\\/lancada-a-concurso-reabilitacao-de-esplanadas-para-mostra-e-venda-de-produtos-em-arcos-de-valdevez\\\/#primaryimage\"},\"image\":{\"@id\":\"https:\\\/\\\/www.altominho.tv\\\/site\\\/2021\\\/11\\\/08\\\/lancada-a-concurso-reabilitacao-de-esplanadas-para-mostra-e-venda-de-produtos-em-arcos-de-valdevez\\\/#primaryimage\"},\"thumbnailUrl\":\"https:\\\/\\\/www.altominho.tv\\\/site\\\/wp-content\\\/uploads\\\/2021\\\/11\\\/3.jpg\",\"datePublished\":\"2021-11-08T15:56:43+00:00\",\"dateModified\":\"2021-11-08T15:56:47+00:00\",\"author\":{\"@id\":\"https:\\\/\\\/www.altominho.tv\\\/site\\\/#\\\/schema\\\/person\\\/63f693da3e1899361cbe955c46f3232e\"},\"breadcrumb\":{\"@id\":\"https:\\\/\\\/www.altominho.tv\\\/site\\\/2021\\\/11\\\/08\\\/lancada-a-concurso-reabilitacao-de-esplanadas-para-mostra-e-venda-de-produtos-em-arcos-de-valdevez\\\/#breadcrumb\"},\"inLanguage\":\"pt-PT\",\"potentialAction\":[{\"@type\":\"ReadAction\",\"target\":[\"https:\\\/\\\/www.altominho.tv\\\/site\\\/2021\\\/11\\\/08\\\/lancada-a-concurso-reabilitacao-de-esplanadas-para-mostra-e-venda-de-produtos-em-arcos-de-valdevez\\\/\"]}]},{\"@type\":\"ImageObject\",\"inLanguage\":\"pt-PT\",\"@id\":\"https:\\\/\\\/www.altominho.tv\\\/site\\\/2021\\\/11\\\/08\\\/lancada-a-concurso-reabilitacao-de-esplanadas-para-mostra-e-venda-de-produtos-em-arcos-de-valdevez\\\/#primaryimage\",\"url\":\"https:\\\/\\\/www.altominho.tv\\\/site\\\/wp-content\\\/uploads\\\/2021\\\/11\\\/3.jpg\",\"contentUrl\":\"https:\\\/\\\/www.altominho.tv\\\/site\\\/wp-content\\\/uploads\\\/2021\\\/11\\\/3.jpg\",\"width\":1280,\"height\":720},{\"@type\":\"BreadcrumbList\",\"@id\":\"https:\\\/\\\/www.altominho.tv\\\/site\\\/2021\\\/11\\\/08\\\/lancada-a-concurso-reabilitacao-de-esplanadas-para-mostra-e-venda-de-produtos-em-arcos-de-valdevez\\\/#breadcrumb\",\"itemListElement\":[{\"@type\":\"ListItem\",\"position\":1,\"name\":\"In\u00edcio\",\"item\":\"https:\\\/\\\/www.altominho.tv\\\/site\\\/\"},{\"@type\":\"ListItem\",\"position\":2,\"name\":\"Lan\u00e7ada a concurso reabilita\u00e7\u00e3o de esplanadas para mostra e venda de produtos em Arcos de Valdevez\"}]},{\"@type\":\"WebSite\",\"@id\":\"https:\\\/\\\/www.altominho.tv\\\/site\\\/#website\",\"url\":\"https:\\\/\\\/www.altominho.tv\\\/site\\\/\",\"name\":\"Altominho.tv\",\"description\":\"A sua regi\u00e3o \u00e0 dist\u00e2ncia de um clique...\",\"potentialAction\":[{\"@type\":\"SearchAction\",\"target\":{\"@type\":\"EntryPoint\",\"urlTemplate\":\"https:\\\/\\\/www.altominho.tv\\\/site\\\/?s={search_term_string}\"},\"query-input\":{\"@type\":\"PropertyValueSpecification\",\"valueRequired\":true,\"valueName\":\"search_term_string\"}}],\"inLanguage\":\"pt-PT\"},{\"@type\":\"Person\",\"@id\":\"https:\\\/\\\/www.altominho.tv\\\/site\\\/#\\\/schema\\\/person\\\/63f693da3e1899361cbe955c46f3232e\",\"name\":\"Lusa\",\"image\":{\"@type\":\"ImageObject\",\"inLanguage\":\"pt-PT\",\"@id\":\"https:\\\/\\\/www.altominho.tv\\\/site\\\/wp-content\\\/uploads\\\/2019\\\/08\\\/LUSA_Logo.gif\",\"url\":\"https:\\\/\\\/www.altominho.tv\\\/site\\\/wp-content\\\/uploads\\\/2019\\\/08\\\/LUSA_Logo.gif\",\"contentUrl\":\"https:\\\/\\\/www.altominho.tv\\\/site\\\/wp-content\\\/uploads\\\/2019\\\/08\\\/LUSA_Logo.gif\",\"caption\":\"Lusa\"},\"sameAs\":[\"http:\\\/\\\/\\\/\\\/www.altominho.tv\\\/site\"],\"url\":\"https:\\\/\\\/www.altominho.tv\\\/site\\\/author\\\/lusa\\\/\"}]}<\/script>\n<!-- \/ Yoast SEO Premium plugin. -->","yoast_head_json":{"title":"Lan\u00e7ada a concurso reabilita\u00e7\u00e3o de esplanadas para mostra e venda de produtos em Arcos de Valdevez","robots":{"index":"index","follow":"follow","max-snippet":"max-snippet:-1","max-image-preview":"max-image-preview:large","max-video-preview":"max-video-preview:-1"},"canonical":"https:\/\/www.altominho.tv\/site\/2021\/11\/08\/lancada-a-concurso-reabilitacao-de-esplanadas-para-mostra-e-venda-de-produtos-em-arcos-de-valdevez\/","og_locale":"pt_PT","og_type":"article","og_title":"Lan\u00e7ada a concurso reabilita\u00e7\u00e3o de esplanadas para mostra e venda de produtos em Arcos de Valdevez","og_description":"A empreitada de reabilita\u00e7\u00e3o de espa\u00e7os interiores para promo\u00e7\u00e3o e comercializa\u00e7\u00e3o de produtos regionais de Arcos de Valdevez foi esta segunda-feira lan\u00e7ada a concurso, por 145 mil euros, como consta de an\u00fancio publicado em Di\u00e1rio da Rep\u00fablica (DR). De acordo com aviso, em causa est\u00e1 o projeto da C\u00e2mara Municipal \u201cEsplanadas do Vez &#8211; Espa\u00e7o [&hellip;]","og_url":"https:\/\/www.altominho.tv\/site\/2021\/11\/08\/lancada-a-concurso-reabilitacao-de-esplanadas-para-mostra-e-venda-de-produtos-em-arcos-de-valdevez\/","og_site_name":"Altominho.tv","article_publisher":"https:\/\/www.facebook.com\/altominhotv","article_published_time":"2021-11-08T15:56:43+00:00","article_modified_time":"2021-11-08T15:56:47+00:00","og_image":[{"width":1280,"height":720,"url":"https:\/\/www.altominho.tv\/site\/wp-content\/uploads\/2021\/11\/3.jpg","type":"image\/jpeg"}],"author":"Lusa","twitter_card":"summary_large_image","twitter_creator":"@altominhoTV","twitter_site":"@altominhoTV","twitter_misc":{"Escrito por":"Lusa","Tempo estimado de leitura":"1 minuto"},"schema":{"@context":"https:\/\/schema.org","@graph":[{"@type":"Article","@id":"https:\/\/www.altominho.tv\/site\/2021\/11\/08\/lancada-a-concurso-reabilitacao-de-esplanadas-para-mostra-e-venda-de-produtos-em-arcos-de-valdevez\/#article","isPartOf":{"@id":"https:\/\/www.altominho.tv\/site\/2021\/11\/08\/lancada-a-concurso-reabilitacao-de-esplanadas-para-mostra-e-venda-de-produtos-em-arcos-de-valdevez\/"},"author":{"name":"Lusa","@id":"https:\/\/www.altominho.tv\/site\/#\/schema\/person\/63f693da3e1899361cbe955c46f3232e"},"headline":"Lan\u00e7ada a concurso reabilita\u00e7\u00e3o de esplanadas para mostra e venda de produtos em Arcos de Valdevez","datePublished":"2021-11-08T15:56:43+00:00","dateModified":"2021-11-08T15:56:47+00:00","mainEntityOfPage":{"@id":"https:\/\/www.altominho.tv\/site\/2021\/11\/08\/lancada-a-concurso-reabilitacao-de-esplanadas-para-mostra-e-venda-de-produtos-em-arcos-de-valdevez\/"},"wordCount":215,"image":{"@id":"https:\/\/www.altominho.tv\/site\/2021\/11\/08\/lancada-a-concurso-reabilitacao-de-esplanadas-para-mostra-e-venda-de-produtos-em-arcos-de-valdevez\/#primaryimage"},"thumbnailUrl":"https:\/\/www.altominho.tv\/site\/wp-content\/uploads\/2021\/11\/3.jpg","keywords":["Economia"],"articleSection":["Arcos de Valdevez"],"inLanguage":"pt-PT","copyrightYear":"2021","copyrightHolder":{"@id":"https:\/\/www.altominho.tv\/site\/#organization"}},{"@type":"WebPage","@id":"https:\/\/www.altominho.tv\/site\/2021\/11\/08\/lancada-a-concurso-reabilitacao-de-esplanadas-para-mostra-e-venda-de-produtos-em-arcos-de-valdevez\/","url":"https:\/\/www.altominho.tv\/site\/2021\/11\/08\/lancada-a-concurso-reabilitacao-de-esplanadas-para-mostra-e-venda-de-produtos-em-arcos-de-valdevez\/","name":"Lan\u00e7ada a concurso reabilita\u00e7\u00e3o de esplanadas para mostra e venda de produtos em Arcos de Valdevez","isPartOf":{"@id":"https:\/\/www.altominho.tv\/site\/#website"},"primaryImageOfPage":{"@id":"https:\/\/www.altominho.tv\/site\/2021\/11\/08\/lancada-a-concurso-reabilitacao-de-esplanadas-para-mostra-e-venda-de-produtos-em-arcos-de-valdevez\/#primaryimage"},"image":{"@id":"https:\/\/www.altominho.tv\/site\/2021\/11\/08\/lancada-a-concurso-reabilitacao-de-esplanadas-para-mostra-e-venda-de-produtos-em-arcos-de-valdevez\/#primaryimage"},"thumbnailUrl":"https:\/\/www.altominho.tv\/site\/wp-content\/uploads\/2021\/11\/3.jpg","datePublished":"2021-11-08T15:56:43+00:00","dateModified":"2021-11-08T15:56:47+00:00","author":{"@id":"https:\/\/www.altominho.tv\/site\/#\/schema\/person\/63f693da3e1899361cbe955c46f3232e"},"breadcrumb":{"@id":"https:\/\/www.altominho.tv\/site\/2021\/11\/08\/lancada-a-concurso-reabilitacao-de-esplanadas-para-mostra-e-venda-de-produtos-em-arcos-de-valdevez\/#breadcrumb"},"inLanguage":"pt-PT","potentialAction":[{"@type":"ReadAction","target":["https:\/\/www.altominho.tv\/site\/2021\/11\/08\/lancada-a-concurso-reabilitacao-de-esplanadas-para-mostra-e-venda-de-produtos-em-arcos-de-valdevez\/"]}]},{"@type":"ImageObject","inLanguage":"pt-PT","@id":"https:\/\/www.altominho.tv\/site\/2021\/11\/08\/lancada-a-concurso-reabilitacao-de-esplanadas-para-mostra-e-venda-de-produtos-em-arcos-de-valdevez\/#primaryimage","url":"https:\/\/www.altominho.tv\/site\/wp-content\/uploads\/2021\/11\/3.jpg","contentUrl":"https:\/\/www.altominho.tv\/site\/wp-content\/uploads\/2021\/11\/3.jpg","width":1280,"height":720},{"@type":"BreadcrumbList","@id":"https:\/\/www.altominho.tv\/site\/2021\/11\/08\/lancada-a-concurso-reabilitacao-de-esplanadas-para-mostra-e-venda-de-produtos-em-arcos-de-valdevez\/#breadcrumb","itemListElement":[{"@type":"ListItem","position":1,"name":"In\u00edcio","item":"https:\/\/www.altominho.tv\/site\/"},{"@type":"ListItem","position":2,"name":"Lan\u00e7ada a concurso reabilita\u00e7\u00e3o de esplanadas para mostra e venda de produtos em Arcos de Valdevez"}]},{"@type":"WebSite","@id":"https:\/\/www.altominho.tv\/site\/#website","url":"https:\/\/www.altominho.tv\/site\/","name":"Altominho.tv","description":"A sua regi\u00e3o \u00e0 dist\u00e2ncia de um clique...","potentialAction":[{"@type":"SearchAction","target":{"@type":"EntryPoint","urlTemplate":"https:\/\/www.altominho.tv\/site\/?s={search_term_string}"},"query-input":{"@type":"PropertyValueSpecification","valueRequired":true,"valueName":"search_term_string"}}],"inLanguage":"pt-PT"},{"@type":"Person","@id":"https:\/\/www.altominho.tv\/site\/#\/schema\/person\/63f693da3e1899361cbe955c46f3232e","name":"Lusa","image":{"@type":"ImageObject","inLanguage":"pt-PT","@id":"https:\/\/www.altominho.tv\/site\/wp-content\/uploads\/2019\/08\/LUSA_Logo.gif","url":"https:\/\/www.altominho.tv\/site\/wp-content\/uploads\/2019\/08\/LUSA_Logo.gif","contentUrl":"https:\/\/www.altominho.tv\/site\/wp-content\/uploads\/2019\/08\/LUSA_Logo.gif","caption":"Lusa"},"sameAs":["http:\/\/\/\/www.altominho.tv\/site"],"url":"https:\/\/www.altominho.tv\/site\/author\/lusa\/"}]}},"_links":{"self":[{"href":"https:\/\/www.altominho.tv\/site\/wp-json\/wp\/v2\/posts\/72341","targetHints":{"allow":["GET"]}}],"collection":[{"href":"https:\/\/www.altominho.tv\/site\/wp-json\/wp\/v2\/posts"}],"about":[{"href":"https:\/\/www.altominho.tv\/site\/wp-json\/wp\/v2\/types\/post"}],"author":[{"embeddable":true,"href":"https:\/\/www.altominho.tv\/site\/wp-json\/wp\/v2\/users\/13"}],"replies":[{"embeddable":true,"href":"https:\/\/www.altominho.tv\/site\/wp-json\/wp\/v2\/comments?post=72341"}],"version-history":[{"count":0,"href":"https:\/\/www.altominho.tv\/site\/wp-json\/wp\/v2\/posts\/72341\/revisions"}],"wp:featuredmedia":[{"embeddable":true,"href":"https:\/\/www.altominho.tv\/site\/wp-json\/wp\/v2\/media\/72349"}],"wp:attachment":[{"href":"https:\/\/www.altominho.tv\/site\/wp-json\/wp\/v2\/media?parent=72341"}],"wp:term":[{"taxonomy":"category","embeddable":true,"href":"https:\/\/www.altominho.tv\/site\/wp-json\/wp\/v2\/categories?post=72341"},{"taxonomy":"post_tag","embeddable":true,"href":"https:\/\/www.altominho.tv\/site\/wp-json\/wp\/v2\/tags?post=72341"}],"curies":[{"name":"wp","href":"https:\/\/api.w.org\/{rel}","templated":true}]}}