{"id":72293,"date":"2021-11-05T14:37:58","date_gmt":"2021-11-05T14:37:58","guid":{"rendered":"https:\/\/www.altominho.tv\/site\/?p=72293"},"modified":"2021-11-05T14:38:03","modified_gmt":"2021-11-05T14:38:03","slug":"investimento-de-dois-milhoes-de-euros-reabilita-piscinas-municipais-de-melgaco","status":"publish","type":"post","link":"https:\/\/www.altominho.tv\/site\/2021\/11\/05\/investimento-de-dois-milhoes-de-euros-reabilita-piscinas-municipais-de-melgaco\/","title":{"rendered":"Investimento de dois milh\u00f5es de euros reabilita piscinas municipais de Melga\u00e7o"},"content":{"rendered":"<p>A C\u00e2mara Municipal de Melga\u00e7o vai iniciar a empreitada de reabilita\u00e7\u00e3o das piscinas municipais, num investimento de mais de dois milh\u00f5es de euros.<\/p>\n<p>Em comunicado, a autarquia adiantou que o auto de consigna\u00e7\u00e3o dos trabalhos do lote 1 foi assinado esta quinta-feira e &#8220;prev\u00ea-se que as interven\u00e7\u00f5es estejam finalizadas no final de julho de 2022&#8221;.<\/p>\n<p>&#8220;Os trabalhos objeto da empreitada ser\u00e3o executados no prazo de 270 dias, a contar da data de assinatura do auto de consigna\u00e7\u00e3o do lote 1, o qual representa um investimento de 1.275.154,13 euros + IVA. Os autos de consigna\u00e7\u00e3o referentes aos trabalhos dos lotes 2 e 3, que representam investimentos de 151.379,09 euros + IVA e de 530.980,35 euros + IVA, respetivamente, foram j\u00e1 assinados em mar\u00e7o de 2021, mas s\u00f3 agora produzem efeitos em virtude dos processos burocr\u00e1ticos&#8221;, refere o munic\u00edpio.<\/p>\n<p>O espa\u00e7o est\u00e1 encerrado desde o dia 11 de mar\u00e7o de 2020 devido \u00e0 pandemia de Covid-19 e n\u00e3o chegou a reabrir portas &#8220;em virtude das urgentes interven\u00e7\u00f5es de que necessitava e cujo projeto estava j\u00e1 em processo de adjudica\u00e7\u00e3o&#8221;. Esta ser\u00e1 a primeira grande interven\u00e7\u00e3o desde a sua abertura, em 1994.<\/p>\n<p>&#8220;O edif\u00edcio apresenta um elevado estado de degrada\u00e7\u00e3o. \u00c9 uma interven\u00e7\u00e3o urgent\u00edssima. Com este projeto proporcionaremos aos utentes melhores condi\u00e7\u00f5es para a pr\u00e1tica do desporto e tamb\u00e9m de lazer. O espa\u00e7o era\/\u00e9 muito procurado pelos jovens, pelos alunos das escolas do concelho, por idosos, pela popula\u00e7\u00e3o dos munic\u00edpios vizinhos da Galiza e \u00e9 tamb\u00e9m um equipamento essencial para a componente letiva da Escola Superior de Desporto e Lazer (ESDL)&#8221;, atenta o presidente da C\u00e2mara, Manoel Batista.<\/p>\n<p>Segundo a autarquia, a empreitada visa &#8220;dotar o equipamento de condi\u00e7\u00f5es de excel\u00eancia e melhorias ao n\u00edvel da efici\u00eancia energ\u00e9tica, contribuindo para a redu\u00e7\u00e3o da pegada ecol\u00f3gica&#8221;.<\/p>\n<p>&#8220;Com as solu\u00e7\u00f5es propostas no projeto que agora vai para o terreno, baseadas em sistemas de qualidade e amplamente testados, cujas refer\u00eancias t\u00e9cnicas demonstram o cumprimento dos objetivos pretendidos, estamos convictos da resolu\u00e7\u00e3o mais acertada de todas as quest\u00f5es e patologias detetadas. Tudo faremos para a boa implementa\u00e7\u00e3o das melhores solu\u00e7\u00f5es, de forma que cumpram o seu principal objetivo: oferecer a Melga\u00e7o, e ao p\u00fablico em geral, um equipamento dotado de condi\u00e7\u00f5es de excel\u00eancia para a pr\u00e1tica das diversas atividades e com melhorias ao n\u00edvel da efici\u00eancia energ\u00e9tica, contribuindo para a redu\u00e7\u00e3o da pegada ecol\u00f3gica&#8221;, real\u00e7a o autarca.<\/p>\n<p>A interven\u00e7\u00e3o, no \u00e2mbito do PARU-Melga\u00e7o, \u00e9 financiada atrav\u00e9s de contrato de financiamento celebrado ao abrigo do IFRRU 2020, instrumento financeiro especificamente direcionado para a reabilita\u00e7\u00e3o e revitaliza\u00e7\u00e3o urbanas e que conta com financiamento FEDER proveniente dos programas operacionais regionais, com financiamento do Banco Europeu de Investimento (BEI) e do Banco de Desenvolvimento do Conselho da Europa (CEB) e ainda uma componente banc\u00e1ria de natureza privada.<\/p>\n","protected":false},"excerpt":{"rendered":"<p>A C\u00e2mara Municipal de Melga\u00e7o vai iniciar a empreitada de reabilita\u00e7\u00e3o das piscinas municipais, num investimento de mais de dois milh\u00f5es de euros. Em comunicado, a autarquia adiantou que o auto de consigna\u00e7\u00e3o dos trabalhos do lote 1 foi assinado esta quinta-feira e &#8220;prev\u00ea-se que as interven\u00e7\u00f5es estejam finalizadas no final de julho de 2022&#8221;. [&hellip;]<\/p>\n","protected":false},"author":12,"featured_media":72294,"comment_status":"closed","ping_status":"closed","sticky":false,"template":"","format":"standard","meta":{"_exactmetrics_skip_tracking":false,"_exactmetrics_sitenote_active":false,"_exactmetrics_sitenote_note":"","_exactmetrics_sitenote_category":0,"footnotes":""},"categories":[8],"tags":[27],"class_list":["post-72293","post","type-post","status-publish","format-standard","has-post-thumbnail","hentry","category-melgaco","tag-sociedade"],"yoast_head":"<!-- This site is optimized with the Yoast SEO Premium plugin v27.5 (Yoast SEO v27.5) - https:\/\/yoast.com\/product\/yoast-seo-premium-wordpress\/ -->\n<title>Investimento de dois milh\u00f5es de euros reabilita piscinas municipais de Melga\u00e7o<\/title>\n<meta name=\"robots\" content=\"index, follow, max-snippet:-1, max-image-preview:large, max-video-preview:-1\" \/>\n<link rel=\"canonical\" href=\"https:\/\/www.altominho.tv\/site\/2021\/11\/05\/investimento-de-dois-milhoes-de-euros-reabilita-piscinas-municipais-de-melgaco\/\" \/>\n<meta property=\"og:locale\" content=\"pt_PT\" \/>\n<meta property=\"og:type\" content=\"article\" \/>\n<meta property=\"og:title\" content=\"Investimento de dois milh\u00f5es de euros reabilita piscinas municipais de Melga\u00e7o\" \/>\n<meta property=\"og:description\" content=\"A C\u00e2mara Municipal de Melga\u00e7o vai iniciar a empreitada de reabilita\u00e7\u00e3o das piscinas municipais, num investimento de mais de dois milh\u00f5es de euros. Em comunicado, a autarquia adiantou que o auto de consigna\u00e7\u00e3o dos trabalhos do lote 1 foi assinado esta quinta-feira e &#8220;prev\u00ea-se que as interven\u00e7\u00f5es estejam finalizadas no final de julho de 2022&#8221;. [&hellip;]\" \/>\n<meta property=\"og:url\" content=\"https:\/\/www.altominho.tv\/site\/2021\/11\/05\/investimento-de-dois-milhoes-de-euros-reabilita-piscinas-municipais-de-melgaco\/\" \/>\n<meta property=\"og:site_name\" content=\"Altominho.tv\" \/>\n<meta property=\"article:publisher\" content=\"https:\/\/www.facebook.com\/altominhotv\" \/>\n<meta property=\"article:published_time\" content=\"2021-11-05T14:37:58+00:00\" \/>\n<meta property=\"article:modified_time\" content=\"2021-11-05T14:38:03+00:00\" \/>\n<meta property=\"og:image\" content=\"https:\/\/www.altominho.tv\/site\/wp-content\/uploads\/2021\/11\/PISCINAS-MELGACO-scaled.jpg\" \/>\n\t<meta property=\"og:image:width\" content=\"2560\" \/>\n\t<meta property=\"og:image:height\" content=\"1707\" \/>\n\t<meta property=\"og:image:type\" content=\"image\/jpeg\" \/>\n<meta name=\"author\" content=\"Andreia Ferreira\" \/>\n<meta name=\"twitter:card\" content=\"summary_large_image\" \/>\n<meta name=\"twitter:creator\" content=\"@altominhoTV\" \/>\n<meta name=\"twitter:site\" content=\"@altominhoTV\" \/>\n<meta name=\"twitter:label1\" content=\"Escrito por\" \/>\n\t<meta name=\"twitter:data1\" content=\"Andreia Ferreira\" \/>\n\t<meta name=\"twitter:label2\" content=\"Tempo estimado de leitura\" \/>\n\t<meta name=\"twitter:data2\" content=\"2 minutos\" \/>\n<script type=\"application\/ld+json\" class=\"yoast-schema-graph\">{\"@context\":\"https:\\\/\\\/schema.org\",\"@graph\":[{\"@type\":\"Article\",\"@id\":\"https:\\\/\\\/www.altominho.tv\\\/site\\\/2021\\\/11\\\/05\\\/investimento-de-dois-milhoes-de-euros-reabilita-piscinas-municipais-de-melgaco\\\/#article\",\"isPartOf\":{\"@id\":\"https:\\\/\\\/www.altominho.tv\\\/site\\\/2021\\\/11\\\/05\\\/investimento-de-dois-milhoes-de-euros-reabilita-piscinas-municipais-de-melgaco\\\/\"},\"author\":{\"name\":\"Andreia Ferreira\",\"@id\":\"https:\\\/\\\/www.altominho.tv\\\/site\\\/#\\\/schema\\\/person\\\/d9be4265364723f14ea8e0d56a1d38cd\"},\"headline\":\"Investimento de dois milh\u00f5es de euros reabilita piscinas municipais de Melga\u00e7o\",\"datePublished\":\"2021-11-05T14:37:58+00:00\",\"dateModified\":\"2021-11-05T14:38:03+00:00\",\"mainEntityOfPage\":{\"@id\":\"https:\\\/\\\/www.altominho.tv\\\/site\\\/2021\\\/11\\\/05\\\/investimento-de-dois-milhoes-de-euros-reabilita-piscinas-municipais-de-melgaco\\\/\"},\"wordCount\":510,\"image\":{\"@id\":\"https:\\\/\\\/www.altominho.tv\\\/site\\\/2021\\\/11\\\/05\\\/investimento-de-dois-milhoes-de-euros-reabilita-piscinas-municipais-de-melgaco\\\/#primaryimage\"},\"thumbnailUrl\":\"https:\\\/\\\/www.altominho.tv\\\/site\\\/wp-content\\\/uploads\\\/2021\\\/11\\\/PISCINAS-MELGACO-scaled.jpg\",\"keywords\":[\"Sociedade\"],\"articleSection\":[\"Melga\u00e7o\"],\"inLanguage\":\"pt-PT\",\"copyrightYear\":\"2021\",\"copyrightHolder\":{\"@id\":\"https:\\\/\\\/www.altominho.tv\\\/site\\\/#organization\"}},{\"@type\":\"WebPage\",\"@id\":\"https:\\\/\\\/www.altominho.tv\\\/site\\\/2021\\\/11\\\/05\\\/investimento-de-dois-milhoes-de-euros-reabilita-piscinas-municipais-de-melgaco\\\/\",\"url\":\"https:\\\/\\\/www.altominho.tv\\\/site\\\/2021\\\/11\\\/05\\\/investimento-de-dois-milhoes-de-euros-reabilita-piscinas-municipais-de-melgaco\\\/\",\"name\":\"Investimento de dois milh\u00f5es de euros reabilita piscinas municipais de Melga\u00e7o\",\"isPartOf\":{\"@id\":\"https:\\\/\\\/www.altominho.tv\\\/site\\\/#website\"},\"primaryImageOfPage\":{\"@id\":\"https:\\\/\\\/www.altominho.tv\\\/site\\\/2021\\\/11\\\/05\\\/investimento-de-dois-milhoes-de-euros-reabilita-piscinas-municipais-de-melgaco\\\/#primaryimage\"},\"image\":{\"@id\":\"https:\\\/\\\/www.altominho.tv\\\/site\\\/2021\\\/11\\\/05\\\/investimento-de-dois-milhoes-de-euros-reabilita-piscinas-municipais-de-melgaco\\\/#primaryimage\"},\"thumbnailUrl\":\"https:\\\/\\\/www.altominho.tv\\\/site\\\/wp-content\\\/uploads\\\/2021\\\/11\\\/PISCINAS-MELGACO-scaled.jpg\",\"datePublished\":\"2021-11-05T14:37:58+00:00\",\"dateModified\":\"2021-11-05T14:38:03+00:00\",\"author\":{\"@id\":\"https:\\\/\\\/www.altominho.tv\\\/site\\\/#\\\/schema\\\/person\\\/d9be4265364723f14ea8e0d56a1d38cd\"},\"breadcrumb\":{\"@id\":\"https:\\\/\\\/www.altominho.tv\\\/site\\\/2021\\\/11\\\/05\\\/investimento-de-dois-milhoes-de-euros-reabilita-piscinas-municipais-de-melgaco\\\/#breadcrumb\"},\"inLanguage\":\"pt-PT\",\"potentialAction\":[{\"@type\":\"ReadAction\",\"target\":[\"https:\\\/\\\/www.altominho.tv\\\/site\\\/2021\\\/11\\\/05\\\/investimento-de-dois-milhoes-de-euros-reabilita-piscinas-municipais-de-melgaco\\\/\"]}]},{\"@type\":\"ImageObject\",\"inLanguage\":\"pt-PT\",\"@id\":\"https:\\\/\\\/www.altominho.tv\\\/site\\\/2021\\\/11\\\/05\\\/investimento-de-dois-milhoes-de-euros-reabilita-piscinas-municipais-de-melgaco\\\/#primaryimage\",\"url\":\"https:\\\/\\\/www.altominho.tv\\\/site\\\/wp-content\\\/uploads\\\/2021\\\/11\\\/PISCINAS-MELGACO-scaled.jpg\",\"contentUrl\":\"https:\\\/\\\/www.altominho.tv\\\/site\\\/wp-content\\\/uploads\\\/2021\\\/11\\\/PISCINAS-MELGACO-scaled.jpg\",\"width\":2560,\"height\":1707,\"caption\":\"MUNIC\u00cdPIO DE MELGA\u00c7O\"},{\"@type\":\"BreadcrumbList\",\"@id\":\"https:\\\/\\\/www.altominho.tv\\\/site\\\/2021\\\/11\\\/05\\\/investimento-de-dois-milhoes-de-euros-reabilita-piscinas-municipais-de-melgaco\\\/#breadcrumb\",\"itemListElement\":[{\"@type\":\"ListItem\",\"position\":1,\"name\":\"In\u00edcio\",\"item\":\"https:\\\/\\\/www.altominho.tv\\\/site\\\/\"},{\"@type\":\"ListItem\",\"position\":2,\"name\":\"Investimento de dois milh\u00f5es de euros reabilita piscinas municipais de Melga\u00e7o\"}]},{\"@type\":\"WebSite\",\"@id\":\"https:\\\/\\\/www.altominho.tv\\\/site\\\/#website\",\"url\":\"https:\\\/\\\/www.altominho.tv\\\/site\\\/\",\"name\":\"Altominho.tv\",\"description\":\"A sua regi\u00e3o \u00e0 dist\u00e2ncia de um clique...\",\"potentialAction\":[{\"@type\":\"SearchAction\",\"target\":{\"@type\":\"EntryPoint\",\"urlTemplate\":\"https:\\\/\\\/www.altominho.tv\\\/site\\\/?s={search_term_string}\"},\"query-input\":{\"@type\":\"PropertyValueSpecification\",\"valueRequired\":true,\"valueName\":\"search_term_string\"}}],\"inLanguage\":\"pt-PT\"},{\"@type\":\"Person\",\"@id\":\"https:\\\/\\\/www.altominho.tv\\\/site\\\/#\\\/schema\\\/person\\\/d9be4265364723f14ea8e0d56a1d38cd\",\"name\":\"Andreia Ferreira\",\"image\":{\"@type\":\"ImageObject\",\"inLanguage\":\"pt-PT\",\"@id\":\"https:\\\/\\\/www.altominho.tv\\\/site\\\/wp-content\\\/uploads\\\/2021\\\/01\\\/AndreiaFerreira-150x150.jpg\",\"url\":\"https:\\\/\\\/www.altominho.tv\\\/site\\\/wp-content\\\/uploads\\\/2021\\\/01\\\/AndreiaFerreira-150x150.jpg\",\"contentUrl\":\"https:\\\/\\\/www.altominho.tv\\\/site\\\/wp-content\\\/uploads\\\/2021\\\/01\\\/AndreiaFerreira-150x150.jpg\",\"caption\":\"Andreia Ferreira\"},\"url\":\"https:\\\/\\\/www.altominho.tv\\\/site\\\/author\\\/andreiaferreira\\\/\"}]}<\/script>\n<!-- \/ Yoast SEO Premium plugin. -->","yoast_head_json":{"title":"Investimento de dois milh\u00f5es de euros reabilita piscinas municipais de Melga\u00e7o","robots":{"index":"index","follow":"follow","max-snippet":"max-snippet:-1","max-image-preview":"max-image-preview:large","max-video-preview":"max-video-preview:-1"},"canonical":"https:\/\/www.altominho.tv\/site\/2021\/11\/05\/investimento-de-dois-milhoes-de-euros-reabilita-piscinas-municipais-de-melgaco\/","og_locale":"pt_PT","og_type":"article","og_title":"Investimento de dois milh\u00f5es de euros reabilita piscinas municipais de Melga\u00e7o","og_description":"A C\u00e2mara Municipal de Melga\u00e7o vai iniciar a empreitada de reabilita\u00e7\u00e3o das piscinas municipais, num investimento de mais de dois milh\u00f5es de euros. Em comunicado, a autarquia adiantou que o auto de consigna\u00e7\u00e3o dos trabalhos do lote 1 foi assinado esta quinta-feira e &#8220;prev\u00ea-se que as interven\u00e7\u00f5es estejam finalizadas no final de julho de 2022&#8221;. [&hellip;]","og_url":"https:\/\/www.altominho.tv\/site\/2021\/11\/05\/investimento-de-dois-milhoes-de-euros-reabilita-piscinas-municipais-de-melgaco\/","og_site_name":"Altominho.tv","article_publisher":"https:\/\/www.facebook.com\/altominhotv","article_published_time":"2021-11-05T14:37:58+00:00","article_modified_time":"2021-11-05T14:38:03+00:00","og_image":[{"width":2560,"height":1707,"url":"https:\/\/www.altominho.tv\/site\/wp-content\/uploads\/2021\/11\/PISCINAS-MELGACO-scaled.jpg","type":"image\/jpeg"}],"author":"Andreia Ferreira","twitter_card":"summary_large_image","twitter_creator":"@altominhoTV","twitter_site":"@altominhoTV","twitter_misc":{"Escrito por":"Andreia Ferreira","Tempo estimado de leitura":"2 minutos"},"schema":{"@context":"https:\/\/schema.org","@graph":[{"@type":"Article","@id":"https:\/\/www.altominho.tv\/site\/2021\/11\/05\/investimento-de-dois-milhoes-de-euros-reabilita-piscinas-municipais-de-melgaco\/#article","isPartOf":{"@id":"https:\/\/www.altominho.tv\/site\/2021\/11\/05\/investimento-de-dois-milhoes-de-euros-reabilita-piscinas-municipais-de-melgaco\/"},"author":{"name":"Andreia Ferreira","@id":"https:\/\/www.altominho.tv\/site\/#\/schema\/person\/d9be4265364723f14ea8e0d56a1d38cd"},"headline":"Investimento de dois milh\u00f5es de euros reabilita piscinas municipais de Melga\u00e7o","datePublished":"2021-11-05T14:37:58+00:00","dateModified":"2021-11-05T14:38:03+00:00","mainEntityOfPage":{"@id":"https:\/\/www.altominho.tv\/site\/2021\/11\/05\/investimento-de-dois-milhoes-de-euros-reabilita-piscinas-municipais-de-melgaco\/"},"wordCount":510,"image":{"@id":"https:\/\/www.altominho.tv\/site\/2021\/11\/05\/investimento-de-dois-milhoes-de-euros-reabilita-piscinas-municipais-de-melgaco\/#primaryimage"},"thumbnailUrl":"https:\/\/www.altominho.tv\/site\/wp-content\/uploads\/2021\/11\/PISCINAS-MELGACO-scaled.jpg","keywords":["Sociedade"],"articleSection":["Melga\u00e7o"],"inLanguage":"pt-PT","copyrightYear":"2021","copyrightHolder":{"@id":"https:\/\/www.altominho.tv\/site\/#organization"}},{"@type":"WebPage","@id":"https:\/\/www.altominho.tv\/site\/2021\/11\/05\/investimento-de-dois-milhoes-de-euros-reabilita-piscinas-municipais-de-melgaco\/","url":"https:\/\/www.altominho.tv\/site\/2021\/11\/05\/investimento-de-dois-milhoes-de-euros-reabilita-piscinas-municipais-de-melgaco\/","name":"Investimento de dois milh\u00f5es de euros reabilita piscinas municipais de Melga\u00e7o","isPartOf":{"@id":"https:\/\/www.altominho.tv\/site\/#website"},"primaryImageOfPage":{"@id":"https:\/\/www.altominho.tv\/site\/2021\/11\/05\/investimento-de-dois-milhoes-de-euros-reabilita-piscinas-municipais-de-melgaco\/#primaryimage"},"image":{"@id":"https:\/\/www.altominho.tv\/site\/2021\/11\/05\/investimento-de-dois-milhoes-de-euros-reabilita-piscinas-municipais-de-melgaco\/#primaryimage"},"thumbnailUrl":"https:\/\/www.altominho.tv\/site\/wp-content\/uploads\/2021\/11\/PISCINAS-MELGACO-scaled.jpg","datePublished":"2021-11-05T14:37:58+00:00","dateModified":"2021-11-05T14:38:03+00:00","author":{"@id":"https:\/\/www.altominho.tv\/site\/#\/schema\/person\/d9be4265364723f14ea8e0d56a1d38cd"},"breadcrumb":{"@id":"https:\/\/www.altominho.tv\/site\/2021\/11\/05\/investimento-de-dois-milhoes-de-euros-reabilita-piscinas-municipais-de-melgaco\/#breadcrumb"},"inLanguage":"pt-PT","potentialAction":[{"@type":"ReadAction","target":["https:\/\/www.altominho.tv\/site\/2021\/11\/05\/investimento-de-dois-milhoes-de-euros-reabilita-piscinas-municipais-de-melgaco\/"]}]},{"@type":"ImageObject","inLanguage":"pt-PT","@id":"https:\/\/www.altominho.tv\/site\/2021\/11\/05\/investimento-de-dois-milhoes-de-euros-reabilita-piscinas-municipais-de-melgaco\/#primaryimage","url":"https:\/\/www.altominho.tv\/site\/wp-content\/uploads\/2021\/11\/PISCINAS-MELGACO-scaled.jpg","contentUrl":"https:\/\/www.altominho.tv\/site\/wp-content\/uploads\/2021\/11\/PISCINAS-MELGACO-scaled.jpg","width":2560,"height":1707,"caption":"MUNIC\u00cdPIO DE MELGA\u00c7O"},{"@type":"BreadcrumbList","@id":"https:\/\/www.altominho.tv\/site\/2021\/11\/05\/investimento-de-dois-milhoes-de-euros-reabilita-piscinas-municipais-de-melgaco\/#breadcrumb","itemListElement":[{"@type":"ListItem","position":1,"name":"In\u00edcio","item":"https:\/\/www.altominho.tv\/site\/"},{"@type":"ListItem","position":2,"name":"Investimento de dois milh\u00f5es de euros reabilita piscinas municipais de Melga\u00e7o"}]},{"@type":"WebSite","@id":"https:\/\/www.altominho.tv\/site\/#website","url":"https:\/\/www.altominho.tv\/site\/","name":"Altominho.tv","description":"A sua regi\u00e3o \u00e0 dist\u00e2ncia de um clique...","potentialAction":[{"@type":"SearchAction","target":{"@type":"EntryPoint","urlTemplate":"https:\/\/www.altominho.tv\/site\/?s={search_term_string}"},"query-input":{"@type":"PropertyValueSpecification","valueRequired":true,"valueName":"search_term_string"}}],"inLanguage":"pt-PT"},{"@type":"Person","@id":"https:\/\/www.altominho.tv\/site\/#\/schema\/person\/d9be4265364723f14ea8e0d56a1d38cd","name":"Andreia Ferreira","image":{"@type":"ImageObject","inLanguage":"pt-PT","@id":"https:\/\/www.altominho.tv\/site\/wp-content\/uploads\/2021\/01\/AndreiaFerreira-150x150.jpg","url":"https:\/\/www.altominho.tv\/site\/wp-content\/uploads\/2021\/01\/AndreiaFerreira-150x150.jpg","contentUrl":"https:\/\/www.altominho.tv\/site\/wp-content\/uploads\/2021\/01\/AndreiaFerreira-150x150.jpg","caption":"Andreia Ferreira"},"url":"https:\/\/www.altominho.tv\/site\/author\/andreiaferreira\/"}]}},"_links":{"self":[{"href":"https:\/\/www.altominho.tv\/site\/wp-json\/wp\/v2\/posts\/72293","targetHints":{"allow":["GET"]}}],"collection":[{"href":"https:\/\/www.altominho.tv\/site\/wp-json\/wp\/v2\/posts"}],"about":[{"href":"https:\/\/www.altominho.tv\/site\/wp-json\/wp\/v2\/types\/post"}],"author":[{"embeddable":true,"href":"https:\/\/www.altominho.tv\/site\/wp-json\/wp\/v2\/users\/12"}],"replies":[{"embeddable":true,"href":"https:\/\/www.altominho.tv\/site\/wp-json\/wp\/v2\/comments?post=72293"}],"version-history":[{"count":0,"href":"https:\/\/www.altominho.tv\/site\/wp-json\/wp\/v2\/posts\/72293\/revisions"}],"wp:featuredmedia":[{"embeddable":true,"href":"https:\/\/www.altominho.tv\/site\/wp-json\/wp\/v2\/media\/72294"}],"wp:attachment":[{"href":"https:\/\/www.altominho.tv\/site\/wp-json\/wp\/v2\/media?parent=72293"}],"wp:term":[{"taxonomy":"category","embeddable":true,"href":"https:\/\/www.altominho.tv\/site\/wp-json\/wp\/v2\/categories?post=72293"},{"taxonomy":"post_tag","embeddable":true,"href":"https:\/\/www.altominho.tv\/site\/wp-json\/wp\/v2\/tags?post=72293"}],"curies":[{"name":"wp","href":"https:\/\/api.w.org\/{rel}","templated":true}]}}