{"id":72288,"date":"2021-11-05T11:36:44","date_gmt":"2021-11-05T11:36:44","guid":{"rendered":"https:\/\/www.altominho.tv\/site\/?p=72288"},"modified":"2021-11-05T14:26:29","modified_gmt":"2021-11-05T14:26:29","slug":"cerveira-cria-ensino-profissional-em-2022-para-responder-a-necessidades-das-empresas","status":"publish","type":"post","link":"https:\/\/www.altominho.tv\/site\/2021\/11\/05\/cerveira-cria-ensino-profissional-em-2022-para-responder-a-necessidades-das-empresas\/","title":{"rendered":"Cerveira cria ensino profissional em 2022 para responder a necessidades das empresas"},"content":{"rendered":"<p>O presidente da C\u00e2mara de Vila Nova de Cerveira disse, esta sexta-feira, que vai criar em 2022 um polo de ensino profissional vocacionado para \u00e1reas que respondam as necessidades das empresas instaladas no concelho.<\/p>\n<p>Em declara\u00e7\u00f5es \u00e0 ag\u00eancia Lusa, a prop\u00f3sito da visita que realizou aos estaleiros navais da GB Portugal, antiga Starfisher, recentemente adquiridos pelo Grupo Benetau \u2013 l\u00edder europeu na constru\u00e7\u00e3o de barcos de recreio -, Rui Teixeira adiantou que a contrata\u00e7\u00e3o de m\u00e3o de obra qualificada foi uma das preocupa\u00e7\u00f5es que lhe foi transmitida.<\/p>\n<p>O autarca socialista apontou a \u201cnecessidade de apostar na forma\u00e7\u00e3o em \u00e1reas como eletricidade, carpintaria, laminadores\u201d, em parceria com as empresas instaladas nos parques empresariais daquele concelho do distrito de Viana do Castelo.<\/p>\n<p>\u201cO grupo quer crescer em Vila Nova de Cerveira e h\u00e1 falta de profissionais nessas \u00e1reas. N\u00e3o s\u00f3 para estes estaleiros, mas para outras empresas instaladas no concelho que j\u00e1 me reportaram essa necessidade\u201d, explicou Rui Teixeira.<\/p>\n<p>O presidente de Vila Nova de Cerveira adiantou j\u00e1 ter identificado o edif\u00edcio onde pode vir a instalar o novo polo de ensino profissional, apontando o pr\u00f3ximo ano para a concretizar \u201cdessa promessa eleitoral\u201d. \u201cExiste ensino profissional em Vila Nova de Cerveira, mas os cursos n\u00e3o est\u00e3o adaptados \u00e0s necessidades nem da ind\u00fastria, nem dos servi\u00e7os. Tem de haver uma mudan\u00e7a de paradigma\u201d, frisou.<\/p>\n<p>Rui Teixeira apontou o exemplo do concelho vizinho de Paredes de Coura \u201cque est\u00e1 a formar pessoas que depois entraram diretamente no mercado de trabalho no concelho e em concelhos nas proximidades\u201d.<\/p>\n<p>\u201cA EPRAMI \u00e9 uma escola profissional que est\u00e1 a ministrar cursos vocacionados para a futura f\u00e1brica de vacinas [f\u00e1brica do grupo farmac\u00eautico espanhol Zendal]. \u00c9 esse o nosso objetivo, formar para fixar os profissionais no concelho\u201d, sustentou.<\/p>\n<p>O grupo Beneteau anunciou, em outubro, na sua p\u00e1gina oficial na Internet, \u201ca aquisi\u00e7\u00e3o dos estaleiros da Starfisher, em Vila Nova de Cerveira, para \u201crefor\u00e7ar a capacidade de produ\u00e7\u00e3o de barcos a motor de 25 a 35 p\u00e9s, estabelecendo-se em Portugal\u201d.<\/p>\n<p>Segundo um comunicado hoje enviado \u00e0 imprensa pela C\u00e2mara de Vila Nova de Cerveira, o grupo \u201ctem como objetivo crescer no mercado portugu\u00eas, onde prev\u00ea duplicar o n\u00famero de funcion\u00e1rios nos estaleiros do concelho, aumentando a capacidade de produ\u00e7\u00e3o\u201d.<\/p>\n<p>\u201cUm aumento que se figurar\u00e1 fundamental para o desenvolvimento do tecido empresarial, uma vez que ser\u00e1 um atrativo para a implementa\u00e7\u00e3o de outras empresas de setores complementares em Vila Nova de Cerveira\u201d, acrescenta a autarquia.<\/p>\n<p>A \u201cantiga Starfisher, localizada em Campos, Vila Nova de Cerveira emprega, atualmente, 200 colaboradores\u201d. Os estaleiros t\u00eam uma \u00e1rea total de 50 mil metros quadrados, sendo que 15 mil metros quadrados est\u00e3o ocupados com f\u00e1bricas e armaz\u00e9ns onde s\u00e3o constru\u00eddos barcos a motor, de cruzeiro, passeio e de pesca.<\/p>\n<p>Com uma hist\u00f3ria de mais de um s\u00e9culo, o grupo franc\u00eas foi fundado pela fam\u00edlia Benetau em 1884, em Fran\u00e7a, e 100 anos depois foi cotado em bolsa, mantendo-se 56% do capital na fam\u00edlia.<\/p>\n<p>O grupo encontra-se atualmente a laborar em Fran\u00e7a, Estados Unidos, Pol\u00f3nia, It\u00e1lia e Portugal, apresentando um volume de neg\u00f3cios de cerca de 1,2 bili\u00f5es de euros, e \u00e9 composto por 17 marcas, que empregam 7.600 colaboradores, sendo a principal atividade a produ\u00e7\u00e3o de barcos, embora produzam tamb\u00e9m casas modulares.<\/p>\n","protected":false},"excerpt":{"rendered":"<p>O presidente da C\u00e2mara de Vila Nova de Cerveira disse, esta sexta-feira, que vai criar em 2022 um polo de ensino profissional vocacionado para \u00e1reas que respondam as necessidades das empresas instaladas no concelho. Em declara\u00e7\u00f5es \u00e0 ag\u00eancia Lusa, a prop\u00f3sito da visita que realizou aos estaleiros navais da GB Portugal, antiga Starfisher, recentemente adquiridos [&hellip;]<\/p>\n","protected":false},"author":13,"featured_media":71782,"comment_status":"closed","ping_status":"closed","sticky":false,"template":"","format":"standard","meta":{"_exactmetrics_skip_tracking":false,"_exactmetrics_sitenote_active":false,"_exactmetrics_sitenote_note":"","_exactmetrics_sitenote_category":0,"footnotes":""},"categories":[15],"tags":[21,22],"class_list":["post-72288","post","type-post","status-publish","format-standard","has-post-thumbnail","hentry","category-vila-nova-de-cerveira","tag-economia","tag-educacao"],"yoast_head":"<!-- This site is optimized with the Yoast SEO Premium plugin v27.5 (Yoast SEO v27.5) - https:\/\/yoast.com\/product\/yoast-seo-premium-wordpress\/ -->\n<title>Cerveira cria ensino profissional em 2022 para responder a necessidades das empresas<\/title>\n<meta name=\"robots\" content=\"index, follow, max-snippet:-1, max-image-preview:large, max-video-preview:-1\" \/>\n<link rel=\"canonical\" href=\"https:\/\/www.altominho.tv\/site\/2021\/11\/05\/cerveira-cria-ensino-profissional-em-2022-para-responder-a-necessidades-das-empresas\/\" \/>\n<meta property=\"og:locale\" content=\"pt_PT\" \/>\n<meta property=\"og:type\" content=\"article\" \/>\n<meta property=\"og:title\" content=\"Cerveira cria ensino profissional em 2022 para responder a necessidades das empresas\" \/>\n<meta property=\"og:description\" content=\"O presidente da C\u00e2mara de Vila Nova de Cerveira disse, esta sexta-feira, que vai criar em 2022 um polo de ensino profissional vocacionado para \u00e1reas que respondam as necessidades das empresas instaladas no concelho. Em declara\u00e7\u00f5es \u00e0 ag\u00eancia Lusa, a prop\u00f3sito da visita que realizou aos estaleiros navais da GB Portugal, antiga Starfisher, recentemente adquiridos [&hellip;]\" \/>\n<meta property=\"og:url\" content=\"https:\/\/www.altominho.tv\/site\/2021\/11\/05\/cerveira-cria-ensino-profissional-em-2022-para-responder-a-necessidades-das-empresas\/\" \/>\n<meta property=\"og:site_name\" content=\"Altominho.tv\" \/>\n<meta property=\"article:publisher\" content=\"https:\/\/www.facebook.com\/altominhotv\" \/>\n<meta property=\"article:published_time\" content=\"2021-11-05T11:36:44+00:00\" \/>\n<meta property=\"article:modified_time\" content=\"2021-11-05T14:26:29+00:00\" \/>\n<meta property=\"og:image\" content=\"https:\/\/www.altominho.tv\/site\/wp-content\/uploads\/2021\/10\/Rui_Teixeira_ATV.jpg\" \/>\n\t<meta property=\"og:image:width\" content=\"1620\" \/>\n\t<meta property=\"og:image:height\" content=\"910\" \/>\n\t<meta property=\"og:image:type\" content=\"image\/jpeg\" \/>\n<meta name=\"author\" content=\"Lusa\" \/>\n<meta name=\"twitter:card\" content=\"summary_large_image\" \/>\n<meta name=\"twitter:creator\" content=\"@altominhoTV\" \/>\n<meta name=\"twitter:site\" content=\"@altominhoTV\" \/>\n<meta name=\"twitter:label1\" content=\"Escrito por\" \/>\n\t<meta name=\"twitter:data1\" content=\"Lusa\" \/>\n\t<meta name=\"twitter:label2\" content=\"Tempo estimado de leitura\" \/>\n\t<meta name=\"twitter:data2\" content=\"3 minutos\" \/>\n<script type=\"application\/ld+json\" class=\"yoast-schema-graph\">{\"@context\":\"https:\\\/\\\/schema.org\",\"@graph\":[{\"@type\":\"Article\",\"@id\":\"https:\\\/\\\/www.altominho.tv\\\/site\\\/2021\\\/11\\\/05\\\/cerveira-cria-ensino-profissional-em-2022-para-responder-a-necessidades-das-empresas\\\/#article\",\"isPartOf\":{\"@id\":\"https:\\\/\\\/www.altominho.tv\\\/site\\\/2021\\\/11\\\/05\\\/cerveira-cria-ensino-profissional-em-2022-para-responder-a-necessidades-das-empresas\\\/\"},\"author\":{\"name\":\"Lusa\",\"@id\":\"https:\\\/\\\/www.altominho.tv\\\/site\\\/#\\\/schema\\\/person\\\/63f693da3e1899361cbe955c46f3232e\"},\"headline\":\"Cerveira cria ensino profissional em 2022 para responder a necessidades das empresas\",\"datePublished\":\"2021-11-05T11:36:44+00:00\",\"dateModified\":\"2021-11-05T14:26:29+00:00\",\"mainEntityOfPage\":{\"@id\":\"https:\\\/\\\/www.altominho.tv\\\/site\\\/2021\\\/11\\\/05\\\/cerveira-cria-ensino-profissional-em-2022-para-responder-a-necessidades-das-empresas\\\/\"},\"wordCount\":581,\"image\":{\"@id\":\"https:\\\/\\\/www.altominho.tv\\\/site\\\/2021\\\/11\\\/05\\\/cerveira-cria-ensino-profissional-em-2022-para-responder-a-necessidades-das-empresas\\\/#primaryimage\"},\"thumbnailUrl\":\"https:\\\/\\\/www.altominho.tv\\\/site\\\/wp-content\\\/uploads\\\/2021\\\/10\\\/Rui_Teixeira_ATV.jpg\",\"keywords\":[\"Economia\",\"Educa\u00e7\u00e3o\"],\"articleSection\":[\"Vila Nova de Cerveira\"],\"inLanguage\":\"pt-PT\",\"copyrightYear\":\"2021\",\"copyrightHolder\":{\"@id\":\"https:\\\/\\\/www.altominho.tv\\\/site\\\/#organization\"}},{\"@type\":\"WebPage\",\"@id\":\"https:\\\/\\\/www.altominho.tv\\\/site\\\/2021\\\/11\\\/05\\\/cerveira-cria-ensino-profissional-em-2022-para-responder-a-necessidades-das-empresas\\\/\",\"url\":\"https:\\\/\\\/www.altominho.tv\\\/site\\\/2021\\\/11\\\/05\\\/cerveira-cria-ensino-profissional-em-2022-para-responder-a-necessidades-das-empresas\\\/\",\"name\":\"Cerveira cria ensino profissional em 2022 para responder a necessidades das empresas\",\"isPartOf\":{\"@id\":\"https:\\\/\\\/www.altominho.tv\\\/site\\\/#website\"},\"primaryImageOfPage\":{\"@id\":\"https:\\\/\\\/www.altominho.tv\\\/site\\\/2021\\\/11\\\/05\\\/cerveira-cria-ensino-profissional-em-2022-para-responder-a-necessidades-das-empresas\\\/#primaryimage\"},\"image\":{\"@id\":\"https:\\\/\\\/www.altominho.tv\\\/site\\\/2021\\\/11\\\/05\\\/cerveira-cria-ensino-profissional-em-2022-para-responder-a-necessidades-das-empresas\\\/#primaryimage\"},\"thumbnailUrl\":\"https:\\\/\\\/www.altominho.tv\\\/site\\\/wp-content\\\/uploads\\\/2021\\\/10\\\/Rui_Teixeira_ATV.jpg\",\"datePublished\":\"2021-11-05T11:36:44+00:00\",\"dateModified\":\"2021-11-05T14:26:29+00:00\",\"author\":{\"@id\":\"https:\\\/\\\/www.altominho.tv\\\/site\\\/#\\\/schema\\\/person\\\/63f693da3e1899361cbe955c46f3232e\"},\"breadcrumb\":{\"@id\":\"https:\\\/\\\/www.altominho.tv\\\/site\\\/2021\\\/11\\\/05\\\/cerveira-cria-ensino-profissional-em-2022-para-responder-a-necessidades-das-empresas\\\/#breadcrumb\"},\"inLanguage\":\"pt-PT\",\"potentialAction\":[{\"@type\":\"ReadAction\",\"target\":[\"https:\\\/\\\/www.altominho.tv\\\/site\\\/2021\\\/11\\\/05\\\/cerveira-cria-ensino-profissional-em-2022-para-responder-a-necessidades-das-empresas\\\/\"]}]},{\"@type\":\"ImageObject\",\"inLanguage\":\"pt-PT\",\"@id\":\"https:\\\/\\\/www.altominho.tv\\\/site\\\/2021\\\/11\\\/05\\\/cerveira-cria-ensino-profissional-em-2022-para-responder-a-necessidades-das-empresas\\\/#primaryimage\",\"url\":\"https:\\\/\\\/www.altominho.tv\\\/site\\\/wp-content\\\/uploads\\\/2021\\\/10\\\/Rui_Teixeira_ATV.jpg\",\"contentUrl\":\"https:\\\/\\\/www.altominho.tv\\\/site\\\/wp-content\\\/uploads\\\/2021\\\/10\\\/Rui_Teixeira_ATV.jpg\",\"width\":1620,\"height\":910},{\"@type\":\"BreadcrumbList\",\"@id\":\"https:\\\/\\\/www.altominho.tv\\\/site\\\/2021\\\/11\\\/05\\\/cerveira-cria-ensino-profissional-em-2022-para-responder-a-necessidades-das-empresas\\\/#breadcrumb\",\"itemListElement\":[{\"@type\":\"ListItem\",\"position\":1,\"name\":\"In\u00edcio\",\"item\":\"https:\\\/\\\/www.altominho.tv\\\/site\\\/\"},{\"@type\":\"ListItem\",\"position\":2,\"name\":\"Cerveira cria ensino profissional em 2022 para responder a necessidades das empresas\"}]},{\"@type\":\"WebSite\",\"@id\":\"https:\\\/\\\/www.altominho.tv\\\/site\\\/#website\",\"url\":\"https:\\\/\\\/www.altominho.tv\\\/site\\\/\",\"name\":\"Altominho.tv\",\"description\":\"A sua regi\u00e3o \u00e0 dist\u00e2ncia de um clique...\",\"potentialAction\":[{\"@type\":\"SearchAction\",\"target\":{\"@type\":\"EntryPoint\",\"urlTemplate\":\"https:\\\/\\\/www.altominho.tv\\\/site\\\/?s={search_term_string}\"},\"query-input\":{\"@type\":\"PropertyValueSpecification\",\"valueRequired\":true,\"valueName\":\"search_term_string\"}}],\"inLanguage\":\"pt-PT\"},{\"@type\":\"Person\",\"@id\":\"https:\\\/\\\/www.altominho.tv\\\/site\\\/#\\\/schema\\\/person\\\/63f693da3e1899361cbe955c46f3232e\",\"name\":\"Lusa\",\"image\":{\"@type\":\"ImageObject\",\"inLanguage\":\"pt-PT\",\"@id\":\"https:\\\/\\\/www.altominho.tv\\\/site\\\/wp-content\\\/uploads\\\/2019\\\/08\\\/LUSA_Logo.gif\",\"url\":\"https:\\\/\\\/www.altominho.tv\\\/site\\\/wp-content\\\/uploads\\\/2019\\\/08\\\/LUSA_Logo.gif\",\"contentUrl\":\"https:\\\/\\\/www.altominho.tv\\\/site\\\/wp-content\\\/uploads\\\/2019\\\/08\\\/LUSA_Logo.gif\",\"caption\":\"Lusa\"},\"sameAs\":[\"http:\\\/\\\/\\\/\\\/www.altominho.tv\\\/site\"],\"url\":\"https:\\\/\\\/www.altominho.tv\\\/site\\\/author\\\/lusa\\\/\"}]}<\/script>\n<!-- \/ Yoast SEO Premium plugin. -->","yoast_head_json":{"title":"Cerveira cria ensino profissional em 2022 para responder a necessidades das empresas","robots":{"index":"index","follow":"follow","max-snippet":"max-snippet:-1","max-image-preview":"max-image-preview:large","max-video-preview":"max-video-preview:-1"},"canonical":"https:\/\/www.altominho.tv\/site\/2021\/11\/05\/cerveira-cria-ensino-profissional-em-2022-para-responder-a-necessidades-das-empresas\/","og_locale":"pt_PT","og_type":"article","og_title":"Cerveira cria ensino profissional em 2022 para responder a necessidades das empresas","og_description":"O presidente da C\u00e2mara de Vila Nova de Cerveira disse, esta sexta-feira, que vai criar em 2022 um polo de ensino profissional vocacionado para \u00e1reas que respondam as necessidades das empresas instaladas no concelho. Em declara\u00e7\u00f5es \u00e0 ag\u00eancia Lusa, a prop\u00f3sito da visita que realizou aos estaleiros navais da GB Portugal, antiga Starfisher, recentemente adquiridos [&hellip;]","og_url":"https:\/\/www.altominho.tv\/site\/2021\/11\/05\/cerveira-cria-ensino-profissional-em-2022-para-responder-a-necessidades-das-empresas\/","og_site_name":"Altominho.tv","article_publisher":"https:\/\/www.facebook.com\/altominhotv","article_published_time":"2021-11-05T11:36:44+00:00","article_modified_time":"2021-11-05T14:26:29+00:00","og_image":[{"width":1620,"height":910,"url":"https:\/\/www.altominho.tv\/site\/wp-content\/uploads\/2021\/10\/Rui_Teixeira_ATV.jpg","type":"image\/jpeg"}],"author":"Lusa","twitter_card":"summary_large_image","twitter_creator":"@altominhoTV","twitter_site":"@altominhoTV","twitter_misc":{"Escrito por":"Lusa","Tempo estimado de leitura":"3 minutos"},"schema":{"@context":"https:\/\/schema.org","@graph":[{"@type":"Article","@id":"https:\/\/www.altominho.tv\/site\/2021\/11\/05\/cerveira-cria-ensino-profissional-em-2022-para-responder-a-necessidades-das-empresas\/#article","isPartOf":{"@id":"https:\/\/www.altominho.tv\/site\/2021\/11\/05\/cerveira-cria-ensino-profissional-em-2022-para-responder-a-necessidades-das-empresas\/"},"author":{"name":"Lusa","@id":"https:\/\/www.altominho.tv\/site\/#\/schema\/person\/63f693da3e1899361cbe955c46f3232e"},"headline":"Cerveira cria ensino profissional em 2022 para responder a necessidades das empresas","datePublished":"2021-11-05T11:36:44+00:00","dateModified":"2021-11-05T14:26:29+00:00","mainEntityOfPage":{"@id":"https:\/\/www.altominho.tv\/site\/2021\/11\/05\/cerveira-cria-ensino-profissional-em-2022-para-responder-a-necessidades-das-empresas\/"},"wordCount":581,"image":{"@id":"https:\/\/www.altominho.tv\/site\/2021\/11\/05\/cerveira-cria-ensino-profissional-em-2022-para-responder-a-necessidades-das-empresas\/#primaryimage"},"thumbnailUrl":"https:\/\/www.altominho.tv\/site\/wp-content\/uploads\/2021\/10\/Rui_Teixeira_ATV.jpg","keywords":["Economia","Educa\u00e7\u00e3o"],"articleSection":["Vila Nova de Cerveira"],"inLanguage":"pt-PT","copyrightYear":"2021","copyrightHolder":{"@id":"https:\/\/www.altominho.tv\/site\/#organization"}},{"@type":"WebPage","@id":"https:\/\/www.altominho.tv\/site\/2021\/11\/05\/cerveira-cria-ensino-profissional-em-2022-para-responder-a-necessidades-das-empresas\/","url":"https:\/\/www.altominho.tv\/site\/2021\/11\/05\/cerveira-cria-ensino-profissional-em-2022-para-responder-a-necessidades-das-empresas\/","name":"Cerveira cria ensino profissional em 2022 para responder a necessidades das empresas","isPartOf":{"@id":"https:\/\/www.altominho.tv\/site\/#website"},"primaryImageOfPage":{"@id":"https:\/\/www.altominho.tv\/site\/2021\/11\/05\/cerveira-cria-ensino-profissional-em-2022-para-responder-a-necessidades-das-empresas\/#primaryimage"},"image":{"@id":"https:\/\/www.altominho.tv\/site\/2021\/11\/05\/cerveira-cria-ensino-profissional-em-2022-para-responder-a-necessidades-das-empresas\/#primaryimage"},"thumbnailUrl":"https:\/\/www.altominho.tv\/site\/wp-content\/uploads\/2021\/10\/Rui_Teixeira_ATV.jpg","datePublished":"2021-11-05T11:36:44+00:00","dateModified":"2021-11-05T14:26:29+00:00","author":{"@id":"https:\/\/www.altominho.tv\/site\/#\/schema\/person\/63f693da3e1899361cbe955c46f3232e"},"breadcrumb":{"@id":"https:\/\/www.altominho.tv\/site\/2021\/11\/05\/cerveira-cria-ensino-profissional-em-2022-para-responder-a-necessidades-das-empresas\/#breadcrumb"},"inLanguage":"pt-PT","potentialAction":[{"@type":"ReadAction","target":["https:\/\/www.altominho.tv\/site\/2021\/11\/05\/cerveira-cria-ensino-profissional-em-2022-para-responder-a-necessidades-das-empresas\/"]}]},{"@type":"ImageObject","inLanguage":"pt-PT","@id":"https:\/\/www.altominho.tv\/site\/2021\/11\/05\/cerveira-cria-ensino-profissional-em-2022-para-responder-a-necessidades-das-empresas\/#primaryimage","url":"https:\/\/www.altominho.tv\/site\/wp-content\/uploads\/2021\/10\/Rui_Teixeira_ATV.jpg","contentUrl":"https:\/\/www.altominho.tv\/site\/wp-content\/uploads\/2021\/10\/Rui_Teixeira_ATV.jpg","width":1620,"height":910},{"@type":"BreadcrumbList","@id":"https:\/\/www.altominho.tv\/site\/2021\/11\/05\/cerveira-cria-ensino-profissional-em-2022-para-responder-a-necessidades-das-empresas\/#breadcrumb","itemListElement":[{"@type":"ListItem","position":1,"name":"In\u00edcio","item":"https:\/\/www.altominho.tv\/site\/"},{"@type":"ListItem","position":2,"name":"Cerveira cria ensino profissional em 2022 para responder a necessidades das empresas"}]},{"@type":"WebSite","@id":"https:\/\/www.altominho.tv\/site\/#website","url":"https:\/\/www.altominho.tv\/site\/","name":"Altominho.tv","description":"A sua regi\u00e3o \u00e0 dist\u00e2ncia de um clique...","potentialAction":[{"@type":"SearchAction","target":{"@type":"EntryPoint","urlTemplate":"https:\/\/www.altominho.tv\/site\/?s={search_term_string}"},"query-input":{"@type":"PropertyValueSpecification","valueRequired":true,"valueName":"search_term_string"}}],"inLanguage":"pt-PT"},{"@type":"Person","@id":"https:\/\/www.altominho.tv\/site\/#\/schema\/person\/63f693da3e1899361cbe955c46f3232e","name":"Lusa","image":{"@type":"ImageObject","inLanguage":"pt-PT","@id":"https:\/\/www.altominho.tv\/site\/wp-content\/uploads\/2019\/08\/LUSA_Logo.gif","url":"https:\/\/www.altominho.tv\/site\/wp-content\/uploads\/2019\/08\/LUSA_Logo.gif","contentUrl":"https:\/\/www.altominho.tv\/site\/wp-content\/uploads\/2019\/08\/LUSA_Logo.gif","caption":"Lusa"},"sameAs":["http:\/\/\/\/www.altominho.tv\/site"],"url":"https:\/\/www.altominho.tv\/site\/author\/lusa\/"}]}},"_links":{"self":[{"href":"https:\/\/www.altominho.tv\/site\/wp-json\/wp\/v2\/posts\/72288","targetHints":{"allow":["GET"]}}],"collection":[{"href":"https:\/\/www.altominho.tv\/site\/wp-json\/wp\/v2\/posts"}],"about":[{"href":"https:\/\/www.altominho.tv\/site\/wp-json\/wp\/v2\/types\/post"}],"author":[{"embeddable":true,"href":"https:\/\/www.altominho.tv\/site\/wp-json\/wp\/v2\/users\/13"}],"replies":[{"embeddable":true,"href":"https:\/\/www.altominho.tv\/site\/wp-json\/wp\/v2\/comments?post=72288"}],"version-history":[{"count":0,"href":"https:\/\/www.altominho.tv\/site\/wp-json\/wp\/v2\/posts\/72288\/revisions"}],"wp:featuredmedia":[{"embeddable":true,"href":"https:\/\/www.altominho.tv\/site\/wp-json\/wp\/v2\/media\/71782"}],"wp:attachment":[{"href":"https:\/\/www.altominho.tv\/site\/wp-json\/wp\/v2\/media?parent=72288"}],"wp:term":[{"taxonomy":"category","embeddable":true,"href":"https:\/\/www.altominho.tv\/site\/wp-json\/wp\/v2\/categories?post=72288"},{"taxonomy":"post_tag","embeddable":true,"href":"https:\/\/www.altominho.tv\/site\/wp-json\/wp\/v2\/tags?post=72288"}],"curies":[{"name":"wp","href":"https:\/\/api.w.org\/{rel}","templated":true}]}}