{"id":72274,"date":"2021-11-05T10:32:30","date_gmt":"2021-11-05T10:32:30","guid":{"rendered":"https:\/\/www.altominho.tv\/site\/?p=72274"},"modified":"2021-11-05T10:32:33","modified_gmt":"2021-11-05T10:32:33","slug":"sabe-o-que-fazer-em-caso-de-sismo-a-terra-treme-esta-sexta-feira-as-11h05","status":"publish","type":"post","link":"https:\/\/www.altominho.tv\/site\/2021\/11\/05\/sabe-o-que-fazer-em-caso-de-sismo-a-terra-treme-esta-sexta-feira-as-11h05\/","title":{"rendered":"Sabe o que fazer em caso de sismo? &#8220;A Terra Treme&#8221; esta sexta-feira \u00e0s 11h05"},"content":{"rendered":"<p>A Autoridade Nacional de Emerg\u00eancia e Prote\u00e7\u00e3o Civil\u00a0(ANEPC) convida a popula\u00e7\u00e3o a participar \u00e0s 11h05 desta sexta-feira no exerc\u00edcio p\u00fablico de sensibiliza\u00e7\u00e3o para o risco s\u00edsmico, denominado &#8216;A Terra Treme&#8217;, que compreende os gestos &#8220;baixar, proteger e aguardar&#8221;.<\/p>\n<p>Segundo a ANEPC, a <a href=\"\/\/www.altominho.tv\/site\/2021\/11\/02\/a-terra-treme-na-proxima-sexta-feira-para-sensibilizar-para-o-risco-sismico\/\">9.\u00aa edi\u00e7\u00e3o da atividade<\/a>\u00a0tem o objetivo de &#8220;capacitar a popula\u00e7\u00e3o para saber como agir em caso de sismo, sensibilizando os cidad\u00e3os para o facto de viverem numa sociedade de risco, e desafiando-os a envolver-se no processo de constru\u00e7\u00e3o de comunidades mais seguras e resilientes&#8221;.<\/p>\n<p>O exerc\u00edcio integra a realiza\u00e7\u00e3o de tr\u00eas gestos que podem fazer a diferen\u00e7a e a a\u00e7\u00e3o desenrola-se durante um minuto, durante o qual os participantes, a t\u00edtulo individual ou coletivo (fam\u00edlias, escolas, empresas, institui\u00e7\u00f5es publicas, privadas ou associativas), s\u00e3o convidados a executar os\u00a0tr\u00eas gestos de autoprote\u00e7\u00e3o: baixar, proteger e aguardar.<\/p>\n<p><a href=\"\/\/www.altominho.tv\/site\/2018\/11\/05\/a-terra-tremeu-as-11h05-e-centenas-de-alunos-sentiram-em-valenca\/\">A Terra Treme<\/a> \u00e9 um exerc\u00edcio nacional promovido pela ANEPC, em colabora\u00e7\u00e3o com diversas entidades p\u00fablicas e privadas, em particular o Minist\u00e9rio da Educa\u00e7\u00e3o, atrav\u00e9s da Dire\u00e7\u00e3o-Geral da Educa\u00e7\u00e3o (DGE) e da Dire\u00e7\u00e3o-Geral dos Estabelecimentos Escolares (DGEsTE).<\/p>\n<div class=\"obs-ad-container obs-ad-container-web_article_double obs-in-article-container obs-ad-group-article-double\" data-amp-ad-marker=\"\">\n<p>Por todo o pa\u00eds, os comandos distritais de opera\u00e7\u00f5es de socorro da ANEPC v\u00e3o, em parceria com as comunidades educativas locais, bombeiros e servi\u00e7os municipais de prote\u00e7\u00e3o civil, promover a\u00e7\u00f5es de sensibiliza\u00e7\u00e3o sobre o risco s\u00edsmico e as medidas de autoprote\u00e7\u00e3o a adotar, bem como a realiza\u00e7\u00e3o do exerc\u00edcio &#8220;A Terra Treme&#8221;.<\/p>\n<\/div>\n<div class=\"t-abc-i\">\n<div class=\"t-abc-i-i js-article-content-rm-full js-sshow-sidebar-1-ref-content-full\">\n<p>Promovida anualmente pela\u00a0ANEPC, a iniciativa est\u00e1 inserida na Estrat\u00e9gia Nacional para uma Prote\u00e7\u00e3o Civil Preventiva e d\u00e1 a conhecer as medidas e os comportamentos de autoprote\u00e7\u00e3o a adotar para a prote\u00e7\u00e3o de cada pessoa.<\/p>\n<\/div>\n<\/div>\n<footer class=\"t-abc-footer\">\n<aside class=\"t-abc-footer-share\"><\/aside>\n<\/footer>\n<div id=\"altom-85435349\" class=\"altom-teste-dentro-do-artigo\"><\/div>\n<aside class=\"t-pubbox-ct-1 js-pubinread\">\n<div class=\"t-pubbox-ct-1-i\">\n<div id=\"inread\" data-google-query-id=\"COqGq-H7gPQCFdPkUQodTzAAYg\">\n<div id=\"sm-it-main-container-1636106525965\" class=\"sm-it-main-container\" data-it=\"5c5a6313-8716-4e21-989e-00496228e960\" data-device=\"desktop\" data-index=\"0\"><\/div>\n<\/div>\n<\/div>\n<\/aside>\n","protected":false},"excerpt":{"rendered":"<p>A Autoridade Nacional de Emerg\u00eancia e Prote\u00e7\u00e3o Civil\u00a0(ANEPC) convida a popula\u00e7\u00e3o a participar \u00e0s 11h05 desta sexta-feira no exerc\u00edcio p\u00fablico de sensibiliza\u00e7\u00e3o para o risco s\u00edsmico, denominado &#8216;A Terra Treme&#8217;, que compreende os gestos &#8220;baixar, proteger e aguardar&#8221;. Segundo a ANEPC, a 9.\u00aa edi\u00e7\u00e3o da atividade\u00a0tem o objetivo de &#8220;capacitar a popula\u00e7\u00e3o para saber como [&hellip;]<\/p>\n","protected":false},"author":15,"featured_media":72277,"comment_status":"closed","ping_status":"closed","sticky":false,"template":"","format":"standard","meta":{"_exactmetrics_skip_tracking":false,"_exactmetrics_sitenote_active":false,"_exactmetrics_sitenote_note":"","_exactmetrics_sitenote_category":0,"footnotes":""},"categories":[73],"tags":[27],"class_list":["post-72274","post","type-post","status-publish","format-standard","has-post-thumbnail","hentry","category-alto-minho","tag-sociedade"],"yoast_head":"<!-- This site is optimized with the Yoast SEO Premium plugin v27.5 (Yoast SEO v27.5) - https:\/\/yoast.com\/product\/yoast-seo-premium-wordpress\/ -->\n<title>Sabe o que fazer em caso de sismo? &quot;A Terra Treme&quot; esta sexta-feira \u00e0s 11h05<\/title>\n<meta name=\"robots\" content=\"index, follow, max-snippet:-1, max-image-preview:large, max-video-preview:-1\" \/>\n<link rel=\"canonical\" href=\"https:\/\/www.altominho.tv\/site\/2021\/11\/05\/sabe-o-que-fazer-em-caso-de-sismo-a-terra-treme-esta-sexta-feira-as-11h05\/\" \/>\n<meta property=\"og:locale\" content=\"pt_PT\" \/>\n<meta property=\"og:type\" content=\"article\" \/>\n<meta property=\"og:title\" content=\"Sabe o que fazer em caso de sismo? &quot;A Terra Treme&quot; esta sexta-feira \u00e0s 11h05\" \/>\n<meta property=\"og:description\" content=\"A Autoridade Nacional de Emerg\u00eancia e Prote\u00e7\u00e3o Civil\u00a0(ANEPC) convida a popula\u00e7\u00e3o a participar \u00e0s 11h05 desta sexta-feira no exerc\u00edcio p\u00fablico de sensibiliza\u00e7\u00e3o para o risco s\u00edsmico, denominado &#8216;A Terra Treme&#8217;, que compreende os gestos &#8220;baixar, proteger e aguardar&#8221;. Segundo a ANEPC, a 9.\u00aa edi\u00e7\u00e3o da atividade\u00a0tem o objetivo de &#8220;capacitar a popula\u00e7\u00e3o para saber como [&hellip;]\" \/>\n<meta property=\"og:url\" content=\"https:\/\/www.altominho.tv\/site\/2021\/11\/05\/sabe-o-que-fazer-em-caso-de-sismo-a-terra-treme-esta-sexta-feira-as-11h05\/\" \/>\n<meta property=\"og:site_name\" content=\"Altominho.tv\" \/>\n<meta property=\"article:publisher\" content=\"https:\/\/www.facebook.com\/altominhotv\" \/>\n<meta property=\"article:published_time\" content=\"2021-11-05T10:32:30+00:00\" \/>\n<meta property=\"article:modified_time\" content=\"2021-11-05T10:32:33+00:00\" \/>\n<meta property=\"og:image\" content=\"https:\/\/www.altominho.tv\/site\/wp-content\/uploads\/2021\/11\/f960x540-191790_265865_0.jpeg\" \/>\n\t<meta property=\"og:image:width\" content=\"960\" \/>\n\t<meta property=\"og:image:height\" content=\"540\" \/>\n\t<meta property=\"og:image:type\" content=\"image\/jpeg\" \/>\n<meta name=\"author\" content=\"Andreia Ferreira | Lusa\" \/>\n<meta name=\"twitter:card\" content=\"summary_large_image\" \/>\n<meta name=\"twitter:creator\" content=\"@altominhoTV\" \/>\n<meta name=\"twitter:site\" content=\"@altominhoTV\" \/>\n<meta name=\"twitter:label1\" content=\"Escrito por\" \/>\n\t<meta name=\"twitter:data1\" content=\"Andreia Ferreira | Lusa\" \/>\n\t<meta name=\"twitter:label2\" content=\"Tempo estimado de leitura\" \/>\n\t<meta name=\"twitter:data2\" content=\"2 minutos\" \/>\n<script type=\"application\/ld+json\" class=\"yoast-schema-graph\">{\"@context\":\"https:\\\/\\\/schema.org\",\"@graph\":[{\"@type\":\"Article\",\"@id\":\"https:\\\/\\\/www.altominho.tv\\\/site\\\/2021\\\/11\\\/05\\\/sabe-o-que-fazer-em-caso-de-sismo-a-terra-treme-esta-sexta-feira-as-11h05\\\/#article\",\"isPartOf\":{\"@id\":\"https:\\\/\\\/www.altominho.tv\\\/site\\\/2021\\\/11\\\/05\\\/sabe-o-que-fazer-em-caso-de-sismo-a-terra-treme-esta-sexta-feira-as-11h05\\\/\"},\"author\":{\"name\":\"Andreia Ferreira | Lusa\",\"@id\":\"https:\\\/\\\/www.altominho.tv\\\/site\\\/#\\\/schema\\\/person\\\/a0bff6dc1041aadd46fa81887444b017\"},\"headline\":\"Sabe o que fazer em caso de sismo? &#8220;A Terra Treme&#8221; esta sexta-feira \u00e0s 11h05\",\"datePublished\":\"2021-11-05T10:32:30+00:00\",\"dateModified\":\"2021-11-05T10:32:33+00:00\",\"mainEntityOfPage\":{\"@id\":\"https:\\\/\\\/www.altominho.tv\\\/site\\\/2021\\\/11\\\/05\\\/sabe-o-que-fazer-em-caso-de-sismo-a-terra-treme-esta-sexta-feira-as-11h05\\\/\"},\"wordCount\":322,\"image\":{\"@id\":\"https:\\\/\\\/www.altominho.tv\\\/site\\\/2021\\\/11\\\/05\\\/sabe-o-que-fazer-em-caso-de-sismo-a-terra-treme-esta-sexta-feira-as-11h05\\\/#primaryimage\"},\"thumbnailUrl\":\"https:\\\/\\\/www.altominho.tv\\\/site\\\/wp-content\\\/uploads\\\/2021\\\/11\\\/f960x540-191790_265865_0.jpeg\",\"keywords\":[\"Sociedade\"],\"articleSection\":[\"Alto Minho\"],\"inLanguage\":\"pt-PT\",\"copyrightYear\":\"2021\",\"copyrightHolder\":{\"@id\":\"https:\\\/\\\/www.altominho.tv\\\/site\\\/#organization\"}},{\"@type\":\"WebPage\",\"@id\":\"https:\\\/\\\/www.altominho.tv\\\/site\\\/2021\\\/11\\\/05\\\/sabe-o-que-fazer-em-caso-de-sismo-a-terra-treme-esta-sexta-feira-as-11h05\\\/\",\"url\":\"https:\\\/\\\/www.altominho.tv\\\/site\\\/2021\\\/11\\\/05\\\/sabe-o-que-fazer-em-caso-de-sismo-a-terra-treme-esta-sexta-feira-as-11h05\\\/\",\"name\":\"Sabe o que fazer em caso de sismo? \\\"A Terra Treme\\\" esta sexta-feira \u00e0s 11h05\",\"isPartOf\":{\"@id\":\"https:\\\/\\\/www.altominho.tv\\\/site\\\/#website\"},\"primaryImageOfPage\":{\"@id\":\"https:\\\/\\\/www.altominho.tv\\\/site\\\/2021\\\/11\\\/05\\\/sabe-o-que-fazer-em-caso-de-sismo-a-terra-treme-esta-sexta-feira-as-11h05\\\/#primaryimage\"},\"image\":{\"@id\":\"https:\\\/\\\/www.altominho.tv\\\/site\\\/2021\\\/11\\\/05\\\/sabe-o-que-fazer-em-caso-de-sismo-a-terra-treme-esta-sexta-feira-as-11h05\\\/#primaryimage\"},\"thumbnailUrl\":\"https:\\\/\\\/www.altominho.tv\\\/site\\\/wp-content\\\/uploads\\\/2021\\\/11\\\/f960x540-191790_265865_0.jpeg\",\"datePublished\":\"2021-11-05T10:32:30+00:00\",\"dateModified\":\"2021-11-05T10:32:33+00:00\",\"author\":{\"@id\":\"https:\\\/\\\/www.altominho.tv\\\/site\\\/#\\\/schema\\\/person\\\/a0bff6dc1041aadd46fa81887444b017\"},\"breadcrumb\":{\"@id\":\"https:\\\/\\\/www.altominho.tv\\\/site\\\/2021\\\/11\\\/05\\\/sabe-o-que-fazer-em-caso-de-sismo-a-terra-treme-esta-sexta-feira-as-11h05\\\/#breadcrumb\"},\"inLanguage\":\"pt-PT\",\"potentialAction\":[{\"@type\":\"ReadAction\",\"target\":[\"https:\\\/\\\/www.altominho.tv\\\/site\\\/2021\\\/11\\\/05\\\/sabe-o-que-fazer-em-caso-de-sismo-a-terra-treme-esta-sexta-feira-as-11h05\\\/\"]}]},{\"@type\":\"ImageObject\",\"inLanguage\":\"pt-PT\",\"@id\":\"https:\\\/\\\/www.altominho.tv\\\/site\\\/2021\\\/11\\\/05\\\/sabe-o-que-fazer-em-caso-de-sismo-a-terra-treme-esta-sexta-feira-as-11h05\\\/#primaryimage\",\"url\":\"https:\\\/\\\/www.altominho.tv\\\/site\\\/wp-content\\\/uploads\\\/2021\\\/11\\\/f960x540-191790_265865_0.jpeg\",\"contentUrl\":\"https:\\\/\\\/www.altominho.tv\\\/site\\\/wp-content\\\/uploads\\\/2021\\\/11\\\/f960x540-191790_265865_0.jpeg\",\"width\":960,\"height\":540},{\"@type\":\"BreadcrumbList\",\"@id\":\"https:\\\/\\\/www.altominho.tv\\\/site\\\/2021\\\/11\\\/05\\\/sabe-o-que-fazer-em-caso-de-sismo-a-terra-treme-esta-sexta-feira-as-11h05\\\/#breadcrumb\",\"itemListElement\":[{\"@type\":\"ListItem\",\"position\":1,\"name\":\"In\u00edcio\",\"item\":\"https:\\\/\\\/www.altominho.tv\\\/site\\\/\"},{\"@type\":\"ListItem\",\"position\":2,\"name\":\"Sabe o que fazer em caso de sismo? &#8220;A Terra Treme&#8221; esta sexta-feira \u00e0s 11h05\"}]},{\"@type\":\"WebSite\",\"@id\":\"https:\\\/\\\/www.altominho.tv\\\/site\\\/#website\",\"url\":\"https:\\\/\\\/www.altominho.tv\\\/site\\\/\",\"name\":\"Altominho.tv\",\"description\":\"A sua regi\u00e3o \u00e0 dist\u00e2ncia de um clique...\",\"potentialAction\":[{\"@type\":\"SearchAction\",\"target\":{\"@type\":\"EntryPoint\",\"urlTemplate\":\"https:\\\/\\\/www.altominho.tv\\\/site\\\/?s={search_term_string}\"},\"query-input\":{\"@type\":\"PropertyValueSpecification\",\"valueRequired\":true,\"valueName\":\"search_term_string\"}}],\"inLanguage\":\"pt-PT\"},{\"@type\":\"Person\",\"@id\":\"https:\\\/\\\/www.altominho.tv\\\/site\\\/#\\\/schema\\\/person\\\/a0bff6dc1041aadd46fa81887444b017\",\"name\":\"Andreia Ferreira | Lusa\",\"image\":{\"@type\":\"ImageObject\",\"inLanguage\":\"pt-PT\",\"@id\":\"https:\\\/\\\/www.altominho.tv\\\/site\\\/wp-content\\\/uploads\\\/2018\\\/04\\\/Andreia-150x150.jpg\",\"url\":\"https:\\\/\\\/www.altominho.tv\\\/site\\\/wp-content\\\/uploads\\\/2018\\\/04\\\/Andreia-150x150.jpg\",\"contentUrl\":\"https:\\\/\\\/www.altominho.tv\\\/site\\\/wp-content\\\/uploads\\\/2018\\\/04\\\/Andreia-150x150.jpg\",\"caption\":\"Andreia Ferreira | Lusa\"},\"sameAs\":[\"https:\\\/\\\/www.altominho.tv\\\/site\"],\"url\":\"https:\\\/\\\/www.altominho.tv\\\/site\\\/author\\\/andreiaferreiralusa\\\/\"}]}<\/script>\n<!-- \/ Yoast SEO Premium plugin. -->","yoast_head_json":{"title":"Sabe o que fazer em caso de sismo? \"A Terra Treme\" esta sexta-feira \u00e0s 11h05","robots":{"index":"index","follow":"follow","max-snippet":"max-snippet:-1","max-image-preview":"max-image-preview:large","max-video-preview":"max-video-preview:-1"},"canonical":"https:\/\/www.altominho.tv\/site\/2021\/11\/05\/sabe-o-que-fazer-em-caso-de-sismo-a-terra-treme-esta-sexta-feira-as-11h05\/","og_locale":"pt_PT","og_type":"article","og_title":"Sabe o que fazer em caso de sismo? \"A Terra Treme\" esta sexta-feira \u00e0s 11h05","og_description":"A Autoridade Nacional de Emerg\u00eancia e Prote\u00e7\u00e3o Civil\u00a0(ANEPC) convida a popula\u00e7\u00e3o a participar \u00e0s 11h05 desta sexta-feira no exerc\u00edcio p\u00fablico de sensibiliza\u00e7\u00e3o para o risco s\u00edsmico, denominado &#8216;A Terra Treme&#8217;, que compreende os gestos &#8220;baixar, proteger e aguardar&#8221;. Segundo a ANEPC, a 9.\u00aa edi\u00e7\u00e3o da atividade\u00a0tem o objetivo de &#8220;capacitar a popula\u00e7\u00e3o para saber como [&hellip;]","og_url":"https:\/\/www.altominho.tv\/site\/2021\/11\/05\/sabe-o-que-fazer-em-caso-de-sismo-a-terra-treme-esta-sexta-feira-as-11h05\/","og_site_name":"Altominho.tv","article_publisher":"https:\/\/www.facebook.com\/altominhotv","article_published_time":"2021-11-05T10:32:30+00:00","article_modified_time":"2021-11-05T10:32:33+00:00","og_image":[{"width":960,"height":540,"url":"https:\/\/www.altominho.tv\/site\/wp-content\/uploads\/2021\/11\/f960x540-191790_265865_0.jpeg","type":"image\/jpeg"}],"author":"Andreia Ferreira | Lusa","twitter_card":"summary_large_image","twitter_creator":"@altominhoTV","twitter_site":"@altominhoTV","twitter_misc":{"Escrito por":"Andreia Ferreira | Lusa","Tempo estimado de leitura":"2 minutos"},"schema":{"@context":"https:\/\/schema.org","@graph":[{"@type":"Article","@id":"https:\/\/www.altominho.tv\/site\/2021\/11\/05\/sabe-o-que-fazer-em-caso-de-sismo-a-terra-treme-esta-sexta-feira-as-11h05\/#article","isPartOf":{"@id":"https:\/\/www.altominho.tv\/site\/2021\/11\/05\/sabe-o-que-fazer-em-caso-de-sismo-a-terra-treme-esta-sexta-feira-as-11h05\/"},"author":{"name":"Andreia Ferreira | Lusa","@id":"https:\/\/www.altominho.tv\/site\/#\/schema\/person\/a0bff6dc1041aadd46fa81887444b017"},"headline":"Sabe o que fazer em caso de sismo? &#8220;A Terra Treme&#8221; esta sexta-feira \u00e0s 11h05","datePublished":"2021-11-05T10:32:30+00:00","dateModified":"2021-11-05T10:32:33+00:00","mainEntityOfPage":{"@id":"https:\/\/www.altominho.tv\/site\/2021\/11\/05\/sabe-o-que-fazer-em-caso-de-sismo-a-terra-treme-esta-sexta-feira-as-11h05\/"},"wordCount":322,"image":{"@id":"https:\/\/www.altominho.tv\/site\/2021\/11\/05\/sabe-o-que-fazer-em-caso-de-sismo-a-terra-treme-esta-sexta-feira-as-11h05\/#primaryimage"},"thumbnailUrl":"https:\/\/www.altominho.tv\/site\/wp-content\/uploads\/2021\/11\/f960x540-191790_265865_0.jpeg","keywords":["Sociedade"],"articleSection":["Alto Minho"],"inLanguage":"pt-PT","copyrightYear":"2021","copyrightHolder":{"@id":"https:\/\/www.altominho.tv\/site\/#organization"}},{"@type":"WebPage","@id":"https:\/\/www.altominho.tv\/site\/2021\/11\/05\/sabe-o-que-fazer-em-caso-de-sismo-a-terra-treme-esta-sexta-feira-as-11h05\/","url":"https:\/\/www.altominho.tv\/site\/2021\/11\/05\/sabe-o-que-fazer-em-caso-de-sismo-a-terra-treme-esta-sexta-feira-as-11h05\/","name":"Sabe o que fazer em caso de sismo? \"A Terra Treme\" esta sexta-feira \u00e0s 11h05","isPartOf":{"@id":"https:\/\/www.altominho.tv\/site\/#website"},"primaryImageOfPage":{"@id":"https:\/\/www.altominho.tv\/site\/2021\/11\/05\/sabe-o-que-fazer-em-caso-de-sismo-a-terra-treme-esta-sexta-feira-as-11h05\/#primaryimage"},"image":{"@id":"https:\/\/www.altominho.tv\/site\/2021\/11\/05\/sabe-o-que-fazer-em-caso-de-sismo-a-terra-treme-esta-sexta-feira-as-11h05\/#primaryimage"},"thumbnailUrl":"https:\/\/www.altominho.tv\/site\/wp-content\/uploads\/2021\/11\/f960x540-191790_265865_0.jpeg","datePublished":"2021-11-05T10:32:30+00:00","dateModified":"2021-11-05T10:32:33+00:00","author":{"@id":"https:\/\/www.altominho.tv\/site\/#\/schema\/person\/a0bff6dc1041aadd46fa81887444b017"},"breadcrumb":{"@id":"https:\/\/www.altominho.tv\/site\/2021\/11\/05\/sabe-o-que-fazer-em-caso-de-sismo-a-terra-treme-esta-sexta-feira-as-11h05\/#breadcrumb"},"inLanguage":"pt-PT","potentialAction":[{"@type":"ReadAction","target":["https:\/\/www.altominho.tv\/site\/2021\/11\/05\/sabe-o-que-fazer-em-caso-de-sismo-a-terra-treme-esta-sexta-feira-as-11h05\/"]}]},{"@type":"ImageObject","inLanguage":"pt-PT","@id":"https:\/\/www.altominho.tv\/site\/2021\/11\/05\/sabe-o-que-fazer-em-caso-de-sismo-a-terra-treme-esta-sexta-feira-as-11h05\/#primaryimage","url":"https:\/\/www.altominho.tv\/site\/wp-content\/uploads\/2021\/11\/f960x540-191790_265865_0.jpeg","contentUrl":"https:\/\/www.altominho.tv\/site\/wp-content\/uploads\/2021\/11\/f960x540-191790_265865_0.jpeg","width":960,"height":540},{"@type":"BreadcrumbList","@id":"https:\/\/www.altominho.tv\/site\/2021\/11\/05\/sabe-o-que-fazer-em-caso-de-sismo-a-terra-treme-esta-sexta-feira-as-11h05\/#breadcrumb","itemListElement":[{"@type":"ListItem","position":1,"name":"In\u00edcio","item":"https:\/\/www.altominho.tv\/site\/"},{"@type":"ListItem","position":2,"name":"Sabe o que fazer em caso de sismo? &#8220;A Terra Treme&#8221; esta sexta-feira \u00e0s 11h05"}]},{"@type":"WebSite","@id":"https:\/\/www.altominho.tv\/site\/#website","url":"https:\/\/www.altominho.tv\/site\/","name":"Altominho.tv","description":"A sua regi\u00e3o \u00e0 dist\u00e2ncia de um clique...","potentialAction":[{"@type":"SearchAction","target":{"@type":"EntryPoint","urlTemplate":"https:\/\/www.altominho.tv\/site\/?s={search_term_string}"},"query-input":{"@type":"PropertyValueSpecification","valueRequired":true,"valueName":"search_term_string"}}],"inLanguage":"pt-PT"},{"@type":"Person","@id":"https:\/\/www.altominho.tv\/site\/#\/schema\/person\/a0bff6dc1041aadd46fa81887444b017","name":"Andreia Ferreira | Lusa","image":{"@type":"ImageObject","inLanguage":"pt-PT","@id":"https:\/\/www.altominho.tv\/site\/wp-content\/uploads\/2018\/04\/Andreia-150x150.jpg","url":"https:\/\/www.altominho.tv\/site\/wp-content\/uploads\/2018\/04\/Andreia-150x150.jpg","contentUrl":"https:\/\/www.altominho.tv\/site\/wp-content\/uploads\/2018\/04\/Andreia-150x150.jpg","caption":"Andreia Ferreira | Lusa"},"sameAs":["https:\/\/www.altominho.tv\/site"],"url":"https:\/\/www.altominho.tv\/site\/author\/andreiaferreiralusa\/"}]}},"_links":{"self":[{"href":"https:\/\/www.altominho.tv\/site\/wp-json\/wp\/v2\/posts\/72274","targetHints":{"allow":["GET"]}}],"collection":[{"href":"https:\/\/www.altominho.tv\/site\/wp-json\/wp\/v2\/posts"}],"about":[{"href":"https:\/\/www.altominho.tv\/site\/wp-json\/wp\/v2\/types\/post"}],"author":[{"embeddable":true,"href":"https:\/\/www.altominho.tv\/site\/wp-json\/wp\/v2\/users\/15"}],"replies":[{"embeddable":true,"href":"https:\/\/www.altominho.tv\/site\/wp-json\/wp\/v2\/comments?post=72274"}],"version-history":[{"count":0,"href":"https:\/\/www.altominho.tv\/site\/wp-json\/wp\/v2\/posts\/72274\/revisions"}],"wp:featuredmedia":[{"embeddable":true,"href":"https:\/\/www.altominho.tv\/site\/wp-json\/wp\/v2\/media\/72277"}],"wp:attachment":[{"href":"https:\/\/www.altominho.tv\/site\/wp-json\/wp\/v2\/media?parent=72274"}],"wp:term":[{"taxonomy":"category","embeddable":true,"href":"https:\/\/www.altominho.tv\/site\/wp-json\/wp\/v2\/categories?post=72274"},{"taxonomy":"post_tag","embeddable":true,"href":"https:\/\/www.altominho.tv\/site\/wp-json\/wp\/v2\/tags?post=72274"}],"curies":[{"name":"wp","href":"https:\/\/api.w.org\/{rel}","templated":true}]}}