{"id":72252,"date":"2021-11-04T14:00:56","date_gmt":"2021-11-04T14:00:56","guid":{"rendered":"https:\/\/www.altominho.tv\/site\/?p=72252"},"modified":"2021-11-04T14:00:59","modified_gmt":"2021-11-04T14:00:59","slug":"nova-fabrica-de-15-me-esgota-1a-fase-de-zona-industrial-em-construcao-em-melgaco","status":"publish","type":"post","link":"https:\/\/www.altominho.tv\/site\/2021\/11\/04\/nova-fabrica-de-15-me-esgota-1a-fase-de-zona-industrial-em-construcao-em-melgaco\/","title":{"rendered":"Nova f\u00e1brica de 15 ME esgota 1\u00aa fase de zona industrial em constru\u00e7\u00e3o em Melga\u00e7o"},"content":{"rendered":"<p>Uma empresa nacional vai investir 15 milh\u00f5es de euros na constru\u00e7\u00e3o de uma f\u00e1brica na zona industrial de Alvaredo, em Melga\u00e7o, cuja primeira fase, ainda em constru\u00e7\u00e3o, esgotou j\u00e1 a capacidade para acolher mais investimentos, foi hoje anunciado.<\/p>\n<p>Segundo o presidente da C\u00e2mara de Melga\u00e7o, que se congratulou esta quinta-feira com o \u201csucesso\u201d da procura de terrenos na nova zona industrial de Alvaredo, a empreitada da primeira fase \u201cainda vai a meio\u201d e os cinco hectares \u201cest\u00e3o esgotados\u201d.<\/p>\n<p>\u201cUm dos terrenos, com uma \u00e1rea de dois hectares, destina-se a uma empresa nacional que vai investir 15 milh\u00f5es de euros na constru\u00e7\u00e3o de uma f\u00e1brica de 1,6 hectares de implanta\u00e7\u00e3o. Esta f\u00e1brica ocupa quase 50% da \u00e1rea total da primeira fase da zona industrial\u201d, afirmou Manoel Batista, n\u00e3o adiantando, contudo, qual a empresa em causa e os postos de trabalho que criar\u00e1.<\/p>\n<p>O autarca adiantou que h\u00e1 outras tr\u00eas empresas, locais, que \u201cj\u00e1 reservaram terrenos\u201d.<br \/>\nA primeira fase da zona industrial, or\u00e7ada em 2,7 milh\u00f5es de euros, financiada pelo programa Norte 2020, tem uma \u00e1rea total de oito hectares, sendo que apenas cinco s\u00e3o destinados \u00e0 instala\u00e7\u00e3o de unidades industriais.<\/p>\n<p>\u201cO trabalho de terraplanagem est\u00e1 conclu\u00eddo. A interven\u00e7\u00e3o de infraestrutura\u00e7\u00e3o vai avan\u00e7ar agora. A primeira fase estar\u00e1 conclu\u00edda no final de julho de 2023\u201d, disse Manoel Batista.<\/p>\n<p>O autarca de Melga\u00e7o, que \u00e9 tamb\u00e9m presidente da Comunidade Intermunicipal (CIM) do Alto Minho, revelou que, face \u00e0 \u201cprocura elevada\u201d de terrenos por parte de investidores, iniciou o processo de Declara\u00e7\u00e3o de Utilidade P\u00fablica (DUP) para a segunda e terceira fases da zona industrial de Alvaredo.<\/p>\n<p>As tr\u00eas fases da nova infraestrutura representam um global de mais de 6,5 milh\u00f5es de euros, cofinanciado pelo Fundo Europeu de Desenvolvimento Regional (FEDER).<br \/>\n\u201cFelizmente a procura tem sido elevada e precisamos de ter mais terrenos preparados e dispon\u00edveis para acolher mais empresas\u201d, refor\u00e7ou Manoel Batista.<\/p>\n<p>A segunda e terceira fases abrangem um total de 16 hectares, 10 destinados \u00e0 instala\u00e7\u00e3o de novas f\u00e1bricas.<\/p>\n<p>\u201cA Declara\u00e7\u00e3o de Utilidade P\u00fablica \u00e9 um processo trabalhoso, mas que quero ver conclu\u00eddo em abril de 2023, para ser submetido \u00e0 aprecia\u00e7\u00e3o da Assembleia Municipal que se realizar\u00e1 nesse m\u00eas\u201d, informou.<\/p>\n<p>Atualmente, o concelho de Melga\u00e7o disp\u00f5e de um polo industrial, na freguesia de Penso.<br \/>\nManoel Batista destacou ainda o arranque, na pr\u00f3xima semana, da requalifica\u00e7\u00e3o, or\u00e7ada em 2,3 milh\u00f5es de euros, da piscina municipal, que estar\u00e1 conclu\u00edda no final de julho de 2023.<\/p>\n<p>O equipamento, vai ser alvo da primeira grande interven\u00e7\u00e3o desde a abertura, em 1994.<br \/>\n\u201c\u00c9 uma interven\u00e7\u00e3o urgent\u00edssima porque temos a piscina parada h\u00e1 um ano e meio. Por um lado, por causa da pandemia de covid-19 e, por outro, pelas p\u00e9ssimas condi\u00e7\u00f5es em que se encontrava\u201d, explicou Manoel Batista.<\/p>\n<p>O autarca adiantou que a piscina era \u201cmuito procurada por jovens, muitos alunos das escolas do concelho, por idosos, pela popula\u00e7\u00e3o dos munic\u00edpios vizinhos da Galiza e era important\u00edssima para a componente letiva da Escola Superior de Desporto e Lazer (ESDL)do Instituto Polit\u00e9cnico de Viana do Castelo (IPVC)\u201d.<\/p>\n<p>Manoel Batista disse ainda ter sido lan\u00e7ada a concurso p\u00fablico, por um valor base pr\u00f3ximo dos 1,8 milh\u00f5es de euros, a empreitada de requalifica\u00e7\u00e3o e amplia\u00e7\u00e3o da antiga escola prim\u00e1ria da vila de Melga\u00e7o.<\/p>\n<p>O antigo estabelecimento de ensino encerrou ap\u00f3s a entrada em funcionamento do centro escolar de Melga\u00e7o.<\/p>\n<p>\u201c\u00c9 um bonito edif\u00edcio, importante no concelho, que queremos requalificar para acolher servi\u00e7os municipais. O projeto prev\u00ea a sua amplia\u00e7\u00e3o, quase triplicando a dimens\u00e3o do atual edif\u00edcio, atrav\u00e9s da constru\u00e7\u00e3o de uma estrutura de arquitetura contempor\u00e2nea. Nessa zona, ser\u00e1 instalado o arquivo municipal e um centro documental para o esp\u00f3lio que o franc\u00eas Jean Loup Passek, escritor e cr\u00edtico de cinema, doou ao munic\u00edpio\u201d, especificou.<\/p>\n","protected":false},"excerpt":{"rendered":"<p>Uma empresa nacional vai investir 15 milh\u00f5es de euros na constru\u00e7\u00e3o de uma f\u00e1brica na zona industrial de Alvaredo, em Melga\u00e7o, cuja primeira fase, ainda em constru\u00e7\u00e3o, esgotou j\u00e1 a capacidade para acolher mais investimentos, foi hoje anunciado. Segundo o presidente da C\u00e2mara de Melga\u00e7o, que se congratulou esta quinta-feira com o \u201csucesso\u201d da procura [&hellip;]<\/p>\n","protected":false},"author":13,"featured_media":72253,"comment_status":"closed","ping_status":"closed","sticky":false,"template":"","format":"standard","meta":{"_exactmetrics_skip_tracking":false,"_exactmetrics_sitenote_active":false,"_exactmetrics_sitenote_note":"","_exactmetrics_sitenote_category":0,"footnotes":""},"categories":[8],"tags":[21],"class_list":["post-72252","post","type-post","status-publish","format-standard","has-post-thumbnail","hentry","category-melgaco","tag-economia"],"yoast_head":"<!-- This site is optimized with the Yoast SEO Premium plugin v27.5 (Yoast SEO v27.5) - https:\/\/yoast.com\/product\/yoast-seo-premium-wordpress\/ -->\n<title>Nova f\u00e1brica de 15 ME esgota 1\u00aa fase de zona industrial em constru\u00e7\u00e3o em Melga\u00e7o<\/title>\n<meta name=\"robots\" content=\"index, follow, max-snippet:-1, max-image-preview:large, max-video-preview:-1\" \/>\n<link rel=\"canonical\" href=\"https:\/\/www.altominho.tv\/site\/2021\/11\/04\/nova-fabrica-de-15-me-esgota-1a-fase-de-zona-industrial-em-construcao-em-melgaco\/\" \/>\n<meta property=\"og:locale\" content=\"pt_PT\" \/>\n<meta property=\"og:type\" content=\"article\" \/>\n<meta property=\"og:title\" content=\"Nova f\u00e1brica de 15 ME esgota 1\u00aa fase de zona industrial em constru\u00e7\u00e3o em Melga\u00e7o\" \/>\n<meta property=\"og:description\" content=\"Uma empresa nacional vai investir 15 milh\u00f5es de euros na constru\u00e7\u00e3o de uma f\u00e1brica na zona industrial de Alvaredo, em Melga\u00e7o, cuja primeira fase, ainda em constru\u00e7\u00e3o, esgotou j\u00e1 a capacidade para acolher mais investimentos, foi hoje anunciado. Segundo o presidente da C\u00e2mara de Melga\u00e7o, que se congratulou esta quinta-feira com o \u201csucesso\u201d da procura [&hellip;]\" \/>\n<meta property=\"og:url\" content=\"https:\/\/www.altominho.tv\/site\/2021\/11\/04\/nova-fabrica-de-15-me-esgota-1a-fase-de-zona-industrial-em-construcao-em-melgaco\/\" \/>\n<meta property=\"og:site_name\" content=\"Altominho.tv\" \/>\n<meta property=\"article:publisher\" content=\"https:\/\/www.facebook.com\/altominhotv\" \/>\n<meta property=\"article:published_time\" content=\"2021-11-04T14:00:56+00:00\" \/>\n<meta property=\"article:modified_time\" content=\"2021-11-04T14:00:59+00:00\" \/>\n<meta property=\"og:image\" content=\"https:\/\/www.altominho.tv\/site\/wp-content\/uploads\/2021\/11\/Zona_Industrial_Alvaredo.jpeg\" \/>\n\t<meta property=\"og:image:width\" content=\"1024\" \/>\n\t<meta property=\"og:image:height\" content=\"683\" \/>\n\t<meta property=\"og:image:type\" content=\"image\/jpeg\" \/>\n<meta name=\"author\" content=\"Lusa\" \/>\n<meta name=\"twitter:card\" content=\"summary_large_image\" \/>\n<meta name=\"twitter:creator\" content=\"@altominhoTV\" \/>\n<meta name=\"twitter:site\" content=\"@altominhoTV\" \/>\n<meta name=\"twitter:label1\" content=\"Escrito por\" \/>\n\t<meta name=\"twitter:data1\" content=\"Lusa\" \/>\n\t<meta name=\"twitter:label2\" content=\"Tempo estimado de leitura\" \/>\n\t<meta name=\"twitter:data2\" content=\"3 minutos\" \/>\n<script type=\"application\/ld+json\" class=\"yoast-schema-graph\">{\"@context\":\"https:\\\/\\\/schema.org\",\"@graph\":[{\"@type\":\"Article\",\"@id\":\"https:\\\/\\\/www.altominho.tv\\\/site\\\/2021\\\/11\\\/04\\\/nova-fabrica-de-15-me-esgota-1a-fase-de-zona-industrial-em-construcao-em-melgaco\\\/#article\",\"isPartOf\":{\"@id\":\"https:\\\/\\\/www.altominho.tv\\\/site\\\/2021\\\/11\\\/04\\\/nova-fabrica-de-15-me-esgota-1a-fase-de-zona-industrial-em-construcao-em-melgaco\\\/\"},\"author\":{\"name\":\"Lusa\",\"@id\":\"https:\\\/\\\/www.altominho.tv\\\/site\\\/#\\\/schema\\\/person\\\/63f693da3e1899361cbe955c46f3232e\"},\"headline\":\"Nova f\u00e1brica de 15 ME esgota 1\u00aa fase de zona industrial em constru\u00e7\u00e3o em Melga\u00e7o\",\"datePublished\":\"2021-11-04T14:00:56+00:00\",\"dateModified\":\"2021-11-04T14:00:59+00:00\",\"mainEntityOfPage\":{\"@id\":\"https:\\\/\\\/www.altominho.tv\\\/site\\\/2021\\\/11\\\/04\\\/nova-fabrica-de-15-me-esgota-1a-fase-de-zona-industrial-em-construcao-em-melgaco\\\/\"},\"wordCount\":686,\"image\":{\"@id\":\"https:\\\/\\\/www.altominho.tv\\\/site\\\/2021\\\/11\\\/04\\\/nova-fabrica-de-15-me-esgota-1a-fase-de-zona-industrial-em-construcao-em-melgaco\\\/#primaryimage\"},\"thumbnailUrl\":\"https:\\\/\\\/www.altominho.tv\\\/site\\\/wp-content\\\/uploads\\\/2021\\\/11\\\/Zona_Industrial_Alvaredo.jpeg\",\"keywords\":[\"Economia\"],\"articleSection\":[\"Melga\u00e7o\"],\"inLanguage\":\"pt-PT\",\"copyrightYear\":\"2021\",\"copyrightHolder\":{\"@id\":\"https:\\\/\\\/www.altominho.tv\\\/site\\\/#organization\"}},{\"@type\":\"WebPage\",\"@id\":\"https:\\\/\\\/www.altominho.tv\\\/site\\\/2021\\\/11\\\/04\\\/nova-fabrica-de-15-me-esgota-1a-fase-de-zona-industrial-em-construcao-em-melgaco\\\/\",\"url\":\"https:\\\/\\\/www.altominho.tv\\\/site\\\/2021\\\/11\\\/04\\\/nova-fabrica-de-15-me-esgota-1a-fase-de-zona-industrial-em-construcao-em-melgaco\\\/\",\"name\":\"Nova f\u00e1brica de 15 ME esgota 1\u00aa fase de zona industrial em constru\u00e7\u00e3o em Melga\u00e7o\",\"isPartOf\":{\"@id\":\"https:\\\/\\\/www.altominho.tv\\\/site\\\/#website\"},\"primaryImageOfPage\":{\"@id\":\"https:\\\/\\\/www.altominho.tv\\\/site\\\/2021\\\/11\\\/04\\\/nova-fabrica-de-15-me-esgota-1a-fase-de-zona-industrial-em-construcao-em-melgaco\\\/#primaryimage\"},\"image\":{\"@id\":\"https:\\\/\\\/www.altominho.tv\\\/site\\\/2021\\\/11\\\/04\\\/nova-fabrica-de-15-me-esgota-1a-fase-de-zona-industrial-em-construcao-em-melgaco\\\/#primaryimage\"},\"thumbnailUrl\":\"https:\\\/\\\/www.altominho.tv\\\/site\\\/wp-content\\\/uploads\\\/2021\\\/11\\\/Zona_Industrial_Alvaredo.jpeg\",\"datePublished\":\"2021-11-04T14:00:56+00:00\",\"dateModified\":\"2021-11-04T14:00:59+00:00\",\"author\":{\"@id\":\"https:\\\/\\\/www.altominho.tv\\\/site\\\/#\\\/schema\\\/person\\\/63f693da3e1899361cbe955c46f3232e\"},\"breadcrumb\":{\"@id\":\"https:\\\/\\\/www.altominho.tv\\\/site\\\/2021\\\/11\\\/04\\\/nova-fabrica-de-15-me-esgota-1a-fase-de-zona-industrial-em-construcao-em-melgaco\\\/#breadcrumb\"},\"inLanguage\":\"pt-PT\",\"potentialAction\":[{\"@type\":\"ReadAction\",\"target\":[\"https:\\\/\\\/www.altominho.tv\\\/site\\\/2021\\\/11\\\/04\\\/nova-fabrica-de-15-me-esgota-1a-fase-de-zona-industrial-em-construcao-em-melgaco\\\/\"]}]},{\"@type\":\"ImageObject\",\"inLanguage\":\"pt-PT\",\"@id\":\"https:\\\/\\\/www.altominho.tv\\\/site\\\/2021\\\/11\\\/04\\\/nova-fabrica-de-15-me-esgota-1a-fase-de-zona-industrial-em-construcao-em-melgaco\\\/#primaryimage\",\"url\":\"https:\\\/\\\/www.altominho.tv\\\/site\\\/wp-content\\\/uploads\\\/2021\\\/11\\\/Zona_Industrial_Alvaredo.jpeg\",\"contentUrl\":\"https:\\\/\\\/www.altominho.tv\\\/site\\\/wp-content\\\/uploads\\\/2021\\\/11\\\/Zona_Industrial_Alvaredo.jpeg\",\"width\":1024,\"height\":683,\"caption\":\"CMM\"},{\"@type\":\"BreadcrumbList\",\"@id\":\"https:\\\/\\\/www.altominho.tv\\\/site\\\/2021\\\/11\\\/04\\\/nova-fabrica-de-15-me-esgota-1a-fase-de-zona-industrial-em-construcao-em-melgaco\\\/#breadcrumb\",\"itemListElement\":[{\"@type\":\"ListItem\",\"position\":1,\"name\":\"In\u00edcio\",\"item\":\"https:\\\/\\\/www.altominho.tv\\\/site\\\/\"},{\"@type\":\"ListItem\",\"position\":2,\"name\":\"Nova f\u00e1brica de 15 ME esgota 1\u00aa fase de zona industrial em constru\u00e7\u00e3o em Melga\u00e7o\"}]},{\"@type\":\"WebSite\",\"@id\":\"https:\\\/\\\/www.altominho.tv\\\/site\\\/#website\",\"url\":\"https:\\\/\\\/www.altominho.tv\\\/site\\\/\",\"name\":\"Altominho.tv\",\"description\":\"A sua regi\u00e3o \u00e0 dist\u00e2ncia de um clique...\",\"potentialAction\":[{\"@type\":\"SearchAction\",\"target\":{\"@type\":\"EntryPoint\",\"urlTemplate\":\"https:\\\/\\\/www.altominho.tv\\\/site\\\/?s={search_term_string}\"},\"query-input\":{\"@type\":\"PropertyValueSpecification\",\"valueRequired\":true,\"valueName\":\"search_term_string\"}}],\"inLanguage\":\"pt-PT\"},{\"@type\":\"Person\",\"@id\":\"https:\\\/\\\/www.altominho.tv\\\/site\\\/#\\\/schema\\\/person\\\/63f693da3e1899361cbe955c46f3232e\",\"name\":\"Lusa\",\"image\":{\"@type\":\"ImageObject\",\"inLanguage\":\"pt-PT\",\"@id\":\"https:\\\/\\\/www.altominho.tv\\\/site\\\/wp-content\\\/uploads\\\/2019\\\/08\\\/LUSA_Logo.gif\",\"url\":\"https:\\\/\\\/www.altominho.tv\\\/site\\\/wp-content\\\/uploads\\\/2019\\\/08\\\/LUSA_Logo.gif\",\"contentUrl\":\"https:\\\/\\\/www.altominho.tv\\\/site\\\/wp-content\\\/uploads\\\/2019\\\/08\\\/LUSA_Logo.gif\",\"caption\":\"Lusa\"},\"sameAs\":[\"http:\\\/\\\/\\\/\\\/www.altominho.tv\\\/site\"],\"url\":\"https:\\\/\\\/www.altominho.tv\\\/site\\\/author\\\/lusa\\\/\"}]}<\/script>\n<!-- \/ Yoast SEO Premium plugin. -->","yoast_head_json":{"title":"Nova f\u00e1brica de 15 ME esgota 1\u00aa fase de zona industrial em constru\u00e7\u00e3o em Melga\u00e7o","robots":{"index":"index","follow":"follow","max-snippet":"max-snippet:-1","max-image-preview":"max-image-preview:large","max-video-preview":"max-video-preview:-1"},"canonical":"https:\/\/www.altominho.tv\/site\/2021\/11\/04\/nova-fabrica-de-15-me-esgota-1a-fase-de-zona-industrial-em-construcao-em-melgaco\/","og_locale":"pt_PT","og_type":"article","og_title":"Nova f\u00e1brica de 15 ME esgota 1\u00aa fase de zona industrial em constru\u00e7\u00e3o em Melga\u00e7o","og_description":"Uma empresa nacional vai investir 15 milh\u00f5es de euros na constru\u00e7\u00e3o de uma f\u00e1brica na zona industrial de Alvaredo, em Melga\u00e7o, cuja primeira fase, ainda em constru\u00e7\u00e3o, esgotou j\u00e1 a capacidade para acolher mais investimentos, foi hoje anunciado. Segundo o presidente da C\u00e2mara de Melga\u00e7o, que se congratulou esta quinta-feira com o \u201csucesso\u201d da procura [&hellip;]","og_url":"https:\/\/www.altominho.tv\/site\/2021\/11\/04\/nova-fabrica-de-15-me-esgota-1a-fase-de-zona-industrial-em-construcao-em-melgaco\/","og_site_name":"Altominho.tv","article_publisher":"https:\/\/www.facebook.com\/altominhotv","article_published_time":"2021-11-04T14:00:56+00:00","article_modified_time":"2021-11-04T14:00:59+00:00","og_image":[{"width":1024,"height":683,"url":"https:\/\/www.altominho.tv\/site\/wp-content\/uploads\/2021\/11\/Zona_Industrial_Alvaredo.jpeg","type":"image\/jpeg"}],"author":"Lusa","twitter_card":"summary_large_image","twitter_creator":"@altominhoTV","twitter_site":"@altominhoTV","twitter_misc":{"Escrito por":"Lusa","Tempo estimado de leitura":"3 minutos"},"schema":{"@context":"https:\/\/schema.org","@graph":[{"@type":"Article","@id":"https:\/\/www.altominho.tv\/site\/2021\/11\/04\/nova-fabrica-de-15-me-esgota-1a-fase-de-zona-industrial-em-construcao-em-melgaco\/#article","isPartOf":{"@id":"https:\/\/www.altominho.tv\/site\/2021\/11\/04\/nova-fabrica-de-15-me-esgota-1a-fase-de-zona-industrial-em-construcao-em-melgaco\/"},"author":{"name":"Lusa","@id":"https:\/\/www.altominho.tv\/site\/#\/schema\/person\/63f693da3e1899361cbe955c46f3232e"},"headline":"Nova f\u00e1brica de 15 ME esgota 1\u00aa fase de zona industrial em constru\u00e7\u00e3o em Melga\u00e7o","datePublished":"2021-11-04T14:00:56+00:00","dateModified":"2021-11-04T14:00:59+00:00","mainEntityOfPage":{"@id":"https:\/\/www.altominho.tv\/site\/2021\/11\/04\/nova-fabrica-de-15-me-esgota-1a-fase-de-zona-industrial-em-construcao-em-melgaco\/"},"wordCount":686,"image":{"@id":"https:\/\/www.altominho.tv\/site\/2021\/11\/04\/nova-fabrica-de-15-me-esgota-1a-fase-de-zona-industrial-em-construcao-em-melgaco\/#primaryimage"},"thumbnailUrl":"https:\/\/www.altominho.tv\/site\/wp-content\/uploads\/2021\/11\/Zona_Industrial_Alvaredo.jpeg","keywords":["Economia"],"articleSection":["Melga\u00e7o"],"inLanguage":"pt-PT","copyrightYear":"2021","copyrightHolder":{"@id":"https:\/\/www.altominho.tv\/site\/#organization"}},{"@type":"WebPage","@id":"https:\/\/www.altominho.tv\/site\/2021\/11\/04\/nova-fabrica-de-15-me-esgota-1a-fase-de-zona-industrial-em-construcao-em-melgaco\/","url":"https:\/\/www.altominho.tv\/site\/2021\/11\/04\/nova-fabrica-de-15-me-esgota-1a-fase-de-zona-industrial-em-construcao-em-melgaco\/","name":"Nova f\u00e1brica de 15 ME esgota 1\u00aa fase de zona industrial em constru\u00e7\u00e3o em Melga\u00e7o","isPartOf":{"@id":"https:\/\/www.altominho.tv\/site\/#website"},"primaryImageOfPage":{"@id":"https:\/\/www.altominho.tv\/site\/2021\/11\/04\/nova-fabrica-de-15-me-esgota-1a-fase-de-zona-industrial-em-construcao-em-melgaco\/#primaryimage"},"image":{"@id":"https:\/\/www.altominho.tv\/site\/2021\/11\/04\/nova-fabrica-de-15-me-esgota-1a-fase-de-zona-industrial-em-construcao-em-melgaco\/#primaryimage"},"thumbnailUrl":"https:\/\/www.altominho.tv\/site\/wp-content\/uploads\/2021\/11\/Zona_Industrial_Alvaredo.jpeg","datePublished":"2021-11-04T14:00:56+00:00","dateModified":"2021-11-04T14:00:59+00:00","author":{"@id":"https:\/\/www.altominho.tv\/site\/#\/schema\/person\/63f693da3e1899361cbe955c46f3232e"},"breadcrumb":{"@id":"https:\/\/www.altominho.tv\/site\/2021\/11\/04\/nova-fabrica-de-15-me-esgota-1a-fase-de-zona-industrial-em-construcao-em-melgaco\/#breadcrumb"},"inLanguage":"pt-PT","potentialAction":[{"@type":"ReadAction","target":["https:\/\/www.altominho.tv\/site\/2021\/11\/04\/nova-fabrica-de-15-me-esgota-1a-fase-de-zona-industrial-em-construcao-em-melgaco\/"]}]},{"@type":"ImageObject","inLanguage":"pt-PT","@id":"https:\/\/www.altominho.tv\/site\/2021\/11\/04\/nova-fabrica-de-15-me-esgota-1a-fase-de-zona-industrial-em-construcao-em-melgaco\/#primaryimage","url":"https:\/\/www.altominho.tv\/site\/wp-content\/uploads\/2021\/11\/Zona_Industrial_Alvaredo.jpeg","contentUrl":"https:\/\/www.altominho.tv\/site\/wp-content\/uploads\/2021\/11\/Zona_Industrial_Alvaredo.jpeg","width":1024,"height":683,"caption":"CMM"},{"@type":"BreadcrumbList","@id":"https:\/\/www.altominho.tv\/site\/2021\/11\/04\/nova-fabrica-de-15-me-esgota-1a-fase-de-zona-industrial-em-construcao-em-melgaco\/#breadcrumb","itemListElement":[{"@type":"ListItem","position":1,"name":"In\u00edcio","item":"https:\/\/www.altominho.tv\/site\/"},{"@type":"ListItem","position":2,"name":"Nova f\u00e1brica de 15 ME esgota 1\u00aa fase de zona industrial em constru\u00e7\u00e3o em Melga\u00e7o"}]},{"@type":"WebSite","@id":"https:\/\/www.altominho.tv\/site\/#website","url":"https:\/\/www.altominho.tv\/site\/","name":"Altominho.tv","description":"A sua regi\u00e3o \u00e0 dist\u00e2ncia de um clique...","potentialAction":[{"@type":"SearchAction","target":{"@type":"EntryPoint","urlTemplate":"https:\/\/www.altominho.tv\/site\/?s={search_term_string}"},"query-input":{"@type":"PropertyValueSpecification","valueRequired":true,"valueName":"search_term_string"}}],"inLanguage":"pt-PT"},{"@type":"Person","@id":"https:\/\/www.altominho.tv\/site\/#\/schema\/person\/63f693da3e1899361cbe955c46f3232e","name":"Lusa","image":{"@type":"ImageObject","inLanguage":"pt-PT","@id":"https:\/\/www.altominho.tv\/site\/wp-content\/uploads\/2019\/08\/LUSA_Logo.gif","url":"https:\/\/www.altominho.tv\/site\/wp-content\/uploads\/2019\/08\/LUSA_Logo.gif","contentUrl":"https:\/\/www.altominho.tv\/site\/wp-content\/uploads\/2019\/08\/LUSA_Logo.gif","caption":"Lusa"},"sameAs":["http:\/\/\/\/www.altominho.tv\/site"],"url":"https:\/\/www.altominho.tv\/site\/author\/lusa\/"}]}},"_links":{"self":[{"href":"https:\/\/www.altominho.tv\/site\/wp-json\/wp\/v2\/posts\/72252","targetHints":{"allow":["GET"]}}],"collection":[{"href":"https:\/\/www.altominho.tv\/site\/wp-json\/wp\/v2\/posts"}],"about":[{"href":"https:\/\/www.altominho.tv\/site\/wp-json\/wp\/v2\/types\/post"}],"author":[{"embeddable":true,"href":"https:\/\/www.altominho.tv\/site\/wp-json\/wp\/v2\/users\/13"}],"replies":[{"embeddable":true,"href":"https:\/\/www.altominho.tv\/site\/wp-json\/wp\/v2\/comments?post=72252"}],"version-history":[{"count":0,"href":"https:\/\/www.altominho.tv\/site\/wp-json\/wp\/v2\/posts\/72252\/revisions"}],"wp:featuredmedia":[{"embeddable":true,"href":"https:\/\/www.altominho.tv\/site\/wp-json\/wp\/v2\/media\/72253"}],"wp:attachment":[{"href":"https:\/\/www.altominho.tv\/site\/wp-json\/wp\/v2\/media?parent=72252"}],"wp:term":[{"taxonomy":"category","embeddable":true,"href":"https:\/\/www.altominho.tv\/site\/wp-json\/wp\/v2\/categories?post=72252"},{"taxonomy":"post_tag","embeddable":true,"href":"https:\/\/www.altominho.tv\/site\/wp-json\/wp\/v2\/tags?post=72252"}],"curies":[{"name":"wp","href":"https:\/\/api.w.org\/{rel}","templated":true}]}}