{"id":72249,"date":"2021-11-04T12:58:15","date_gmt":"2021-11-04T12:58:15","guid":{"rendered":"https:\/\/www.altominho.tv\/site\/?p=72249"},"modified":"2021-11-04T12:58:18","modified_gmt":"2021-11-04T12:58:18","slug":"moncao-investe-1-me-em-estacionamento-para-tirar-carros-do-centro-historico","status":"publish","type":"post","link":"https:\/\/www.altominho.tv\/site\/2021\/11\/04\/moncao-investe-1-me-em-estacionamento-para-tirar-carros-do-centro-historico\/","title":{"rendered":"Mon\u00e7\u00e3o investe 1 ME em estacionamento para tirar carros do centro hist\u00f3rico"},"content":{"rendered":"<p>A C\u00e2mara de Mon\u00e7\u00e3o est\u00e1 a investir cerca de um milh\u00e3o de euros na constru\u00e7\u00e3o de tr\u00eas parques de estacionamento, com 180 lugares, para tirar as viaturas do centro hist\u00f3rico da vila, disse hoje o presidente Ant\u00f3nio Barbosa.<\/p>\n<p>Em declara\u00e7\u00f5es, o autarca social-democrata de Mon\u00e7\u00e3o adiantou que dos tr\u00eas novos parques, dois est\u00e3o em execu\u00e7\u00e3o, o da Cova do C\u00e3o e o da Portas de Salvaterra, este conclu\u00eddo at\u00e9 final do ano, e um terceiro, da Entrada Poente, a sua empreitada j\u00e1 foi lan\u00e7ada a concurso p\u00fablico.<\/p>\n<p>\u201cNa parte urbana de Mon\u00e7\u00e3o, a estrat\u00e9gia de reabilita\u00e7\u00e3o do centro hist\u00f3rico passa pela constru\u00e7\u00e3o de parques de estacionamento nas zonas circundantes no sentido de, paulatinamente, irmos reduzindo o estacionamento no casco urbano, permitindo maior frui\u00e7\u00e3o do espa\u00e7o p\u00fablico. Menos carros e mais liberdade e mais espa\u00e7os para que as pessoas possam circular, e mais visibilidade para o com\u00e9rcio local\u201d, especificou.<\/p>\n<p>Ant\u00f3nio Barbosa destacou ainda o investimento de perto de mais de 800 milh\u00f5es de euros na valoriza\u00e7\u00e3o ambiental, \u201cpara refor\u00e7ar atratividade tur\u00edstica daquele concelho\u201d.<br \/>\nApontou a continuidade da ecopista junto ao rio Minho, com os tro\u00e7os da Pedra Furada a Parque das Caldas (195 mil euros), do Posto Aqu\u00edcola a Ruivos (160 mil euros) e de Ruivos a Landre, na freguesia de Bela (260 mil euros).<\/p>\n<p>Em curso est\u00e1 a continuidade da ecopista do rio Minho entre a zona do Posto Aqu\u00edcola e o antigo posto da Guarda Fiscal (Posto do Piscoto), no limite entre a Uni\u00e3o de Freguesias de Mon\u00e7\u00e3o e Troviscoso e a freguesia de Bela.<\/p>\n<p>A primeira fase da ecovia, que representou um investimento 120 mil euros, est\u00e1 conclu\u00edda desde o ver\u00e3o, ligando o Parque das Caldas ao Posto Aqu\u00edcola.<\/p>\n<p>Com pouco mais de um quil\u00f3metro de extens\u00e3o, o trajeto passa por alguns locais que eram utilizados pela popula\u00e7\u00e3o para a passagem ilegal de mercadorias (contrabando), de um lado para o outro da fronteira.<\/p>\n<p>Nesse percurso, junto a uma pesqueira recuperada, foi constru\u00eddo um passadi\u00e7o elevado em madeira com, aproximadamente, 55 metros de extens\u00e3o, sendo que uma ponte de bet\u00e3o armado deu lugar a uma nova travessia em madeira.<\/p>\n<p>J\u00e1 no Posto Aqu\u00edcola localiza-se um parque de merendas.<\/p>\n<p>Al\u00e9m da ecopista do rio Minho, \u201cconsiderada uma das melhores da Europa\u201d, a autarquia est\u00e1 a investir na valoriza\u00e7\u00e3o das margens do rio Mouro, num investimento j\u00e1 em curso que ascende a 256 mil euros, e no Gadanha, ainda em fase de projeto.<\/p>\n<p>\u201cNesta fase, a interven\u00e7\u00e3o decorre no rio Mouro, desde a ponte at\u00e9 Tangil. O objetivo \u00e9 fazer o tratamento das margens do rio Mouro de forma que possam a ser utiliz\u00e1veis pelas pessoas. A nossa interven\u00e7\u00e3o \u00e9 minimalista, criando circuitos junto ao rio, o mais naturais poss\u00edvel\u201d, destacou.<\/p>\n<p>Est\u00e1 ainda prevista a constru\u00e7\u00e3o de ecoparque em Tangil, que ter\u00e1 &#8220;uma \u00e1rea total de 2.751 metros quadrados, que tem como objetivo a valoriza\u00e7\u00e3o daquela zona pr\u00f3xima do rio Mouro, atribuindo-lhe um conjunto de novas funcionalidades, com voca\u00e7\u00e3o ambiental e recreativa, para frui\u00e7\u00e3o da popula\u00e7\u00e3o local e dos visitantes&#8221;.<\/p>\n<p>&#8220;Aproveitando a topografia do terreno, disposto em tr\u00eas patamares alinhados com o corredor fluvial, o projeto contempla tr\u00eas zonas distintas&#8221;, especificou.<\/p>\n<p>No primeiro patamar, &#8220;pretende-se a cria\u00e7\u00e3o de condi\u00e7\u00f5es efetivas para acesso pedonal e aparcamento de ve\u00edculos e bicicletas, bem como a constru\u00e7\u00e3o de um anfiteatro ao ar livre, com fun\u00e7\u00f5es polivalentes, destinado \u00e0 realiza\u00e7\u00e3o de eventos culturais, palestras tem\u00e1ticas e iniciativas de cariz educativo\/ambiental&#8221;.<\/p>\n<p>No segundo, &#8220;est\u00e1 projetada a constru\u00e7\u00e3o de um edif\u00edcio de apoio \u00e0s diferentes val\u00eancias, constando de rece\u00e7\u00e3o, loja comunit\u00e1ria, espa\u00e7o expositivo e bar gastron\u00f3mico&#8221;, compreendendo, tamb\u00e9m, \u00e1reas de frui\u00e7\u00e3o da natureza (circuito ecoaventura, oficina ecol\u00f3gica e \u00e1rea social\/art\u00edstica)&#8221;.<\/p>\n<p>Mais pr\u00f3ximo do rio, &#8220;a interven\u00e7\u00e3o no terceiro patamar incidir\u00e1, basicamente, na limpeza das margens e do coberto vegetal existente, erradica\u00e7\u00e3o das esp\u00e9cies infestantes e valoriza\u00e7\u00e3o da galeria rip\u00edcola e vegeta\u00e7\u00e3o aut\u00f3ctone&#8221;.<\/p>\n","protected":false},"excerpt":{"rendered":"<p>A C\u00e2mara de Mon\u00e7\u00e3o est\u00e1 a investir cerca de um milh\u00e3o de euros na constru\u00e7\u00e3o de tr\u00eas parques de estacionamento, com 180 lugares, para tirar as viaturas do centro hist\u00f3rico da vila, disse hoje o presidente Ant\u00f3nio Barbosa. Em declara\u00e7\u00f5es, o autarca social-democrata de Mon\u00e7\u00e3o adiantou que dos tr\u00eas novos parques, dois est\u00e3o em execu\u00e7\u00e3o, [&hellip;]<\/p>\n","protected":false},"author":13,"featured_media":72250,"comment_status":"closed","ping_status":"closed","sticky":false,"template":"","format":"standard","meta":{"_exactmetrics_skip_tracking":false,"footnotes":""},"categories":[9],"tags":[27],"class_list":["post-72249","post","type-post","status-publish","format-standard","has-post-thumbnail","hentry","category-moncao","tag-sociedade"],"yoast_head":"<!-- This site is optimized with the Yoast SEO Premium plugin v28.3 (Yoast SEO v28.3) - https:\/\/yoast.com\/product\/yoast-seo-premium-wordpress\/ -->\n<title>Mon\u00e7\u00e3o investe 1 ME em estacionamento para tirar carros do centro hist\u00f3rico<\/title>\n<meta name=\"robots\" content=\"index, follow, max-snippet:-1, max-image-preview:large, max-video-preview:-1\" \/>\n<link rel=\"canonical\" href=\"https:\/\/www.altominho.tv\/site\/2021\/11\/04\/moncao-investe-1-me-em-estacionamento-para-tirar-carros-do-centro-historico\/\" \/>\n<meta property=\"og:locale\" content=\"pt_PT\" \/>\n<meta property=\"og:type\" content=\"article\" \/>\n<meta property=\"og:title\" content=\"Mon\u00e7\u00e3o investe 1 ME em estacionamento para tirar carros do centro hist\u00f3rico\" \/>\n<meta property=\"og:description\" content=\"A C\u00e2mara de Mon\u00e7\u00e3o est\u00e1 a investir cerca de um milh\u00e3o de euros na constru\u00e7\u00e3o de tr\u00eas parques de estacionamento, com 180 lugares, para tirar as viaturas do centro hist\u00f3rico da vila, disse hoje o presidente Ant\u00f3nio Barbosa. Em declara\u00e7\u00f5es, o autarca social-democrata de Mon\u00e7\u00e3o adiantou que dos tr\u00eas novos parques, dois est\u00e3o em execu\u00e7\u00e3o, [&hellip;]\" \/>\n<meta property=\"og:url\" content=\"https:\/\/www.altominho.tv\/site\/2021\/11\/04\/moncao-investe-1-me-em-estacionamento-para-tirar-carros-do-centro-historico\/\" \/>\n<meta property=\"og:site_name\" content=\"Altominho.tv\" \/>\n<meta property=\"article:publisher\" content=\"https:\/\/www.facebook.com\/altominhotv\" \/>\n<meta property=\"article:published_time\" content=\"2021-11-04T12:58:15+00:00\" \/>\n<meta property=\"article:modified_time\" content=\"2021-11-04T12:58:18+00:00\" \/>\n<meta property=\"og:image\" content=\"https:\/\/www.altominho.tv\/site\/wp-content\/uploads\/2021\/11\/Antonio_Barbosa_ATV.jpg\" \/>\n\t<meta property=\"og:image:width\" content=\"1986\" \/>\n\t<meta property=\"og:image:height\" content=\"1114\" \/>\n\t<meta property=\"og:image:type\" content=\"image\/jpeg\" \/>\n<meta name=\"author\" content=\"Lusa\" \/>\n<meta name=\"twitter:card\" content=\"summary_large_image\" \/>\n<meta name=\"twitter:creator\" content=\"@altominhoTV\" \/>\n<meta name=\"twitter:site\" content=\"@altominhoTV\" \/>\n<meta name=\"twitter:label1\" content=\"Escrito por\" \/>\n\t<meta name=\"twitter:data1\" content=\"Lusa\" \/>\n\t<meta name=\"twitter:label2\" content=\"Tempo estimado de leitura\" \/>\n\t<meta name=\"twitter:data2\" content=\"3 minutos\" \/>\n<script type=\"application\/ld+json\" class=\"yoast-schema-graph\">{\"@context\":\"https:\\\/\\\/schema.org\",\"@graph\":[{\"@type\":\"Article\",\"@id\":\"https:\\\/\\\/www.altominho.tv\\\/site\\\/2021\\\/11\\\/04\\\/moncao-investe-1-me-em-estacionamento-para-tirar-carros-do-centro-historico\\\/#article\",\"isPartOf\":{\"@id\":\"https:\\\/\\\/www.altominho.tv\\\/site\\\/2021\\\/11\\\/04\\\/moncao-investe-1-me-em-estacionamento-para-tirar-carros-do-centro-historico\\\/\"},\"author\":{\"name\":\"Lusa\",\"@id\":\"https:\\\/\\\/www.altominho.tv\\\/site\\\/#\\\/schema\\\/person\\\/63f693da3e1899361cbe955c46f3232e\"},\"headline\":\"Mon\u00e7\u00e3o investe 1 ME em estacionamento para tirar carros do centro hist\u00f3rico\",\"datePublished\":\"2021-11-04T12:58:15+00:00\",\"dateModified\":\"2021-11-04T12:58:18+00:00\",\"mainEntityOfPage\":{\"@id\":\"https:\\\/\\\/www.altominho.tv\\\/site\\\/2021\\\/11\\\/04\\\/moncao-investe-1-me-em-estacionamento-para-tirar-carros-do-centro-historico\\\/\"},\"wordCount\":724,\"image\":{\"@id\":\"https:\\\/\\\/www.altominho.tv\\\/site\\\/2021\\\/11\\\/04\\\/moncao-investe-1-me-em-estacionamento-para-tirar-carros-do-centro-historico\\\/#primaryimage\"},\"thumbnailUrl\":\"https:\\\/\\\/www.altominho.tv\\\/site\\\/wp-content\\\/uploads\\\/2021\\\/11\\\/Antonio_Barbosa_ATV.jpg\",\"keywords\":[\"Sociedade\"],\"articleSection\":[\"Mon\u00e7\u00e3o\"],\"inLanguage\":\"pt-PT\",\"copyrightYear\":\"2021\",\"copyrightHolder\":{\"@id\":\"https:\\\/\\\/www.altominho.tv\\\/site\\\/#organization\"}},{\"@type\":\"WebPage\",\"@id\":\"https:\\\/\\\/www.altominho.tv\\\/site\\\/2021\\\/11\\\/04\\\/moncao-investe-1-me-em-estacionamento-para-tirar-carros-do-centro-historico\\\/\",\"url\":\"https:\\\/\\\/www.altominho.tv\\\/site\\\/2021\\\/11\\\/04\\\/moncao-investe-1-me-em-estacionamento-para-tirar-carros-do-centro-historico\\\/\",\"name\":\"Mon\u00e7\u00e3o investe 1 ME em estacionamento para tirar carros do centro hist\u00f3rico\",\"isPartOf\":{\"@id\":\"https:\\\/\\\/www.altominho.tv\\\/site\\\/#website\"},\"primaryImageOfPage\":{\"@id\":\"https:\\\/\\\/www.altominho.tv\\\/site\\\/2021\\\/11\\\/04\\\/moncao-investe-1-me-em-estacionamento-para-tirar-carros-do-centro-historico\\\/#primaryimage\"},\"image\":{\"@id\":\"https:\\\/\\\/www.altominho.tv\\\/site\\\/2021\\\/11\\\/04\\\/moncao-investe-1-me-em-estacionamento-para-tirar-carros-do-centro-historico\\\/#primaryimage\"},\"thumbnailUrl\":\"https:\\\/\\\/www.altominho.tv\\\/site\\\/wp-content\\\/uploads\\\/2021\\\/11\\\/Antonio_Barbosa_ATV.jpg\",\"datePublished\":\"2021-11-04T12:58:15+00:00\",\"dateModified\":\"2021-11-04T12:58:18+00:00\",\"author\":{\"@id\":\"https:\\\/\\\/www.altominho.tv\\\/site\\\/#\\\/schema\\\/person\\\/63f693da3e1899361cbe955c46f3232e\"},\"breadcrumb\":{\"@id\":\"https:\\\/\\\/www.altominho.tv\\\/site\\\/2021\\\/11\\\/04\\\/moncao-investe-1-me-em-estacionamento-para-tirar-carros-do-centro-historico\\\/#breadcrumb\"},\"inLanguage\":\"pt-PT\",\"potentialAction\":[{\"@type\":\"ReadAction\",\"target\":[\"https:\\\/\\\/www.altominho.tv\\\/site\\\/2021\\\/11\\\/04\\\/moncao-investe-1-me-em-estacionamento-para-tirar-carros-do-centro-historico\\\/\"]}]},{\"@type\":\"ImageObject\",\"inLanguage\":\"pt-PT\",\"@id\":\"https:\\\/\\\/www.altominho.tv\\\/site\\\/2021\\\/11\\\/04\\\/moncao-investe-1-me-em-estacionamento-para-tirar-carros-do-centro-historico\\\/#primaryimage\",\"url\":\"https:\\\/\\\/www.altominho.tv\\\/site\\\/wp-content\\\/uploads\\\/2021\\\/11\\\/Antonio_Barbosa_ATV.jpg\",\"contentUrl\":\"https:\\\/\\\/www.altominho.tv\\\/site\\\/wp-content\\\/uploads\\\/2021\\\/11\\\/Antonio_Barbosa_ATV.jpg\",\"width\":1986,\"height\":1114},{\"@type\":\"BreadcrumbList\",\"@id\":\"https:\\\/\\\/www.altominho.tv\\\/site\\\/2021\\\/11\\\/04\\\/moncao-investe-1-me-em-estacionamento-para-tirar-carros-do-centro-historico\\\/#breadcrumb\",\"itemListElement\":[{\"@type\":\"ListItem\",\"position\":1,\"name\":\"In\u00edcio\",\"item\":\"https:\\\/\\\/www.altominho.tv\\\/site\\\/\"},{\"@type\":\"ListItem\",\"position\":2,\"name\":\"Mon\u00e7\u00e3o investe 1 ME em estacionamento para tirar carros do centro hist\u00f3rico\"}]},{\"@type\":\"WebSite\",\"@id\":\"https:\\\/\\\/www.altominho.tv\\\/site\\\/#website\",\"url\":\"https:\\\/\\\/www.altominho.tv\\\/site\\\/\",\"name\":\"Altominho.tv\",\"description\":\"A sua regi\u00e3o \u00e0 dist\u00e2ncia de um clique...\",\"potentialAction\":[{\"@type\":\"SearchAction\",\"target\":{\"@type\":\"EntryPoint\",\"urlTemplate\":\"https:\\\/\\\/www.altominho.tv\\\/site\\\/?s={search_term_string}\"},\"query-input\":{\"@type\":\"PropertyValueSpecification\",\"valueRequired\":true,\"valueName\":\"search_term_string\"}}],\"inLanguage\":\"pt-PT\"},{\"@type\":\"Person\",\"@id\":\"https:\\\/\\\/www.altominho.tv\\\/site\\\/#\\\/schema\\\/person\\\/63f693da3e1899361cbe955c46f3232e\",\"name\":\"Lusa\",\"image\":{\"@type\":\"ImageObject\",\"inLanguage\":\"pt-PT\",\"@id\":\"https:\\\/\\\/www.altominho.tv\\\/site\\\/wp-content\\\/uploads\\\/2019\\\/08\\\/LUSA_Logo.gif\",\"url\":\"https:\\\/\\\/www.altominho.tv\\\/site\\\/wp-content\\\/uploads\\\/2019\\\/08\\\/LUSA_Logo.gif\",\"contentUrl\":\"https:\\\/\\\/www.altominho.tv\\\/site\\\/wp-content\\\/uploads\\\/2019\\\/08\\\/LUSA_Logo.gif\",\"caption\":\"Lusa\"},\"sameAs\":[\"http:\\\/\\\/\\\/\\\/www.altominho.tv\\\/site\"],\"url\":\"https:\\\/\\\/www.altominho.tv\\\/site\\\/author\\\/lusa\\\/\"}]}<\/script>\n<!-- \/ Yoast SEO Premium plugin. -->","yoast_head_json":{"title":"Mon\u00e7\u00e3o investe 1 ME em estacionamento para tirar carros do centro hist\u00f3rico","robots":{"index":"index","follow":"follow","max-snippet":"max-snippet:-1","max-image-preview":"max-image-preview:large","max-video-preview":"max-video-preview:-1"},"canonical":"https:\/\/www.altominho.tv\/site\/2021\/11\/04\/moncao-investe-1-me-em-estacionamento-para-tirar-carros-do-centro-historico\/","og_locale":"pt_PT","og_type":"article","og_title":"Mon\u00e7\u00e3o investe 1 ME em estacionamento para tirar carros do centro hist\u00f3rico","og_description":"A C\u00e2mara de Mon\u00e7\u00e3o est\u00e1 a investir cerca de um milh\u00e3o de euros na constru\u00e7\u00e3o de tr\u00eas parques de estacionamento, com 180 lugares, para tirar as viaturas do centro hist\u00f3rico da vila, disse hoje o presidente Ant\u00f3nio Barbosa. Em declara\u00e7\u00f5es, o autarca social-democrata de Mon\u00e7\u00e3o adiantou que dos tr\u00eas novos parques, dois est\u00e3o em execu\u00e7\u00e3o, [&hellip;]","og_url":"https:\/\/www.altominho.tv\/site\/2021\/11\/04\/moncao-investe-1-me-em-estacionamento-para-tirar-carros-do-centro-historico\/","og_site_name":"Altominho.tv","article_publisher":"https:\/\/www.facebook.com\/altominhotv","article_published_time":"2021-11-04T12:58:15+00:00","article_modified_time":"2021-11-04T12:58:18+00:00","og_image":[{"width":1986,"height":1114,"url":"https:\/\/www.altominho.tv\/site\/wp-content\/uploads\/2021\/11\/Antonio_Barbosa_ATV.jpg","type":"image\/jpeg"}],"author":"Lusa","twitter_card":"summary_large_image","twitter_creator":"@altominhoTV","twitter_site":"@altominhoTV","twitter_misc":{"Escrito por":"Lusa","Tempo estimado de leitura":"3 minutos"},"schema":{"@context":"https:\/\/schema.org","@graph":[{"@type":"Article","@id":"https:\/\/www.altominho.tv\/site\/2021\/11\/04\/moncao-investe-1-me-em-estacionamento-para-tirar-carros-do-centro-historico\/#article","isPartOf":{"@id":"https:\/\/www.altominho.tv\/site\/2021\/11\/04\/moncao-investe-1-me-em-estacionamento-para-tirar-carros-do-centro-historico\/"},"author":{"name":"Lusa","@id":"https:\/\/www.altominho.tv\/site\/#\/schema\/person\/63f693da3e1899361cbe955c46f3232e"},"headline":"Mon\u00e7\u00e3o investe 1 ME em estacionamento para tirar carros do centro hist\u00f3rico","datePublished":"2021-11-04T12:58:15+00:00","dateModified":"2021-11-04T12:58:18+00:00","mainEntityOfPage":{"@id":"https:\/\/www.altominho.tv\/site\/2021\/11\/04\/moncao-investe-1-me-em-estacionamento-para-tirar-carros-do-centro-historico\/"},"wordCount":724,"image":{"@id":"https:\/\/www.altominho.tv\/site\/2021\/11\/04\/moncao-investe-1-me-em-estacionamento-para-tirar-carros-do-centro-historico\/#primaryimage"},"thumbnailUrl":"https:\/\/www.altominho.tv\/site\/wp-content\/uploads\/2021\/11\/Antonio_Barbosa_ATV.jpg","keywords":["Sociedade"],"articleSection":["Mon\u00e7\u00e3o"],"inLanguage":"pt-PT","copyrightYear":"2021","copyrightHolder":{"@id":"https:\/\/www.altominho.tv\/site\/#organization"}},{"@type":"WebPage","@id":"https:\/\/www.altominho.tv\/site\/2021\/11\/04\/moncao-investe-1-me-em-estacionamento-para-tirar-carros-do-centro-historico\/","url":"https:\/\/www.altominho.tv\/site\/2021\/11\/04\/moncao-investe-1-me-em-estacionamento-para-tirar-carros-do-centro-historico\/","name":"Mon\u00e7\u00e3o investe 1 ME em estacionamento para tirar carros do centro hist\u00f3rico","isPartOf":{"@id":"https:\/\/www.altominho.tv\/site\/#website"},"primaryImageOfPage":{"@id":"https:\/\/www.altominho.tv\/site\/2021\/11\/04\/moncao-investe-1-me-em-estacionamento-para-tirar-carros-do-centro-historico\/#primaryimage"},"image":{"@id":"https:\/\/www.altominho.tv\/site\/2021\/11\/04\/moncao-investe-1-me-em-estacionamento-para-tirar-carros-do-centro-historico\/#primaryimage"},"thumbnailUrl":"https:\/\/www.altominho.tv\/site\/wp-content\/uploads\/2021\/11\/Antonio_Barbosa_ATV.jpg","datePublished":"2021-11-04T12:58:15+00:00","dateModified":"2021-11-04T12:58:18+00:00","author":{"@id":"https:\/\/www.altominho.tv\/site\/#\/schema\/person\/63f693da3e1899361cbe955c46f3232e"},"breadcrumb":{"@id":"https:\/\/www.altominho.tv\/site\/2021\/11\/04\/moncao-investe-1-me-em-estacionamento-para-tirar-carros-do-centro-historico\/#breadcrumb"},"inLanguage":"pt-PT","potentialAction":[{"@type":"ReadAction","target":["https:\/\/www.altominho.tv\/site\/2021\/11\/04\/moncao-investe-1-me-em-estacionamento-para-tirar-carros-do-centro-historico\/"]}]},{"@type":"ImageObject","inLanguage":"pt-PT","@id":"https:\/\/www.altominho.tv\/site\/2021\/11\/04\/moncao-investe-1-me-em-estacionamento-para-tirar-carros-do-centro-historico\/#primaryimage","url":"https:\/\/www.altominho.tv\/site\/wp-content\/uploads\/2021\/11\/Antonio_Barbosa_ATV.jpg","contentUrl":"https:\/\/www.altominho.tv\/site\/wp-content\/uploads\/2021\/11\/Antonio_Barbosa_ATV.jpg","width":1986,"height":1114},{"@type":"BreadcrumbList","@id":"https:\/\/www.altominho.tv\/site\/2021\/11\/04\/moncao-investe-1-me-em-estacionamento-para-tirar-carros-do-centro-historico\/#breadcrumb","itemListElement":[{"@type":"ListItem","position":1,"name":"In\u00edcio","item":"https:\/\/www.altominho.tv\/site\/"},{"@type":"ListItem","position":2,"name":"Mon\u00e7\u00e3o investe 1 ME em estacionamento para tirar carros do centro hist\u00f3rico"}]},{"@type":"WebSite","@id":"https:\/\/www.altominho.tv\/site\/#website","url":"https:\/\/www.altominho.tv\/site\/","name":"Altominho.tv","description":"A sua regi\u00e3o \u00e0 dist\u00e2ncia de um clique...","potentialAction":[{"@type":"SearchAction","target":{"@type":"EntryPoint","urlTemplate":"https:\/\/www.altominho.tv\/site\/?s={search_term_string}"},"query-input":{"@type":"PropertyValueSpecification","valueRequired":true,"valueName":"search_term_string"}}],"inLanguage":"pt-PT"},{"@type":"Person","@id":"https:\/\/www.altominho.tv\/site\/#\/schema\/person\/63f693da3e1899361cbe955c46f3232e","name":"Lusa","image":{"@type":"ImageObject","inLanguage":"pt-PT","@id":"https:\/\/www.altominho.tv\/site\/wp-content\/uploads\/2019\/08\/LUSA_Logo.gif","url":"https:\/\/www.altominho.tv\/site\/wp-content\/uploads\/2019\/08\/LUSA_Logo.gif","contentUrl":"https:\/\/www.altominho.tv\/site\/wp-content\/uploads\/2019\/08\/LUSA_Logo.gif","caption":"Lusa"},"sameAs":["http:\/\/\/\/www.altominho.tv\/site"],"url":"https:\/\/www.altominho.tv\/site\/author\/lusa\/"}]}},"_links":{"self":[{"href":"https:\/\/www.altominho.tv\/site\/wp-json\/wp\/v2\/posts\/72249","targetHints":{"allow":["GET"]}}],"collection":[{"href":"https:\/\/www.altominho.tv\/site\/wp-json\/wp\/v2\/posts"}],"about":[{"href":"https:\/\/www.altominho.tv\/site\/wp-json\/wp\/v2\/types\/post"}],"author":[{"embeddable":true,"href":"https:\/\/www.altominho.tv\/site\/wp-json\/wp\/v2\/users\/13"}],"replies":[{"embeddable":true,"href":"https:\/\/www.altominho.tv\/site\/wp-json\/wp\/v2\/comments?post=72249"}],"version-history":[{"count":0,"href":"https:\/\/www.altominho.tv\/site\/wp-json\/wp\/v2\/posts\/72249\/revisions"}],"wp:featuredmedia":[{"embeddable":true,"href":"https:\/\/www.altominho.tv\/site\/wp-json\/wp\/v2\/media\/72250"}],"wp:attachment":[{"href":"https:\/\/www.altominho.tv\/site\/wp-json\/wp\/v2\/media?parent=72249"}],"wp:term":[{"taxonomy":"category","embeddable":true,"href":"https:\/\/www.altominho.tv\/site\/wp-json\/wp\/v2\/categories?post=72249"},{"taxonomy":"post_tag","embeddable":true,"href":"https:\/\/www.altominho.tv\/site\/wp-json\/wp\/v2\/tags?post=72249"}],"curies":[{"name":"wp","href":"https:\/\/api.w.org\/{rel}","templated":true}]}}