{"id":72240,"date":"2021-11-03T18:26:30","date_gmt":"2021-11-03T18:26:30","guid":{"rendered":"https:\/\/www.altominho.tv\/site\/?p=72240"},"modified":"2021-11-03T18:26:34","modified_gmt":"2021-11-03T18:26:34","slug":"quarenta-trabalhos-apresentados-a-concurso-expostos-ate-10-de-janeiro","status":"publish","type":"post","link":"https:\/\/www.altominho.tv\/site\/2021\/11\/03\/quarenta-trabalhos-apresentados-a-concurso-expostos-ate-10-de-janeiro\/","title":{"rendered":"Quarenta trabalhos apresentados a concurso expostos at\u00e9 10 de janeiro"},"content":{"rendered":"<p>Quarenta trabalhos de autores de v\u00e1rias localidades de Portugal e Espanha que concorreram ao concurso \u201cCoca de Mon\u00e7\u00e3o 21\u201d, promovido pela C\u00e2mara de Mon\u00e7\u00e3o, v\u00e3o estar expostas at\u00e9 10 de janeiro, no Museu Mon\u00e7\u00e3o &amp; Mem\u00f3rias, foi hoje divulgado.<\/p>\n<p>Em comunicado, aquele munic\u00edpio do distrito de Viana do Castelo, adiantou que os autores das obras em exposi\u00e7\u00e3o \u201cabordaram diferentes formas de interpreta\u00e7\u00e3o da emblem\u00e1tica figura da Coca, atrav\u00e9s de m\u00faltiplos olhares sobre o m\u00edtico drag\u00e3o, designado por Coca, um dos principais legados da cultura local\u201d.<\/p>\n<p>\u201cApadrinhado pelo artista Bordalo II, o concurso \u201cCoca de Mon\u00e7\u00e3o`21\u201d, inspirado na \u201cSardinha das Festas de Lisboa\u201d, teve como finalidade estimular a participa\u00e7\u00e3o do p\u00fablico, de forma a refor\u00e7ar a iconicidade da Coca de Mon\u00e7\u00e3o, o drag\u00e3o m\u00edtico mon\u00e7anense\u201d, refere a nota.<\/p>\n","protected":false},"excerpt":{"rendered":"<p>Quarenta trabalhos de autores de v\u00e1rias localidades de Portugal e Espanha que concorreram ao concurso \u201cCoca de Mon\u00e7\u00e3o 21\u201d, promovido pela C\u00e2mara de Mon\u00e7\u00e3o, v\u00e3o estar expostas at\u00e9 10 de janeiro, no Museu Mon\u00e7\u00e3o &amp; Mem\u00f3rias, foi hoje divulgado. Em comunicado, aquele munic\u00edpio do distrito de Viana do Castelo, adiantou que os autores das obras [&hellip;]<\/p>\n","protected":false},"author":13,"featured_media":72241,"comment_status":"closed","ping_status":"closed","sticky":false,"template":"","format":"standard","meta":{"_exactmetrics_skip_tracking":false,"footnotes":""},"categories":[9],"tags":[27],"class_list":["post-72240","post","type-post","status-publish","format-standard","has-post-thumbnail","hentry","category-moncao","tag-sociedade"],"yoast_head":"<!-- This site is optimized with the Yoast SEO Premium plugin v28.3 (Yoast SEO v28.3) - https:\/\/yoast.com\/product\/yoast-seo-premium-wordpress\/ -->\n<title>Quarenta trabalhos apresentados a concurso expostos at\u00e9 10 de janeiro<\/title>\n<meta name=\"robots\" content=\"index, follow, max-snippet:-1, max-image-preview:large, max-video-preview:-1\" \/>\n<link rel=\"canonical\" href=\"https:\/\/www.altominho.tv\/site\/2021\/11\/03\/quarenta-trabalhos-apresentados-a-concurso-expostos-ate-10-de-janeiro\/\" \/>\n<meta property=\"og:locale\" content=\"pt_PT\" \/>\n<meta property=\"og:type\" content=\"article\" \/>\n<meta property=\"og:title\" content=\"Quarenta trabalhos apresentados a concurso expostos at\u00e9 10 de janeiro\" \/>\n<meta property=\"og:description\" content=\"Quarenta trabalhos de autores de v\u00e1rias localidades de Portugal e Espanha que concorreram ao concurso \u201cCoca de Mon\u00e7\u00e3o 21\u201d, promovido pela C\u00e2mara de Mon\u00e7\u00e3o, v\u00e3o estar expostas at\u00e9 10 de janeiro, no Museu Mon\u00e7\u00e3o &amp; Mem\u00f3rias, foi hoje divulgado. Em comunicado, aquele munic\u00edpio do distrito de Viana do Castelo, adiantou que os autores das obras [&hellip;]\" \/>\n<meta property=\"og:url\" content=\"https:\/\/www.altominho.tv\/site\/2021\/11\/03\/quarenta-trabalhos-apresentados-a-concurso-expostos-ate-10-de-janeiro\/\" \/>\n<meta property=\"og:site_name\" content=\"Altominho.tv\" \/>\n<meta property=\"article:publisher\" content=\"https:\/\/www.facebook.com\/altominhotv\" \/>\n<meta property=\"article:published_time\" content=\"2021-11-03T18:26:30+00:00\" \/>\n<meta property=\"article:modified_time\" content=\"2021-11-03T18:26:34+00:00\" \/>\n<meta property=\"og:image\" content=\"https:\/\/www.altominho.tv\/site\/wp-content\/uploads\/2021\/11\/Captura-de-ecra\u0303-2021-11-03-a\u0300s-18.25.21.png\" \/>\n\t<meta property=\"og:image:width\" content=\"2044\" \/>\n\t<meta property=\"og:image:height\" content=\"1048\" \/>\n\t<meta property=\"og:image:type\" content=\"image\/png\" \/>\n<meta name=\"author\" content=\"Lusa\" \/>\n<meta name=\"twitter:card\" content=\"summary_large_image\" \/>\n<meta name=\"twitter:creator\" content=\"@altominhoTV\" \/>\n<meta name=\"twitter:site\" content=\"@altominhoTV\" \/>\n<meta name=\"twitter:label1\" content=\"Escrito por\" \/>\n\t<meta name=\"twitter:data1\" content=\"Lusa\" \/>\n\t<meta name=\"twitter:label2\" content=\"Tempo estimado de leitura\" \/>\n\t<meta name=\"twitter:data2\" content=\"1 minuto\" \/>\n<script type=\"application\/ld+json\" class=\"yoast-schema-graph\">{\"@context\":\"https:\\\/\\\/schema.org\",\"@graph\":[{\"@type\":\"Article\",\"@id\":\"https:\\\/\\\/www.altominho.tv\\\/site\\\/2021\\\/11\\\/03\\\/quarenta-trabalhos-apresentados-a-concurso-expostos-ate-10-de-janeiro\\\/#article\",\"isPartOf\":{\"@id\":\"https:\\\/\\\/www.altominho.tv\\\/site\\\/2021\\\/11\\\/03\\\/quarenta-trabalhos-apresentados-a-concurso-expostos-ate-10-de-janeiro\\\/\"},\"author\":{\"name\":\"Lusa\",\"@id\":\"https:\\\/\\\/www.altominho.tv\\\/site\\\/#\\\/schema\\\/person\\\/63f693da3e1899361cbe955c46f3232e\"},\"headline\":\"Quarenta trabalhos apresentados a concurso expostos at\u00e9 10 de janeiro\",\"datePublished\":\"2021-11-03T18:26:30+00:00\",\"dateModified\":\"2021-11-03T18:26:34+00:00\",\"mainEntityOfPage\":{\"@id\":\"https:\\\/\\\/www.altominho.tv\\\/site\\\/2021\\\/11\\\/03\\\/quarenta-trabalhos-apresentados-a-concurso-expostos-ate-10-de-janeiro\\\/\"},\"wordCount\":157,\"image\":{\"@id\":\"https:\\\/\\\/www.altominho.tv\\\/site\\\/2021\\\/11\\\/03\\\/quarenta-trabalhos-apresentados-a-concurso-expostos-ate-10-de-janeiro\\\/#primaryimage\"},\"thumbnailUrl\":\"https:\\\/\\\/www.altominho.tv\\\/site\\\/wp-content\\\/uploads\\\/2021\\\/11\\\/Captura-de-ecra\u0303-2021-11-03-a\u0300s-18.25.21.png\",\"keywords\":[\"Sociedade\"],\"articleSection\":[\"Mon\u00e7\u00e3o\"],\"inLanguage\":\"pt-PT\",\"copyrightYear\":\"2021\",\"copyrightHolder\":{\"@id\":\"https:\\\/\\\/www.altominho.tv\\\/site\\\/#organization\"}},{\"@type\":\"WebPage\",\"@id\":\"https:\\\/\\\/www.altominho.tv\\\/site\\\/2021\\\/11\\\/03\\\/quarenta-trabalhos-apresentados-a-concurso-expostos-ate-10-de-janeiro\\\/\",\"url\":\"https:\\\/\\\/www.altominho.tv\\\/site\\\/2021\\\/11\\\/03\\\/quarenta-trabalhos-apresentados-a-concurso-expostos-ate-10-de-janeiro\\\/\",\"name\":\"Quarenta trabalhos apresentados a concurso expostos at\u00e9 10 de janeiro\",\"isPartOf\":{\"@id\":\"https:\\\/\\\/www.altominho.tv\\\/site\\\/#website\"},\"primaryImageOfPage\":{\"@id\":\"https:\\\/\\\/www.altominho.tv\\\/site\\\/2021\\\/11\\\/03\\\/quarenta-trabalhos-apresentados-a-concurso-expostos-ate-10-de-janeiro\\\/#primaryimage\"},\"image\":{\"@id\":\"https:\\\/\\\/www.altominho.tv\\\/site\\\/2021\\\/11\\\/03\\\/quarenta-trabalhos-apresentados-a-concurso-expostos-ate-10-de-janeiro\\\/#primaryimage\"},\"thumbnailUrl\":\"https:\\\/\\\/www.altominho.tv\\\/site\\\/wp-content\\\/uploads\\\/2021\\\/11\\\/Captura-de-ecra\u0303-2021-11-03-a\u0300s-18.25.21.png\",\"datePublished\":\"2021-11-03T18:26:30+00:00\",\"dateModified\":\"2021-11-03T18:26:34+00:00\",\"author\":{\"@id\":\"https:\\\/\\\/www.altominho.tv\\\/site\\\/#\\\/schema\\\/person\\\/63f693da3e1899361cbe955c46f3232e\"},\"breadcrumb\":{\"@id\":\"https:\\\/\\\/www.altominho.tv\\\/site\\\/2021\\\/11\\\/03\\\/quarenta-trabalhos-apresentados-a-concurso-expostos-ate-10-de-janeiro\\\/#breadcrumb\"},\"inLanguage\":\"pt-PT\",\"potentialAction\":[{\"@type\":\"ReadAction\",\"target\":[\"https:\\\/\\\/www.altominho.tv\\\/site\\\/2021\\\/11\\\/03\\\/quarenta-trabalhos-apresentados-a-concurso-expostos-ate-10-de-janeiro\\\/\"]}]},{\"@type\":\"ImageObject\",\"inLanguage\":\"pt-PT\",\"@id\":\"https:\\\/\\\/www.altominho.tv\\\/site\\\/2021\\\/11\\\/03\\\/quarenta-trabalhos-apresentados-a-concurso-expostos-ate-10-de-janeiro\\\/#primaryimage\",\"url\":\"https:\\\/\\\/www.altominho.tv\\\/site\\\/wp-content\\\/uploads\\\/2021\\\/11\\\/Captura-de-ecra\u0303-2021-11-03-a\u0300s-18.25.21.png\",\"contentUrl\":\"https:\\\/\\\/www.altominho.tv\\\/site\\\/wp-content\\\/uploads\\\/2021\\\/11\\\/Captura-de-ecra\u0303-2021-11-03-a\u0300s-18.25.21.png\",\"width\":2044,\"height\":1048},{\"@type\":\"BreadcrumbList\",\"@id\":\"https:\\\/\\\/www.altominho.tv\\\/site\\\/2021\\\/11\\\/03\\\/quarenta-trabalhos-apresentados-a-concurso-expostos-ate-10-de-janeiro\\\/#breadcrumb\",\"itemListElement\":[{\"@type\":\"ListItem\",\"position\":1,\"name\":\"In\u00edcio\",\"item\":\"https:\\\/\\\/www.altominho.tv\\\/site\\\/\"},{\"@type\":\"ListItem\",\"position\":2,\"name\":\"Quarenta trabalhos apresentados a concurso expostos at\u00e9 10 de janeiro\"}]},{\"@type\":\"WebSite\",\"@id\":\"https:\\\/\\\/www.altominho.tv\\\/site\\\/#website\",\"url\":\"https:\\\/\\\/www.altominho.tv\\\/site\\\/\",\"name\":\"Altominho.tv\",\"description\":\"A sua regi\u00e3o \u00e0 dist\u00e2ncia de um clique...\",\"potentialAction\":[{\"@type\":\"SearchAction\",\"target\":{\"@type\":\"EntryPoint\",\"urlTemplate\":\"https:\\\/\\\/www.altominho.tv\\\/site\\\/?s={search_term_string}\"},\"query-input\":{\"@type\":\"PropertyValueSpecification\",\"valueRequired\":true,\"valueName\":\"search_term_string\"}}],\"inLanguage\":\"pt-PT\"},{\"@type\":\"Person\",\"@id\":\"https:\\\/\\\/www.altominho.tv\\\/site\\\/#\\\/schema\\\/person\\\/63f693da3e1899361cbe955c46f3232e\",\"name\":\"Lusa\",\"image\":{\"@type\":\"ImageObject\",\"inLanguage\":\"pt-PT\",\"@id\":\"https:\\\/\\\/www.altominho.tv\\\/site\\\/wp-content\\\/uploads\\\/2019\\\/08\\\/LUSA_Logo.gif\",\"url\":\"https:\\\/\\\/www.altominho.tv\\\/site\\\/wp-content\\\/uploads\\\/2019\\\/08\\\/LUSA_Logo.gif\",\"contentUrl\":\"https:\\\/\\\/www.altominho.tv\\\/site\\\/wp-content\\\/uploads\\\/2019\\\/08\\\/LUSA_Logo.gif\",\"caption\":\"Lusa\"},\"sameAs\":[\"http:\\\/\\\/\\\/\\\/www.altominho.tv\\\/site\"],\"url\":\"https:\\\/\\\/www.altominho.tv\\\/site\\\/author\\\/lusa\\\/\"}]}<\/script>\n<!-- \/ Yoast SEO Premium plugin. -->","yoast_head_json":{"title":"Quarenta trabalhos apresentados a concurso expostos at\u00e9 10 de janeiro","robots":{"index":"index","follow":"follow","max-snippet":"max-snippet:-1","max-image-preview":"max-image-preview:large","max-video-preview":"max-video-preview:-1"},"canonical":"https:\/\/www.altominho.tv\/site\/2021\/11\/03\/quarenta-trabalhos-apresentados-a-concurso-expostos-ate-10-de-janeiro\/","og_locale":"pt_PT","og_type":"article","og_title":"Quarenta trabalhos apresentados a concurso expostos at\u00e9 10 de janeiro","og_description":"Quarenta trabalhos de autores de v\u00e1rias localidades de Portugal e Espanha que concorreram ao concurso \u201cCoca de Mon\u00e7\u00e3o 21\u201d, promovido pela C\u00e2mara de Mon\u00e7\u00e3o, v\u00e3o estar expostas at\u00e9 10 de janeiro, no Museu Mon\u00e7\u00e3o &amp; Mem\u00f3rias, foi hoje divulgado. Em comunicado, aquele munic\u00edpio do distrito de Viana do Castelo, adiantou que os autores das obras [&hellip;]","og_url":"https:\/\/www.altominho.tv\/site\/2021\/11\/03\/quarenta-trabalhos-apresentados-a-concurso-expostos-ate-10-de-janeiro\/","og_site_name":"Altominho.tv","article_publisher":"https:\/\/www.facebook.com\/altominhotv","article_published_time":"2021-11-03T18:26:30+00:00","article_modified_time":"2021-11-03T18:26:34+00:00","og_image":[{"width":2044,"height":1048,"url":"https:\/\/www.altominho.tv\/site\/wp-content\/uploads\/2021\/11\/Captura-de-ecra\u0303-2021-11-03-a\u0300s-18.25.21.png","type":"image\/png"}],"author":"Lusa","twitter_card":"summary_large_image","twitter_creator":"@altominhoTV","twitter_site":"@altominhoTV","twitter_misc":{"Escrito por":"Lusa","Tempo estimado de leitura":"1 minuto"},"schema":{"@context":"https:\/\/schema.org","@graph":[{"@type":"Article","@id":"https:\/\/www.altominho.tv\/site\/2021\/11\/03\/quarenta-trabalhos-apresentados-a-concurso-expostos-ate-10-de-janeiro\/#article","isPartOf":{"@id":"https:\/\/www.altominho.tv\/site\/2021\/11\/03\/quarenta-trabalhos-apresentados-a-concurso-expostos-ate-10-de-janeiro\/"},"author":{"name":"Lusa","@id":"https:\/\/www.altominho.tv\/site\/#\/schema\/person\/63f693da3e1899361cbe955c46f3232e"},"headline":"Quarenta trabalhos apresentados a concurso expostos at\u00e9 10 de janeiro","datePublished":"2021-11-03T18:26:30+00:00","dateModified":"2021-11-03T18:26:34+00:00","mainEntityOfPage":{"@id":"https:\/\/www.altominho.tv\/site\/2021\/11\/03\/quarenta-trabalhos-apresentados-a-concurso-expostos-ate-10-de-janeiro\/"},"wordCount":157,"image":{"@id":"https:\/\/www.altominho.tv\/site\/2021\/11\/03\/quarenta-trabalhos-apresentados-a-concurso-expostos-ate-10-de-janeiro\/#primaryimage"},"thumbnailUrl":"https:\/\/www.altominho.tv\/site\/wp-content\/uploads\/2021\/11\/Captura-de-ecra\u0303-2021-11-03-a\u0300s-18.25.21.png","keywords":["Sociedade"],"articleSection":["Mon\u00e7\u00e3o"],"inLanguage":"pt-PT","copyrightYear":"2021","copyrightHolder":{"@id":"https:\/\/www.altominho.tv\/site\/#organization"}},{"@type":"WebPage","@id":"https:\/\/www.altominho.tv\/site\/2021\/11\/03\/quarenta-trabalhos-apresentados-a-concurso-expostos-ate-10-de-janeiro\/","url":"https:\/\/www.altominho.tv\/site\/2021\/11\/03\/quarenta-trabalhos-apresentados-a-concurso-expostos-ate-10-de-janeiro\/","name":"Quarenta trabalhos apresentados a concurso expostos at\u00e9 10 de janeiro","isPartOf":{"@id":"https:\/\/www.altominho.tv\/site\/#website"},"primaryImageOfPage":{"@id":"https:\/\/www.altominho.tv\/site\/2021\/11\/03\/quarenta-trabalhos-apresentados-a-concurso-expostos-ate-10-de-janeiro\/#primaryimage"},"image":{"@id":"https:\/\/www.altominho.tv\/site\/2021\/11\/03\/quarenta-trabalhos-apresentados-a-concurso-expostos-ate-10-de-janeiro\/#primaryimage"},"thumbnailUrl":"https:\/\/www.altominho.tv\/site\/wp-content\/uploads\/2021\/11\/Captura-de-ecra\u0303-2021-11-03-a\u0300s-18.25.21.png","datePublished":"2021-11-03T18:26:30+00:00","dateModified":"2021-11-03T18:26:34+00:00","author":{"@id":"https:\/\/www.altominho.tv\/site\/#\/schema\/person\/63f693da3e1899361cbe955c46f3232e"},"breadcrumb":{"@id":"https:\/\/www.altominho.tv\/site\/2021\/11\/03\/quarenta-trabalhos-apresentados-a-concurso-expostos-ate-10-de-janeiro\/#breadcrumb"},"inLanguage":"pt-PT","potentialAction":[{"@type":"ReadAction","target":["https:\/\/www.altominho.tv\/site\/2021\/11\/03\/quarenta-trabalhos-apresentados-a-concurso-expostos-ate-10-de-janeiro\/"]}]},{"@type":"ImageObject","inLanguage":"pt-PT","@id":"https:\/\/www.altominho.tv\/site\/2021\/11\/03\/quarenta-trabalhos-apresentados-a-concurso-expostos-ate-10-de-janeiro\/#primaryimage","url":"https:\/\/www.altominho.tv\/site\/wp-content\/uploads\/2021\/11\/Captura-de-ecra\u0303-2021-11-03-a\u0300s-18.25.21.png","contentUrl":"https:\/\/www.altominho.tv\/site\/wp-content\/uploads\/2021\/11\/Captura-de-ecra\u0303-2021-11-03-a\u0300s-18.25.21.png","width":2044,"height":1048},{"@type":"BreadcrumbList","@id":"https:\/\/www.altominho.tv\/site\/2021\/11\/03\/quarenta-trabalhos-apresentados-a-concurso-expostos-ate-10-de-janeiro\/#breadcrumb","itemListElement":[{"@type":"ListItem","position":1,"name":"In\u00edcio","item":"https:\/\/www.altominho.tv\/site\/"},{"@type":"ListItem","position":2,"name":"Quarenta trabalhos apresentados a concurso expostos at\u00e9 10 de janeiro"}]},{"@type":"WebSite","@id":"https:\/\/www.altominho.tv\/site\/#website","url":"https:\/\/www.altominho.tv\/site\/","name":"Altominho.tv","description":"A sua regi\u00e3o \u00e0 dist\u00e2ncia de um clique...","potentialAction":[{"@type":"SearchAction","target":{"@type":"EntryPoint","urlTemplate":"https:\/\/www.altominho.tv\/site\/?s={search_term_string}"},"query-input":{"@type":"PropertyValueSpecification","valueRequired":true,"valueName":"search_term_string"}}],"inLanguage":"pt-PT"},{"@type":"Person","@id":"https:\/\/www.altominho.tv\/site\/#\/schema\/person\/63f693da3e1899361cbe955c46f3232e","name":"Lusa","image":{"@type":"ImageObject","inLanguage":"pt-PT","@id":"https:\/\/www.altominho.tv\/site\/wp-content\/uploads\/2019\/08\/LUSA_Logo.gif","url":"https:\/\/www.altominho.tv\/site\/wp-content\/uploads\/2019\/08\/LUSA_Logo.gif","contentUrl":"https:\/\/www.altominho.tv\/site\/wp-content\/uploads\/2019\/08\/LUSA_Logo.gif","caption":"Lusa"},"sameAs":["http:\/\/\/\/www.altominho.tv\/site"],"url":"https:\/\/www.altominho.tv\/site\/author\/lusa\/"}]}},"_links":{"self":[{"href":"https:\/\/www.altominho.tv\/site\/wp-json\/wp\/v2\/posts\/72240","targetHints":{"allow":["GET"]}}],"collection":[{"href":"https:\/\/www.altominho.tv\/site\/wp-json\/wp\/v2\/posts"}],"about":[{"href":"https:\/\/www.altominho.tv\/site\/wp-json\/wp\/v2\/types\/post"}],"author":[{"embeddable":true,"href":"https:\/\/www.altominho.tv\/site\/wp-json\/wp\/v2\/users\/13"}],"replies":[{"embeddable":true,"href":"https:\/\/www.altominho.tv\/site\/wp-json\/wp\/v2\/comments?post=72240"}],"version-history":[{"count":0,"href":"https:\/\/www.altominho.tv\/site\/wp-json\/wp\/v2\/posts\/72240\/revisions"}],"wp:featuredmedia":[{"embeddable":true,"href":"https:\/\/www.altominho.tv\/site\/wp-json\/wp\/v2\/media\/72241"}],"wp:attachment":[{"href":"https:\/\/www.altominho.tv\/site\/wp-json\/wp\/v2\/media?parent=72240"}],"wp:term":[{"taxonomy":"category","embeddable":true,"href":"https:\/\/www.altominho.tv\/site\/wp-json\/wp\/v2\/categories?post=72240"},{"taxonomy":"post_tag","embeddable":true,"href":"https:\/\/www.altominho.tv\/site\/wp-json\/wp\/v2\/tags?post=72240"}],"curies":[{"name":"wp","href":"https:\/\/api.w.org\/{rel}","templated":true}]}}