{"id":72215,"date":"2021-11-03T15:01:10","date_gmt":"2021-11-03T15:01:10","guid":{"rendered":"https:\/\/www.altominho.tv\/site\/?p=72215"},"modified":"2021-11-03T15:01:14","modified_gmt":"2021-11-03T15:01:14","slug":"desgarrada-vai-ser-estrela-em-paredes-de-coura-com-quadras-de-jovens-entre-os-10-e-os-12-anos","status":"publish","type":"post","link":"https:\/\/www.altominho.tv\/site\/2021\/11\/03\/desgarrada-vai-ser-estrela-em-paredes-de-coura-com-quadras-de-jovens-entre-os-10-e-os-12-anos\/","title":{"rendered":"Desgarrada vai ser estrela em Paredes de Coura com quadras de jovens entre os 10 e os 12 anos"},"content":{"rendered":"\n<p>No Alto Minho, o Canto ao Desafio est\u00e1 na moda e esta tradi\u00e7\u00e3o parece ter o seu futuro assegurado. <\/p>\n\n\n\n<p>A prov\u00e1-lo est\u00e1 o facto de existirem cerca de 200 jovens, s\u00f3 na regi\u00e3o do Alto Minho, que decidiram aprender as t\u00e9cnicas desta arte (tamb\u00e9m designada por Desgarrada) e que agora t\u00eam tido a oportunidade de mostrar o que valem. <\/p>\n\n\n\n<p>No pr\u00f3ximo domingo, dia 7 de novembro, \u00e9 a vez da\u00a0sede da ADASPACO -Associa\u00e7\u00e3o de Dadores Ben\u00e9volos de Sangue de Paredes de Coura\u00a0receber, \u00e0s 16h00, a Tour de Concertos \u201c<a href=\"https:\/\/derepentecantaagente.pt\/\" target=\"_blank\" rel=\"noreferrer noopener\">De Repente, Canta a Gente<\/a>\u201d, na qual jovens entre os 10 e os 12 anos, do agrupamento de escolas deste concelho,\u00a0v\u00e3o revelar a sua per\u00edcia na arte da rima e do improviso, lado a lado com Augusto Can\u00e1rio, Daniel Sousa e Carminha dos Arcos. <\/p>\n\n\n\n<p>A entrada \u00e9 gratuita e sujeita a reserva pr\u00e9via de bilhete(s) junto do referido espa\u00e7o.<\/p>\n\n\n\n<p>Este concerto integra a iniciativa \u201c<a href=\"https:\/\/derepentecantaagente.pt\/\" target=\"_blank\" rel=\"noreferrer noopener\">De Repente, Canta a Gente<\/a>\u201d, que consiste num programa in\u00e9dito de capta\u00e7\u00e3o de talentos, que pretende divulgar e ensinar aos jovens da regi\u00e3o esta forma de canto tradicional. <\/p>\n\n\n\n<p>Depois de terem sido alvo de a\u00e7\u00f5es de capacita\u00e7\u00e3o, lideradas pelo cantador Augusto Can\u00e1rio, os participantes integram agora uma tour que engloba uma s\u00e9rie 10 concertos<strong>, <\/strong>que v\u00e3o mostrar, em cada um dos dez concelhos do Alto Minho, os novos talentos do Canto ao Desafio.<\/p>\n\n\n\n<p>Os concertos, um por cada concelho do Alto Minho, v\u00e3o decorrer at\u00e9 21 de novembro<strong>,<\/strong> sendo que no final deste m\u00eas ter\u00e3o lugar dois grandes eventos: uma confer\u00eancia e um concerto final, ambos no Centro Cultural de Viana do Castelo, que reunir\u00e3o um conjunto alargado de cantadores e especialistas em repentismo oriundos de v\u00e1rias regi\u00f5es do pa\u00eds, que ser\u00e3o desafiados a cantar quadras soltas.<\/p>\n\n\n\n<p>O projeto \u00e9 promovido pela Comunidade Intermunicipal do Alto Minho (CIM Alto Minho) e cofinanciado pelo Norte 2020 \u2013 Programa Operacional Regional do Norte, atrav\u00e9s do FEDER (Fundo Europeu de Desenvolvimento Regional), e a sua a\u00e7\u00e3o envolve os concelhos de Arcos de Valdevez, Caminha, Melga\u00e7o, Mon\u00e7\u00e3o, Paredes de Coura, Ponte da Barca, Ponte de Lima, Valen\u00e7a, Viana do Castelo e Vila Nova de Cerveira.<\/p>\n","protected":false},"excerpt":{"rendered":"<p>No Alto Minho, o Canto ao Desafio est\u00e1 na moda e esta tradi\u00e7\u00e3o parece ter o seu futuro assegurado. A prov\u00e1-lo est\u00e1 o facto de existirem cerca de 200 jovens, s\u00f3 na regi\u00e3o do Alto Minho, que decidiram aprender as t\u00e9cnicas desta arte (tamb\u00e9m designada por Desgarrada) e que agora t\u00eam tido a oportunidade de [&hellip;]<\/p>\n","protected":false},"author":7,"featured_media":72216,"comment_status":"closed","ping_status":"closed","sticky":false,"template":"","format":"standard","meta":{"_exactmetrics_skip_tracking":false,"_exactmetrics_sitenote_active":false,"_exactmetrics_sitenote_note":"","_exactmetrics_sitenote_category":0,"footnotes":""},"categories":[10],"tags":[27],"class_list":["post-72215","post","type-post","status-publish","format-standard","has-post-thumbnail","hentry","category-paredes-de-coura","tag-sociedade"],"yoast_head":"<!-- This site is optimized with the Yoast SEO Premium plugin v27.4 (Yoast SEO v27.4) - https:\/\/yoast.com\/product\/yoast-seo-premium-wordpress\/ -->\n<title>Desgarrada vai ser estrela em Paredes de Coura com quadras de jovens entre os 10 e os 12 anos<\/title>\n<meta name=\"robots\" content=\"index, follow, max-snippet:-1, max-image-preview:large, max-video-preview:-1\" \/>\n<link rel=\"canonical\" href=\"https:\/\/www.altominho.tv\/site\/2021\/11\/03\/desgarrada-vai-ser-estrela-em-paredes-de-coura-com-quadras-de-jovens-entre-os-10-e-os-12-anos\/\" \/>\n<meta property=\"og:locale\" content=\"pt_PT\" \/>\n<meta property=\"og:type\" content=\"article\" \/>\n<meta property=\"og:title\" content=\"Desgarrada vai ser estrela em Paredes de Coura com quadras de jovens entre os 10 e os 12 anos\" \/>\n<meta property=\"og:description\" content=\"No Alto Minho, o Canto ao Desafio est\u00e1 na moda e esta tradi\u00e7\u00e3o parece ter o seu futuro assegurado. A prov\u00e1-lo est\u00e1 o facto de existirem cerca de 200 jovens, s\u00f3 na regi\u00e3o do Alto Minho, que decidiram aprender as t\u00e9cnicas desta arte (tamb\u00e9m designada por Desgarrada) e que agora t\u00eam tido a oportunidade de [&hellip;]\" \/>\n<meta property=\"og:url\" content=\"https:\/\/www.altominho.tv\/site\/2021\/11\/03\/desgarrada-vai-ser-estrela-em-paredes-de-coura-com-quadras-de-jovens-entre-os-10-e-os-12-anos\/\" \/>\n<meta property=\"og:site_name\" content=\"Altominho.tv\" \/>\n<meta property=\"article:publisher\" content=\"https:\/\/www.facebook.com\/altominhotv\" \/>\n<meta property=\"article:published_time\" content=\"2021-11-03T15:01:10+00:00\" \/>\n<meta property=\"article:modified_time\" content=\"2021-11-03T15:01:14+00:00\" \/>\n<meta property=\"og:image\" content=\"https:\/\/www.altominho.tv\/site\/wp-content\/uploads\/2021\/11\/251961350_304162108208676_6495462696193570532_n.jpg\" \/>\n\t<meta property=\"og:image:width\" content=\"1578\" \/>\n\t<meta property=\"og:image:height\" content=\"575\" \/>\n\t<meta property=\"og:image:type\" content=\"image\/jpeg\" \/>\n<meta name=\"author\" content=\"Andreia Cunha\" \/>\n<meta name=\"twitter:card\" content=\"summary_large_image\" \/>\n<meta name=\"twitter:creator\" content=\"@altominhoTV\" \/>\n<meta name=\"twitter:site\" content=\"@altominhoTV\" \/>\n<meta name=\"twitter:label1\" content=\"Escrito por\" \/>\n\t<meta name=\"twitter:data1\" content=\"Andreia Cunha\" \/>\n\t<meta name=\"twitter:label2\" content=\"Tempo estimado de leitura\" \/>\n\t<meta name=\"twitter:data2\" content=\"2 minutos\" \/>\n<script type=\"application\/ld+json\" class=\"yoast-schema-graph\">{\"@context\":\"https:\\\/\\\/schema.org\",\"@graph\":[{\"@type\":\"Article\",\"@id\":\"https:\\\/\\\/www.altominho.tv\\\/site\\\/2021\\\/11\\\/03\\\/desgarrada-vai-ser-estrela-em-paredes-de-coura-com-quadras-de-jovens-entre-os-10-e-os-12-anos\\\/#article\",\"isPartOf\":{\"@id\":\"https:\\\/\\\/www.altominho.tv\\\/site\\\/2021\\\/11\\\/03\\\/desgarrada-vai-ser-estrela-em-paredes-de-coura-com-quadras-de-jovens-entre-os-10-e-os-12-anos\\\/\"},\"author\":{\"name\":\"Andreia Cunha\",\"@id\":\"https:\\\/\\\/www.altominho.tv\\\/site\\\/#\\\/schema\\\/person\\\/a0e4ef6d041f98ca284393d8f1d97153\"},\"headline\":\"Desgarrada vai ser estrela em Paredes de Coura com quadras de jovens entre os 10 e os 12 anos\",\"datePublished\":\"2021-11-03T15:01:10+00:00\",\"dateModified\":\"2021-11-03T15:01:14+00:00\",\"mainEntityOfPage\":{\"@id\":\"https:\\\/\\\/www.altominho.tv\\\/site\\\/2021\\\/11\\\/03\\\/desgarrada-vai-ser-estrela-em-paredes-de-coura-com-quadras-de-jovens-entre-os-10-e-os-12-anos\\\/\"},\"wordCount\":399,\"image\":{\"@id\":\"https:\\\/\\\/www.altominho.tv\\\/site\\\/2021\\\/11\\\/03\\\/desgarrada-vai-ser-estrela-em-paredes-de-coura-com-quadras-de-jovens-entre-os-10-e-os-12-anos\\\/#primaryimage\"},\"thumbnailUrl\":\"https:\\\/\\\/www.altominho.tv\\\/site\\\/wp-content\\\/uploads\\\/2021\\\/11\\\/251961350_304162108208676_6495462696193570532_n.jpg\",\"keywords\":[\"Sociedade\"],\"articleSection\":[\"Paredes de Coura\"],\"inLanguage\":\"pt-PT\",\"copyrightYear\":\"2021\",\"copyrightHolder\":{\"@id\":\"https:\\\/\\\/www.altominho.tv\\\/site\\\/#organization\"}},{\"@type\":\"WebPage\",\"@id\":\"https:\\\/\\\/www.altominho.tv\\\/site\\\/2021\\\/11\\\/03\\\/desgarrada-vai-ser-estrela-em-paredes-de-coura-com-quadras-de-jovens-entre-os-10-e-os-12-anos\\\/\",\"url\":\"https:\\\/\\\/www.altominho.tv\\\/site\\\/2021\\\/11\\\/03\\\/desgarrada-vai-ser-estrela-em-paredes-de-coura-com-quadras-de-jovens-entre-os-10-e-os-12-anos\\\/\",\"name\":\"Desgarrada vai ser estrela em Paredes de Coura com quadras de jovens entre os 10 e os 12 anos\",\"isPartOf\":{\"@id\":\"https:\\\/\\\/www.altominho.tv\\\/site\\\/#website\"},\"primaryImageOfPage\":{\"@id\":\"https:\\\/\\\/www.altominho.tv\\\/site\\\/2021\\\/11\\\/03\\\/desgarrada-vai-ser-estrela-em-paredes-de-coura-com-quadras-de-jovens-entre-os-10-e-os-12-anos\\\/#primaryimage\"},\"image\":{\"@id\":\"https:\\\/\\\/www.altominho.tv\\\/site\\\/2021\\\/11\\\/03\\\/desgarrada-vai-ser-estrela-em-paredes-de-coura-com-quadras-de-jovens-entre-os-10-e-os-12-anos\\\/#primaryimage\"},\"thumbnailUrl\":\"https:\\\/\\\/www.altominho.tv\\\/site\\\/wp-content\\\/uploads\\\/2021\\\/11\\\/251961350_304162108208676_6495462696193570532_n.jpg\",\"datePublished\":\"2021-11-03T15:01:10+00:00\",\"dateModified\":\"2021-11-03T15:01:14+00:00\",\"author\":{\"@id\":\"https:\\\/\\\/www.altominho.tv\\\/site\\\/#\\\/schema\\\/person\\\/a0e4ef6d041f98ca284393d8f1d97153\"},\"breadcrumb\":{\"@id\":\"https:\\\/\\\/www.altominho.tv\\\/site\\\/2021\\\/11\\\/03\\\/desgarrada-vai-ser-estrela-em-paredes-de-coura-com-quadras-de-jovens-entre-os-10-e-os-12-anos\\\/#breadcrumb\"},\"inLanguage\":\"pt-PT\",\"potentialAction\":[{\"@type\":\"ReadAction\",\"target\":[\"https:\\\/\\\/www.altominho.tv\\\/site\\\/2021\\\/11\\\/03\\\/desgarrada-vai-ser-estrela-em-paredes-de-coura-com-quadras-de-jovens-entre-os-10-e-os-12-anos\\\/\"]}]},{\"@type\":\"ImageObject\",\"inLanguage\":\"pt-PT\",\"@id\":\"https:\\\/\\\/www.altominho.tv\\\/site\\\/2021\\\/11\\\/03\\\/desgarrada-vai-ser-estrela-em-paredes-de-coura-com-quadras-de-jovens-entre-os-10-e-os-12-anos\\\/#primaryimage\",\"url\":\"https:\\\/\\\/www.altominho.tv\\\/site\\\/wp-content\\\/uploads\\\/2021\\\/11\\\/251961350_304162108208676_6495462696193570532_n.jpg\",\"contentUrl\":\"https:\\\/\\\/www.altominho.tv\\\/site\\\/wp-content\\\/uploads\\\/2021\\\/11\\\/251961350_304162108208676_6495462696193570532_n.jpg\",\"width\":1578,\"height\":575},{\"@type\":\"BreadcrumbList\",\"@id\":\"https:\\\/\\\/www.altominho.tv\\\/site\\\/2021\\\/11\\\/03\\\/desgarrada-vai-ser-estrela-em-paredes-de-coura-com-quadras-de-jovens-entre-os-10-e-os-12-anos\\\/#breadcrumb\",\"itemListElement\":[{\"@type\":\"ListItem\",\"position\":1,\"name\":\"In\u00edcio\",\"item\":\"https:\\\/\\\/www.altominho.tv\\\/site\\\/\"},{\"@type\":\"ListItem\",\"position\":2,\"name\":\"Desgarrada vai ser estrela em Paredes de Coura com quadras de jovens entre os 10 e os 12 anos\"}]},{\"@type\":\"WebSite\",\"@id\":\"https:\\\/\\\/www.altominho.tv\\\/site\\\/#website\",\"url\":\"https:\\\/\\\/www.altominho.tv\\\/site\\\/\",\"name\":\"Altominho.tv\",\"description\":\"A sua regi\u00e3o \u00e0 dist\u00e2ncia de um clique...\",\"potentialAction\":[{\"@type\":\"SearchAction\",\"target\":{\"@type\":\"EntryPoint\",\"urlTemplate\":\"https:\\\/\\\/www.altominho.tv\\\/site\\\/?s={search_term_string}\"},\"query-input\":{\"@type\":\"PropertyValueSpecification\",\"valueRequired\":true,\"valueName\":\"search_term_string\"}}],\"inLanguage\":\"pt-PT\"},{\"@type\":\"Person\",\"@id\":\"https:\\\/\\\/www.altominho.tv\\\/site\\\/#\\\/schema\\\/person\\\/a0e4ef6d041f98ca284393d8f1d97153\",\"name\":\"Andreia Cunha\",\"image\":{\"@type\":\"ImageObject\",\"inLanguage\":\"pt-PT\",\"@id\":\"https:\\\/\\\/www.altominho.tv\\\/site\\\/wp-content\\\/uploads\\\/2017\\\/11\\\/Andreia_Cunha-1-150x150.jpg\",\"url\":\"https:\\\/\\\/www.altominho.tv\\\/site\\\/wp-content\\\/uploads\\\/2017\\\/11\\\/Andreia_Cunha-1-150x150.jpg\",\"contentUrl\":\"https:\\\/\\\/www.altominho.tv\\\/site\\\/wp-content\\\/uploads\\\/2017\\\/11\\\/Andreia_Cunha-1-150x150.jpg\",\"caption\":\"Andreia Cunha\"},\"url\":\"https:\\\/\\\/www.altominho.tv\\\/site\\\/author\\\/andreiacunha\\\/\"}]}<\/script>\n<!-- \/ Yoast SEO Premium plugin. -->","yoast_head_json":{"title":"Desgarrada vai ser estrela em Paredes de Coura com quadras de jovens entre os 10 e os 12 anos","robots":{"index":"index","follow":"follow","max-snippet":"max-snippet:-1","max-image-preview":"max-image-preview:large","max-video-preview":"max-video-preview:-1"},"canonical":"https:\/\/www.altominho.tv\/site\/2021\/11\/03\/desgarrada-vai-ser-estrela-em-paredes-de-coura-com-quadras-de-jovens-entre-os-10-e-os-12-anos\/","og_locale":"pt_PT","og_type":"article","og_title":"Desgarrada vai ser estrela em Paredes de Coura com quadras de jovens entre os 10 e os 12 anos","og_description":"No Alto Minho, o Canto ao Desafio est\u00e1 na moda e esta tradi\u00e7\u00e3o parece ter o seu futuro assegurado. A prov\u00e1-lo est\u00e1 o facto de existirem cerca de 200 jovens, s\u00f3 na regi\u00e3o do Alto Minho, que decidiram aprender as t\u00e9cnicas desta arte (tamb\u00e9m designada por Desgarrada) e que agora t\u00eam tido a oportunidade de [&hellip;]","og_url":"https:\/\/www.altominho.tv\/site\/2021\/11\/03\/desgarrada-vai-ser-estrela-em-paredes-de-coura-com-quadras-de-jovens-entre-os-10-e-os-12-anos\/","og_site_name":"Altominho.tv","article_publisher":"https:\/\/www.facebook.com\/altominhotv","article_published_time":"2021-11-03T15:01:10+00:00","article_modified_time":"2021-11-03T15:01:14+00:00","og_image":[{"width":1578,"height":575,"url":"https:\/\/www.altominho.tv\/site\/wp-content\/uploads\/2021\/11\/251961350_304162108208676_6495462696193570532_n.jpg","type":"image\/jpeg"}],"author":"Andreia Cunha","twitter_card":"summary_large_image","twitter_creator":"@altominhoTV","twitter_site":"@altominhoTV","twitter_misc":{"Escrito por":"Andreia Cunha","Tempo estimado de leitura":"2 minutos"},"schema":{"@context":"https:\/\/schema.org","@graph":[{"@type":"Article","@id":"https:\/\/www.altominho.tv\/site\/2021\/11\/03\/desgarrada-vai-ser-estrela-em-paredes-de-coura-com-quadras-de-jovens-entre-os-10-e-os-12-anos\/#article","isPartOf":{"@id":"https:\/\/www.altominho.tv\/site\/2021\/11\/03\/desgarrada-vai-ser-estrela-em-paredes-de-coura-com-quadras-de-jovens-entre-os-10-e-os-12-anos\/"},"author":{"name":"Andreia Cunha","@id":"https:\/\/www.altominho.tv\/site\/#\/schema\/person\/a0e4ef6d041f98ca284393d8f1d97153"},"headline":"Desgarrada vai ser estrela em Paredes de Coura com quadras de jovens entre os 10 e os 12 anos","datePublished":"2021-11-03T15:01:10+00:00","dateModified":"2021-11-03T15:01:14+00:00","mainEntityOfPage":{"@id":"https:\/\/www.altominho.tv\/site\/2021\/11\/03\/desgarrada-vai-ser-estrela-em-paredes-de-coura-com-quadras-de-jovens-entre-os-10-e-os-12-anos\/"},"wordCount":399,"image":{"@id":"https:\/\/www.altominho.tv\/site\/2021\/11\/03\/desgarrada-vai-ser-estrela-em-paredes-de-coura-com-quadras-de-jovens-entre-os-10-e-os-12-anos\/#primaryimage"},"thumbnailUrl":"https:\/\/www.altominho.tv\/site\/wp-content\/uploads\/2021\/11\/251961350_304162108208676_6495462696193570532_n.jpg","keywords":["Sociedade"],"articleSection":["Paredes de Coura"],"inLanguage":"pt-PT","copyrightYear":"2021","copyrightHolder":{"@id":"https:\/\/www.altominho.tv\/site\/#organization"}},{"@type":"WebPage","@id":"https:\/\/www.altominho.tv\/site\/2021\/11\/03\/desgarrada-vai-ser-estrela-em-paredes-de-coura-com-quadras-de-jovens-entre-os-10-e-os-12-anos\/","url":"https:\/\/www.altominho.tv\/site\/2021\/11\/03\/desgarrada-vai-ser-estrela-em-paredes-de-coura-com-quadras-de-jovens-entre-os-10-e-os-12-anos\/","name":"Desgarrada vai ser estrela em Paredes de Coura com quadras de jovens entre os 10 e os 12 anos","isPartOf":{"@id":"https:\/\/www.altominho.tv\/site\/#website"},"primaryImageOfPage":{"@id":"https:\/\/www.altominho.tv\/site\/2021\/11\/03\/desgarrada-vai-ser-estrela-em-paredes-de-coura-com-quadras-de-jovens-entre-os-10-e-os-12-anos\/#primaryimage"},"image":{"@id":"https:\/\/www.altominho.tv\/site\/2021\/11\/03\/desgarrada-vai-ser-estrela-em-paredes-de-coura-com-quadras-de-jovens-entre-os-10-e-os-12-anos\/#primaryimage"},"thumbnailUrl":"https:\/\/www.altominho.tv\/site\/wp-content\/uploads\/2021\/11\/251961350_304162108208676_6495462696193570532_n.jpg","datePublished":"2021-11-03T15:01:10+00:00","dateModified":"2021-11-03T15:01:14+00:00","author":{"@id":"https:\/\/www.altominho.tv\/site\/#\/schema\/person\/a0e4ef6d041f98ca284393d8f1d97153"},"breadcrumb":{"@id":"https:\/\/www.altominho.tv\/site\/2021\/11\/03\/desgarrada-vai-ser-estrela-em-paredes-de-coura-com-quadras-de-jovens-entre-os-10-e-os-12-anos\/#breadcrumb"},"inLanguage":"pt-PT","potentialAction":[{"@type":"ReadAction","target":["https:\/\/www.altominho.tv\/site\/2021\/11\/03\/desgarrada-vai-ser-estrela-em-paredes-de-coura-com-quadras-de-jovens-entre-os-10-e-os-12-anos\/"]}]},{"@type":"ImageObject","inLanguage":"pt-PT","@id":"https:\/\/www.altominho.tv\/site\/2021\/11\/03\/desgarrada-vai-ser-estrela-em-paredes-de-coura-com-quadras-de-jovens-entre-os-10-e-os-12-anos\/#primaryimage","url":"https:\/\/www.altominho.tv\/site\/wp-content\/uploads\/2021\/11\/251961350_304162108208676_6495462696193570532_n.jpg","contentUrl":"https:\/\/www.altominho.tv\/site\/wp-content\/uploads\/2021\/11\/251961350_304162108208676_6495462696193570532_n.jpg","width":1578,"height":575},{"@type":"BreadcrumbList","@id":"https:\/\/www.altominho.tv\/site\/2021\/11\/03\/desgarrada-vai-ser-estrela-em-paredes-de-coura-com-quadras-de-jovens-entre-os-10-e-os-12-anos\/#breadcrumb","itemListElement":[{"@type":"ListItem","position":1,"name":"In\u00edcio","item":"https:\/\/www.altominho.tv\/site\/"},{"@type":"ListItem","position":2,"name":"Desgarrada vai ser estrela em Paredes de Coura com quadras de jovens entre os 10 e os 12 anos"}]},{"@type":"WebSite","@id":"https:\/\/www.altominho.tv\/site\/#website","url":"https:\/\/www.altominho.tv\/site\/","name":"Altominho.tv","description":"A sua regi\u00e3o \u00e0 dist\u00e2ncia de um clique...","potentialAction":[{"@type":"SearchAction","target":{"@type":"EntryPoint","urlTemplate":"https:\/\/www.altominho.tv\/site\/?s={search_term_string}"},"query-input":{"@type":"PropertyValueSpecification","valueRequired":true,"valueName":"search_term_string"}}],"inLanguage":"pt-PT"},{"@type":"Person","@id":"https:\/\/www.altominho.tv\/site\/#\/schema\/person\/a0e4ef6d041f98ca284393d8f1d97153","name":"Andreia Cunha","image":{"@type":"ImageObject","inLanguage":"pt-PT","@id":"https:\/\/www.altominho.tv\/site\/wp-content\/uploads\/2017\/11\/Andreia_Cunha-1-150x150.jpg","url":"https:\/\/www.altominho.tv\/site\/wp-content\/uploads\/2017\/11\/Andreia_Cunha-1-150x150.jpg","contentUrl":"https:\/\/www.altominho.tv\/site\/wp-content\/uploads\/2017\/11\/Andreia_Cunha-1-150x150.jpg","caption":"Andreia Cunha"},"url":"https:\/\/www.altominho.tv\/site\/author\/andreiacunha\/"}]}},"_links":{"self":[{"href":"https:\/\/www.altominho.tv\/site\/wp-json\/wp\/v2\/posts\/72215","targetHints":{"allow":["GET"]}}],"collection":[{"href":"https:\/\/www.altominho.tv\/site\/wp-json\/wp\/v2\/posts"}],"about":[{"href":"https:\/\/www.altominho.tv\/site\/wp-json\/wp\/v2\/types\/post"}],"author":[{"embeddable":true,"href":"https:\/\/www.altominho.tv\/site\/wp-json\/wp\/v2\/users\/7"}],"replies":[{"embeddable":true,"href":"https:\/\/www.altominho.tv\/site\/wp-json\/wp\/v2\/comments?post=72215"}],"version-history":[{"count":0,"href":"https:\/\/www.altominho.tv\/site\/wp-json\/wp\/v2\/posts\/72215\/revisions"}],"wp:featuredmedia":[{"embeddable":true,"href":"https:\/\/www.altominho.tv\/site\/wp-json\/wp\/v2\/media\/72216"}],"wp:attachment":[{"href":"https:\/\/www.altominho.tv\/site\/wp-json\/wp\/v2\/media?parent=72215"}],"wp:term":[{"taxonomy":"category","embeddable":true,"href":"https:\/\/www.altominho.tv\/site\/wp-json\/wp\/v2\/categories?post=72215"},{"taxonomy":"post_tag","embeddable":true,"href":"https:\/\/www.altominho.tv\/site\/wp-json\/wp\/v2\/tags?post=72215"}],"curies":[{"name":"wp","href":"https:\/\/api.w.org\/{rel}","templated":true}]}}