{"id":72201,"date":"2021-11-03T09:17:13","date_gmt":"2021-11-03T09:17:13","guid":{"rendered":"https:\/\/www.altominho.tv\/site\/?p=72201"},"modified":"2021-11-03T09:18:45","modified_gmt":"2021-11-03T09:18:45","slug":"aciab-promoveu-um-encontro-de-empresarios-no-ambito-do-projeto-coopqall","status":"publish","type":"post","link":"https:\/\/www.altominho.tv\/site\/2021\/11\/03\/aciab-promoveu-um-encontro-de-empresarios-no-ambito-do-projeto-coopqall\/","title":{"rendered":"ACIAB promoveu um encontro de empres\u00e1rios no \u00e2mbito do Projeto COOPQALL"},"content":{"rendered":"\n<p class=\"wp-block-paragraph\">A ACIAB &#8211; Associa\u00e7\u00e3o Comercial e Industrial de Arcos de Valdevez e Ponte da Barca, promoveu um encontro de empres\u00e1rios no \u00e2mbito do Projeto COOPQALL.<\/p>\n\n\n\n<p class=\"wp-block-paragraph\">Em nota, a ACIAB informou que &#8220;no \u00e2mbito do Projeto COOPQALL \u2013 Coopeti\u00e7\u00e3o e Qualifica\u00e7\u00e3o do Interior do Vale do Lima, realizou-se um Semin\u00e1rio com o formato Think Tank, subordinado ao tema \u201cPromo\u00e7\u00e3o de Produtos locais de Arcos de Valdevez e Ponte da Barca\u201d, que teve lugar no dia 28 de outubro, nas instala\u00e7\u00f5es da ACIAB&#8221;.<\/p>\n\n\n\n<p class=\"wp-block-paragraph\">Participaram neste evento, empresas do setor de restaura\u00e7\u00e3o, dos produtos locais e produtores de vinhos.<\/p>\n\n\n\n<p class=\"wp-block-paragraph\">Estiveram ainda presentes, a dire\u00e7\u00e3o das duas entidades parceiras do Projeto Coopqall, ACIAB e AEPL, o Coordenador do Projeto, Francisco Peixoto Ara\u00fajo, Vice-presidente Executivo da ACIAB e Jo\u00e3o Soares, respons\u00e1vel pela empresa de consultoria Multisector.<\/p>\n\n\n\n<p class=\"wp-block-paragraph\">Ant\u00f3nio Marques Campos, Presidente da Dire\u00e7\u00e3o da ACIAB, frisou que &#8220;este tipo de iniciativas s\u00e3o muito importantes para o dinamismo empresarial e da regi\u00e3o do Minho Lima, e que esta parceria contribuiu para impulsionar a coopera\u00e7\u00e3o e coopeti\u00e7\u00e3o atrav\u00e9s a implementa\u00e7\u00e3o de boas pr\u00e1ticas na ado\u00e7\u00e3o de estrat\u00e9gias para evolu\u00e7\u00e3o das empresas e da economia da regi\u00e3o&#8221;.<\/p>\n\n\n\n<p class=\"wp-block-paragraph\">Nuno Armada, Presidente da AEPL, real\u00e7ou &#8220;a import\u00e2ncia da parceria das duas entidades centen\u00e1rias, que facilita uma melhor intera\u00e7\u00e3o entre empresas, contribuindo desta forma, para o desenvolvimento da economia dos concelhos de Arcos de Valdevez, Ponte da Barca e Ponte de Lima&#8221;.<\/p>\n\n\n\n<p class=\"wp-block-paragraph\">Francisco Peixoto Ara\u00fajo, Coordenador do Projeto, enalteceu &#8220;as vantagens da parceria realizada entre a ACIAB e AEPL, que decidiram elaborar um projeto conjunto para os tr\u00eas concelhos, Arcos de Valdevez, Ponte da Barca e Ponte de Lima, cujo objetivo \u00e9 apoiar a qualifica\u00e7\u00e3o conjunta do tecido empresarial do Interior do Vale do Lima, atrav\u00e9s da valoriza\u00e7\u00e3o da oferta gastron\u00f3mica, tur\u00edstica e cultural&#8221;. \u00a0<\/p>\n\n\n\n<p class=\"wp-block-paragraph\">Com este projeto, a empresa &#8220;tem a oportunidade de beneficiar de novas t\u00e9cnicas inovadoras com a implementa\u00e7\u00e3o de ferramentas que as orientar\u00e1 para alcan\u00e7ar novos mercados nacionais, europeus e outros mercados internacionais&#8221;.<\/p>\n\n\n\n<p class=\"wp-block-paragraph\">Jo\u00e3o Soares, representante da Multisector, apresentou aos participantes as linhas orientadoras do CoopQall, de forma pormenorizada, convidando-os de seguida para uma discuss\u00e3o aberta, para exporem as suas ideias com o objetivo de identificar oportunidades que possam ser valorizadas a n\u00edvel econ\u00f3mico no curto prazo no \u00e2mbito do tema.<\/p>\n\n\n\n<p class=\"wp-block-paragraph\">Os empres\u00e1rios participantes neste evento, dividiram-se em dois grupos de trabalho, para discuss\u00e3o dos seus neg\u00f3cios, &#8220;tendo partilhado experi\u00eancias e ideias\/contributos muito enriquecedores para o alavancar deste projeto&#8221;, disse em nota a ACIAB.<\/p>\n\n\n\n<p class=\"wp-block-paragraph\">A ACIAB e a AEPL &#8220;ir\u00e3o realizar mais eventos neste formato para a evolu\u00e7\u00e3o do tecido empresarial e da regi\u00e3o do Minho Lima&#8221;.<\/p>\n","protected":false},"excerpt":{"rendered":"<p>A ACIAB &#8211; Associa\u00e7\u00e3o Comercial e Industrial de Arcos de Valdevez e Ponte da Barca, promoveu um encontro de empres\u00e1rios no \u00e2mbito do Projeto COOPQALL. Em nota, a ACIAB informou que &#8220;no \u00e2mbito do Projeto COOPQALL \u2013 Coopeti\u00e7\u00e3o e Qualifica\u00e7\u00e3o do Interior do Vale do Lima, realizou-se um Semin\u00e1rio com o formato Think Tank, subordinado [&hellip;]<\/p>\n","protected":false},"author":7,"featured_media":72202,"comment_status":"closed","ping_status":"closed","sticky":false,"template":"","format":"standard","meta":{"_exactmetrics_skip_tracking":false,"footnotes":""},"categories":[2],"tags":[27],"class_list":["post-72201","post","type-post","status-publish","format-standard","has-post-thumbnail","hentry","category-arcos-de-valdevez","tag-sociedade"],"yoast_head":"<!-- This site is optimized with the Yoast SEO Premium plugin v28.3 (Yoast SEO v28.3) - https:\/\/yoast.com\/product\/yoast-seo-premium-wordpress\/ -->\n<title>ACIAB promoveu um encontro de empres\u00e1rios no \u00e2mbito do Projeto COOPQALL<\/title>\n<meta name=\"robots\" content=\"index, follow, max-snippet:-1, max-image-preview:large, max-video-preview:-1\" \/>\n<link rel=\"canonical\" href=\"https:\/\/www.altominho.tv\/site\/2021\/11\/03\/aciab-promoveu-um-encontro-de-empresarios-no-ambito-do-projeto-coopqall\/\" \/>\n<meta property=\"og:locale\" content=\"pt_PT\" \/>\n<meta property=\"og:type\" content=\"article\" \/>\n<meta property=\"og:title\" content=\"ACIAB promoveu um encontro de empres\u00e1rios no \u00e2mbito do Projeto COOPQALL\" \/>\n<meta property=\"og:description\" content=\"A ACIAB &#8211; Associa\u00e7\u00e3o Comercial e Industrial de Arcos de Valdevez e Ponte da Barca, promoveu um encontro de empres\u00e1rios no \u00e2mbito do Projeto COOPQALL. Em nota, a ACIAB informou que &#8220;no \u00e2mbito do Projeto COOPQALL \u2013 Coopeti\u00e7\u00e3o e Qualifica\u00e7\u00e3o do Interior do Vale do Lima, realizou-se um Semin\u00e1rio com o formato Think Tank, subordinado [&hellip;]\" \/>\n<meta property=\"og:url\" content=\"https:\/\/www.altominho.tv\/site\/2021\/11\/03\/aciab-promoveu-um-encontro-de-empresarios-no-ambito-do-projeto-coopqall\/\" \/>\n<meta property=\"og:site_name\" content=\"Altominho.tv\" \/>\n<meta property=\"article:publisher\" content=\"https:\/\/www.facebook.com\/altominhotv\" \/>\n<meta property=\"article:published_time\" content=\"2021-11-03T09:17:13+00:00\" \/>\n<meta property=\"article:modified_time\" content=\"2021-11-03T09:18:45+00:00\" \/>\n<meta property=\"og:image\" content=\"https:\/\/www.altominho.tv\/site\/wp-content\/uploads\/2021\/11\/COOP-Foto-Tres.jpg\" \/>\n\t<meta property=\"og:image:width\" content=\"1000\" \/>\n\t<meta property=\"og:image:height\" content=\"455\" \/>\n\t<meta property=\"og:image:type\" content=\"image\/jpeg\" \/>\n<meta name=\"author\" content=\"Andreia Cunha\" \/>\n<meta name=\"twitter:card\" content=\"summary_large_image\" \/>\n<meta name=\"twitter:creator\" content=\"@altominhoTV\" \/>\n<meta name=\"twitter:site\" content=\"@altominhoTV\" \/>\n<meta name=\"twitter:label1\" content=\"Escrito por\" \/>\n\t<meta name=\"twitter:data1\" content=\"Andreia Cunha\" \/>\n\t<meta name=\"twitter:label2\" content=\"Tempo estimado de leitura\" \/>\n\t<meta name=\"twitter:data2\" content=\"2 minutos\" \/>\n<script type=\"application\/ld+json\" class=\"yoast-schema-graph\">{\"@context\":\"https:\\\/\\\/schema.org\",\"@graph\":[{\"@type\":\"Article\",\"@id\":\"https:\\\/\\\/www.altominho.tv\\\/site\\\/2021\\\/11\\\/03\\\/aciab-promoveu-um-encontro-de-empresarios-no-ambito-do-projeto-coopqall\\\/#article\",\"isPartOf\":{\"@id\":\"https:\\\/\\\/www.altominho.tv\\\/site\\\/2021\\\/11\\\/03\\\/aciab-promoveu-um-encontro-de-empresarios-no-ambito-do-projeto-coopqall\\\/\"},\"author\":{\"name\":\"Andreia Cunha\",\"@id\":\"https:\\\/\\\/www.altominho.tv\\\/site\\\/#\\\/schema\\\/person\\\/a0e4ef6d041f98ca284393d8f1d97153\"},\"headline\":\"ACIAB promoveu um encontro de empres\u00e1rios no \u00e2mbito do Projeto COOPQALL\",\"datePublished\":\"2021-11-03T09:17:13+00:00\",\"dateModified\":\"2021-11-03T09:18:45+00:00\",\"mainEntityOfPage\":{\"@id\":\"https:\\\/\\\/www.altominho.tv\\\/site\\\/2021\\\/11\\\/03\\\/aciab-promoveu-um-encontro-de-empresarios-no-ambito-do-projeto-coopqall\\\/\"},\"wordCount\":488,\"image\":{\"@id\":\"https:\\\/\\\/www.altominho.tv\\\/site\\\/2021\\\/11\\\/03\\\/aciab-promoveu-um-encontro-de-empresarios-no-ambito-do-projeto-coopqall\\\/#primaryimage\"},\"thumbnailUrl\":\"https:\\\/\\\/www.altominho.tv\\\/site\\\/wp-content\\\/uploads\\\/2021\\\/11\\\/COOP-Foto-Tres.jpg\",\"keywords\":[\"Sociedade\"],\"articleSection\":[\"Arcos de Valdevez\"],\"inLanguage\":\"pt-PT\",\"copyrightYear\":\"2021\",\"copyrightHolder\":{\"@id\":\"https:\\\/\\\/www.altominho.tv\\\/site\\\/#organization\"}},{\"@type\":\"WebPage\",\"@id\":\"https:\\\/\\\/www.altominho.tv\\\/site\\\/2021\\\/11\\\/03\\\/aciab-promoveu-um-encontro-de-empresarios-no-ambito-do-projeto-coopqall\\\/\",\"url\":\"https:\\\/\\\/www.altominho.tv\\\/site\\\/2021\\\/11\\\/03\\\/aciab-promoveu-um-encontro-de-empresarios-no-ambito-do-projeto-coopqall\\\/\",\"name\":\"ACIAB promoveu um encontro de empres\u00e1rios no \u00e2mbito do Projeto COOPQALL\",\"isPartOf\":{\"@id\":\"https:\\\/\\\/www.altominho.tv\\\/site\\\/#website\"},\"primaryImageOfPage\":{\"@id\":\"https:\\\/\\\/www.altominho.tv\\\/site\\\/2021\\\/11\\\/03\\\/aciab-promoveu-um-encontro-de-empresarios-no-ambito-do-projeto-coopqall\\\/#primaryimage\"},\"image\":{\"@id\":\"https:\\\/\\\/www.altominho.tv\\\/site\\\/2021\\\/11\\\/03\\\/aciab-promoveu-um-encontro-de-empresarios-no-ambito-do-projeto-coopqall\\\/#primaryimage\"},\"thumbnailUrl\":\"https:\\\/\\\/www.altominho.tv\\\/site\\\/wp-content\\\/uploads\\\/2021\\\/11\\\/COOP-Foto-Tres.jpg\",\"datePublished\":\"2021-11-03T09:17:13+00:00\",\"dateModified\":\"2021-11-03T09:18:45+00:00\",\"author\":{\"@id\":\"https:\\\/\\\/www.altominho.tv\\\/site\\\/#\\\/schema\\\/person\\\/a0e4ef6d041f98ca284393d8f1d97153\"},\"breadcrumb\":{\"@id\":\"https:\\\/\\\/www.altominho.tv\\\/site\\\/2021\\\/11\\\/03\\\/aciab-promoveu-um-encontro-de-empresarios-no-ambito-do-projeto-coopqall\\\/#breadcrumb\"},\"inLanguage\":\"pt-PT\",\"potentialAction\":[{\"@type\":\"ReadAction\",\"target\":[\"https:\\\/\\\/www.altominho.tv\\\/site\\\/2021\\\/11\\\/03\\\/aciab-promoveu-um-encontro-de-empresarios-no-ambito-do-projeto-coopqall\\\/\"]}]},{\"@type\":\"ImageObject\",\"inLanguage\":\"pt-PT\",\"@id\":\"https:\\\/\\\/www.altominho.tv\\\/site\\\/2021\\\/11\\\/03\\\/aciab-promoveu-um-encontro-de-empresarios-no-ambito-do-projeto-coopqall\\\/#primaryimage\",\"url\":\"https:\\\/\\\/www.altominho.tv\\\/site\\\/wp-content\\\/uploads\\\/2021\\\/11\\\/COOP-Foto-Tres.jpg\",\"contentUrl\":\"https:\\\/\\\/www.altominho.tv\\\/site\\\/wp-content\\\/uploads\\\/2021\\\/11\\\/COOP-Foto-Tres.jpg\",\"width\":1000,\"height\":455},{\"@type\":\"BreadcrumbList\",\"@id\":\"https:\\\/\\\/www.altominho.tv\\\/site\\\/2021\\\/11\\\/03\\\/aciab-promoveu-um-encontro-de-empresarios-no-ambito-do-projeto-coopqall\\\/#breadcrumb\",\"itemListElement\":[{\"@type\":\"ListItem\",\"position\":1,\"name\":\"In\u00edcio\",\"item\":\"https:\\\/\\\/www.altominho.tv\\\/site\\\/\"},{\"@type\":\"ListItem\",\"position\":2,\"name\":\"ACIAB promoveu um encontro de empres\u00e1rios no \u00e2mbito do Projeto COOPQALL\"}]},{\"@type\":\"WebSite\",\"@id\":\"https:\\\/\\\/www.altominho.tv\\\/site\\\/#website\",\"url\":\"https:\\\/\\\/www.altominho.tv\\\/site\\\/\",\"name\":\"Altominho.tv\",\"description\":\"A sua regi\u00e3o \u00e0 dist\u00e2ncia de um clique...\",\"potentialAction\":[{\"@type\":\"SearchAction\",\"target\":{\"@type\":\"EntryPoint\",\"urlTemplate\":\"https:\\\/\\\/www.altominho.tv\\\/site\\\/?s={search_term_string}\"},\"query-input\":{\"@type\":\"PropertyValueSpecification\",\"valueRequired\":true,\"valueName\":\"search_term_string\"}}],\"inLanguage\":\"pt-PT\"},{\"@type\":\"Person\",\"@id\":\"https:\\\/\\\/www.altominho.tv\\\/site\\\/#\\\/schema\\\/person\\\/a0e4ef6d041f98ca284393d8f1d97153\",\"name\":\"Andreia Cunha\",\"image\":{\"@type\":\"ImageObject\",\"inLanguage\":\"pt-PT\",\"@id\":\"https:\\\/\\\/www.altominho.tv\\\/site\\\/wp-content\\\/uploads\\\/2017\\\/11\\\/Andreia_Cunha-1-150x150.jpg\",\"url\":\"https:\\\/\\\/www.altominho.tv\\\/site\\\/wp-content\\\/uploads\\\/2017\\\/11\\\/Andreia_Cunha-1-150x150.jpg\",\"contentUrl\":\"https:\\\/\\\/www.altominho.tv\\\/site\\\/wp-content\\\/uploads\\\/2017\\\/11\\\/Andreia_Cunha-1-150x150.jpg\",\"caption\":\"Andreia Cunha\"},\"url\":\"https:\\\/\\\/www.altominho.tv\\\/site\\\/author\\\/andreiacunha\\\/\"}]}<\/script>\n<!-- \/ Yoast SEO Premium plugin. -->","yoast_head_json":{"title":"ACIAB promoveu um encontro de empres\u00e1rios no \u00e2mbito do Projeto COOPQALL","robots":{"index":"index","follow":"follow","max-snippet":"max-snippet:-1","max-image-preview":"max-image-preview:large","max-video-preview":"max-video-preview:-1"},"canonical":"https:\/\/www.altominho.tv\/site\/2021\/11\/03\/aciab-promoveu-um-encontro-de-empresarios-no-ambito-do-projeto-coopqall\/","og_locale":"pt_PT","og_type":"article","og_title":"ACIAB promoveu um encontro de empres\u00e1rios no \u00e2mbito do Projeto COOPQALL","og_description":"A ACIAB &#8211; Associa\u00e7\u00e3o Comercial e Industrial de Arcos de Valdevez e Ponte da Barca, promoveu um encontro de empres\u00e1rios no \u00e2mbito do Projeto COOPQALL. Em nota, a ACIAB informou que &#8220;no \u00e2mbito do Projeto COOPQALL \u2013 Coopeti\u00e7\u00e3o e Qualifica\u00e7\u00e3o do Interior do Vale do Lima, realizou-se um Semin\u00e1rio com o formato Think Tank, subordinado [&hellip;]","og_url":"https:\/\/www.altominho.tv\/site\/2021\/11\/03\/aciab-promoveu-um-encontro-de-empresarios-no-ambito-do-projeto-coopqall\/","og_site_name":"Altominho.tv","article_publisher":"https:\/\/www.facebook.com\/altominhotv","article_published_time":"2021-11-03T09:17:13+00:00","article_modified_time":"2021-11-03T09:18:45+00:00","og_image":[{"width":1000,"height":455,"url":"https:\/\/www.altominho.tv\/site\/wp-content\/uploads\/2021\/11\/COOP-Foto-Tres.jpg","type":"image\/jpeg"}],"author":"Andreia Cunha","twitter_card":"summary_large_image","twitter_creator":"@altominhoTV","twitter_site":"@altominhoTV","twitter_misc":{"Escrito por":"Andreia Cunha","Tempo estimado de leitura":"2 minutos"},"schema":{"@context":"https:\/\/schema.org","@graph":[{"@type":"Article","@id":"https:\/\/www.altominho.tv\/site\/2021\/11\/03\/aciab-promoveu-um-encontro-de-empresarios-no-ambito-do-projeto-coopqall\/#article","isPartOf":{"@id":"https:\/\/www.altominho.tv\/site\/2021\/11\/03\/aciab-promoveu-um-encontro-de-empresarios-no-ambito-do-projeto-coopqall\/"},"author":{"name":"Andreia Cunha","@id":"https:\/\/www.altominho.tv\/site\/#\/schema\/person\/a0e4ef6d041f98ca284393d8f1d97153"},"headline":"ACIAB promoveu um encontro de empres\u00e1rios no \u00e2mbito do Projeto COOPQALL","datePublished":"2021-11-03T09:17:13+00:00","dateModified":"2021-11-03T09:18:45+00:00","mainEntityOfPage":{"@id":"https:\/\/www.altominho.tv\/site\/2021\/11\/03\/aciab-promoveu-um-encontro-de-empresarios-no-ambito-do-projeto-coopqall\/"},"wordCount":488,"image":{"@id":"https:\/\/www.altominho.tv\/site\/2021\/11\/03\/aciab-promoveu-um-encontro-de-empresarios-no-ambito-do-projeto-coopqall\/#primaryimage"},"thumbnailUrl":"https:\/\/www.altominho.tv\/site\/wp-content\/uploads\/2021\/11\/COOP-Foto-Tres.jpg","keywords":["Sociedade"],"articleSection":["Arcos de Valdevez"],"inLanguage":"pt-PT","copyrightYear":"2021","copyrightHolder":{"@id":"https:\/\/www.altominho.tv\/site\/#organization"}},{"@type":"WebPage","@id":"https:\/\/www.altominho.tv\/site\/2021\/11\/03\/aciab-promoveu-um-encontro-de-empresarios-no-ambito-do-projeto-coopqall\/","url":"https:\/\/www.altominho.tv\/site\/2021\/11\/03\/aciab-promoveu-um-encontro-de-empresarios-no-ambito-do-projeto-coopqall\/","name":"ACIAB promoveu um encontro de empres\u00e1rios no \u00e2mbito do Projeto COOPQALL","isPartOf":{"@id":"https:\/\/www.altominho.tv\/site\/#website"},"primaryImageOfPage":{"@id":"https:\/\/www.altominho.tv\/site\/2021\/11\/03\/aciab-promoveu-um-encontro-de-empresarios-no-ambito-do-projeto-coopqall\/#primaryimage"},"image":{"@id":"https:\/\/www.altominho.tv\/site\/2021\/11\/03\/aciab-promoveu-um-encontro-de-empresarios-no-ambito-do-projeto-coopqall\/#primaryimage"},"thumbnailUrl":"https:\/\/www.altominho.tv\/site\/wp-content\/uploads\/2021\/11\/COOP-Foto-Tres.jpg","datePublished":"2021-11-03T09:17:13+00:00","dateModified":"2021-11-03T09:18:45+00:00","author":{"@id":"https:\/\/www.altominho.tv\/site\/#\/schema\/person\/a0e4ef6d041f98ca284393d8f1d97153"},"breadcrumb":{"@id":"https:\/\/www.altominho.tv\/site\/2021\/11\/03\/aciab-promoveu-um-encontro-de-empresarios-no-ambito-do-projeto-coopqall\/#breadcrumb"},"inLanguage":"pt-PT","potentialAction":[{"@type":"ReadAction","target":["https:\/\/www.altominho.tv\/site\/2021\/11\/03\/aciab-promoveu-um-encontro-de-empresarios-no-ambito-do-projeto-coopqall\/"]}]},{"@type":"ImageObject","inLanguage":"pt-PT","@id":"https:\/\/www.altominho.tv\/site\/2021\/11\/03\/aciab-promoveu-um-encontro-de-empresarios-no-ambito-do-projeto-coopqall\/#primaryimage","url":"https:\/\/www.altominho.tv\/site\/wp-content\/uploads\/2021\/11\/COOP-Foto-Tres.jpg","contentUrl":"https:\/\/www.altominho.tv\/site\/wp-content\/uploads\/2021\/11\/COOP-Foto-Tres.jpg","width":1000,"height":455},{"@type":"BreadcrumbList","@id":"https:\/\/www.altominho.tv\/site\/2021\/11\/03\/aciab-promoveu-um-encontro-de-empresarios-no-ambito-do-projeto-coopqall\/#breadcrumb","itemListElement":[{"@type":"ListItem","position":1,"name":"In\u00edcio","item":"https:\/\/www.altominho.tv\/site\/"},{"@type":"ListItem","position":2,"name":"ACIAB promoveu um encontro de empres\u00e1rios no \u00e2mbito do Projeto COOPQALL"}]},{"@type":"WebSite","@id":"https:\/\/www.altominho.tv\/site\/#website","url":"https:\/\/www.altominho.tv\/site\/","name":"Altominho.tv","description":"A sua regi\u00e3o \u00e0 dist\u00e2ncia de um clique...","potentialAction":[{"@type":"SearchAction","target":{"@type":"EntryPoint","urlTemplate":"https:\/\/www.altominho.tv\/site\/?s={search_term_string}"},"query-input":{"@type":"PropertyValueSpecification","valueRequired":true,"valueName":"search_term_string"}}],"inLanguage":"pt-PT"},{"@type":"Person","@id":"https:\/\/www.altominho.tv\/site\/#\/schema\/person\/a0e4ef6d041f98ca284393d8f1d97153","name":"Andreia Cunha","image":{"@type":"ImageObject","inLanguage":"pt-PT","@id":"https:\/\/www.altominho.tv\/site\/wp-content\/uploads\/2017\/11\/Andreia_Cunha-1-150x150.jpg","url":"https:\/\/www.altominho.tv\/site\/wp-content\/uploads\/2017\/11\/Andreia_Cunha-1-150x150.jpg","contentUrl":"https:\/\/www.altominho.tv\/site\/wp-content\/uploads\/2017\/11\/Andreia_Cunha-1-150x150.jpg","caption":"Andreia Cunha"},"url":"https:\/\/www.altominho.tv\/site\/author\/andreiacunha\/"}]}},"_links":{"self":[{"href":"https:\/\/www.altominho.tv\/site\/wp-json\/wp\/v2\/posts\/72201","targetHints":{"allow":["GET"]}}],"collection":[{"href":"https:\/\/www.altominho.tv\/site\/wp-json\/wp\/v2\/posts"}],"about":[{"href":"https:\/\/www.altominho.tv\/site\/wp-json\/wp\/v2\/types\/post"}],"author":[{"embeddable":true,"href":"https:\/\/www.altominho.tv\/site\/wp-json\/wp\/v2\/users\/7"}],"replies":[{"embeddable":true,"href":"https:\/\/www.altominho.tv\/site\/wp-json\/wp\/v2\/comments?post=72201"}],"version-history":[{"count":0,"href":"https:\/\/www.altominho.tv\/site\/wp-json\/wp\/v2\/posts\/72201\/revisions"}],"wp:featuredmedia":[{"embeddable":true,"href":"https:\/\/www.altominho.tv\/site\/wp-json\/wp\/v2\/media\/72202"}],"wp:attachment":[{"href":"https:\/\/www.altominho.tv\/site\/wp-json\/wp\/v2\/media?parent=72201"}],"wp:term":[{"taxonomy":"category","embeddable":true,"href":"https:\/\/www.altominho.tv\/site\/wp-json\/wp\/v2\/categories?post=72201"},{"taxonomy":"post_tag","embeddable":true,"href":"https:\/\/www.altominho.tv\/site\/wp-json\/wp\/v2\/tags?post=72201"}],"curies":[{"name":"wp","href":"https:\/\/api.w.org\/{rel}","templated":true}]}}