{"id":72177,"date":"2021-11-02T18:23:47","date_gmt":"2021-11-02T18:23:47","guid":{"rendered":"https:\/\/www.altominho.tv\/site\/?p=72177"},"modified":"2021-11-02T18:23:51","modified_gmt":"2021-11-02T18:23:51","slug":"camara-de-moncao-vai-atribuir-30-bolsas-a-estudantes-do-ensino-superior","status":"publish","type":"post","link":"https:\/\/www.altominho.tv\/site\/2021\/11\/02\/camara-de-moncao-vai-atribuir-30-bolsas-a-estudantes-do-ensino-superior\/","title":{"rendered":"C\u00e2mara de Mon\u00e7\u00e3o vai atribuir 30 bolsas a estudantes do ensino superior"},"content":{"rendered":"<p>A C\u00e2mara de Mon\u00e7\u00e3o anunciou que vai atribuir, no ano letivo 2021\/2022, 30 bolsas de estudo a alunos do ensino superior, num investimento de cerca de 65 mil euros. As candidaturas abriram esta ter\u00e7a-feira.<\/p>\n<p>Em comunicado enviado \u00e0 imprensa, o munic\u00edpio explica que as bolsas de estudo \u201cIncentivos \u00e0 Forma\u00e7\u00e3o de Quadros M\u00e9dios e Superiores \u2013 Jo\u00e3o Verde&#8221; s\u00e3o &#8220;um importante instrumento de apoio para os agregados familiares com maiores dificuldades econ\u00f3micas, representando uma verdadeira igualdade de oportunidades para todos os jovens mon\u00e7anenses&#8221;.<\/p>\n<p>Segundo o <a href=\"https:\/\/cms.moncao.pt\/upload_files\/client_id_1\/website_id_4\/areas_acao\/educacao\/Ensino_superior\/regulamento_incentivosensinosuperior_joaoverde_educacao_moncao.pdf\" target=\"_blank\" rel=\"noopener\">regulamento<\/a>, podem concorrer todos os alunos que residam h\u00e1 pelo menos cinco anos no concelho de Mon\u00e7\u00e3o, que, no presente ano letivo, estejam matriculados numa institui\u00e7\u00e3o de ensino superior p\u00fablica, que tenham concorrido a bolsa de estudo no \u00e2mbito do sistema de apoios sociais para a frequ\u00eancia de cursos ministrados em institui\u00e7\u00f5es de ensino superior, que apresentem aproveitamento escolar no ano letivo anterior e um rendimento per capita do agregado familiar em que est\u00e1 integrado igual ou inferior a 50 % da retribui\u00e7\u00e3o m\u00ednima mensal garantida, em vigor no in\u00edcio do ano letivo.<\/p>\n<p>A entrega das <a href=\"https:\/\/concelho.moncao.pt\/pt\/menu\/547\/incentivos-a-formacao-de-quadros-medios-e-superiores---joao-verde.aspx\" target=\"_blank\" rel=\"noopener\">candidaturas<\/a> decorre at\u00e9 30 de novembro.<\/p>\n","protected":false},"excerpt":{"rendered":"<p>A C\u00e2mara de Mon\u00e7\u00e3o anunciou que vai atribuir, no ano letivo 2021\/2022, 30 bolsas de estudo a alunos do ensino superior, num investimento de cerca de 65 mil euros. As candidaturas abriram esta ter\u00e7a-feira. Em comunicado enviado \u00e0 imprensa, o munic\u00edpio explica que as bolsas de estudo \u201cIncentivos \u00e0 Forma\u00e7\u00e3o de Quadros M\u00e9dios e Superiores [&hellip;]<\/p>\n","protected":false},"author":12,"featured_media":72180,"comment_status":"closed","ping_status":"closed","sticky":false,"template":"","format":"standard","meta":{"_exactmetrics_skip_tracking":false,"footnotes":""},"categories":[9],"tags":[22],"class_list":["post-72177","post","type-post","status-publish","format-standard","has-post-thumbnail","hentry","category-moncao","tag-educacao"],"yoast_head":"<!-- This site is optimized with the Yoast SEO Premium plugin v28.3 (Yoast SEO v28.3) - https:\/\/yoast.com\/product\/yoast-seo-premium-wordpress\/ -->\n<title>C\u00e2mara de Mon\u00e7\u00e3o vai atribuir 30 bolsas a estudantes do ensino superior<\/title>\n<meta name=\"robots\" content=\"index, follow, max-snippet:-1, max-image-preview:large, max-video-preview:-1\" \/>\n<link rel=\"canonical\" href=\"https:\/\/www.altominho.tv\/site\/2021\/11\/02\/camara-de-moncao-vai-atribuir-30-bolsas-a-estudantes-do-ensino-superior\/\" \/>\n<meta property=\"og:locale\" content=\"pt_PT\" \/>\n<meta property=\"og:type\" content=\"article\" \/>\n<meta property=\"og:title\" content=\"C\u00e2mara de Mon\u00e7\u00e3o vai atribuir 30 bolsas a estudantes do ensino superior\" \/>\n<meta property=\"og:description\" content=\"A C\u00e2mara de Mon\u00e7\u00e3o anunciou que vai atribuir, no ano letivo 2021\/2022, 30 bolsas de estudo a alunos do ensino superior, num investimento de cerca de 65 mil euros. As candidaturas abriram esta ter\u00e7a-feira. Em comunicado enviado \u00e0 imprensa, o munic\u00edpio explica que as bolsas de estudo \u201cIncentivos \u00e0 Forma\u00e7\u00e3o de Quadros M\u00e9dios e Superiores [&hellip;]\" \/>\n<meta property=\"og:url\" content=\"https:\/\/www.altominho.tv\/site\/2021\/11\/02\/camara-de-moncao-vai-atribuir-30-bolsas-a-estudantes-do-ensino-superior\/\" \/>\n<meta property=\"og:site_name\" content=\"Altominho.tv\" \/>\n<meta property=\"article:publisher\" content=\"https:\/\/www.facebook.com\/altominhotv\" \/>\n<meta property=\"article:published_time\" content=\"2021-11-02T18:23:47+00:00\" \/>\n<meta property=\"article:modified_time\" content=\"2021-11-02T18:23:51+00:00\" \/>\n<meta property=\"og:image\" content=\"https:\/\/www.altominho.tv\/site\/wp-content\/uploads\/2021\/11\/Estudante-scaled.jpeg\" \/>\n\t<meta property=\"og:image:width\" content=\"2560\" \/>\n\t<meta property=\"og:image:height\" content=\"1619\" \/>\n\t<meta property=\"og:image:type\" content=\"image\/jpeg\" \/>\n<meta name=\"author\" content=\"Andreia Ferreira\" \/>\n<meta name=\"twitter:card\" content=\"summary_large_image\" \/>\n<meta name=\"twitter:creator\" content=\"@altominhoTV\" \/>\n<meta name=\"twitter:site\" content=\"@altominhoTV\" \/>\n<meta name=\"twitter:label1\" content=\"Escrito por\" \/>\n\t<meta name=\"twitter:data1\" content=\"Andreia Ferreira\" \/>\n\t<meta name=\"twitter:label2\" content=\"Tempo estimado de leitura\" \/>\n\t<meta name=\"twitter:data2\" content=\"1 minuto\" \/>\n<script type=\"application\/ld+json\" class=\"yoast-schema-graph\">{\"@context\":\"https:\\\/\\\/schema.org\",\"@graph\":[{\"@type\":\"Article\",\"@id\":\"https:\\\/\\\/www.altominho.tv\\\/site\\\/2021\\\/11\\\/02\\\/camara-de-moncao-vai-atribuir-30-bolsas-a-estudantes-do-ensino-superior\\\/#article\",\"isPartOf\":{\"@id\":\"https:\\\/\\\/www.altominho.tv\\\/site\\\/2021\\\/11\\\/02\\\/camara-de-moncao-vai-atribuir-30-bolsas-a-estudantes-do-ensino-superior\\\/\"},\"author\":{\"name\":\"Andreia Ferreira\",\"@id\":\"https:\\\/\\\/www.altominho.tv\\\/site\\\/#\\\/schema\\\/person\\\/d9be4265364723f14ea8e0d56a1d38cd\"},\"headline\":\"C\u00e2mara de Mon\u00e7\u00e3o vai atribuir 30 bolsas a estudantes do ensino superior\",\"datePublished\":\"2021-11-02T18:23:47+00:00\",\"dateModified\":\"2021-11-02T18:23:51+00:00\",\"mainEntityOfPage\":{\"@id\":\"https:\\\/\\\/www.altominho.tv\\\/site\\\/2021\\\/11\\\/02\\\/camara-de-moncao-vai-atribuir-30-bolsas-a-estudantes-do-ensino-superior\\\/\"},\"wordCount\":209,\"image\":{\"@id\":\"https:\\\/\\\/www.altominho.tv\\\/site\\\/2021\\\/11\\\/02\\\/camara-de-moncao-vai-atribuir-30-bolsas-a-estudantes-do-ensino-superior\\\/#primaryimage\"},\"thumbnailUrl\":\"https:\\\/\\\/www.altominho.tv\\\/site\\\/wp-content\\\/uploads\\\/2021\\\/11\\\/Estudante-scaled.jpeg\",\"keywords\":[\"Educa\u00e7\u00e3o\"],\"articleSection\":[\"Mon\u00e7\u00e3o\"],\"inLanguage\":\"pt-PT\",\"copyrightYear\":\"2021\",\"copyrightHolder\":{\"@id\":\"https:\\\/\\\/www.altominho.tv\\\/site\\\/#organization\"}},{\"@type\":\"WebPage\",\"@id\":\"https:\\\/\\\/www.altominho.tv\\\/site\\\/2021\\\/11\\\/02\\\/camara-de-moncao-vai-atribuir-30-bolsas-a-estudantes-do-ensino-superior\\\/\",\"url\":\"https:\\\/\\\/www.altominho.tv\\\/site\\\/2021\\\/11\\\/02\\\/camara-de-moncao-vai-atribuir-30-bolsas-a-estudantes-do-ensino-superior\\\/\",\"name\":\"C\u00e2mara de Mon\u00e7\u00e3o vai atribuir 30 bolsas a estudantes do ensino superior\",\"isPartOf\":{\"@id\":\"https:\\\/\\\/www.altominho.tv\\\/site\\\/#website\"},\"primaryImageOfPage\":{\"@id\":\"https:\\\/\\\/www.altominho.tv\\\/site\\\/2021\\\/11\\\/02\\\/camara-de-moncao-vai-atribuir-30-bolsas-a-estudantes-do-ensino-superior\\\/#primaryimage\"},\"image\":{\"@id\":\"https:\\\/\\\/www.altominho.tv\\\/site\\\/2021\\\/11\\\/02\\\/camara-de-moncao-vai-atribuir-30-bolsas-a-estudantes-do-ensino-superior\\\/#primaryimage\"},\"thumbnailUrl\":\"https:\\\/\\\/www.altominho.tv\\\/site\\\/wp-content\\\/uploads\\\/2021\\\/11\\\/Estudante-scaled.jpeg\",\"datePublished\":\"2021-11-02T18:23:47+00:00\",\"dateModified\":\"2021-11-02T18:23:51+00:00\",\"author\":{\"@id\":\"https:\\\/\\\/www.altominho.tv\\\/site\\\/#\\\/schema\\\/person\\\/d9be4265364723f14ea8e0d56a1d38cd\"},\"breadcrumb\":{\"@id\":\"https:\\\/\\\/www.altominho.tv\\\/site\\\/2021\\\/11\\\/02\\\/camara-de-moncao-vai-atribuir-30-bolsas-a-estudantes-do-ensino-superior\\\/#breadcrumb\"},\"inLanguage\":\"pt-PT\",\"potentialAction\":[{\"@type\":\"ReadAction\",\"target\":[\"https:\\\/\\\/www.altominho.tv\\\/site\\\/2021\\\/11\\\/02\\\/camara-de-moncao-vai-atribuir-30-bolsas-a-estudantes-do-ensino-superior\\\/\"]}]},{\"@type\":\"ImageObject\",\"inLanguage\":\"pt-PT\",\"@id\":\"https:\\\/\\\/www.altominho.tv\\\/site\\\/2021\\\/11\\\/02\\\/camara-de-moncao-vai-atribuir-30-bolsas-a-estudantes-do-ensino-superior\\\/#primaryimage\",\"url\":\"https:\\\/\\\/www.altominho.tv\\\/site\\\/wp-content\\\/uploads\\\/2021\\\/11\\\/Estudante-scaled.jpeg\",\"contentUrl\":\"https:\\\/\\\/www.altominho.tv\\\/site\\\/wp-content\\\/uploads\\\/2021\\\/11\\\/Estudante-scaled.jpeg\",\"width\":2560,\"height\":1619,\"caption\":\"PIXABAY\"},{\"@type\":\"BreadcrumbList\",\"@id\":\"https:\\\/\\\/www.altominho.tv\\\/site\\\/2021\\\/11\\\/02\\\/camara-de-moncao-vai-atribuir-30-bolsas-a-estudantes-do-ensino-superior\\\/#breadcrumb\",\"itemListElement\":[{\"@type\":\"ListItem\",\"position\":1,\"name\":\"In\u00edcio\",\"item\":\"https:\\\/\\\/www.altominho.tv\\\/site\\\/\"},{\"@type\":\"ListItem\",\"position\":2,\"name\":\"C\u00e2mara de Mon\u00e7\u00e3o vai atribuir 30 bolsas a estudantes do ensino superior\"}]},{\"@type\":\"WebSite\",\"@id\":\"https:\\\/\\\/www.altominho.tv\\\/site\\\/#website\",\"url\":\"https:\\\/\\\/www.altominho.tv\\\/site\\\/\",\"name\":\"Altominho.tv\",\"description\":\"A sua regi\u00e3o \u00e0 dist\u00e2ncia de um clique...\",\"potentialAction\":[{\"@type\":\"SearchAction\",\"target\":{\"@type\":\"EntryPoint\",\"urlTemplate\":\"https:\\\/\\\/www.altominho.tv\\\/site\\\/?s={search_term_string}\"},\"query-input\":{\"@type\":\"PropertyValueSpecification\",\"valueRequired\":true,\"valueName\":\"search_term_string\"}}],\"inLanguage\":\"pt-PT\"},{\"@type\":\"Person\",\"@id\":\"https:\\\/\\\/www.altominho.tv\\\/site\\\/#\\\/schema\\\/person\\\/d9be4265364723f14ea8e0d56a1d38cd\",\"name\":\"Andreia Ferreira\",\"image\":{\"@type\":\"ImageObject\",\"inLanguage\":\"pt-PT\",\"@id\":\"https:\\\/\\\/www.altominho.tv\\\/site\\\/wp-content\\\/uploads\\\/2021\\\/01\\\/AndreiaFerreira-150x150.jpg\",\"url\":\"https:\\\/\\\/www.altominho.tv\\\/site\\\/wp-content\\\/uploads\\\/2021\\\/01\\\/AndreiaFerreira-150x150.jpg\",\"contentUrl\":\"https:\\\/\\\/www.altominho.tv\\\/site\\\/wp-content\\\/uploads\\\/2021\\\/01\\\/AndreiaFerreira-150x150.jpg\",\"caption\":\"Andreia Ferreira\"},\"url\":\"https:\\\/\\\/www.altominho.tv\\\/site\\\/author\\\/andreiaferreira\\\/\"}]}<\/script>\n<!-- \/ Yoast SEO Premium plugin. -->","yoast_head_json":{"title":"C\u00e2mara de Mon\u00e7\u00e3o vai atribuir 30 bolsas a estudantes do ensino superior","robots":{"index":"index","follow":"follow","max-snippet":"max-snippet:-1","max-image-preview":"max-image-preview:large","max-video-preview":"max-video-preview:-1"},"canonical":"https:\/\/www.altominho.tv\/site\/2021\/11\/02\/camara-de-moncao-vai-atribuir-30-bolsas-a-estudantes-do-ensino-superior\/","og_locale":"pt_PT","og_type":"article","og_title":"C\u00e2mara de Mon\u00e7\u00e3o vai atribuir 30 bolsas a estudantes do ensino superior","og_description":"A C\u00e2mara de Mon\u00e7\u00e3o anunciou que vai atribuir, no ano letivo 2021\/2022, 30 bolsas de estudo a alunos do ensino superior, num investimento de cerca de 65 mil euros. As candidaturas abriram esta ter\u00e7a-feira. Em comunicado enviado \u00e0 imprensa, o munic\u00edpio explica que as bolsas de estudo \u201cIncentivos \u00e0 Forma\u00e7\u00e3o de Quadros M\u00e9dios e Superiores [&hellip;]","og_url":"https:\/\/www.altominho.tv\/site\/2021\/11\/02\/camara-de-moncao-vai-atribuir-30-bolsas-a-estudantes-do-ensino-superior\/","og_site_name":"Altominho.tv","article_publisher":"https:\/\/www.facebook.com\/altominhotv","article_published_time":"2021-11-02T18:23:47+00:00","article_modified_time":"2021-11-02T18:23:51+00:00","og_image":[{"width":2560,"height":1619,"url":"https:\/\/www.altominho.tv\/site\/wp-content\/uploads\/2021\/11\/Estudante-scaled.jpeg","type":"image\/jpeg"}],"author":"Andreia Ferreira","twitter_card":"summary_large_image","twitter_creator":"@altominhoTV","twitter_site":"@altominhoTV","twitter_misc":{"Escrito por":"Andreia Ferreira","Tempo estimado de leitura":"1 minuto"},"schema":{"@context":"https:\/\/schema.org","@graph":[{"@type":"Article","@id":"https:\/\/www.altominho.tv\/site\/2021\/11\/02\/camara-de-moncao-vai-atribuir-30-bolsas-a-estudantes-do-ensino-superior\/#article","isPartOf":{"@id":"https:\/\/www.altominho.tv\/site\/2021\/11\/02\/camara-de-moncao-vai-atribuir-30-bolsas-a-estudantes-do-ensino-superior\/"},"author":{"name":"Andreia Ferreira","@id":"https:\/\/www.altominho.tv\/site\/#\/schema\/person\/d9be4265364723f14ea8e0d56a1d38cd"},"headline":"C\u00e2mara de Mon\u00e7\u00e3o vai atribuir 30 bolsas a estudantes do ensino superior","datePublished":"2021-11-02T18:23:47+00:00","dateModified":"2021-11-02T18:23:51+00:00","mainEntityOfPage":{"@id":"https:\/\/www.altominho.tv\/site\/2021\/11\/02\/camara-de-moncao-vai-atribuir-30-bolsas-a-estudantes-do-ensino-superior\/"},"wordCount":209,"image":{"@id":"https:\/\/www.altominho.tv\/site\/2021\/11\/02\/camara-de-moncao-vai-atribuir-30-bolsas-a-estudantes-do-ensino-superior\/#primaryimage"},"thumbnailUrl":"https:\/\/www.altominho.tv\/site\/wp-content\/uploads\/2021\/11\/Estudante-scaled.jpeg","keywords":["Educa\u00e7\u00e3o"],"articleSection":["Mon\u00e7\u00e3o"],"inLanguage":"pt-PT","copyrightYear":"2021","copyrightHolder":{"@id":"https:\/\/www.altominho.tv\/site\/#organization"}},{"@type":"WebPage","@id":"https:\/\/www.altominho.tv\/site\/2021\/11\/02\/camara-de-moncao-vai-atribuir-30-bolsas-a-estudantes-do-ensino-superior\/","url":"https:\/\/www.altominho.tv\/site\/2021\/11\/02\/camara-de-moncao-vai-atribuir-30-bolsas-a-estudantes-do-ensino-superior\/","name":"C\u00e2mara de Mon\u00e7\u00e3o vai atribuir 30 bolsas a estudantes do ensino superior","isPartOf":{"@id":"https:\/\/www.altominho.tv\/site\/#website"},"primaryImageOfPage":{"@id":"https:\/\/www.altominho.tv\/site\/2021\/11\/02\/camara-de-moncao-vai-atribuir-30-bolsas-a-estudantes-do-ensino-superior\/#primaryimage"},"image":{"@id":"https:\/\/www.altominho.tv\/site\/2021\/11\/02\/camara-de-moncao-vai-atribuir-30-bolsas-a-estudantes-do-ensino-superior\/#primaryimage"},"thumbnailUrl":"https:\/\/www.altominho.tv\/site\/wp-content\/uploads\/2021\/11\/Estudante-scaled.jpeg","datePublished":"2021-11-02T18:23:47+00:00","dateModified":"2021-11-02T18:23:51+00:00","author":{"@id":"https:\/\/www.altominho.tv\/site\/#\/schema\/person\/d9be4265364723f14ea8e0d56a1d38cd"},"breadcrumb":{"@id":"https:\/\/www.altominho.tv\/site\/2021\/11\/02\/camara-de-moncao-vai-atribuir-30-bolsas-a-estudantes-do-ensino-superior\/#breadcrumb"},"inLanguage":"pt-PT","potentialAction":[{"@type":"ReadAction","target":["https:\/\/www.altominho.tv\/site\/2021\/11\/02\/camara-de-moncao-vai-atribuir-30-bolsas-a-estudantes-do-ensino-superior\/"]}]},{"@type":"ImageObject","inLanguage":"pt-PT","@id":"https:\/\/www.altominho.tv\/site\/2021\/11\/02\/camara-de-moncao-vai-atribuir-30-bolsas-a-estudantes-do-ensino-superior\/#primaryimage","url":"https:\/\/www.altominho.tv\/site\/wp-content\/uploads\/2021\/11\/Estudante-scaled.jpeg","contentUrl":"https:\/\/www.altominho.tv\/site\/wp-content\/uploads\/2021\/11\/Estudante-scaled.jpeg","width":2560,"height":1619,"caption":"PIXABAY"},{"@type":"BreadcrumbList","@id":"https:\/\/www.altominho.tv\/site\/2021\/11\/02\/camara-de-moncao-vai-atribuir-30-bolsas-a-estudantes-do-ensino-superior\/#breadcrumb","itemListElement":[{"@type":"ListItem","position":1,"name":"In\u00edcio","item":"https:\/\/www.altominho.tv\/site\/"},{"@type":"ListItem","position":2,"name":"C\u00e2mara de Mon\u00e7\u00e3o vai atribuir 30 bolsas a estudantes do ensino superior"}]},{"@type":"WebSite","@id":"https:\/\/www.altominho.tv\/site\/#website","url":"https:\/\/www.altominho.tv\/site\/","name":"Altominho.tv","description":"A sua regi\u00e3o \u00e0 dist\u00e2ncia de um clique...","potentialAction":[{"@type":"SearchAction","target":{"@type":"EntryPoint","urlTemplate":"https:\/\/www.altominho.tv\/site\/?s={search_term_string}"},"query-input":{"@type":"PropertyValueSpecification","valueRequired":true,"valueName":"search_term_string"}}],"inLanguage":"pt-PT"},{"@type":"Person","@id":"https:\/\/www.altominho.tv\/site\/#\/schema\/person\/d9be4265364723f14ea8e0d56a1d38cd","name":"Andreia Ferreira","image":{"@type":"ImageObject","inLanguage":"pt-PT","@id":"https:\/\/www.altominho.tv\/site\/wp-content\/uploads\/2021\/01\/AndreiaFerreira-150x150.jpg","url":"https:\/\/www.altominho.tv\/site\/wp-content\/uploads\/2021\/01\/AndreiaFerreira-150x150.jpg","contentUrl":"https:\/\/www.altominho.tv\/site\/wp-content\/uploads\/2021\/01\/AndreiaFerreira-150x150.jpg","caption":"Andreia Ferreira"},"url":"https:\/\/www.altominho.tv\/site\/author\/andreiaferreira\/"}]}},"_links":{"self":[{"href":"https:\/\/www.altominho.tv\/site\/wp-json\/wp\/v2\/posts\/72177","targetHints":{"allow":["GET"]}}],"collection":[{"href":"https:\/\/www.altominho.tv\/site\/wp-json\/wp\/v2\/posts"}],"about":[{"href":"https:\/\/www.altominho.tv\/site\/wp-json\/wp\/v2\/types\/post"}],"author":[{"embeddable":true,"href":"https:\/\/www.altominho.tv\/site\/wp-json\/wp\/v2\/users\/12"}],"replies":[{"embeddable":true,"href":"https:\/\/www.altominho.tv\/site\/wp-json\/wp\/v2\/comments?post=72177"}],"version-history":[{"count":0,"href":"https:\/\/www.altominho.tv\/site\/wp-json\/wp\/v2\/posts\/72177\/revisions"}],"wp:featuredmedia":[{"embeddable":true,"href":"https:\/\/www.altominho.tv\/site\/wp-json\/wp\/v2\/media\/72180"}],"wp:attachment":[{"href":"https:\/\/www.altominho.tv\/site\/wp-json\/wp\/v2\/media?parent=72177"}],"wp:term":[{"taxonomy":"category","embeddable":true,"href":"https:\/\/www.altominho.tv\/site\/wp-json\/wp\/v2\/categories?post=72177"},{"taxonomy":"post_tag","embeddable":true,"href":"https:\/\/www.altominho.tv\/site\/wp-json\/wp\/v2\/tags?post=72177"}],"curies":[{"name":"wp","href":"https:\/\/api.w.org\/{rel}","templated":true}]}}