{"id":72084,"date":"2021-10-29T18:18:37","date_gmt":"2021-10-29T17:18:37","guid":{"rendered":"https:\/\/www.altominho.tv\/site\/?p=72084"},"modified":"2021-10-29T19:20:19","modified_gmt":"2021-10-29T18:20:19","slug":"colisao-faz-dois-feridos-graves-em-moncao","status":"publish","type":"post","link":"https:\/\/www.altominho.tv\/site\/2021\/10\/29\/colisao-faz-dois-feridos-graves-em-moncao\/","title":{"rendered":"Colis\u00e3o causa dois feridos graves em Mon\u00e7\u00e3o"},"content":{"rendered":"<p class=\"t-article-content-intro-1 selectionShareable\"><strong>Uma colis\u00e3o entre dois ve\u00edculos ligeiros provocou, esta sexta-feira, dois feridos graves e um ligeiro <span class=\"il\">no cruzamento<\/span>&nbsp;de S\u00e3o&nbsp;<span class=\"il\">Pedro<\/span>, na Estrada Nacional 202 (EN 202), em Mon\u00e7\u00e3o.<\/strong><\/p>\n<p>Fonte dos bombeiros locais adiantou que os feridos graves tratam-se de uma mulher, de 77 anos, e um homem, com 28 anos. Um jovem de 20 anos sofreu ferimentos considerados ligeiros.<\/p>\n<p>A mesma fonte referiu que &#8220;duas das v\u00edtimas encontravam-se encarceradas \u00e0 chegada dos meios&#8221; e todos os envolvidos foram transportados para o hospital de Viana do Castelo.<\/p>\n<figure id=\"attachment_72086\" aria-describedby=\"caption-attachment-72086\" style=\"width: 770px\" class=\"wp-caption alignnone\"><img loading=\"lazy\" decoding=\"async\" class=\"size-large wp-image-72086\" src=\"https:\/\/www.altominho.tv\/site\/wp-content\/uploads\/2021\/10\/ACIDENTE-2-1024x576.jpg\" alt=\"\" width=\"770\" height=\"433\" srcset=\"https:\/\/www.altominho.tv\/site\/wp-content\/uploads\/2021\/10\/ACIDENTE-2-1024x576.jpg 1024w, https:\/\/www.altominho.tv\/site\/wp-content\/uploads\/2021\/10\/ACIDENTE-2-770x433.jpg 770w, https:\/\/www.altominho.tv\/site\/wp-content\/uploads\/2021\/10\/ACIDENTE-2-768x432.jpg 768w, https:\/\/www.altominho.tv\/site\/wp-content\/uploads\/2021\/10\/ACIDENTE-2-1536x864.jpg 1536w, https:\/\/www.altominho.tv\/site\/wp-content\/uploads\/2021\/10\/ACIDENTE-2-370x208.jpg 370w, https:\/\/www.altominho.tv\/site\/wp-content\/uploads\/2021\/10\/ACIDENTE-2-270x152.jpg 270w, https:\/\/www.altominho.tv\/site\/wp-content\/uploads\/2021\/10\/ACIDENTE-2-570x321.jpg 570w, https:\/\/www.altominho.tv\/site\/wp-content\/uploads\/2021\/10\/ACIDENTE-2-740x416.jpg 740w, https:\/\/www.altominho.tv\/site\/wp-content\/uploads\/2021\/10\/ACIDENTE-2.jpg 2016w\" sizes=\"auto, (max-width: 770px) 100vw, 770px\" \/><figcaption id=\"caption-attachment-72086\" class=\"wp-caption-text\">DR<\/figcaption><\/figure>\n<p>O alerta foi dado \u00e0s 17h34 e ao local compareceram sete operacionais e duas viaturas dos Bombeiros Volunt\u00e1rios de Mon\u00e7\u00e3o, uma ambul\u00e2ncia dos Bombeiros Volunt\u00e1rios de Valen\u00e7a, as ambul\u00e2ncias de Suporte Imediato de Vida (SIV) de Valen\u00e7a e de Melga\u00e7o e a GNR. No total, estiveram presentes 15 operacionais auxiliados por seis viaturas.<\/p>\n\n\n<figure class=\"wp-block-image size-large\"><img loading=\"lazy\" decoding=\"async\" width=\"1024\" height=\"613\" src=\"https:\/\/www.altominho.tv\/site\/wp-content\/uploads\/2021\/10\/acidente-2-1-1024x613.jpg\" alt=\"\" class=\"wp-image-72087\" srcset=\"https:\/\/www.altominho.tv\/site\/wp-content\/uploads\/2021\/10\/acidente-2-1-1024x613.jpg 1024w, https:\/\/www.altominho.tv\/site\/wp-content\/uploads\/2021\/10\/acidente-2-1-723x433.jpg 723w, https:\/\/www.altominho.tv\/site\/wp-content\/uploads\/2021\/10\/acidente-2-1-768x460.jpg 768w, https:\/\/www.altominho.tv\/site\/wp-content\/uploads\/2021\/10\/acidente-2-1-1536x920.jpg 1536w, https:\/\/www.altominho.tv\/site\/wp-content\/uploads\/2021\/10\/acidente-2-1-370x222.jpg 370w, https:\/\/www.altominho.tv\/site\/wp-content\/uploads\/2021\/10\/acidente-2-1-270x162.jpg 270w, https:\/\/www.altominho.tv\/site\/wp-content\/uploads\/2021\/10\/acidente-2-1-570x341.jpg 570w, https:\/\/www.altominho.tv\/site\/wp-content\/uploads\/2021\/10\/acidente-2-1-740x443.jpg 740w, https:\/\/www.altominho.tv\/site\/wp-content\/uploads\/2021\/10\/acidente-2-1.jpg 2016w\" sizes=\"auto, (max-width: 1024px) 100vw, 1024px\" \/><figcaption>DR<\/figcaption><\/figure>\n\n\n\n<p class=\"wp-block-paragraph\"><strong><em>Not\u00edcia atualizada \u00e0s 18h50<\/em><\/strong><\/p>\n","protected":false},"excerpt":{"rendered":"<p>Uma colis\u00e3o entre dois ve\u00edculos ligeiros provocou, esta sexta-feira, dois feridos graves e um ligeiro no cruzamento&nbsp;de S\u00e3o&nbsp;Pedro, na Estrada Nacional 202 (EN 202), em Mon\u00e7\u00e3o. Fonte dos bombeiros locais adiantou que os feridos graves tratam-se de uma mulher, de 77 anos, e um homem, com 28 anos. Um jovem de 20 anos sofreu ferimentos [&hellip;]<\/p>\n","protected":false},"author":12,"featured_media":72085,"comment_status":"closed","ping_status":"closed","sticky":false,"template":"","format":"standard","meta":{"_exactmetrics_skip_tracking":false,"footnotes":""},"categories":[9],"tags":[27],"class_list":["post-72084","post","type-post","status-publish","format-standard","has-post-thumbnail","hentry","category-moncao","tag-sociedade"],"yoast_head":"<!-- This site is optimized with the Yoast SEO Premium plugin v28.3 (Yoast SEO v28.3) - https:\/\/yoast.com\/product\/yoast-seo-premium-wordpress\/ -->\n<title>Colis\u00e3o causa dois feridos graves em Mon\u00e7\u00e3o<\/title>\n<meta name=\"robots\" content=\"index, follow, max-snippet:-1, max-image-preview:large, max-video-preview:-1\" \/>\n<link rel=\"canonical\" href=\"https:\/\/www.altominho.tv\/site\/2021\/10\/29\/colisao-faz-dois-feridos-graves-em-moncao\/\" \/>\n<meta property=\"og:locale\" content=\"pt_PT\" \/>\n<meta property=\"og:type\" content=\"article\" \/>\n<meta property=\"og:title\" content=\"Colis\u00e3o causa dois feridos graves em Mon\u00e7\u00e3o\" \/>\n<meta property=\"og:description\" content=\"Uma colis\u00e3o entre dois ve\u00edculos ligeiros provocou, esta sexta-feira, dois feridos graves e um ligeiro no cruzamento&nbsp;de S\u00e3o&nbsp;Pedro, na Estrada Nacional 202 (EN 202), em Mon\u00e7\u00e3o. Fonte dos bombeiros locais adiantou que os feridos graves tratam-se de uma mulher, de 77 anos, e um homem, com 28 anos. Um jovem de 20 anos sofreu ferimentos [&hellip;]\" \/>\n<meta property=\"og:url\" content=\"https:\/\/www.altominho.tv\/site\/2021\/10\/29\/colisao-faz-dois-feridos-graves-em-moncao\/\" \/>\n<meta property=\"og:site_name\" content=\"Altominho.tv\" \/>\n<meta property=\"article:publisher\" content=\"https:\/\/www.facebook.com\/altominhotv\" \/>\n<meta property=\"article:published_time\" content=\"2021-10-29T17:18:37+00:00\" \/>\n<meta property=\"article:modified_time\" content=\"2021-10-29T18:20:19+00:00\" \/>\n<meta property=\"og:image\" content=\"https:\/\/www.altominho.tv\/site\/wp-content\/uploads\/2021\/10\/acidente1.jpg\" \/>\n\t<meta property=\"og:image:width\" content=\"2016\" \/>\n\t<meta property=\"og:image:height\" content=\"1046\" \/>\n\t<meta property=\"og:image:type\" content=\"image\/jpeg\" \/>\n<meta name=\"author\" content=\"Andreia Ferreira\" \/>\n<meta name=\"twitter:card\" content=\"summary_large_image\" \/>\n<meta name=\"twitter:creator\" content=\"@altominhoTV\" \/>\n<meta name=\"twitter:site\" content=\"@altominhoTV\" \/>\n<meta name=\"twitter:label1\" content=\"Escrito por\" \/>\n\t<meta name=\"twitter:data1\" content=\"Andreia Ferreira\" \/>\n\t<meta name=\"twitter:label2\" content=\"Tempo estimado de leitura\" \/>\n\t<meta name=\"twitter:data2\" content=\"2 minutos\" \/>\n<script type=\"application\/ld+json\" class=\"yoast-schema-graph\">{\"@context\":\"https:\\\/\\\/schema.org\",\"@graph\":[{\"@type\":\"Article\",\"@id\":\"https:\\\/\\\/www.altominho.tv\\\/site\\\/2021\\\/10\\\/29\\\/colisao-faz-dois-feridos-graves-em-moncao\\\/#article\",\"isPartOf\":{\"@id\":\"https:\\\/\\\/www.altominho.tv\\\/site\\\/2021\\\/10\\\/29\\\/colisao-faz-dois-feridos-graves-em-moncao\\\/\"},\"author\":{\"name\":\"Andreia Ferreira\",\"@id\":\"https:\\\/\\\/www.altominho.tv\\\/site\\\/#\\\/schema\\\/person\\\/d9be4265364723f14ea8e0d56a1d38cd\"},\"headline\":\"Colis\u00e3o causa dois feridos graves em Mon\u00e7\u00e3o\",\"datePublished\":\"2021-10-29T17:18:37+00:00\",\"dateModified\":\"2021-10-29T18:20:19+00:00\",\"mainEntityOfPage\":{\"@id\":\"https:\\\/\\\/www.altominho.tv\\\/site\\\/2021\\\/10\\\/29\\\/colisao-faz-dois-feridos-graves-em-moncao\\\/\"},\"wordCount\":170,\"image\":{\"@id\":\"https:\\\/\\\/www.altominho.tv\\\/site\\\/2021\\\/10\\\/29\\\/colisao-faz-dois-feridos-graves-em-moncao\\\/#primaryimage\"},\"thumbnailUrl\":\"https:\\\/\\\/www.altominho.tv\\\/site\\\/wp-content\\\/uploads\\\/2021\\\/10\\\/acidente1.jpg\",\"keywords\":[\"Sociedade\"],\"articleSection\":[\"Mon\u00e7\u00e3o\"],\"inLanguage\":\"pt-PT\",\"copyrightYear\":\"2021\",\"copyrightHolder\":{\"@id\":\"https:\\\/\\\/www.altominho.tv\\\/site\\\/#organization\"}},{\"@type\":\"WebPage\",\"@id\":\"https:\\\/\\\/www.altominho.tv\\\/site\\\/2021\\\/10\\\/29\\\/colisao-faz-dois-feridos-graves-em-moncao\\\/\",\"url\":\"https:\\\/\\\/www.altominho.tv\\\/site\\\/2021\\\/10\\\/29\\\/colisao-faz-dois-feridos-graves-em-moncao\\\/\",\"name\":\"Colis\u00e3o causa dois feridos graves em Mon\u00e7\u00e3o\",\"isPartOf\":{\"@id\":\"https:\\\/\\\/www.altominho.tv\\\/site\\\/#website\"},\"primaryImageOfPage\":{\"@id\":\"https:\\\/\\\/www.altominho.tv\\\/site\\\/2021\\\/10\\\/29\\\/colisao-faz-dois-feridos-graves-em-moncao\\\/#primaryimage\"},\"image\":{\"@id\":\"https:\\\/\\\/www.altominho.tv\\\/site\\\/2021\\\/10\\\/29\\\/colisao-faz-dois-feridos-graves-em-moncao\\\/#primaryimage\"},\"thumbnailUrl\":\"https:\\\/\\\/www.altominho.tv\\\/site\\\/wp-content\\\/uploads\\\/2021\\\/10\\\/acidente1.jpg\",\"datePublished\":\"2021-10-29T17:18:37+00:00\",\"dateModified\":\"2021-10-29T18:20:19+00:00\",\"author\":{\"@id\":\"https:\\\/\\\/www.altominho.tv\\\/site\\\/#\\\/schema\\\/person\\\/d9be4265364723f14ea8e0d56a1d38cd\"},\"breadcrumb\":{\"@id\":\"https:\\\/\\\/www.altominho.tv\\\/site\\\/2021\\\/10\\\/29\\\/colisao-faz-dois-feridos-graves-em-moncao\\\/#breadcrumb\"},\"inLanguage\":\"pt-PT\",\"potentialAction\":[{\"@type\":\"ReadAction\",\"target\":[\"https:\\\/\\\/www.altominho.tv\\\/site\\\/2021\\\/10\\\/29\\\/colisao-faz-dois-feridos-graves-em-moncao\\\/\"]}]},{\"@type\":\"ImageObject\",\"inLanguage\":\"pt-PT\",\"@id\":\"https:\\\/\\\/www.altominho.tv\\\/site\\\/2021\\\/10\\\/29\\\/colisao-faz-dois-feridos-graves-em-moncao\\\/#primaryimage\",\"url\":\"https:\\\/\\\/www.altominho.tv\\\/site\\\/wp-content\\\/uploads\\\/2021\\\/10\\\/acidente1.jpg\",\"contentUrl\":\"https:\\\/\\\/www.altominho.tv\\\/site\\\/wp-content\\\/uploads\\\/2021\\\/10\\\/acidente1.jpg\",\"width\":2016,\"height\":1046,\"caption\":\"DR\"},{\"@type\":\"BreadcrumbList\",\"@id\":\"https:\\\/\\\/www.altominho.tv\\\/site\\\/2021\\\/10\\\/29\\\/colisao-faz-dois-feridos-graves-em-moncao\\\/#breadcrumb\",\"itemListElement\":[{\"@type\":\"ListItem\",\"position\":1,\"name\":\"In\u00edcio\",\"item\":\"https:\\\/\\\/www.altominho.tv\\\/site\\\/\"},{\"@type\":\"ListItem\",\"position\":2,\"name\":\"Colis\u00e3o causa dois feridos graves em Mon\u00e7\u00e3o\"}]},{\"@type\":\"WebSite\",\"@id\":\"https:\\\/\\\/www.altominho.tv\\\/site\\\/#website\",\"url\":\"https:\\\/\\\/www.altominho.tv\\\/site\\\/\",\"name\":\"Altominho.tv\",\"description\":\"A sua regi\u00e3o \u00e0 dist\u00e2ncia de um clique...\",\"potentialAction\":[{\"@type\":\"SearchAction\",\"target\":{\"@type\":\"EntryPoint\",\"urlTemplate\":\"https:\\\/\\\/www.altominho.tv\\\/site\\\/?s={search_term_string}\"},\"query-input\":{\"@type\":\"PropertyValueSpecification\",\"valueRequired\":true,\"valueName\":\"search_term_string\"}}],\"inLanguage\":\"pt-PT\"},{\"@type\":\"Person\",\"@id\":\"https:\\\/\\\/www.altominho.tv\\\/site\\\/#\\\/schema\\\/person\\\/d9be4265364723f14ea8e0d56a1d38cd\",\"name\":\"Andreia Ferreira\",\"image\":{\"@type\":\"ImageObject\",\"inLanguage\":\"pt-PT\",\"@id\":\"https:\\\/\\\/www.altominho.tv\\\/site\\\/wp-content\\\/uploads\\\/2021\\\/01\\\/AndreiaFerreira-150x150.jpg\",\"url\":\"https:\\\/\\\/www.altominho.tv\\\/site\\\/wp-content\\\/uploads\\\/2021\\\/01\\\/AndreiaFerreira-150x150.jpg\",\"contentUrl\":\"https:\\\/\\\/www.altominho.tv\\\/site\\\/wp-content\\\/uploads\\\/2021\\\/01\\\/AndreiaFerreira-150x150.jpg\",\"caption\":\"Andreia Ferreira\"},\"url\":\"https:\\\/\\\/www.altominho.tv\\\/site\\\/author\\\/andreiaferreira\\\/\"}]}<\/script>\n<!-- \/ Yoast SEO Premium plugin. -->","yoast_head_json":{"title":"Colis\u00e3o causa dois feridos graves em Mon\u00e7\u00e3o","robots":{"index":"index","follow":"follow","max-snippet":"max-snippet:-1","max-image-preview":"max-image-preview:large","max-video-preview":"max-video-preview:-1"},"canonical":"https:\/\/www.altominho.tv\/site\/2021\/10\/29\/colisao-faz-dois-feridos-graves-em-moncao\/","og_locale":"pt_PT","og_type":"article","og_title":"Colis\u00e3o causa dois feridos graves em Mon\u00e7\u00e3o","og_description":"Uma colis\u00e3o entre dois ve\u00edculos ligeiros provocou, esta sexta-feira, dois feridos graves e um ligeiro no cruzamento&nbsp;de S\u00e3o&nbsp;Pedro, na Estrada Nacional 202 (EN 202), em Mon\u00e7\u00e3o. Fonte dos bombeiros locais adiantou que os feridos graves tratam-se de uma mulher, de 77 anos, e um homem, com 28 anos. Um jovem de 20 anos sofreu ferimentos [&hellip;]","og_url":"https:\/\/www.altominho.tv\/site\/2021\/10\/29\/colisao-faz-dois-feridos-graves-em-moncao\/","og_site_name":"Altominho.tv","article_publisher":"https:\/\/www.facebook.com\/altominhotv","article_published_time":"2021-10-29T17:18:37+00:00","article_modified_time":"2021-10-29T18:20:19+00:00","og_image":[{"width":2016,"height":1046,"url":"https:\/\/www.altominho.tv\/site\/wp-content\/uploads\/2021\/10\/acidente1.jpg","type":"image\/jpeg"}],"author":"Andreia Ferreira","twitter_card":"summary_large_image","twitter_creator":"@altominhoTV","twitter_site":"@altominhoTV","twitter_misc":{"Escrito por":"Andreia Ferreira","Tempo estimado de leitura":"2 minutos"},"schema":{"@context":"https:\/\/schema.org","@graph":[{"@type":"Article","@id":"https:\/\/www.altominho.tv\/site\/2021\/10\/29\/colisao-faz-dois-feridos-graves-em-moncao\/#article","isPartOf":{"@id":"https:\/\/www.altominho.tv\/site\/2021\/10\/29\/colisao-faz-dois-feridos-graves-em-moncao\/"},"author":{"name":"Andreia Ferreira","@id":"https:\/\/www.altominho.tv\/site\/#\/schema\/person\/d9be4265364723f14ea8e0d56a1d38cd"},"headline":"Colis\u00e3o causa dois feridos graves em Mon\u00e7\u00e3o","datePublished":"2021-10-29T17:18:37+00:00","dateModified":"2021-10-29T18:20:19+00:00","mainEntityOfPage":{"@id":"https:\/\/www.altominho.tv\/site\/2021\/10\/29\/colisao-faz-dois-feridos-graves-em-moncao\/"},"wordCount":170,"image":{"@id":"https:\/\/www.altominho.tv\/site\/2021\/10\/29\/colisao-faz-dois-feridos-graves-em-moncao\/#primaryimage"},"thumbnailUrl":"https:\/\/www.altominho.tv\/site\/wp-content\/uploads\/2021\/10\/acidente1.jpg","keywords":["Sociedade"],"articleSection":["Mon\u00e7\u00e3o"],"inLanguage":"pt-PT","copyrightYear":"2021","copyrightHolder":{"@id":"https:\/\/www.altominho.tv\/site\/#organization"}},{"@type":"WebPage","@id":"https:\/\/www.altominho.tv\/site\/2021\/10\/29\/colisao-faz-dois-feridos-graves-em-moncao\/","url":"https:\/\/www.altominho.tv\/site\/2021\/10\/29\/colisao-faz-dois-feridos-graves-em-moncao\/","name":"Colis\u00e3o causa dois feridos graves em Mon\u00e7\u00e3o","isPartOf":{"@id":"https:\/\/www.altominho.tv\/site\/#website"},"primaryImageOfPage":{"@id":"https:\/\/www.altominho.tv\/site\/2021\/10\/29\/colisao-faz-dois-feridos-graves-em-moncao\/#primaryimage"},"image":{"@id":"https:\/\/www.altominho.tv\/site\/2021\/10\/29\/colisao-faz-dois-feridos-graves-em-moncao\/#primaryimage"},"thumbnailUrl":"https:\/\/www.altominho.tv\/site\/wp-content\/uploads\/2021\/10\/acidente1.jpg","datePublished":"2021-10-29T17:18:37+00:00","dateModified":"2021-10-29T18:20:19+00:00","author":{"@id":"https:\/\/www.altominho.tv\/site\/#\/schema\/person\/d9be4265364723f14ea8e0d56a1d38cd"},"breadcrumb":{"@id":"https:\/\/www.altominho.tv\/site\/2021\/10\/29\/colisao-faz-dois-feridos-graves-em-moncao\/#breadcrumb"},"inLanguage":"pt-PT","potentialAction":[{"@type":"ReadAction","target":["https:\/\/www.altominho.tv\/site\/2021\/10\/29\/colisao-faz-dois-feridos-graves-em-moncao\/"]}]},{"@type":"ImageObject","inLanguage":"pt-PT","@id":"https:\/\/www.altominho.tv\/site\/2021\/10\/29\/colisao-faz-dois-feridos-graves-em-moncao\/#primaryimage","url":"https:\/\/www.altominho.tv\/site\/wp-content\/uploads\/2021\/10\/acidente1.jpg","contentUrl":"https:\/\/www.altominho.tv\/site\/wp-content\/uploads\/2021\/10\/acidente1.jpg","width":2016,"height":1046,"caption":"DR"},{"@type":"BreadcrumbList","@id":"https:\/\/www.altominho.tv\/site\/2021\/10\/29\/colisao-faz-dois-feridos-graves-em-moncao\/#breadcrumb","itemListElement":[{"@type":"ListItem","position":1,"name":"In\u00edcio","item":"https:\/\/www.altominho.tv\/site\/"},{"@type":"ListItem","position":2,"name":"Colis\u00e3o causa dois feridos graves em Mon\u00e7\u00e3o"}]},{"@type":"WebSite","@id":"https:\/\/www.altominho.tv\/site\/#website","url":"https:\/\/www.altominho.tv\/site\/","name":"Altominho.tv","description":"A sua regi\u00e3o \u00e0 dist\u00e2ncia de um clique...","potentialAction":[{"@type":"SearchAction","target":{"@type":"EntryPoint","urlTemplate":"https:\/\/www.altominho.tv\/site\/?s={search_term_string}"},"query-input":{"@type":"PropertyValueSpecification","valueRequired":true,"valueName":"search_term_string"}}],"inLanguage":"pt-PT"},{"@type":"Person","@id":"https:\/\/www.altominho.tv\/site\/#\/schema\/person\/d9be4265364723f14ea8e0d56a1d38cd","name":"Andreia Ferreira","image":{"@type":"ImageObject","inLanguage":"pt-PT","@id":"https:\/\/www.altominho.tv\/site\/wp-content\/uploads\/2021\/01\/AndreiaFerreira-150x150.jpg","url":"https:\/\/www.altominho.tv\/site\/wp-content\/uploads\/2021\/01\/AndreiaFerreira-150x150.jpg","contentUrl":"https:\/\/www.altominho.tv\/site\/wp-content\/uploads\/2021\/01\/AndreiaFerreira-150x150.jpg","caption":"Andreia Ferreira"},"url":"https:\/\/www.altominho.tv\/site\/author\/andreiaferreira\/"}]}},"_links":{"self":[{"href":"https:\/\/www.altominho.tv\/site\/wp-json\/wp\/v2\/posts\/72084","targetHints":{"allow":["GET"]}}],"collection":[{"href":"https:\/\/www.altominho.tv\/site\/wp-json\/wp\/v2\/posts"}],"about":[{"href":"https:\/\/www.altominho.tv\/site\/wp-json\/wp\/v2\/types\/post"}],"author":[{"embeddable":true,"href":"https:\/\/www.altominho.tv\/site\/wp-json\/wp\/v2\/users\/12"}],"replies":[{"embeddable":true,"href":"https:\/\/www.altominho.tv\/site\/wp-json\/wp\/v2\/comments?post=72084"}],"version-history":[{"count":0,"href":"https:\/\/www.altominho.tv\/site\/wp-json\/wp\/v2\/posts\/72084\/revisions"}],"wp:featuredmedia":[{"embeddable":true,"href":"https:\/\/www.altominho.tv\/site\/wp-json\/wp\/v2\/media\/72085"}],"wp:attachment":[{"href":"https:\/\/www.altominho.tv\/site\/wp-json\/wp\/v2\/media?parent=72084"}],"wp:term":[{"taxonomy":"category","embeddable":true,"href":"https:\/\/www.altominho.tv\/site\/wp-json\/wp\/v2\/categories?post=72084"},{"taxonomy":"post_tag","embeddable":true,"href":"https:\/\/www.altominho.tv\/site\/wp-json\/wp\/v2\/tags?post=72084"}],"curies":[{"name":"wp","href":"https:\/\/api.w.org\/{rel}","templated":true}]}}