{"id":71883,"date":"2021-10-25T17:02:05","date_gmt":"2021-10-25T16:02:05","guid":{"rendered":"https:\/\/www.altominho.tv\/site\/?p=71883"},"modified":"2021-10-25T17:02:09","modified_gmt":"2021-10-25T16:02:09","slug":"portugal-b-feminino-goleado-pela-espanha-em-jogo-particular","status":"publish","type":"post","link":"https:\/\/www.altominho.tv\/site\/2021\/10\/25\/portugal-b-feminino-goleado-pela-espanha-em-jogo-particular\/","title":{"rendered":"Portugal B feminino goleado pela Espanha em jogo particular"},"content":{"rendered":"\n<p>A sele\u00e7\u00e3o portuguesa feminina B de futebol foi hoje goleada pela Espanha, por 6-0, num encontro particular realizado em Melga\u00e7o e que assinalou o final do est\u00e1gio de uma semana da equipa de Carlos Sacadura.<\/p>\n\n\n\n<p>No Complexo Desportivo de Melga\u00e7o, num duelo entre equipas sub-23, Portugal j\u00e1 perdia ao intervalo por 2-0, com golos de Gabarro (oito minutos) e Quintero (20). Na segunda parte, a forma\u00e7\u00e3o espanhola construiu um resultado pesado para a sele\u00e7\u00e3o lusa, com novo tento de Quintero (48) seguido de um \u2018bis\u2019 de And\u00fajar (52 e 66) e um remate certeiro de Adri\u00e1n (77).<\/p>\n\n\n\n<p>\u201cPod\u00edamos ter escolhido outro n\u00edvel de equipas, mas preferimos estas, com um n\u00edvel de dificuldade muito elevado. Sentimos muitas dificuldades e n\u00e3o conseguimos jogar da forma que idealiz\u00e1mos. O advers\u00e1rio foi melhor e mais forte. Temos de continuar a trabalhar e acreditar que podemos crescer\u201d, disse Carlos Sacadura, em declara\u00e7\u00f5es divulgadas no site oficial da Federa\u00e7\u00e3o Portuguesa de Futebol.<\/p>\n\n\n\n<p>Entre 17 e 25 de outubro, Portugal B efetuou seis treinos, um jogo-treino com o Famalic\u00e3o e este particular com a Espanha.<\/p>\n","protected":false},"excerpt":{"rendered":"<p>A sele\u00e7\u00e3o portuguesa feminina B de futebol foi hoje goleada pela Espanha, por 6-0, num encontro particular realizado em Melga\u00e7o e que assinalou o final do est\u00e1gio de uma semana da equipa de Carlos Sacadura. No Complexo Desportivo de Melga\u00e7o, num duelo entre equipas sub-23, Portugal j\u00e1 perdia ao intervalo por 2-0, com golos de [&hellip;]<\/p>\n","protected":false},"author":16,"featured_media":71884,"comment_status":"closed","ping_status":"closed","sticky":false,"template":"","format":"standard","meta":{"_exactmetrics_skip_tracking":false,"_exactmetrics_sitenote_active":false,"_exactmetrics_sitenote_note":"","_exactmetrics_sitenote_category":0,"footnotes":""},"categories":[8],"tags":[20],"class_list":["post-71883","post","type-post","status-publish","format-standard","has-post-thumbnail","hentry","category-melgaco","tag-desporto"],"yoast_head":"<!-- This site is optimized with the Yoast SEO Premium plugin v27.5 (Yoast SEO v27.5) - https:\/\/yoast.com\/product\/yoast-seo-premium-wordpress\/ -->\n<title>Portugal B feminino goleado pela Espanha em jogo particular<\/title>\n<meta name=\"robots\" content=\"index, follow, max-snippet:-1, max-image-preview:large, max-video-preview:-1\" \/>\n<link rel=\"canonical\" href=\"https:\/\/www.altominho.tv\/site\/2021\/10\/25\/portugal-b-feminino-goleado-pela-espanha-em-jogo-particular\/\" \/>\n<meta property=\"og:locale\" content=\"pt_PT\" \/>\n<meta property=\"og:type\" content=\"article\" \/>\n<meta property=\"og:title\" content=\"Portugal B feminino goleado pela Espanha em jogo particular\" \/>\n<meta property=\"og:description\" content=\"A sele\u00e7\u00e3o portuguesa feminina B de futebol foi hoje goleada pela Espanha, por 6-0, num encontro particular realizado em Melga\u00e7o e que assinalou o final do est\u00e1gio de uma semana da equipa de Carlos Sacadura. No Complexo Desportivo de Melga\u00e7o, num duelo entre equipas sub-23, Portugal j\u00e1 perdia ao intervalo por 2-0, com golos de [&hellip;]\" \/>\n<meta property=\"og:url\" content=\"https:\/\/www.altominho.tv\/site\/2021\/10\/25\/portugal-b-feminino-goleado-pela-espanha-em-jogo-particular\/\" \/>\n<meta property=\"og:site_name\" content=\"Altominho.tv\" \/>\n<meta property=\"article:publisher\" content=\"https:\/\/www.facebook.com\/altominhotv\" \/>\n<meta property=\"article:published_time\" content=\"2021-10-25T16:02:05+00:00\" \/>\n<meta property=\"article:modified_time\" content=\"2021-10-25T16:02:09+00:00\" \/>\n<meta property=\"og:image\" content=\"https:\/\/www.altominho.tv\/site\/wp-content\/uploads\/2021\/10\/centro-de-estagios-melgaco.jpg\" \/>\n\t<meta property=\"og:image:width\" content=\"710\" \/>\n\t<meta property=\"og:image:height\" content=\"375\" \/>\n\t<meta property=\"og:image:type\" content=\"image\/jpeg\" \/>\n<meta name=\"author\" content=\"Andreia Cunha | Lusa\" \/>\n<meta name=\"twitter:card\" content=\"summary_large_image\" \/>\n<meta name=\"twitter:creator\" content=\"@altominhoTV\" \/>\n<meta name=\"twitter:site\" content=\"@altominhoTV\" \/>\n<meta name=\"twitter:label1\" content=\"Escrito por\" \/>\n\t<meta name=\"twitter:data1\" content=\"Andreia Cunha | Lusa\" \/>\n\t<meta name=\"twitter:label2\" content=\"Tempo estimado de leitura\" \/>\n\t<meta name=\"twitter:data2\" content=\"1 minuto\" \/>\n<script type=\"application\/ld+json\" class=\"yoast-schema-graph\">{\"@context\":\"https:\\\/\\\/schema.org\",\"@graph\":[{\"@type\":\"Article\",\"@id\":\"https:\\\/\\\/www.altominho.tv\\\/site\\\/2021\\\/10\\\/25\\\/portugal-b-feminino-goleado-pela-espanha-em-jogo-particular\\\/#article\",\"isPartOf\":{\"@id\":\"https:\\\/\\\/www.altominho.tv\\\/site\\\/2021\\\/10\\\/25\\\/portugal-b-feminino-goleado-pela-espanha-em-jogo-particular\\\/\"},\"author\":{\"name\":\"Andreia Cunha | Lusa\",\"@id\":\"https:\\\/\\\/www.altominho.tv\\\/site\\\/#\\\/schema\\\/person\\\/dbaf181c01b51ff40c9f461a905d321e\"},\"headline\":\"Portugal B feminino goleado pela Espanha em jogo particular\",\"datePublished\":\"2021-10-25T16:02:05+00:00\",\"dateModified\":\"2021-10-25T16:02:09+00:00\",\"mainEntityOfPage\":{\"@id\":\"https:\\\/\\\/www.altominho.tv\\\/site\\\/2021\\\/10\\\/25\\\/portugal-b-feminino-goleado-pela-espanha-em-jogo-particular\\\/\"},\"wordCount\":197,\"image\":{\"@id\":\"https:\\\/\\\/www.altominho.tv\\\/site\\\/2021\\\/10\\\/25\\\/portugal-b-feminino-goleado-pela-espanha-em-jogo-particular\\\/#primaryimage\"},\"thumbnailUrl\":\"https:\\\/\\\/www.altominho.tv\\\/site\\\/wp-content\\\/uploads\\\/2021\\\/10\\\/centro-de-estagios-melgaco.jpg\",\"keywords\":[\"Desporto\"],\"articleSection\":[\"Melga\u00e7o\"],\"inLanguage\":\"pt-PT\",\"copyrightYear\":\"2021\",\"copyrightHolder\":{\"@id\":\"https:\\\/\\\/www.altominho.tv\\\/site\\\/#organization\"}},{\"@type\":\"WebPage\",\"@id\":\"https:\\\/\\\/www.altominho.tv\\\/site\\\/2021\\\/10\\\/25\\\/portugal-b-feminino-goleado-pela-espanha-em-jogo-particular\\\/\",\"url\":\"https:\\\/\\\/www.altominho.tv\\\/site\\\/2021\\\/10\\\/25\\\/portugal-b-feminino-goleado-pela-espanha-em-jogo-particular\\\/\",\"name\":\"Portugal B feminino goleado pela Espanha em jogo particular\",\"isPartOf\":{\"@id\":\"https:\\\/\\\/www.altominho.tv\\\/site\\\/#website\"},\"primaryImageOfPage\":{\"@id\":\"https:\\\/\\\/www.altominho.tv\\\/site\\\/2021\\\/10\\\/25\\\/portugal-b-feminino-goleado-pela-espanha-em-jogo-particular\\\/#primaryimage\"},\"image\":{\"@id\":\"https:\\\/\\\/www.altominho.tv\\\/site\\\/2021\\\/10\\\/25\\\/portugal-b-feminino-goleado-pela-espanha-em-jogo-particular\\\/#primaryimage\"},\"thumbnailUrl\":\"https:\\\/\\\/www.altominho.tv\\\/site\\\/wp-content\\\/uploads\\\/2021\\\/10\\\/centro-de-estagios-melgaco.jpg\",\"datePublished\":\"2021-10-25T16:02:05+00:00\",\"dateModified\":\"2021-10-25T16:02:09+00:00\",\"author\":{\"@id\":\"https:\\\/\\\/www.altominho.tv\\\/site\\\/#\\\/schema\\\/person\\\/dbaf181c01b51ff40c9f461a905d321e\"},\"breadcrumb\":{\"@id\":\"https:\\\/\\\/www.altominho.tv\\\/site\\\/2021\\\/10\\\/25\\\/portugal-b-feminino-goleado-pela-espanha-em-jogo-particular\\\/#breadcrumb\"},\"inLanguage\":\"pt-PT\",\"potentialAction\":[{\"@type\":\"ReadAction\",\"target\":[\"https:\\\/\\\/www.altominho.tv\\\/site\\\/2021\\\/10\\\/25\\\/portugal-b-feminino-goleado-pela-espanha-em-jogo-particular\\\/\"]}]},{\"@type\":\"ImageObject\",\"inLanguage\":\"pt-PT\",\"@id\":\"https:\\\/\\\/www.altominho.tv\\\/site\\\/2021\\\/10\\\/25\\\/portugal-b-feminino-goleado-pela-espanha-em-jogo-particular\\\/#primaryimage\",\"url\":\"https:\\\/\\\/www.altominho.tv\\\/site\\\/wp-content\\\/uploads\\\/2021\\\/10\\\/centro-de-estagios-melgaco.jpg\",\"contentUrl\":\"https:\\\/\\\/www.altominho.tv\\\/site\\\/wp-content\\\/uploads\\\/2021\\\/10\\\/centro-de-estagios-melgaco.jpg\",\"width\":710,\"height\":375},{\"@type\":\"BreadcrumbList\",\"@id\":\"https:\\\/\\\/www.altominho.tv\\\/site\\\/2021\\\/10\\\/25\\\/portugal-b-feminino-goleado-pela-espanha-em-jogo-particular\\\/#breadcrumb\",\"itemListElement\":[{\"@type\":\"ListItem\",\"position\":1,\"name\":\"In\u00edcio\",\"item\":\"https:\\\/\\\/www.altominho.tv\\\/site\\\/\"},{\"@type\":\"ListItem\",\"position\":2,\"name\":\"Portugal B feminino goleado pela Espanha em jogo particular\"}]},{\"@type\":\"WebSite\",\"@id\":\"https:\\\/\\\/www.altominho.tv\\\/site\\\/#website\",\"url\":\"https:\\\/\\\/www.altominho.tv\\\/site\\\/\",\"name\":\"Altominho.tv\",\"description\":\"A sua regi\u00e3o \u00e0 dist\u00e2ncia de um clique...\",\"potentialAction\":[{\"@type\":\"SearchAction\",\"target\":{\"@type\":\"EntryPoint\",\"urlTemplate\":\"https:\\\/\\\/www.altominho.tv\\\/site\\\/?s={search_term_string}\"},\"query-input\":{\"@type\":\"PropertyValueSpecification\",\"valueRequired\":true,\"valueName\":\"search_term_string\"}}],\"inLanguage\":\"pt-PT\"},{\"@type\":\"Person\",\"@id\":\"https:\\\/\\\/www.altominho.tv\\\/site\\\/#\\\/schema\\\/person\\\/dbaf181c01b51ff40c9f461a905d321e\",\"name\":\"Andreia Cunha | Lusa\",\"image\":{\"@type\":\"ImageObject\",\"inLanguage\":\"pt-PT\",\"@id\":\"https:\\\/\\\/www.altominho.tv\\\/site\\\/wp-content\\\/uploads\\\/2017\\\/11\\\/Andreia_Cunha-1-150x150.jpg\",\"url\":\"https:\\\/\\\/www.altominho.tv\\\/site\\\/wp-content\\\/uploads\\\/2017\\\/11\\\/Andreia_Cunha-1-150x150.jpg\",\"contentUrl\":\"https:\\\/\\\/www.altominho.tv\\\/site\\\/wp-content\\\/uploads\\\/2017\\\/11\\\/Andreia_Cunha-1-150x150.jpg\",\"caption\":\"Andreia Cunha | Lusa\"},\"sameAs\":[\"https:\\\/\\\/www.altominho.tv\\\/site\"],\"url\":\"https:\\\/\\\/www.altominho.tv\\\/site\\\/author\\\/andreiacunhalusa\\\/\"}]}<\/script>\n<!-- \/ Yoast SEO Premium plugin. -->","yoast_head_json":{"title":"Portugal B feminino goleado pela Espanha em jogo particular","robots":{"index":"index","follow":"follow","max-snippet":"max-snippet:-1","max-image-preview":"max-image-preview:large","max-video-preview":"max-video-preview:-1"},"canonical":"https:\/\/www.altominho.tv\/site\/2021\/10\/25\/portugal-b-feminino-goleado-pela-espanha-em-jogo-particular\/","og_locale":"pt_PT","og_type":"article","og_title":"Portugal B feminino goleado pela Espanha em jogo particular","og_description":"A sele\u00e7\u00e3o portuguesa feminina B de futebol foi hoje goleada pela Espanha, por 6-0, num encontro particular realizado em Melga\u00e7o e que assinalou o final do est\u00e1gio de uma semana da equipa de Carlos Sacadura. No Complexo Desportivo de Melga\u00e7o, num duelo entre equipas sub-23, Portugal j\u00e1 perdia ao intervalo por 2-0, com golos de [&hellip;]","og_url":"https:\/\/www.altominho.tv\/site\/2021\/10\/25\/portugal-b-feminino-goleado-pela-espanha-em-jogo-particular\/","og_site_name":"Altominho.tv","article_publisher":"https:\/\/www.facebook.com\/altominhotv","article_published_time":"2021-10-25T16:02:05+00:00","article_modified_time":"2021-10-25T16:02:09+00:00","og_image":[{"width":710,"height":375,"url":"https:\/\/www.altominho.tv\/site\/wp-content\/uploads\/2021\/10\/centro-de-estagios-melgaco.jpg","type":"image\/jpeg"}],"author":"Andreia Cunha | Lusa","twitter_card":"summary_large_image","twitter_creator":"@altominhoTV","twitter_site":"@altominhoTV","twitter_misc":{"Escrito por":"Andreia Cunha | Lusa","Tempo estimado de leitura":"1 minuto"},"schema":{"@context":"https:\/\/schema.org","@graph":[{"@type":"Article","@id":"https:\/\/www.altominho.tv\/site\/2021\/10\/25\/portugal-b-feminino-goleado-pela-espanha-em-jogo-particular\/#article","isPartOf":{"@id":"https:\/\/www.altominho.tv\/site\/2021\/10\/25\/portugal-b-feminino-goleado-pela-espanha-em-jogo-particular\/"},"author":{"name":"Andreia Cunha | Lusa","@id":"https:\/\/www.altominho.tv\/site\/#\/schema\/person\/dbaf181c01b51ff40c9f461a905d321e"},"headline":"Portugal B feminino goleado pela Espanha em jogo particular","datePublished":"2021-10-25T16:02:05+00:00","dateModified":"2021-10-25T16:02:09+00:00","mainEntityOfPage":{"@id":"https:\/\/www.altominho.tv\/site\/2021\/10\/25\/portugal-b-feminino-goleado-pela-espanha-em-jogo-particular\/"},"wordCount":197,"image":{"@id":"https:\/\/www.altominho.tv\/site\/2021\/10\/25\/portugal-b-feminino-goleado-pela-espanha-em-jogo-particular\/#primaryimage"},"thumbnailUrl":"https:\/\/www.altominho.tv\/site\/wp-content\/uploads\/2021\/10\/centro-de-estagios-melgaco.jpg","keywords":["Desporto"],"articleSection":["Melga\u00e7o"],"inLanguage":"pt-PT","copyrightYear":"2021","copyrightHolder":{"@id":"https:\/\/www.altominho.tv\/site\/#organization"}},{"@type":"WebPage","@id":"https:\/\/www.altominho.tv\/site\/2021\/10\/25\/portugal-b-feminino-goleado-pela-espanha-em-jogo-particular\/","url":"https:\/\/www.altominho.tv\/site\/2021\/10\/25\/portugal-b-feminino-goleado-pela-espanha-em-jogo-particular\/","name":"Portugal B feminino goleado pela Espanha em jogo particular","isPartOf":{"@id":"https:\/\/www.altominho.tv\/site\/#website"},"primaryImageOfPage":{"@id":"https:\/\/www.altominho.tv\/site\/2021\/10\/25\/portugal-b-feminino-goleado-pela-espanha-em-jogo-particular\/#primaryimage"},"image":{"@id":"https:\/\/www.altominho.tv\/site\/2021\/10\/25\/portugal-b-feminino-goleado-pela-espanha-em-jogo-particular\/#primaryimage"},"thumbnailUrl":"https:\/\/www.altominho.tv\/site\/wp-content\/uploads\/2021\/10\/centro-de-estagios-melgaco.jpg","datePublished":"2021-10-25T16:02:05+00:00","dateModified":"2021-10-25T16:02:09+00:00","author":{"@id":"https:\/\/www.altominho.tv\/site\/#\/schema\/person\/dbaf181c01b51ff40c9f461a905d321e"},"breadcrumb":{"@id":"https:\/\/www.altominho.tv\/site\/2021\/10\/25\/portugal-b-feminino-goleado-pela-espanha-em-jogo-particular\/#breadcrumb"},"inLanguage":"pt-PT","potentialAction":[{"@type":"ReadAction","target":["https:\/\/www.altominho.tv\/site\/2021\/10\/25\/portugal-b-feminino-goleado-pela-espanha-em-jogo-particular\/"]}]},{"@type":"ImageObject","inLanguage":"pt-PT","@id":"https:\/\/www.altominho.tv\/site\/2021\/10\/25\/portugal-b-feminino-goleado-pela-espanha-em-jogo-particular\/#primaryimage","url":"https:\/\/www.altominho.tv\/site\/wp-content\/uploads\/2021\/10\/centro-de-estagios-melgaco.jpg","contentUrl":"https:\/\/www.altominho.tv\/site\/wp-content\/uploads\/2021\/10\/centro-de-estagios-melgaco.jpg","width":710,"height":375},{"@type":"BreadcrumbList","@id":"https:\/\/www.altominho.tv\/site\/2021\/10\/25\/portugal-b-feminino-goleado-pela-espanha-em-jogo-particular\/#breadcrumb","itemListElement":[{"@type":"ListItem","position":1,"name":"In\u00edcio","item":"https:\/\/www.altominho.tv\/site\/"},{"@type":"ListItem","position":2,"name":"Portugal B feminino goleado pela Espanha em jogo particular"}]},{"@type":"WebSite","@id":"https:\/\/www.altominho.tv\/site\/#website","url":"https:\/\/www.altominho.tv\/site\/","name":"Altominho.tv","description":"A sua regi\u00e3o \u00e0 dist\u00e2ncia de um clique...","potentialAction":[{"@type":"SearchAction","target":{"@type":"EntryPoint","urlTemplate":"https:\/\/www.altominho.tv\/site\/?s={search_term_string}"},"query-input":{"@type":"PropertyValueSpecification","valueRequired":true,"valueName":"search_term_string"}}],"inLanguage":"pt-PT"},{"@type":"Person","@id":"https:\/\/www.altominho.tv\/site\/#\/schema\/person\/dbaf181c01b51ff40c9f461a905d321e","name":"Andreia Cunha | Lusa","image":{"@type":"ImageObject","inLanguage":"pt-PT","@id":"https:\/\/www.altominho.tv\/site\/wp-content\/uploads\/2017\/11\/Andreia_Cunha-1-150x150.jpg","url":"https:\/\/www.altominho.tv\/site\/wp-content\/uploads\/2017\/11\/Andreia_Cunha-1-150x150.jpg","contentUrl":"https:\/\/www.altominho.tv\/site\/wp-content\/uploads\/2017\/11\/Andreia_Cunha-1-150x150.jpg","caption":"Andreia Cunha | Lusa"},"sameAs":["https:\/\/www.altominho.tv\/site"],"url":"https:\/\/www.altominho.tv\/site\/author\/andreiacunhalusa\/"}]}},"_links":{"self":[{"href":"https:\/\/www.altominho.tv\/site\/wp-json\/wp\/v2\/posts\/71883","targetHints":{"allow":["GET"]}}],"collection":[{"href":"https:\/\/www.altominho.tv\/site\/wp-json\/wp\/v2\/posts"}],"about":[{"href":"https:\/\/www.altominho.tv\/site\/wp-json\/wp\/v2\/types\/post"}],"author":[{"embeddable":true,"href":"https:\/\/www.altominho.tv\/site\/wp-json\/wp\/v2\/users\/16"}],"replies":[{"embeddable":true,"href":"https:\/\/www.altominho.tv\/site\/wp-json\/wp\/v2\/comments?post=71883"}],"version-history":[{"count":0,"href":"https:\/\/www.altominho.tv\/site\/wp-json\/wp\/v2\/posts\/71883\/revisions"}],"wp:featuredmedia":[{"embeddable":true,"href":"https:\/\/www.altominho.tv\/site\/wp-json\/wp\/v2\/media\/71884"}],"wp:attachment":[{"href":"https:\/\/www.altominho.tv\/site\/wp-json\/wp\/v2\/media?parent=71883"}],"wp:term":[{"taxonomy":"category","embeddable":true,"href":"https:\/\/www.altominho.tv\/site\/wp-json\/wp\/v2\/categories?post=71883"},{"taxonomy":"post_tag","embeddable":true,"href":"https:\/\/www.altominho.tv\/site\/wp-json\/wp\/v2\/tags?post=71883"}],"curies":[{"name":"wp","href":"https:\/\/api.w.org\/{rel}","templated":true}]}}