{"id":7184,"date":"2017-12-18T16:48:45","date_gmt":"2017-12-18T16:48:45","guid":{"rendered":"http:\/\/www.altominho.tv\/site\/?p=7184"},"modified":"2017-12-18T16:48:45","modified_gmt":"2017-12-18T16:48:45","slug":"vila-das-artes-vive-fim-de-semana-repleto-de-animacao-natalicia","status":"publish","type":"post","link":"https:\/\/www.altominho.tv\/site\/2017\/12\/18\/vila-das-artes-vive-fim-de-semana-repleto-de-animacao-natalicia\/","title":{"rendered":"Vila das Artes vive fim-de-semana repleto de anima\u00e7\u00e3o natal\u00edcia"},"content":{"rendered":"<p><iframe loading=\"lazy\" width=\"770\" height=\"433\" src=\"https:\/\/www.youtube.com\/embed\/Zkh99oM--PE?feature=oembed\" frameborder=\"0\" gesture=\"media\" allow=\"encrypted-media\" allowfullscreen><\/iframe><\/p>\n<p>Pelas principais art\u00e9rias do centro hist\u00f3rico, cerca de 30 figurantes voltaram a recriar a hist\u00f3ria do Nascimento de Jesus Cristo, desde a anuncia\u00e7\u00e3o e a viagem de Jos\u00e9 e Maria para Bel\u00e9m \u00e0 Chegada e Adora\u00e7\u00e3o dos Reis Magos. Mais uma vez, cada encena\u00e7\u00e3o foi abrilhantada pelas doces vozes das crian\u00e7as que integram o Coro Infantojuvenil de Vila Nova de Cerveira, conferindo uma maior magia a este Pres\u00e9pio Vivo.<\/p>\n<p>&nbsp;<\/p>\n","protected":false},"excerpt":{"rendered":"<p>Pelas principais art\u00e9rias do centro hist\u00f3rico, cerca de 30 figurantes voltaram a recriar a hist\u00f3ria do Nascimento de Jesus Cristo, desde a anuncia\u00e7\u00e3o e a viagem de Jos\u00e9 e Maria para Bel\u00e9m \u00e0 Chegada e Adora\u00e7\u00e3o dos Reis Magos. Mais uma vez, cada encena\u00e7\u00e3o foi abrilhantada pelas doces vozes das crian\u00e7as que integram o Coro [&hellip;]<\/p>\n","protected":false},"author":10,"featured_media":7186,"comment_status":"closed","ping_status":"closed","sticky":false,"template":"","format":"video","meta":{"_exactmetrics_skip_tracking":false,"_exactmetrics_sitenote_active":false,"_exactmetrics_sitenote_note":"","_exactmetrics_sitenote_category":0,"footnotes":""},"categories":[15],"tags":[24],"class_list":["post-7184","post","type-post","status-publish","format-video","has-post-thumbnail","hentry","category-vila-nova-de-cerveira","tag-lazer","post_format-post-format-video"],"yoast_head":"<!-- This site is optimized with the Yoast SEO Premium plugin v27.5 (Yoast SEO v27.5) - https:\/\/yoast.com\/product\/yoast-seo-premium-wordpress\/ -->\n<title>Vila das Artes vive fim-de-semana repleto de anima\u00e7\u00e3o natal\u00edcia<\/title>\n<meta name=\"robots\" content=\"index, follow, max-snippet:-1, max-image-preview:large, max-video-preview:-1\" \/>\n<link rel=\"canonical\" href=\"https:\/\/www.altominho.tv\/site\/2017\/12\/18\/vila-das-artes-vive-fim-de-semana-repleto-de-animacao-natalicia\/\" \/>\n<meta property=\"og:locale\" content=\"pt_PT\" \/>\n<meta property=\"og:type\" content=\"article\" \/>\n<meta property=\"og:title\" content=\"Vila das Artes vive fim-de-semana repleto de anima\u00e7\u00e3o natal\u00edcia\" \/>\n<meta property=\"og:description\" content=\"Pelas principais art\u00e9rias do centro hist\u00f3rico, cerca de 30 figurantes voltaram a recriar a hist\u00f3ria do Nascimento de Jesus Cristo, desde a anuncia\u00e7\u00e3o e a viagem de Jos\u00e9 e Maria para Bel\u00e9m \u00e0 Chegada e Adora\u00e7\u00e3o dos Reis Magos. Mais uma vez, cada encena\u00e7\u00e3o foi abrilhantada pelas doces vozes das crian\u00e7as que integram o Coro [&hellip;]\" \/>\n<meta property=\"og:url\" content=\"https:\/\/www.altominho.tv\/site\/2017\/12\/18\/vila-das-artes-vive-fim-de-semana-repleto-de-animacao-natalicia\/\" \/>\n<meta property=\"og:site_name\" content=\"Altominho.tv\" \/>\n<meta property=\"article:publisher\" content=\"https:\/\/www.facebook.com\/altominhotv\" \/>\n<meta property=\"article:published_time\" content=\"2017-12-18T16:48:45+00:00\" \/>\n<meta property=\"og:image\" content=\"https:\/\/www.altominho.tv\/site\/wp-content\/uploads\/2017\/12\/maxresdefault-72.jpg\" \/>\n\t<meta property=\"og:image:width\" content=\"1280\" \/>\n\t<meta property=\"og:image:height\" content=\"720\" \/>\n\t<meta property=\"og:image:type\" content=\"image\/jpeg\" \/>\n<meta name=\"author\" content=\"Andreia Barreiro\" \/>\n<meta name=\"twitter:card\" content=\"summary_large_image\" \/>\n<meta name=\"twitter:creator\" content=\"@altominhoTV\" \/>\n<meta name=\"twitter:site\" content=\"@altominhoTV\" \/>\n<meta name=\"twitter:label1\" content=\"Escrito por\" \/>\n\t<meta name=\"twitter:data1\" content=\"Andreia Barreiro\" \/>\n<script type=\"application\/ld+json\" class=\"yoast-schema-graph\">{\"@context\":\"https:\\\/\\\/schema.org\",\"@graph\":[{\"@type\":\"Article\",\"@id\":\"https:\\\/\\\/www.altominho.tv\\\/site\\\/2017\\\/12\\\/18\\\/vila-das-artes-vive-fim-de-semana-repleto-de-animacao-natalicia\\\/#article\",\"isPartOf\":{\"@id\":\"https:\\\/\\\/www.altominho.tv\\\/site\\\/2017\\\/12\\\/18\\\/vila-das-artes-vive-fim-de-semana-repleto-de-animacao-natalicia\\\/\"},\"author\":{\"name\":\"Andreia Barreiro\",\"@id\":\"https:\\\/\\\/www.altominho.tv\\\/site\\\/#\\\/schema\\\/person\\\/4fa0996d8841f9d6cbb84eb43c555c2c\"},\"headline\":\"Vila das Artes vive fim-de-semana repleto de anima\u00e7\u00e3o natal\u00edcia\",\"datePublished\":\"2017-12-18T16:48:45+00:00\",\"mainEntityOfPage\":{\"@id\":\"https:\\\/\\\/www.altominho.tv\\\/site\\\/2017\\\/12\\\/18\\\/vila-das-artes-vive-fim-de-semana-repleto-de-animacao-natalicia\\\/\"},\"wordCount\":98,\"image\":{\"@id\":\"https:\\\/\\\/www.altominho.tv\\\/site\\\/2017\\\/12\\\/18\\\/vila-das-artes-vive-fim-de-semana-repleto-de-animacao-natalicia\\\/#primaryimage\"},\"thumbnailUrl\":\"https:\\\/\\\/www.altominho.tv\\\/site\\\/wp-content\\\/uploads\\\/2017\\\/12\\\/maxresdefault-72.jpg\",\"keywords\":[\"Lazer\"],\"articleSection\":[\"Vila Nova de Cerveira\"],\"inLanguage\":\"pt-PT\",\"copyrightYear\":\"2017\",\"copyrightHolder\":{\"@id\":\"https:\\\/\\\/www.altominho.tv\\\/site\\\/#organization\"}},{\"@type\":\"WebPage\",\"@id\":\"https:\\\/\\\/www.altominho.tv\\\/site\\\/2017\\\/12\\\/18\\\/vila-das-artes-vive-fim-de-semana-repleto-de-animacao-natalicia\\\/\",\"url\":\"https:\\\/\\\/www.altominho.tv\\\/site\\\/2017\\\/12\\\/18\\\/vila-das-artes-vive-fim-de-semana-repleto-de-animacao-natalicia\\\/\",\"name\":\"Vila das Artes vive fim-de-semana repleto de anima\u00e7\u00e3o natal\u00edcia\",\"isPartOf\":{\"@id\":\"https:\\\/\\\/www.altominho.tv\\\/site\\\/#website\"},\"primaryImageOfPage\":{\"@id\":\"https:\\\/\\\/www.altominho.tv\\\/site\\\/2017\\\/12\\\/18\\\/vila-das-artes-vive-fim-de-semana-repleto-de-animacao-natalicia\\\/#primaryimage\"},\"image\":{\"@id\":\"https:\\\/\\\/www.altominho.tv\\\/site\\\/2017\\\/12\\\/18\\\/vila-das-artes-vive-fim-de-semana-repleto-de-animacao-natalicia\\\/#primaryimage\"},\"thumbnailUrl\":\"https:\\\/\\\/www.altominho.tv\\\/site\\\/wp-content\\\/uploads\\\/2017\\\/12\\\/maxresdefault-72.jpg\",\"datePublished\":\"2017-12-18T16:48:45+00:00\",\"author\":{\"@id\":\"https:\\\/\\\/www.altominho.tv\\\/site\\\/#\\\/schema\\\/person\\\/4fa0996d8841f9d6cbb84eb43c555c2c\"},\"breadcrumb\":{\"@id\":\"https:\\\/\\\/www.altominho.tv\\\/site\\\/2017\\\/12\\\/18\\\/vila-das-artes-vive-fim-de-semana-repleto-de-animacao-natalicia\\\/#breadcrumb\"},\"inLanguage\":\"pt-PT\",\"potentialAction\":[{\"@type\":\"ReadAction\",\"target\":[\"https:\\\/\\\/www.altominho.tv\\\/site\\\/2017\\\/12\\\/18\\\/vila-das-artes-vive-fim-de-semana-repleto-de-animacao-natalicia\\\/\"]}]},{\"@type\":\"ImageObject\",\"inLanguage\":\"pt-PT\",\"@id\":\"https:\\\/\\\/www.altominho.tv\\\/site\\\/2017\\\/12\\\/18\\\/vila-das-artes-vive-fim-de-semana-repleto-de-animacao-natalicia\\\/#primaryimage\",\"url\":\"https:\\\/\\\/www.altominho.tv\\\/site\\\/wp-content\\\/uploads\\\/2017\\\/12\\\/maxresdefault-72.jpg\",\"contentUrl\":\"https:\\\/\\\/www.altominho.tv\\\/site\\\/wp-content\\\/uploads\\\/2017\\\/12\\\/maxresdefault-72.jpg\",\"width\":1280,\"height\":720},{\"@type\":\"BreadcrumbList\",\"@id\":\"https:\\\/\\\/www.altominho.tv\\\/site\\\/2017\\\/12\\\/18\\\/vila-das-artes-vive-fim-de-semana-repleto-de-animacao-natalicia\\\/#breadcrumb\",\"itemListElement\":[{\"@type\":\"ListItem\",\"position\":1,\"name\":\"In\u00edcio\",\"item\":\"https:\\\/\\\/www.altominho.tv\\\/site\\\/\"},{\"@type\":\"ListItem\",\"position\":2,\"name\":\"Vila das Artes vive fim-de-semana repleto de anima\u00e7\u00e3o natal\u00edcia\"}]},{\"@type\":\"WebSite\",\"@id\":\"https:\\\/\\\/www.altominho.tv\\\/site\\\/#website\",\"url\":\"https:\\\/\\\/www.altominho.tv\\\/site\\\/\",\"name\":\"Altominho.tv\",\"description\":\"A sua regi\u00e3o \u00e0 dist\u00e2ncia de um clique...\",\"potentialAction\":[{\"@type\":\"SearchAction\",\"target\":{\"@type\":\"EntryPoint\",\"urlTemplate\":\"https:\\\/\\\/www.altominho.tv\\\/site\\\/?s={search_term_string}\"},\"query-input\":{\"@type\":\"PropertyValueSpecification\",\"valueRequired\":true,\"valueName\":\"search_term_string\"}}],\"inLanguage\":\"pt-PT\"},{\"@type\":\"Person\",\"@id\":\"https:\\\/\\\/www.altominho.tv\\\/site\\\/#\\\/schema\\\/person\\\/4fa0996d8841f9d6cbb84eb43c555c2c\",\"name\":\"Andreia Barreiro\",\"image\":{\"@type\":\"ImageObject\",\"inLanguage\":\"pt-PT\",\"@id\":\"https:\\\/\\\/www.altominho.tv\\\/site\\\/wp-content\\\/uploads\\\/2021\\\/01\\\/132443895_3480358142084005_3574327946369834311_o-150x150.jpg\",\"url\":\"https:\\\/\\\/www.altominho.tv\\\/site\\\/wp-content\\\/uploads\\\/2021\\\/01\\\/132443895_3480358142084005_3574327946369834311_o-150x150.jpg\",\"contentUrl\":\"https:\\\/\\\/www.altominho.tv\\\/site\\\/wp-content\\\/uploads\\\/2021\\\/01\\\/132443895_3480358142084005_3574327946369834311_o-150x150.jpg\",\"caption\":\"Andreia Barreiro\"},\"url\":\"https:\\\/\\\/www.altominho.tv\\\/site\\\/author\\\/andreiabarreiro\\\/\"}]}<\/script>\n<meta property=\"og:video\" content=\"https:\/\/www.youtube.com\/embed\/Zkh99oM--PE\" \/>\n<meta property=\"og:video:type\" content=\"text\/html\" \/>\n<meta property=\"og:video:duration\" content=\"158\" \/>\n<meta property=\"og:video:width\" content=\"480\" \/>\n<meta property=\"og:video:height\" content=\"270\" \/>\n<meta property=\"ya:ovs:adult\" content=\"false\" \/>\n<meta property=\"ya:ovs:upload_date\" content=\"2017-12-18T16:48:45+00:00\" \/>\n<meta property=\"ya:ovs:allow_embed\" content=\"true\" \/>\n<!-- \/ Yoast SEO Premium plugin. -->","yoast_head_json":{"title":"Vila das Artes vive fim-de-semana repleto de anima\u00e7\u00e3o natal\u00edcia","robots":{"index":"index","follow":"follow","max-snippet":"max-snippet:-1","max-image-preview":"max-image-preview:large","max-video-preview":"max-video-preview:-1"},"canonical":"https:\/\/www.altominho.tv\/site\/2017\/12\/18\/vila-das-artes-vive-fim-de-semana-repleto-de-animacao-natalicia\/","og_locale":"pt_PT","og_type":"article","og_title":"Vila das Artes vive fim-de-semana repleto de anima\u00e7\u00e3o natal\u00edcia","og_description":"Pelas principais art\u00e9rias do centro hist\u00f3rico, cerca de 30 figurantes voltaram a recriar a hist\u00f3ria do Nascimento de Jesus Cristo, desde a anuncia\u00e7\u00e3o e a viagem de Jos\u00e9 e Maria para Bel\u00e9m \u00e0 Chegada e Adora\u00e7\u00e3o dos Reis Magos. Mais uma vez, cada encena\u00e7\u00e3o foi abrilhantada pelas doces vozes das crian\u00e7as que integram o Coro [&hellip;]","og_url":"https:\/\/www.altominho.tv\/site\/2017\/12\/18\/vila-das-artes-vive-fim-de-semana-repleto-de-animacao-natalicia\/","og_site_name":"Altominho.tv","article_publisher":"https:\/\/www.facebook.com\/altominhotv","article_published_time":"2017-12-18T16:48:45+00:00","og_image":[{"width":1280,"height":720,"url":"https:\/\/www.altominho.tv\/site\/wp-content\/uploads\/2017\/12\/maxresdefault-72.jpg","type":"image\/jpeg"}],"author":"Andreia Barreiro","twitter_card":"summary_large_image","twitter_creator":"@altominhoTV","twitter_site":"@altominhoTV","twitter_misc":{"Escrito por":"Andreia Barreiro"},"schema":{"@context":"https:\/\/schema.org","@graph":[{"@type":"Article","@id":"https:\/\/www.altominho.tv\/site\/2017\/12\/18\/vila-das-artes-vive-fim-de-semana-repleto-de-animacao-natalicia\/#article","isPartOf":{"@id":"https:\/\/www.altominho.tv\/site\/2017\/12\/18\/vila-das-artes-vive-fim-de-semana-repleto-de-animacao-natalicia\/"},"author":{"name":"Andreia Barreiro","@id":"https:\/\/www.altominho.tv\/site\/#\/schema\/person\/4fa0996d8841f9d6cbb84eb43c555c2c"},"headline":"Vila das Artes vive fim-de-semana repleto de anima\u00e7\u00e3o natal\u00edcia","datePublished":"2017-12-18T16:48:45+00:00","mainEntityOfPage":{"@id":"https:\/\/www.altominho.tv\/site\/2017\/12\/18\/vila-das-artes-vive-fim-de-semana-repleto-de-animacao-natalicia\/"},"wordCount":98,"image":{"@id":"https:\/\/www.altominho.tv\/site\/2017\/12\/18\/vila-das-artes-vive-fim-de-semana-repleto-de-animacao-natalicia\/#primaryimage"},"thumbnailUrl":"https:\/\/www.altominho.tv\/site\/wp-content\/uploads\/2017\/12\/maxresdefault-72.jpg","keywords":["Lazer"],"articleSection":["Vila Nova de Cerveira"],"inLanguage":"pt-PT","copyrightYear":"2017","copyrightHolder":{"@id":"https:\/\/www.altominho.tv\/site\/#organization"}},{"@type":"WebPage","@id":"https:\/\/www.altominho.tv\/site\/2017\/12\/18\/vila-das-artes-vive-fim-de-semana-repleto-de-animacao-natalicia\/","url":"https:\/\/www.altominho.tv\/site\/2017\/12\/18\/vila-das-artes-vive-fim-de-semana-repleto-de-animacao-natalicia\/","name":"Vila das Artes vive fim-de-semana repleto de anima\u00e7\u00e3o natal\u00edcia","isPartOf":{"@id":"https:\/\/www.altominho.tv\/site\/#website"},"primaryImageOfPage":{"@id":"https:\/\/www.altominho.tv\/site\/2017\/12\/18\/vila-das-artes-vive-fim-de-semana-repleto-de-animacao-natalicia\/#primaryimage"},"image":{"@id":"https:\/\/www.altominho.tv\/site\/2017\/12\/18\/vila-das-artes-vive-fim-de-semana-repleto-de-animacao-natalicia\/#primaryimage"},"thumbnailUrl":"https:\/\/www.altominho.tv\/site\/wp-content\/uploads\/2017\/12\/maxresdefault-72.jpg","datePublished":"2017-12-18T16:48:45+00:00","author":{"@id":"https:\/\/www.altominho.tv\/site\/#\/schema\/person\/4fa0996d8841f9d6cbb84eb43c555c2c"},"breadcrumb":{"@id":"https:\/\/www.altominho.tv\/site\/2017\/12\/18\/vila-das-artes-vive-fim-de-semana-repleto-de-animacao-natalicia\/#breadcrumb"},"inLanguage":"pt-PT","potentialAction":[{"@type":"ReadAction","target":["https:\/\/www.altominho.tv\/site\/2017\/12\/18\/vila-das-artes-vive-fim-de-semana-repleto-de-animacao-natalicia\/"]}]},{"@type":"ImageObject","inLanguage":"pt-PT","@id":"https:\/\/www.altominho.tv\/site\/2017\/12\/18\/vila-das-artes-vive-fim-de-semana-repleto-de-animacao-natalicia\/#primaryimage","url":"https:\/\/www.altominho.tv\/site\/wp-content\/uploads\/2017\/12\/maxresdefault-72.jpg","contentUrl":"https:\/\/www.altominho.tv\/site\/wp-content\/uploads\/2017\/12\/maxresdefault-72.jpg","width":1280,"height":720},{"@type":"BreadcrumbList","@id":"https:\/\/www.altominho.tv\/site\/2017\/12\/18\/vila-das-artes-vive-fim-de-semana-repleto-de-animacao-natalicia\/#breadcrumb","itemListElement":[{"@type":"ListItem","position":1,"name":"In\u00edcio","item":"https:\/\/www.altominho.tv\/site\/"},{"@type":"ListItem","position":2,"name":"Vila das Artes vive fim-de-semana repleto de anima\u00e7\u00e3o natal\u00edcia"}]},{"@type":"WebSite","@id":"https:\/\/www.altominho.tv\/site\/#website","url":"https:\/\/www.altominho.tv\/site\/","name":"Altominho.tv","description":"A sua regi\u00e3o \u00e0 dist\u00e2ncia de um clique...","potentialAction":[{"@type":"SearchAction","target":{"@type":"EntryPoint","urlTemplate":"https:\/\/www.altominho.tv\/site\/?s={search_term_string}"},"query-input":{"@type":"PropertyValueSpecification","valueRequired":true,"valueName":"search_term_string"}}],"inLanguage":"pt-PT"},{"@type":"Person","@id":"https:\/\/www.altominho.tv\/site\/#\/schema\/person\/4fa0996d8841f9d6cbb84eb43c555c2c","name":"Andreia Barreiro","image":{"@type":"ImageObject","inLanguage":"pt-PT","@id":"https:\/\/www.altominho.tv\/site\/wp-content\/uploads\/2021\/01\/132443895_3480358142084005_3574327946369834311_o-150x150.jpg","url":"https:\/\/www.altominho.tv\/site\/wp-content\/uploads\/2021\/01\/132443895_3480358142084005_3574327946369834311_o-150x150.jpg","contentUrl":"https:\/\/www.altominho.tv\/site\/wp-content\/uploads\/2021\/01\/132443895_3480358142084005_3574327946369834311_o-150x150.jpg","caption":"Andreia Barreiro"},"url":"https:\/\/www.altominho.tv\/site\/author\/andreiabarreiro\/"}]},"og_video":"https:\/\/www.youtube.com\/embed\/Zkh99oM--PE","og_video_type":"text\/html","og_video_duration":"158","og_video_width":"480","og_video_height":"270","ya_ovs_adult":"false","ya_ovs_upload_date":"2017-12-18T16:48:45+00:00","ya_ovs_allow_embed":"true"},"_links":{"self":[{"href":"https:\/\/www.altominho.tv\/site\/wp-json\/wp\/v2\/posts\/7184","targetHints":{"allow":["GET"]}}],"collection":[{"href":"https:\/\/www.altominho.tv\/site\/wp-json\/wp\/v2\/posts"}],"about":[{"href":"https:\/\/www.altominho.tv\/site\/wp-json\/wp\/v2\/types\/post"}],"author":[{"embeddable":true,"href":"https:\/\/www.altominho.tv\/site\/wp-json\/wp\/v2\/users\/10"}],"replies":[{"embeddable":true,"href":"https:\/\/www.altominho.tv\/site\/wp-json\/wp\/v2\/comments?post=7184"}],"version-history":[{"count":0,"href":"https:\/\/www.altominho.tv\/site\/wp-json\/wp\/v2\/posts\/7184\/revisions"}],"wp:featuredmedia":[{"embeddable":true,"href":"https:\/\/www.altominho.tv\/site\/wp-json\/wp\/v2\/media\/7186"}],"wp:attachment":[{"href":"https:\/\/www.altominho.tv\/site\/wp-json\/wp\/v2\/media?parent=7184"}],"wp:term":[{"taxonomy":"category","embeddable":true,"href":"https:\/\/www.altominho.tv\/site\/wp-json\/wp\/v2\/categories?post=7184"},{"taxonomy":"post_tag","embeddable":true,"href":"https:\/\/www.altominho.tv\/site\/wp-json\/wp\/v2\/tags?post=7184"}],"curies":[{"name":"wp","href":"https:\/\/api.w.org\/{rel}","templated":true}]}}