{"id":71760,"date":"2021-10-19T19:07:20","date_gmt":"2021-10-19T18:07:20","guid":{"rendered":"https:\/\/www.altominho.tv\/site\/?p=71760"},"modified":"2021-10-19T19:07:25","modified_gmt":"2021-10-19T18:07:25","slug":"investigadores-do-politecnico-de-viana-do-castelo-criam-sopa-especifica-para-idosos","status":"publish","type":"post","link":"https:\/\/www.altominho.tv\/site\/2021\/10\/19\/investigadores-do-politecnico-de-viana-do-castelo-criam-sopa-especifica-para-idosos\/","title":{"rendered":"Investigadores do polit\u00e9cnico de Viana do Castelo criam sopa espec\u00edfica para idosos"},"content":{"rendered":"<p>Investigadores do Instituto Polit\u00e9cnico de Viana do Castelo (IPVC) criaram uma sopa enriquecida com br\u00e1ssica (couve-galega) desidratada que ajuda a colmatar as car\u00eancias alimentares dos idosos da eurorregi\u00e3o Norte de Portugal-Galiza, foi hoje divulgado.<\/p>\n<p>Em comunicado enviado \u00e0s reda\u00e7\u00f5es, o IPVC explicou que a sopa foi desenvolvida ao abrigo do projeto Nutriage, que contou com a participa\u00e7\u00e3o do IPVC, com o objetivo de \u201ccriar solu\u00e7\u00f5es avan\u00e7adas para melhorar a qualidade de vida dos idosos\u201d, residentes em lares nas duas regi\u00f5es vizinhas.<\/p>\n<p>\u201cA grande aceita\u00e7\u00e3o por parte dos idosos institucionalizados em Portugal revela que esta sopa rica em nutrientes pode ser uma alternativa aos suplementos comerciais e aos alimentos de dif\u00edcil mastiga\u00e7\u00e3o ricos em fibra e prote\u00ednas\u201d, afirmou Ana Cristina Duarte, do Centro de Investiga\u00e7\u00e3o e Desenvolvimento em Sistemas Agroalimentares e Sustentabilidade (CISAS), citada na nota.<\/p>\n<p>O projeto Nutriage \u00e9 cofinanciado pelo Fundo Europeu de Desenvolvimento Regional (FEDER), atrav\u00e9s do Programa Interreg V-A Espa\u00f1a-Portugal (POCTEP) 2014-2020.<\/p>\n<p>O \u201cobjetivo principal do projeto Nutriage foi assegurar um envelhecimento saud\u00e1vel atrav\u00e9s da avalia\u00e7\u00e3o, estudo e desenho de estrat\u00e9gias nutricionais personalizadas\u201d.<\/p>\n<p>Essas estrat\u00e9gias \u201cforam fundamentadas na alimenta\u00e7\u00e3o tradicional atl\u00e2ntica (Dieta Atl\u00e2ntica) e no desenvolvimento de novos produtos alimentares que otimizem o estado nutricional dos idosos e previnam o decl\u00ednio funcional e cognitivo\u201d.<\/p>\n<p>\u201cPretendia-se gerar capacidades em Investiga\u00e7\u00e3o, Desenvolvimento e Inova\u00e7\u00e3o (I+D+I) que favorecessem a melhoria na qualidade de vida dos idosos a partir da nutri\u00e7\u00e3o, refor\u00e7ar a sustentabilidade e efici\u00eancia do sistema s\u00f3cio sanit\u00e1rio e incentivar o crescimento e a cria\u00e7\u00e3o de novas oportunidades de neg\u00f3cio para a ind\u00fastria agroalimentar\u201d, explica a institui\u00e7\u00e3o de ensino superior.<\/p>\n<p>Com \u201cas atividades associadas ao projeto surgiram resultados no \u00e2mbito da avalia\u00e7\u00e3o da situa\u00e7\u00e3o nutricional, das estrat\u00e9gias de interven\u00e7\u00e3o nutricional e no impacto e proje\u00e7\u00e3o socioecon\u00f3mica do envelhecimento saud\u00e1vel\u201d, refere, sendo que o IPVC \u201cparticipou na identifica\u00e7\u00e3o, desenho e desenvolvimento de novos alimentos\u201d.<\/p>\n<p>Segundo Ana Cristina Duarte, esta a\u00e7\u00e3o \u201cteve como objetivo o desenvolvimento de um produto alimentar destinado a\u0300 popula\u00e7\u00e3o idosa que contribua para corrigir defici\u00eancias e desequil\u00edbrios detetados nos lares de idosos, tendo em conta os h\u00e1bitos alimentares dos idosos e vi\u00e1vel desde o ponto de vista tecnol\u00f3gico, econ\u00f3mico e comercial\u201d.<\/p>\n<p>O IPVC \u201cacabou por desenvolver um produto alimentar destinado \u00e0 popula\u00e7\u00e3o idosa, determinando as suas propriedades nutricionais, sensoriais e antioxidantes, bem como avaliando a aceita\u00e7\u00e3o deste produto por idosos institucionalizados da Galiza e Norte de Portugal\u201d.<\/p>\n<p>\u201cUm dos principais componentes da sopa e\u0301 a farinha de couve-galega (g\u00e9nero Br\u00e1ssica), vegetal amplamente cultivado e consumido nas regi\u00f5es do Norte de Portugal e Galiza e um componente tradicional da Dieta Atl\u00e2ntica\u201d, esclareceu Ana Cristina Duarte.<\/p>\n<p>A investigadora adiantou que o seu consumo \u201cest\u00e1 associado ao efeito preventivo de algumas doen\u00e7as cr\u00f3nicas, como cancro, aterosclerose e diabetes\u201d.<\/p>\n<p>\u201cEstes efeitos ben\u00e9ficos foram atribu\u00eddos a\u0300 presen\u00e7a de compostos bioativos com atividade antioxidante, como compostos fen\u00f3licos, carotenoides e flavonoides.<\/p>\n<p>Em alternativa \u00e0 couve fresca, a couve desidratada pode ser uma boa fonte de prote\u00ednas, fibras e compostos bioativos e, portanto, pode ser usada para enriquecer matrizes alimentares\u201d, confirmou a investigadora, garantindo que esta sopa \u201ctem um alto teor de prote\u00edna e pode fornecer uma percentagem razo\u00e1vel das necessidades di\u00e1rias de fibra para os idosos\u201d.<\/p>\n<p>Durante a pesquisa, o IPVC \u201ctrabalhou com idosos do lar da Santa Casa da Miseric\u00f3rdia do Porto, um dos parceiros do projeto.<\/p>\n<p>\u201cTivemos uma fase de realiza\u00e7\u00e3o de inqu\u00e9ritos para perceber a ades\u00e3o \u00e0 Dieta Atl\u00e2ntica e para conhecer os gostos, as prefer\u00eancias e os costumes dos idosos\u201d, explicou a investigadora, adiantando que outra equipa fez o mesmo trabalho em lares na Galiza.<\/p>\n<p>Com a Universidade Cat\u00f3lica do Porto foi realizada uma avalia\u00e7\u00e3o do estado nutricional dos idosos, levantamento que permitiu ao IPVC \u201cdesenvolveu em laborat\u00f3rio um produto alimentar adequado \u00e0s car\u00eancias nutricionais detetadas &#8211; sopa enriquecida com farinha de br\u00e1ssica, um ingrediente de f\u00e1cil incorpora\u00e7\u00e3o numa receita base de sopa\u201d.<\/p>\n<p>A sopa \u201c\u00e9 rica em prote\u00edna e tem razo\u00e1veis percentagens de outros ingredientes, como por exemplo fibra, podendo facilmente colmatar essas defici\u00eancias\u201d, referiu Ana Cristina Duarte, destacando a import\u00e2ncia da sopa ser \u201cum produto a que os idosos est\u00e3o habituados\u201d.<\/p>\n<p>A escolha com couve desidratada para o enriquecimento da sopa foi tamb\u00e9m justificada com a necessidade de aproveitamento \u201cdos habituais excedentes de produ\u00e7\u00e3o de couves e de partes da folha que habitualmente s\u00e3o descartadas\u201d.<\/p>\n<p>De acordo com Ana Cristina Duarte, a produ\u00e7\u00e3o desta sopa \u201c\u00e0 escala industrial n\u00e3o foi realizada a 100% por causa da pandemia de covid-19, que impediu o acesso aos lares\u201d.<\/p>\n","protected":false},"excerpt":{"rendered":"<p>Investigadores do Instituto Polit\u00e9cnico de Viana do Castelo (IPVC) criaram uma sopa enriquecida com br\u00e1ssica (couve-galega) desidratada que ajuda a colmatar as car\u00eancias alimentares dos idosos da eurorregi\u00e3o Norte de Portugal-Galiza, foi hoje divulgado. Em comunicado enviado \u00e0s reda\u00e7\u00f5es, o IPVC explicou que a sopa foi desenvolvida ao abrigo do projeto Nutriage, que contou com [&hellip;]<\/p>\n","protected":false},"author":13,"featured_media":71761,"comment_status":"closed","ping_status":"closed","sticky":false,"template":"","format":"standard","meta":{"_exactmetrics_skip_tracking":false,"_exactmetrics_sitenote_active":false,"_exactmetrics_sitenote_note":"","_exactmetrics_sitenote_category":0,"footnotes":""},"categories":[14],"tags":[22],"class_list":["post-71760","post","type-post","status-publish","format-standard","has-post-thumbnail","hentry","category-viana-do-castelo","tag-educacao"],"yoast_head":"<!-- This site is optimized with the Yoast SEO Premium plugin v27.5 (Yoast SEO v27.5) - https:\/\/yoast.com\/product\/yoast-seo-premium-wordpress\/ -->\n<title>Investigadores do polit\u00e9cnico de Viana do Castelo criam sopa espec\u00edfica para idosos<\/title>\n<meta name=\"robots\" content=\"index, follow, max-snippet:-1, max-image-preview:large, max-video-preview:-1\" \/>\n<link rel=\"canonical\" href=\"https:\/\/www.altominho.tv\/site\/2021\/10\/19\/investigadores-do-politecnico-de-viana-do-castelo-criam-sopa-especifica-para-idosos\/\" \/>\n<meta property=\"og:locale\" content=\"pt_PT\" \/>\n<meta property=\"og:type\" content=\"article\" \/>\n<meta property=\"og:title\" content=\"Investigadores do polit\u00e9cnico de Viana do Castelo criam sopa espec\u00edfica para idosos\" \/>\n<meta property=\"og:description\" content=\"Investigadores do Instituto Polit\u00e9cnico de Viana do Castelo (IPVC) criaram uma sopa enriquecida com br\u00e1ssica (couve-galega) desidratada que ajuda a colmatar as car\u00eancias alimentares dos idosos da eurorregi\u00e3o Norte de Portugal-Galiza, foi hoje divulgado. Em comunicado enviado \u00e0s reda\u00e7\u00f5es, o IPVC explicou que a sopa foi desenvolvida ao abrigo do projeto Nutriage, que contou com [&hellip;]\" \/>\n<meta property=\"og:url\" content=\"https:\/\/www.altominho.tv\/site\/2021\/10\/19\/investigadores-do-politecnico-de-viana-do-castelo-criam-sopa-especifica-para-idosos\/\" \/>\n<meta property=\"og:site_name\" content=\"Altominho.tv\" \/>\n<meta property=\"article:publisher\" content=\"https:\/\/www.facebook.com\/altominhotv\" \/>\n<meta property=\"article:published_time\" content=\"2021-10-19T18:07:20+00:00\" \/>\n<meta property=\"article:modified_time\" content=\"2021-10-19T18:07:25+00:00\" \/>\n<meta property=\"og:image\" content=\"https:\/\/www.altominho.tv\/site\/wp-content\/uploads\/2021\/10\/Nutriage.jpeg\" \/>\n\t<meta property=\"og:image:width\" content=\"640\" \/>\n\t<meta property=\"og:image:height\" content=\"426\" \/>\n\t<meta property=\"og:image:type\" content=\"image\/jpeg\" \/>\n<meta name=\"author\" content=\"Lusa\" \/>\n<meta name=\"twitter:card\" content=\"summary_large_image\" \/>\n<meta name=\"twitter:creator\" content=\"@altominhoTV\" \/>\n<meta name=\"twitter:site\" content=\"@altominhoTV\" \/>\n<meta name=\"twitter:label1\" content=\"Escrito por\" \/>\n\t<meta name=\"twitter:data1\" content=\"Lusa\" \/>\n\t<meta name=\"twitter:label2\" content=\"Tempo estimado de leitura\" \/>\n\t<meta name=\"twitter:data2\" content=\"4 minutos\" \/>\n<script type=\"application\/ld+json\" class=\"yoast-schema-graph\">{\"@context\":\"https:\\\/\\\/schema.org\",\"@graph\":[{\"@type\":\"Article\",\"@id\":\"https:\\\/\\\/www.altominho.tv\\\/site\\\/2021\\\/10\\\/19\\\/investigadores-do-politecnico-de-viana-do-castelo-criam-sopa-especifica-para-idosos\\\/#article\",\"isPartOf\":{\"@id\":\"https:\\\/\\\/www.altominho.tv\\\/site\\\/2021\\\/10\\\/19\\\/investigadores-do-politecnico-de-viana-do-castelo-criam-sopa-especifica-para-idosos\\\/\"},\"author\":{\"name\":\"Lusa\",\"@id\":\"https:\\\/\\\/www.altominho.tv\\\/site\\\/#\\\/schema\\\/person\\\/63f693da3e1899361cbe955c46f3232e\"},\"headline\":\"Investigadores do polit\u00e9cnico de Viana do Castelo criam sopa espec\u00edfica para idosos\",\"datePublished\":\"2021-10-19T18:07:20+00:00\",\"dateModified\":\"2021-10-19T18:07:25+00:00\",\"mainEntityOfPage\":{\"@id\":\"https:\\\/\\\/www.altominho.tv\\\/site\\\/2021\\\/10\\\/19\\\/investigadores-do-politecnico-de-viana-do-castelo-criam-sopa-especifica-para-idosos\\\/\"},\"wordCount\":837,\"image\":{\"@id\":\"https:\\\/\\\/www.altominho.tv\\\/site\\\/2021\\\/10\\\/19\\\/investigadores-do-politecnico-de-viana-do-castelo-criam-sopa-especifica-para-idosos\\\/#primaryimage\"},\"thumbnailUrl\":\"https:\\\/\\\/www.altominho.tv\\\/site\\\/wp-content\\\/uploads\\\/2021\\\/10\\\/Nutriage.jpeg\",\"keywords\":[\"Educa\u00e7\u00e3o\"],\"articleSection\":[\"Viana do Castelo\"],\"inLanguage\":\"pt-PT\",\"copyrightYear\":\"2021\",\"copyrightHolder\":{\"@id\":\"https:\\\/\\\/www.altominho.tv\\\/site\\\/#organization\"}},{\"@type\":\"WebPage\",\"@id\":\"https:\\\/\\\/www.altominho.tv\\\/site\\\/2021\\\/10\\\/19\\\/investigadores-do-politecnico-de-viana-do-castelo-criam-sopa-especifica-para-idosos\\\/\",\"url\":\"https:\\\/\\\/www.altominho.tv\\\/site\\\/2021\\\/10\\\/19\\\/investigadores-do-politecnico-de-viana-do-castelo-criam-sopa-especifica-para-idosos\\\/\",\"name\":\"Investigadores do polit\u00e9cnico de Viana do Castelo criam sopa espec\u00edfica para idosos\",\"isPartOf\":{\"@id\":\"https:\\\/\\\/www.altominho.tv\\\/site\\\/#website\"},\"primaryImageOfPage\":{\"@id\":\"https:\\\/\\\/www.altominho.tv\\\/site\\\/2021\\\/10\\\/19\\\/investigadores-do-politecnico-de-viana-do-castelo-criam-sopa-especifica-para-idosos\\\/#primaryimage\"},\"image\":{\"@id\":\"https:\\\/\\\/www.altominho.tv\\\/site\\\/2021\\\/10\\\/19\\\/investigadores-do-politecnico-de-viana-do-castelo-criam-sopa-especifica-para-idosos\\\/#primaryimage\"},\"thumbnailUrl\":\"https:\\\/\\\/www.altominho.tv\\\/site\\\/wp-content\\\/uploads\\\/2021\\\/10\\\/Nutriage.jpeg\",\"datePublished\":\"2021-10-19T18:07:20+00:00\",\"dateModified\":\"2021-10-19T18:07:25+00:00\",\"author\":{\"@id\":\"https:\\\/\\\/www.altominho.tv\\\/site\\\/#\\\/schema\\\/person\\\/63f693da3e1899361cbe955c46f3232e\"},\"breadcrumb\":{\"@id\":\"https:\\\/\\\/www.altominho.tv\\\/site\\\/2021\\\/10\\\/19\\\/investigadores-do-politecnico-de-viana-do-castelo-criam-sopa-especifica-para-idosos\\\/#breadcrumb\"},\"inLanguage\":\"pt-PT\",\"potentialAction\":[{\"@type\":\"ReadAction\",\"target\":[\"https:\\\/\\\/www.altominho.tv\\\/site\\\/2021\\\/10\\\/19\\\/investigadores-do-politecnico-de-viana-do-castelo-criam-sopa-especifica-para-idosos\\\/\"]}]},{\"@type\":\"ImageObject\",\"inLanguage\":\"pt-PT\",\"@id\":\"https:\\\/\\\/www.altominho.tv\\\/site\\\/2021\\\/10\\\/19\\\/investigadores-do-politecnico-de-viana-do-castelo-criam-sopa-especifica-para-idosos\\\/#primaryimage\",\"url\":\"https:\\\/\\\/www.altominho.tv\\\/site\\\/wp-content\\\/uploads\\\/2021\\\/10\\\/Nutriage.jpeg\",\"contentUrl\":\"https:\\\/\\\/www.altominho.tv\\\/site\\\/wp-content\\\/uploads\\\/2021\\\/10\\\/Nutriage.jpeg\",\"width\":640,\"height\":426},{\"@type\":\"BreadcrumbList\",\"@id\":\"https:\\\/\\\/www.altominho.tv\\\/site\\\/2021\\\/10\\\/19\\\/investigadores-do-politecnico-de-viana-do-castelo-criam-sopa-especifica-para-idosos\\\/#breadcrumb\",\"itemListElement\":[{\"@type\":\"ListItem\",\"position\":1,\"name\":\"In\u00edcio\",\"item\":\"https:\\\/\\\/www.altominho.tv\\\/site\\\/\"},{\"@type\":\"ListItem\",\"position\":2,\"name\":\"Investigadores do polit\u00e9cnico de Viana do Castelo criam sopa espec\u00edfica para idosos\"}]},{\"@type\":\"WebSite\",\"@id\":\"https:\\\/\\\/www.altominho.tv\\\/site\\\/#website\",\"url\":\"https:\\\/\\\/www.altominho.tv\\\/site\\\/\",\"name\":\"Altominho.tv\",\"description\":\"A sua regi\u00e3o \u00e0 dist\u00e2ncia de um clique...\",\"potentialAction\":[{\"@type\":\"SearchAction\",\"target\":{\"@type\":\"EntryPoint\",\"urlTemplate\":\"https:\\\/\\\/www.altominho.tv\\\/site\\\/?s={search_term_string}\"},\"query-input\":{\"@type\":\"PropertyValueSpecification\",\"valueRequired\":true,\"valueName\":\"search_term_string\"}}],\"inLanguage\":\"pt-PT\"},{\"@type\":\"Person\",\"@id\":\"https:\\\/\\\/www.altominho.tv\\\/site\\\/#\\\/schema\\\/person\\\/63f693da3e1899361cbe955c46f3232e\",\"name\":\"Lusa\",\"image\":{\"@type\":\"ImageObject\",\"inLanguage\":\"pt-PT\",\"@id\":\"https:\\\/\\\/www.altominho.tv\\\/site\\\/wp-content\\\/uploads\\\/2019\\\/08\\\/LUSA_Logo.gif\",\"url\":\"https:\\\/\\\/www.altominho.tv\\\/site\\\/wp-content\\\/uploads\\\/2019\\\/08\\\/LUSA_Logo.gif\",\"contentUrl\":\"https:\\\/\\\/www.altominho.tv\\\/site\\\/wp-content\\\/uploads\\\/2019\\\/08\\\/LUSA_Logo.gif\",\"caption\":\"Lusa\"},\"sameAs\":[\"http:\\\/\\\/\\\/\\\/www.altominho.tv\\\/site\"],\"url\":\"https:\\\/\\\/www.altominho.tv\\\/site\\\/author\\\/lusa\\\/\"}]}<\/script>\n<!-- \/ Yoast SEO Premium plugin. -->","yoast_head_json":{"title":"Investigadores do polit\u00e9cnico de Viana do Castelo criam sopa espec\u00edfica para idosos","robots":{"index":"index","follow":"follow","max-snippet":"max-snippet:-1","max-image-preview":"max-image-preview:large","max-video-preview":"max-video-preview:-1"},"canonical":"https:\/\/www.altominho.tv\/site\/2021\/10\/19\/investigadores-do-politecnico-de-viana-do-castelo-criam-sopa-especifica-para-idosos\/","og_locale":"pt_PT","og_type":"article","og_title":"Investigadores do polit\u00e9cnico de Viana do Castelo criam sopa espec\u00edfica para idosos","og_description":"Investigadores do Instituto Polit\u00e9cnico de Viana do Castelo (IPVC) criaram uma sopa enriquecida com br\u00e1ssica (couve-galega) desidratada que ajuda a colmatar as car\u00eancias alimentares dos idosos da eurorregi\u00e3o Norte de Portugal-Galiza, foi hoje divulgado. Em comunicado enviado \u00e0s reda\u00e7\u00f5es, o IPVC explicou que a sopa foi desenvolvida ao abrigo do projeto Nutriage, que contou com [&hellip;]","og_url":"https:\/\/www.altominho.tv\/site\/2021\/10\/19\/investigadores-do-politecnico-de-viana-do-castelo-criam-sopa-especifica-para-idosos\/","og_site_name":"Altominho.tv","article_publisher":"https:\/\/www.facebook.com\/altominhotv","article_published_time":"2021-10-19T18:07:20+00:00","article_modified_time":"2021-10-19T18:07:25+00:00","og_image":[{"width":640,"height":426,"url":"https:\/\/www.altominho.tv\/site\/wp-content\/uploads\/2021\/10\/Nutriage.jpeg","type":"image\/jpeg"}],"author":"Lusa","twitter_card":"summary_large_image","twitter_creator":"@altominhoTV","twitter_site":"@altominhoTV","twitter_misc":{"Escrito por":"Lusa","Tempo estimado de leitura":"4 minutos"},"schema":{"@context":"https:\/\/schema.org","@graph":[{"@type":"Article","@id":"https:\/\/www.altominho.tv\/site\/2021\/10\/19\/investigadores-do-politecnico-de-viana-do-castelo-criam-sopa-especifica-para-idosos\/#article","isPartOf":{"@id":"https:\/\/www.altominho.tv\/site\/2021\/10\/19\/investigadores-do-politecnico-de-viana-do-castelo-criam-sopa-especifica-para-idosos\/"},"author":{"name":"Lusa","@id":"https:\/\/www.altominho.tv\/site\/#\/schema\/person\/63f693da3e1899361cbe955c46f3232e"},"headline":"Investigadores do polit\u00e9cnico de Viana do Castelo criam sopa espec\u00edfica para idosos","datePublished":"2021-10-19T18:07:20+00:00","dateModified":"2021-10-19T18:07:25+00:00","mainEntityOfPage":{"@id":"https:\/\/www.altominho.tv\/site\/2021\/10\/19\/investigadores-do-politecnico-de-viana-do-castelo-criam-sopa-especifica-para-idosos\/"},"wordCount":837,"image":{"@id":"https:\/\/www.altominho.tv\/site\/2021\/10\/19\/investigadores-do-politecnico-de-viana-do-castelo-criam-sopa-especifica-para-idosos\/#primaryimage"},"thumbnailUrl":"https:\/\/www.altominho.tv\/site\/wp-content\/uploads\/2021\/10\/Nutriage.jpeg","keywords":["Educa\u00e7\u00e3o"],"articleSection":["Viana do Castelo"],"inLanguage":"pt-PT","copyrightYear":"2021","copyrightHolder":{"@id":"https:\/\/www.altominho.tv\/site\/#organization"}},{"@type":"WebPage","@id":"https:\/\/www.altominho.tv\/site\/2021\/10\/19\/investigadores-do-politecnico-de-viana-do-castelo-criam-sopa-especifica-para-idosos\/","url":"https:\/\/www.altominho.tv\/site\/2021\/10\/19\/investigadores-do-politecnico-de-viana-do-castelo-criam-sopa-especifica-para-idosos\/","name":"Investigadores do polit\u00e9cnico de Viana do Castelo criam sopa espec\u00edfica para idosos","isPartOf":{"@id":"https:\/\/www.altominho.tv\/site\/#website"},"primaryImageOfPage":{"@id":"https:\/\/www.altominho.tv\/site\/2021\/10\/19\/investigadores-do-politecnico-de-viana-do-castelo-criam-sopa-especifica-para-idosos\/#primaryimage"},"image":{"@id":"https:\/\/www.altominho.tv\/site\/2021\/10\/19\/investigadores-do-politecnico-de-viana-do-castelo-criam-sopa-especifica-para-idosos\/#primaryimage"},"thumbnailUrl":"https:\/\/www.altominho.tv\/site\/wp-content\/uploads\/2021\/10\/Nutriage.jpeg","datePublished":"2021-10-19T18:07:20+00:00","dateModified":"2021-10-19T18:07:25+00:00","author":{"@id":"https:\/\/www.altominho.tv\/site\/#\/schema\/person\/63f693da3e1899361cbe955c46f3232e"},"breadcrumb":{"@id":"https:\/\/www.altominho.tv\/site\/2021\/10\/19\/investigadores-do-politecnico-de-viana-do-castelo-criam-sopa-especifica-para-idosos\/#breadcrumb"},"inLanguage":"pt-PT","potentialAction":[{"@type":"ReadAction","target":["https:\/\/www.altominho.tv\/site\/2021\/10\/19\/investigadores-do-politecnico-de-viana-do-castelo-criam-sopa-especifica-para-idosos\/"]}]},{"@type":"ImageObject","inLanguage":"pt-PT","@id":"https:\/\/www.altominho.tv\/site\/2021\/10\/19\/investigadores-do-politecnico-de-viana-do-castelo-criam-sopa-especifica-para-idosos\/#primaryimage","url":"https:\/\/www.altominho.tv\/site\/wp-content\/uploads\/2021\/10\/Nutriage.jpeg","contentUrl":"https:\/\/www.altominho.tv\/site\/wp-content\/uploads\/2021\/10\/Nutriage.jpeg","width":640,"height":426},{"@type":"BreadcrumbList","@id":"https:\/\/www.altominho.tv\/site\/2021\/10\/19\/investigadores-do-politecnico-de-viana-do-castelo-criam-sopa-especifica-para-idosos\/#breadcrumb","itemListElement":[{"@type":"ListItem","position":1,"name":"In\u00edcio","item":"https:\/\/www.altominho.tv\/site\/"},{"@type":"ListItem","position":2,"name":"Investigadores do polit\u00e9cnico de Viana do Castelo criam sopa espec\u00edfica para idosos"}]},{"@type":"WebSite","@id":"https:\/\/www.altominho.tv\/site\/#website","url":"https:\/\/www.altominho.tv\/site\/","name":"Altominho.tv","description":"A sua regi\u00e3o \u00e0 dist\u00e2ncia de um clique...","potentialAction":[{"@type":"SearchAction","target":{"@type":"EntryPoint","urlTemplate":"https:\/\/www.altominho.tv\/site\/?s={search_term_string}"},"query-input":{"@type":"PropertyValueSpecification","valueRequired":true,"valueName":"search_term_string"}}],"inLanguage":"pt-PT"},{"@type":"Person","@id":"https:\/\/www.altominho.tv\/site\/#\/schema\/person\/63f693da3e1899361cbe955c46f3232e","name":"Lusa","image":{"@type":"ImageObject","inLanguage":"pt-PT","@id":"https:\/\/www.altominho.tv\/site\/wp-content\/uploads\/2019\/08\/LUSA_Logo.gif","url":"https:\/\/www.altominho.tv\/site\/wp-content\/uploads\/2019\/08\/LUSA_Logo.gif","contentUrl":"https:\/\/www.altominho.tv\/site\/wp-content\/uploads\/2019\/08\/LUSA_Logo.gif","caption":"Lusa"},"sameAs":["http:\/\/\/\/www.altominho.tv\/site"],"url":"https:\/\/www.altominho.tv\/site\/author\/lusa\/"}]}},"_links":{"self":[{"href":"https:\/\/www.altominho.tv\/site\/wp-json\/wp\/v2\/posts\/71760","targetHints":{"allow":["GET"]}}],"collection":[{"href":"https:\/\/www.altominho.tv\/site\/wp-json\/wp\/v2\/posts"}],"about":[{"href":"https:\/\/www.altominho.tv\/site\/wp-json\/wp\/v2\/types\/post"}],"author":[{"embeddable":true,"href":"https:\/\/www.altominho.tv\/site\/wp-json\/wp\/v2\/users\/13"}],"replies":[{"embeddable":true,"href":"https:\/\/www.altominho.tv\/site\/wp-json\/wp\/v2\/comments?post=71760"}],"version-history":[{"count":0,"href":"https:\/\/www.altominho.tv\/site\/wp-json\/wp\/v2\/posts\/71760\/revisions"}],"wp:featuredmedia":[{"embeddable":true,"href":"https:\/\/www.altominho.tv\/site\/wp-json\/wp\/v2\/media\/71761"}],"wp:attachment":[{"href":"https:\/\/www.altominho.tv\/site\/wp-json\/wp\/v2\/media?parent=71760"}],"wp:term":[{"taxonomy":"category","embeddable":true,"href":"https:\/\/www.altominho.tv\/site\/wp-json\/wp\/v2\/categories?post=71760"},{"taxonomy":"post_tag","embeddable":true,"href":"https:\/\/www.altominho.tv\/site\/wp-json\/wp\/v2\/tags?post=71760"}],"curies":[{"name":"wp","href":"https:\/\/api.w.org\/{rel}","templated":true}]}}