{"id":7173,"date":"2017-12-18T16:29:18","date_gmt":"2017-12-18T16:29:18","guid":{"rendered":"http:\/\/www.altominho.tv\/site\/?p=7173"},"modified":"2017-12-18T16:29:18","modified_gmt":"2017-12-18T16:29:18","slug":"trabalhadores-da-petrogal-terminaram-greve-de-uma-semana-com-adesao-de-80","status":"publish","type":"post","link":"https:\/\/www.altominho.tv\/site\/2017\/12\/18\/trabalhadores-da-petrogal-terminaram-greve-de-uma-semana-com-adesao-de-80\/","title":{"rendered":"Trabalhadores da Petrogal terminaram greve de uma semana com ades\u00e3o de 80%"},"content":{"rendered":"<p>Os trabalhadores da Petrogal, empresa do grupo Galp, terminaram hoje uma greve de uma semana para reclamar a reposi\u00e7\u00e3o de direitos e esperam que a ades\u00e3o de 80% conseguida altere a postura negocial da empresa.<\/p>\n<blockquote><p>\n&#8220;Foram 176 horas de greve, 22 turnos, que registaram sempre o mesmo n\u00edvel de ades\u00e3o, os 80%. Esperamos que a empresa analise isto, tenha em conta o descontentamento demonstrado pelos trabalhadores e altere a sua postura para discutir o Acordo de Empresa&#8221;, disse \u00e0 ag\u00eancia Lusa Jos\u00e9 Santos, dirigente da Federa\u00e7\u00e3o Sindical Fiequimetal, filiada na CGTP.<\/p><\/blockquote>\n<p>Segundo o sindicalista, os trabalhadores est\u00e3o a aguardar com expectativa a reuni\u00e3o tripartida que se realiza na quarta-feira com o ministro do Trabalho.<\/p>\n<p>A paralisa\u00e7\u00e3o terminou \u00e0s 06:00 de hoje na Refinaria do Porto, no Terminal de Leix\u00f5es, e nos parques de Viana do Castelo, de Perafita, da Boa Nova e do Real, locais onde se iniciou \u00e0s 22:00 de dia 10.<\/p>\n<p>Os trabalhadores da Refinaria de Sines, do Terminal de Sines e do Parque de Sines iniciaram a greve \u00e0s 00:00 de dia 11 e terminaram-na \u00e0s 24:00 de domingo.<\/p>\n<p>Os funcion\u00e1rios a laborar nas instala\u00e7\u00f5es da Petrogal na \u00e1rea de Lisboa paralisaram das 14:00 \u00e0s 18:00 dos dias 11, 12, 13, 14 e 15 de dezembro.<\/p>\n<p>Foi tamb\u00e9m declarada greve a todo o trabalho suplementar, nos per\u00edodos compreendidos at\u00e9 12 horas antes do in\u00edcio de cada per\u00edodo de greve e at\u00e9 12 horas depois do fim de cada um desses per\u00edodos.<\/p>\n<p>A melhoria dos sal\u00e1rios, a manuten\u00e7\u00e3o dos direitos espec\u00edficos dos trabalhadores de turnos e do regime de reforma e de sa\u00fade s\u00e3o as principais reivindica\u00e7\u00f5es na base do conflito.<\/p>\n<p>Os trabalhadores contestam ainda a desregula\u00e7\u00e3o e o aumento dos hor\u00e1rios de trabalho.<\/p>\n<p>O diferendo com a empresa tem-se arrastado desde 2014, o que levou \u00e0 realiza\u00e7\u00e3o de v\u00e1rias greves.<\/p>\n<p>A greve foi tamb\u00e9m convocada pelo Sindicato da Ind\u00fastria e Com\u00e9rcio Petrol\u00edfero.<\/p>\n<p>A Lusa contactou a empresa, mas at\u00e9 ao momento n\u00e3o obteve resposta.<\/p>\n","protected":false},"excerpt":{"rendered":"<p>Os trabalhadores da Petrogal, empresa do grupo Galp, terminaram hoje uma greve de uma semana para reclamar a reposi\u00e7\u00e3o de direitos e esperam que a ades\u00e3o de 80% conseguida altere a postura negocial da empresa. &#8220;Foram 176 horas de greve, 22 turnos, que registaram sempre o mesmo n\u00edvel de ades\u00e3o, os 80%. Esperamos que a [&hellip;]<\/p>\n","protected":false},"author":6,"featured_media":7174,"comment_status":"closed","ping_status":"closed","sticky":false,"template":"","format":"standard","meta":{"_exactmetrics_skip_tracking":false,"_exactmetrics_sitenote_active":false,"_exactmetrics_sitenote_note":"","_exactmetrics_sitenote_category":0,"footnotes":""},"categories":[73],"tags":[27],"class_list":["post-7173","post","type-post","status-publish","format-standard","has-post-thumbnail","hentry","category-alto-minho","tag-sociedade"],"yoast_head":"<!-- This site is optimized with the Yoast SEO Premium plugin v27.5 (Yoast SEO v27.5) - https:\/\/yoast.com\/product\/yoast-seo-premium-wordpress\/ -->\n<title>Trabalhadores da Petrogal terminaram greve de uma semana com ades\u00e3o de 80%<\/title>\n<meta name=\"robots\" content=\"index, follow, max-snippet:-1, max-image-preview:large, max-video-preview:-1\" \/>\n<link rel=\"canonical\" href=\"https:\/\/www.altominho.tv\/site\/2017\/12\/18\/trabalhadores-da-petrogal-terminaram-greve-de-uma-semana-com-adesao-de-80\/\" \/>\n<meta property=\"og:locale\" content=\"pt_PT\" \/>\n<meta property=\"og:type\" content=\"article\" \/>\n<meta property=\"og:title\" content=\"Trabalhadores da Petrogal terminaram greve de uma semana com ades\u00e3o de 80%\" \/>\n<meta property=\"og:description\" content=\"Os trabalhadores da Petrogal, empresa do grupo Galp, terminaram hoje uma greve de uma semana para reclamar a reposi\u00e7\u00e3o de direitos e esperam que a ades\u00e3o de 80% conseguida altere a postura negocial da empresa. &#8220;Foram 176 horas de greve, 22 turnos, que registaram sempre o mesmo n\u00edvel de ades\u00e3o, os 80%. Esperamos que a [&hellip;]\" \/>\n<meta property=\"og:url\" content=\"https:\/\/www.altominho.tv\/site\/2017\/12\/18\/trabalhadores-da-petrogal-terminaram-greve-de-uma-semana-com-adesao-de-80\/\" \/>\n<meta property=\"og:site_name\" content=\"Altominho.tv\" \/>\n<meta property=\"article:publisher\" content=\"https:\/\/www.facebook.com\/altominhotv\" \/>\n<meta property=\"article:published_time\" content=\"2017-12-18T16:29:18+00:00\" \/>\n<meta property=\"og:image\" content=\"https:\/\/www.altominho.tv\/site\/wp-content\/uploads\/2017\/12\/petro.jpeg\" \/>\n\t<meta property=\"og:image:width\" content=\"823\" \/>\n\t<meta property=\"og:image:height\" content=\"551\" \/>\n\t<meta property=\"og:image:type\" content=\"image\/jpeg\" \/>\n<meta name=\"author\" content=\"C\u00e1tia Malheiro\" \/>\n<meta name=\"twitter:card\" content=\"summary_large_image\" \/>\n<meta name=\"twitter:creator\" content=\"@altominhoTV\" \/>\n<meta name=\"twitter:site\" content=\"@altominhoTV\" \/>\n<meta name=\"twitter:label1\" content=\"Escrito por\" \/>\n\t<meta name=\"twitter:data1\" content=\"C\u00e1tia Malheiro\" \/>\n\t<meta name=\"twitter:label2\" content=\"Tempo estimado de leitura\" \/>\n\t<meta name=\"twitter:data2\" content=\"2 minutos\" \/>\n<script type=\"application\/ld+json\" class=\"yoast-schema-graph\">{\"@context\":\"https:\\\/\\\/schema.org\",\"@graph\":[{\"@type\":\"Article\",\"@id\":\"https:\\\/\\\/www.altominho.tv\\\/site\\\/2017\\\/12\\\/18\\\/trabalhadores-da-petrogal-terminaram-greve-de-uma-semana-com-adesao-de-80\\\/#article\",\"isPartOf\":{\"@id\":\"https:\\\/\\\/www.altominho.tv\\\/site\\\/2017\\\/12\\\/18\\\/trabalhadores-da-petrogal-terminaram-greve-de-uma-semana-com-adesao-de-80\\\/\"},\"author\":{\"name\":\"C\u00e1tia Malheiro\",\"@id\":\"https:\\\/\\\/www.altominho.tv\\\/site\\\/#\\\/schema\\\/person\\\/5c9404a8b438614c93da6ca09db92574\"},\"headline\":\"Trabalhadores da Petrogal terminaram greve de uma semana com ades\u00e3o de 80%\",\"datePublished\":\"2017-12-18T16:29:18+00:00\",\"mainEntityOfPage\":{\"@id\":\"https:\\\/\\\/www.altominho.tv\\\/site\\\/2017\\\/12\\\/18\\\/trabalhadores-da-petrogal-terminaram-greve-de-uma-semana-com-adesao-de-80\\\/\"},\"wordCount\":349,\"image\":{\"@id\":\"https:\\\/\\\/www.altominho.tv\\\/site\\\/2017\\\/12\\\/18\\\/trabalhadores-da-petrogal-terminaram-greve-de-uma-semana-com-adesao-de-80\\\/#primaryimage\"},\"thumbnailUrl\":\"https:\\\/\\\/www.altominho.tv\\\/site\\\/wp-content\\\/uploads\\\/2017\\\/12\\\/petro.jpeg\",\"keywords\":[\"Sociedade\"],\"articleSection\":[\"Alto Minho\"],\"inLanguage\":\"pt-PT\",\"copyrightYear\":\"2017\",\"copyrightHolder\":{\"@id\":\"https:\\\/\\\/www.altominho.tv\\\/site\\\/#organization\"}},{\"@type\":\"WebPage\",\"@id\":\"https:\\\/\\\/www.altominho.tv\\\/site\\\/2017\\\/12\\\/18\\\/trabalhadores-da-petrogal-terminaram-greve-de-uma-semana-com-adesao-de-80\\\/\",\"url\":\"https:\\\/\\\/www.altominho.tv\\\/site\\\/2017\\\/12\\\/18\\\/trabalhadores-da-petrogal-terminaram-greve-de-uma-semana-com-adesao-de-80\\\/\",\"name\":\"Trabalhadores da Petrogal terminaram greve de uma semana com ades\u00e3o de 80%\",\"isPartOf\":{\"@id\":\"https:\\\/\\\/www.altominho.tv\\\/site\\\/#website\"},\"primaryImageOfPage\":{\"@id\":\"https:\\\/\\\/www.altominho.tv\\\/site\\\/2017\\\/12\\\/18\\\/trabalhadores-da-petrogal-terminaram-greve-de-uma-semana-com-adesao-de-80\\\/#primaryimage\"},\"image\":{\"@id\":\"https:\\\/\\\/www.altominho.tv\\\/site\\\/2017\\\/12\\\/18\\\/trabalhadores-da-petrogal-terminaram-greve-de-uma-semana-com-adesao-de-80\\\/#primaryimage\"},\"thumbnailUrl\":\"https:\\\/\\\/www.altominho.tv\\\/site\\\/wp-content\\\/uploads\\\/2017\\\/12\\\/petro.jpeg\",\"datePublished\":\"2017-12-18T16:29:18+00:00\",\"author\":{\"@id\":\"https:\\\/\\\/www.altominho.tv\\\/site\\\/#\\\/schema\\\/person\\\/5c9404a8b438614c93da6ca09db92574\"},\"breadcrumb\":{\"@id\":\"https:\\\/\\\/www.altominho.tv\\\/site\\\/2017\\\/12\\\/18\\\/trabalhadores-da-petrogal-terminaram-greve-de-uma-semana-com-adesao-de-80\\\/#breadcrumb\"},\"inLanguage\":\"pt-PT\",\"potentialAction\":[{\"@type\":\"ReadAction\",\"target\":[\"https:\\\/\\\/www.altominho.tv\\\/site\\\/2017\\\/12\\\/18\\\/trabalhadores-da-petrogal-terminaram-greve-de-uma-semana-com-adesao-de-80\\\/\"]}]},{\"@type\":\"ImageObject\",\"inLanguage\":\"pt-PT\",\"@id\":\"https:\\\/\\\/www.altominho.tv\\\/site\\\/2017\\\/12\\\/18\\\/trabalhadores-da-petrogal-terminaram-greve-de-uma-semana-com-adesao-de-80\\\/#primaryimage\",\"url\":\"https:\\\/\\\/www.altominho.tv\\\/site\\\/wp-content\\\/uploads\\\/2017\\\/12\\\/petro.jpeg\",\"contentUrl\":\"https:\\\/\\\/www.altominho.tv\\\/site\\\/wp-content\\\/uploads\\\/2017\\\/12\\\/petro.jpeg\",\"width\":823,\"height\":551},{\"@type\":\"BreadcrumbList\",\"@id\":\"https:\\\/\\\/www.altominho.tv\\\/site\\\/2017\\\/12\\\/18\\\/trabalhadores-da-petrogal-terminaram-greve-de-uma-semana-com-adesao-de-80\\\/#breadcrumb\",\"itemListElement\":[{\"@type\":\"ListItem\",\"position\":1,\"name\":\"In\u00edcio\",\"item\":\"https:\\\/\\\/www.altominho.tv\\\/site\\\/\"},{\"@type\":\"ListItem\",\"position\":2,\"name\":\"Trabalhadores da Petrogal terminaram greve de uma semana com ades\u00e3o de 80%\"}]},{\"@type\":\"WebSite\",\"@id\":\"https:\\\/\\\/www.altominho.tv\\\/site\\\/#website\",\"url\":\"https:\\\/\\\/www.altominho.tv\\\/site\\\/\",\"name\":\"Altominho.tv\",\"description\":\"A sua regi\u00e3o \u00e0 dist\u00e2ncia de um clique...\",\"potentialAction\":[{\"@type\":\"SearchAction\",\"target\":{\"@type\":\"EntryPoint\",\"urlTemplate\":\"https:\\\/\\\/www.altominho.tv\\\/site\\\/?s={search_term_string}\"},\"query-input\":{\"@type\":\"PropertyValueSpecification\",\"valueRequired\":true,\"valueName\":\"search_term_string\"}}],\"inLanguage\":\"pt-PT\"},{\"@type\":\"Person\",\"@id\":\"https:\\\/\\\/www.altominho.tv\\\/site\\\/#\\\/schema\\\/person\\\/5c9404a8b438614c93da6ca09db92574\",\"name\":\"C\u00e1tia Malheiro\",\"image\":{\"@type\":\"ImageObject\",\"inLanguage\":\"pt-PT\",\"@id\":\"https:\\\/\\\/www.altominho.tv\\\/site\\\/wp-content\\\/uploads\\\/2017\\\/11\\\/Catia_Malheiro-150x150.jpg\",\"url\":\"https:\\\/\\\/www.altominho.tv\\\/site\\\/wp-content\\\/uploads\\\/2017\\\/11\\\/Catia_Malheiro-150x150.jpg\",\"contentUrl\":\"https:\\\/\\\/www.altominho.tv\\\/site\\\/wp-content\\\/uploads\\\/2017\\\/11\\\/Catia_Malheiro-150x150.jpg\",\"caption\":\"C\u00e1tia Malheiro\"},\"url\":\"https:\\\/\\\/www.altominho.tv\\\/site\\\/author\\\/catiamalheiro\\\/\"}]}<\/script>\n<!-- \/ Yoast SEO Premium plugin. -->","yoast_head_json":{"title":"Trabalhadores da Petrogal terminaram greve de uma semana com ades\u00e3o de 80%","robots":{"index":"index","follow":"follow","max-snippet":"max-snippet:-1","max-image-preview":"max-image-preview:large","max-video-preview":"max-video-preview:-1"},"canonical":"https:\/\/www.altominho.tv\/site\/2017\/12\/18\/trabalhadores-da-petrogal-terminaram-greve-de-uma-semana-com-adesao-de-80\/","og_locale":"pt_PT","og_type":"article","og_title":"Trabalhadores da Petrogal terminaram greve de uma semana com ades\u00e3o de 80%","og_description":"Os trabalhadores da Petrogal, empresa do grupo Galp, terminaram hoje uma greve de uma semana para reclamar a reposi\u00e7\u00e3o de direitos e esperam que a ades\u00e3o de 80% conseguida altere a postura negocial da empresa. &#8220;Foram 176 horas de greve, 22 turnos, que registaram sempre o mesmo n\u00edvel de ades\u00e3o, os 80%. Esperamos que a [&hellip;]","og_url":"https:\/\/www.altominho.tv\/site\/2017\/12\/18\/trabalhadores-da-petrogal-terminaram-greve-de-uma-semana-com-adesao-de-80\/","og_site_name":"Altominho.tv","article_publisher":"https:\/\/www.facebook.com\/altominhotv","article_published_time":"2017-12-18T16:29:18+00:00","og_image":[{"width":823,"height":551,"url":"https:\/\/www.altominho.tv\/site\/wp-content\/uploads\/2017\/12\/petro.jpeg","type":"image\/jpeg"}],"author":"C\u00e1tia Malheiro","twitter_card":"summary_large_image","twitter_creator":"@altominhoTV","twitter_site":"@altominhoTV","twitter_misc":{"Escrito por":"C\u00e1tia Malheiro","Tempo estimado de leitura":"2 minutos"},"schema":{"@context":"https:\/\/schema.org","@graph":[{"@type":"Article","@id":"https:\/\/www.altominho.tv\/site\/2017\/12\/18\/trabalhadores-da-petrogal-terminaram-greve-de-uma-semana-com-adesao-de-80\/#article","isPartOf":{"@id":"https:\/\/www.altominho.tv\/site\/2017\/12\/18\/trabalhadores-da-petrogal-terminaram-greve-de-uma-semana-com-adesao-de-80\/"},"author":{"name":"C\u00e1tia Malheiro","@id":"https:\/\/www.altominho.tv\/site\/#\/schema\/person\/5c9404a8b438614c93da6ca09db92574"},"headline":"Trabalhadores da Petrogal terminaram greve de uma semana com ades\u00e3o de 80%","datePublished":"2017-12-18T16:29:18+00:00","mainEntityOfPage":{"@id":"https:\/\/www.altominho.tv\/site\/2017\/12\/18\/trabalhadores-da-petrogal-terminaram-greve-de-uma-semana-com-adesao-de-80\/"},"wordCount":349,"image":{"@id":"https:\/\/www.altominho.tv\/site\/2017\/12\/18\/trabalhadores-da-petrogal-terminaram-greve-de-uma-semana-com-adesao-de-80\/#primaryimage"},"thumbnailUrl":"https:\/\/www.altominho.tv\/site\/wp-content\/uploads\/2017\/12\/petro.jpeg","keywords":["Sociedade"],"articleSection":["Alto Minho"],"inLanguage":"pt-PT","copyrightYear":"2017","copyrightHolder":{"@id":"https:\/\/www.altominho.tv\/site\/#organization"}},{"@type":"WebPage","@id":"https:\/\/www.altominho.tv\/site\/2017\/12\/18\/trabalhadores-da-petrogal-terminaram-greve-de-uma-semana-com-adesao-de-80\/","url":"https:\/\/www.altominho.tv\/site\/2017\/12\/18\/trabalhadores-da-petrogal-terminaram-greve-de-uma-semana-com-adesao-de-80\/","name":"Trabalhadores da Petrogal terminaram greve de uma semana com ades\u00e3o de 80%","isPartOf":{"@id":"https:\/\/www.altominho.tv\/site\/#website"},"primaryImageOfPage":{"@id":"https:\/\/www.altominho.tv\/site\/2017\/12\/18\/trabalhadores-da-petrogal-terminaram-greve-de-uma-semana-com-adesao-de-80\/#primaryimage"},"image":{"@id":"https:\/\/www.altominho.tv\/site\/2017\/12\/18\/trabalhadores-da-petrogal-terminaram-greve-de-uma-semana-com-adesao-de-80\/#primaryimage"},"thumbnailUrl":"https:\/\/www.altominho.tv\/site\/wp-content\/uploads\/2017\/12\/petro.jpeg","datePublished":"2017-12-18T16:29:18+00:00","author":{"@id":"https:\/\/www.altominho.tv\/site\/#\/schema\/person\/5c9404a8b438614c93da6ca09db92574"},"breadcrumb":{"@id":"https:\/\/www.altominho.tv\/site\/2017\/12\/18\/trabalhadores-da-petrogal-terminaram-greve-de-uma-semana-com-adesao-de-80\/#breadcrumb"},"inLanguage":"pt-PT","potentialAction":[{"@type":"ReadAction","target":["https:\/\/www.altominho.tv\/site\/2017\/12\/18\/trabalhadores-da-petrogal-terminaram-greve-de-uma-semana-com-adesao-de-80\/"]}]},{"@type":"ImageObject","inLanguage":"pt-PT","@id":"https:\/\/www.altominho.tv\/site\/2017\/12\/18\/trabalhadores-da-petrogal-terminaram-greve-de-uma-semana-com-adesao-de-80\/#primaryimage","url":"https:\/\/www.altominho.tv\/site\/wp-content\/uploads\/2017\/12\/petro.jpeg","contentUrl":"https:\/\/www.altominho.tv\/site\/wp-content\/uploads\/2017\/12\/petro.jpeg","width":823,"height":551},{"@type":"BreadcrumbList","@id":"https:\/\/www.altominho.tv\/site\/2017\/12\/18\/trabalhadores-da-petrogal-terminaram-greve-de-uma-semana-com-adesao-de-80\/#breadcrumb","itemListElement":[{"@type":"ListItem","position":1,"name":"In\u00edcio","item":"https:\/\/www.altominho.tv\/site\/"},{"@type":"ListItem","position":2,"name":"Trabalhadores da Petrogal terminaram greve de uma semana com ades\u00e3o de 80%"}]},{"@type":"WebSite","@id":"https:\/\/www.altominho.tv\/site\/#website","url":"https:\/\/www.altominho.tv\/site\/","name":"Altominho.tv","description":"A sua regi\u00e3o \u00e0 dist\u00e2ncia de um clique...","potentialAction":[{"@type":"SearchAction","target":{"@type":"EntryPoint","urlTemplate":"https:\/\/www.altominho.tv\/site\/?s={search_term_string}"},"query-input":{"@type":"PropertyValueSpecification","valueRequired":true,"valueName":"search_term_string"}}],"inLanguage":"pt-PT"},{"@type":"Person","@id":"https:\/\/www.altominho.tv\/site\/#\/schema\/person\/5c9404a8b438614c93da6ca09db92574","name":"C\u00e1tia Malheiro","image":{"@type":"ImageObject","inLanguage":"pt-PT","@id":"https:\/\/www.altominho.tv\/site\/wp-content\/uploads\/2017\/11\/Catia_Malheiro-150x150.jpg","url":"https:\/\/www.altominho.tv\/site\/wp-content\/uploads\/2017\/11\/Catia_Malheiro-150x150.jpg","contentUrl":"https:\/\/www.altominho.tv\/site\/wp-content\/uploads\/2017\/11\/Catia_Malheiro-150x150.jpg","caption":"C\u00e1tia Malheiro"},"url":"https:\/\/www.altominho.tv\/site\/author\/catiamalheiro\/"}]}},"_links":{"self":[{"href":"https:\/\/www.altominho.tv\/site\/wp-json\/wp\/v2\/posts\/7173","targetHints":{"allow":["GET"]}}],"collection":[{"href":"https:\/\/www.altominho.tv\/site\/wp-json\/wp\/v2\/posts"}],"about":[{"href":"https:\/\/www.altominho.tv\/site\/wp-json\/wp\/v2\/types\/post"}],"author":[{"embeddable":true,"href":"https:\/\/www.altominho.tv\/site\/wp-json\/wp\/v2\/users\/6"}],"replies":[{"embeddable":true,"href":"https:\/\/www.altominho.tv\/site\/wp-json\/wp\/v2\/comments?post=7173"}],"version-history":[{"count":0,"href":"https:\/\/www.altominho.tv\/site\/wp-json\/wp\/v2\/posts\/7173\/revisions"}],"wp:featuredmedia":[{"embeddable":true,"href":"https:\/\/www.altominho.tv\/site\/wp-json\/wp\/v2\/media\/7174"}],"wp:attachment":[{"href":"https:\/\/www.altominho.tv\/site\/wp-json\/wp\/v2\/media?parent=7173"}],"wp:term":[{"taxonomy":"category","embeddable":true,"href":"https:\/\/www.altominho.tv\/site\/wp-json\/wp\/v2\/categories?post=7173"},{"taxonomy":"post_tag","embeddable":true,"href":"https:\/\/www.altominho.tv\/site\/wp-json\/wp\/v2\/tags?post=7173"}],"curies":[{"name":"wp","href":"https:\/\/api.w.org\/{rel}","templated":true}]}}