{"id":71664,"date":"2021-10-15T15:53:40","date_gmt":"2021-10-15T14:53:40","guid":{"rendered":"https:\/\/www.altominho.tv\/site\/?p=71664"},"modified":"2021-10-15T15:55:40","modified_gmt":"2021-10-15T14:55:40","slug":"nova-camara-de-cerveira-de-maioria-ps-toma-posse-sem-ex-presidente-na-oposicao","status":"publish","type":"post","link":"https:\/\/www.altominho.tv\/site\/2021\/10\/15\/nova-camara-de-cerveira-de-maioria-ps-toma-posse-sem-ex-presidente-na-oposicao\/","title":{"rendered":"Nova C\u00e2mara de Cerveira de maioria PS toma posse sem ex-presidente na oposi\u00e7\u00e3o"},"content":{"rendered":"<p>O novo executivo municipal de Vila Nova de Cerveira, de maioria PS, toma posse no s\u00e1bado, mas o presidente derrotado nas \u00faltimas aut\u00e1rquicas, Fernando Nogueira, n\u00e3o vai assumir as fun\u00e7\u00f5es de vereador do Movimento Independente Pensar Cerveira \u2013 PenCe.<\/p>\n<p>Logo ap\u00f3s as elei\u00e7\u00f5es de aut\u00e1rquicas de setembro, em que saiu vencedor o socialista Rui Teixeira, Fernando Nogueira manifestou-se indispon\u00edvel para ocupar o lugar na oposi\u00e7\u00e3o por ter concorrido para manter a presid\u00eancia da c\u00e2mara num \u00faltimo mandato.<\/p>\n<p>O novo presidente da c\u00e2mara, que devolveu ao PS um munic\u00edpio perdido em 2009 para o movimento Pensar Cerveira, toma posse no s\u00e1bado, \u00e0s 10h30, no cineteatro de Vila Nova de Cerveira.<\/p>\n<p>Segundo os dados do Minist\u00e9rio da Administra\u00e7\u00e3o Interna, e apuradas as 11 freguesias daquele concelho do distrito de Viana do Castelo, Rui Teixeira venceu as elei\u00e7\u00f5es aut\u00e1rquicas de setembro, com 50,83% dos votos, e garantiu tr\u00eas mandatos, protagonizando uma das surpresas das aut\u00e1rquicas no distrito de Viana do Castelo.<\/p>\n<p>O Movimento Independente Pensar Cerveira \u2013 PenCe, apoiado pelo PSD e CDS-PP, e liderado por Fernando Nogueira, atual presidente da c\u00e2mara, foi o segundo mais votado, com 41,18%, assegurando um lugar no executivo municipal.<\/p>\n<p>Esta sexta-feira, em nota enviada \u00e0 imprensa, o presidente cessante adiantou que \u201cos independentes deixam, ao novo executivo, projetos aprovados e financiados de nove milh\u00f5es de euros\u201d.<\/p>\n<p>\u201cEntre aprovados, financiados e prontos a arrancar, o executivo independente liderado por Fernando Nogueira entrega ao novo executivo socialista mais de 30 projetos na ordem dos nove milh\u00f5es de euros, com um financiamento FEDER de 6,5 milh\u00f5es de euros, al\u00e9m de uma redu\u00e7\u00e3o da d\u00edvida municipal superior a 50%, passando de cerca de oito milh\u00f5es de euros de d\u00edvida, em 2013, para cerca de 3,9 milh\u00f5es de euros a 30 de junho de 2021\u201d, refere a nota.<\/p>\n<p>Entre os projetos, est\u00e1 a &#8220;adapta\u00e7\u00e3o do antigo edif\u00edcio dos bombeiros para edif\u00edcio de Cultura e Inova\u00e7\u00e3o, com instala\u00e7\u00e3o da Biblioteca Municipal, SMIS e Seguran\u00e7a Social, a segunda fase de requalifica\u00e7\u00e3o da Escola B\u00e1sica e Secund\u00e1ria de Vila Nova de Cerveira, o Parque Empresarial de Cerveira &#8211; P\u00f3lo V, a reabilita\u00e7\u00e3o do Audit\u00f3rio Municipal, a valoriza\u00e7\u00e3o da incubadora de Ind\u00fastrias Criativas de Vila Nova de Cerveira &#8211; Casa do Empreendedorismo, atrav\u00e9s da Requalifica\u00e7\u00e3o da &#8220;Casa Vermelha&#8221;, a requalifica\u00e7\u00e3o dos edif\u00edcios da antiga escola prim\u00e1ria, antigo jardim de inf\u00e2ncia e junta de freguesia de Mentrestido, a promo\u00e7\u00e3o da sustentabilidade energ\u00e9tica com interven\u00e7\u00f5es em infraestruturas p\u00fablicas da administra\u00e7\u00e3o local, em sistemas de ilumina\u00e7\u00e3o decorativa e p\u00fablica, nomeadamente a instala\u00e7\u00e3o de 2083 lumin\u00e1rias LED&#8221;, enumera.<\/p>\n<p>Citado na nota, o presidente cessante, Fernando Nogueira, explica ser \u201cimperioso para qualquer autarquia ter, de antem\u00e3o, uma vasta carteira de projetos, de forma a agilizar todo o processo de submiss\u00e3o de candidatura, aproveitando no imediato a oportunidade para captar financiamentos europeus, e n\u00e3o perder tempo importante na elabora\u00e7\u00e3o em cima da hora\u201d.<\/p>\n<p>\u201cO que fizemos foi programar sustentadamente o desenvolvimento futuro do concelho nas v\u00e1rias \u00e1reas de atua\u00e7\u00e3o. Obviamente, \u00e9 leg\u00edtimo o novo executivo fazer a sua pondera\u00e7\u00e3o, e atuar mediante as suas op\u00e7\u00f5es\u201d, acrescenta Fernando Nogueira.<\/p>\n<p>Segundo a autarquia, \u201c\u00e0 data da cessa\u00e7\u00e3o de fun\u00e7\u00f5es, e segundo o Relat\u00f3rio Interm\u00e9dio do Auditor Externo, o atual executivo municipal deixa um crescimento do ativo l\u00edquido de 4,32% (+ 2,5 milh\u00f5es de euros) face a 31 de dezembro de 2020, uma autonomia financeira do munic\u00edpio que passa de 89,63% para 90,69%, e a aus\u00eancia de pagamentos em atraso&#8221;.<\/p>\n<p>\u201c\u00c0 data de hoje, 15 de outubro, o resumo di\u00e1rio da tesouraria apresenta-se com 2.983.555,98 euros\u201d, destaca.<\/p>\n","protected":false},"excerpt":{"rendered":"<p>O novo executivo municipal de Vila Nova de Cerveira, de maioria PS, toma posse no s\u00e1bado, mas o presidente derrotado nas \u00faltimas aut\u00e1rquicas, Fernando Nogueira, n\u00e3o vai assumir as fun\u00e7\u00f5es de vereador do Movimento Independente Pensar Cerveira \u2013 PenCe. Logo ap\u00f3s as elei\u00e7\u00f5es de aut\u00e1rquicas de setembro, em que saiu vencedor o socialista Rui Teixeira, [&hellip;]<\/p>\n","protected":false},"author":15,"featured_media":71666,"comment_status":"closed","ping_status":"closed","sticky":false,"template":"","format":"standard","meta":{"_exactmetrics_skip_tracking":false,"_exactmetrics_sitenote_active":false,"_exactmetrics_sitenote_note":"","_exactmetrics_sitenote_category":0,"footnotes":""},"categories":[15],"tags":[21,27],"class_list":["post-71664","post","type-post","status-publish","format-standard","has-post-thumbnail","hentry","category-vila-nova-de-cerveira","tag-economia","tag-sociedade"],"yoast_head":"<!-- This site is optimized with the Yoast SEO Premium plugin v27.5 (Yoast SEO v27.5) - https:\/\/yoast.com\/product\/yoast-seo-premium-wordpress\/ -->\n<title>Nova C\u00e2mara de Cerveira de maioria PS toma posse sem ex-presidente na oposi\u00e7\u00e3o<\/title>\n<meta name=\"robots\" content=\"index, follow, max-snippet:-1, max-image-preview:large, max-video-preview:-1\" \/>\n<link rel=\"canonical\" href=\"https:\/\/www.altominho.tv\/site\/2021\/10\/15\/nova-camara-de-cerveira-de-maioria-ps-toma-posse-sem-ex-presidente-na-oposicao\/\" \/>\n<meta property=\"og:locale\" content=\"pt_PT\" \/>\n<meta property=\"og:type\" content=\"article\" \/>\n<meta property=\"og:title\" content=\"Nova C\u00e2mara de Cerveira de maioria PS toma posse sem ex-presidente na oposi\u00e7\u00e3o\" \/>\n<meta property=\"og:description\" content=\"O novo executivo municipal de Vila Nova de Cerveira, de maioria PS, toma posse no s\u00e1bado, mas o presidente derrotado nas \u00faltimas aut\u00e1rquicas, Fernando Nogueira, n\u00e3o vai assumir as fun\u00e7\u00f5es de vereador do Movimento Independente Pensar Cerveira \u2013 PenCe. Logo ap\u00f3s as elei\u00e7\u00f5es de aut\u00e1rquicas de setembro, em que saiu vencedor o socialista Rui Teixeira, [&hellip;]\" \/>\n<meta property=\"og:url\" content=\"https:\/\/www.altominho.tv\/site\/2021\/10\/15\/nova-camara-de-cerveira-de-maioria-ps-toma-posse-sem-ex-presidente-na-oposicao\/\" \/>\n<meta property=\"og:site_name\" content=\"Altominho.tv\" \/>\n<meta property=\"article:publisher\" content=\"https:\/\/www.facebook.com\/altominhotv\" \/>\n<meta property=\"article:published_time\" content=\"2021-10-15T14:53:40+00:00\" \/>\n<meta property=\"article:modified_time\" content=\"2021-10-15T14:55:40+00:00\" \/>\n<meta property=\"og:image\" content=\"https:\/\/www.altominho.tv\/site\/wp-content\/uploads\/2021\/10\/Camara-Cerveira-scaled.jpg\" \/>\n\t<meta property=\"og:image:width\" content=\"2560\" \/>\n\t<meta property=\"og:image:height\" content=\"1493\" \/>\n\t<meta property=\"og:image:type\" content=\"image\/jpeg\" \/>\n<meta name=\"author\" content=\"Andreia Ferreira | Lusa\" \/>\n<meta name=\"twitter:card\" content=\"summary_large_image\" \/>\n<meta name=\"twitter:creator\" content=\"@altominhoTV\" \/>\n<meta name=\"twitter:site\" content=\"@altominhoTV\" \/>\n<meta name=\"twitter:label1\" content=\"Escrito por\" \/>\n\t<meta name=\"twitter:data1\" content=\"Andreia Ferreira | Lusa\" \/>\n\t<meta name=\"twitter:label2\" content=\"Tempo estimado de leitura\" \/>\n\t<meta name=\"twitter:data2\" content=\"3 minutos\" \/>\n<script type=\"application\/ld+json\" class=\"yoast-schema-graph\">{\"@context\":\"https:\\\/\\\/schema.org\",\"@graph\":[{\"@type\":\"Article\",\"@id\":\"https:\\\/\\\/www.altominho.tv\\\/site\\\/2021\\\/10\\\/15\\\/nova-camara-de-cerveira-de-maioria-ps-toma-posse-sem-ex-presidente-na-oposicao\\\/#article\",\"isPartOf\":{\"@id\":\"https:\\\/\\\/www.altominho.tv\\\/site\\\/2021\\\/10\\\/15\\\/nova-camara-de-cerveira-de-maioria-ps-toma-posse-sem-ex-presidente-na-oposicao\\\/\"},\"author\":{\"name\":\"Andreia Ferreira | Lusa\",\"@id\":\"https:\\\/\\\/www.altominho.tv\\\/site\\\/#\\\/schema\\\/person\\\/a0bff6dc1041aadd46fa81887444b017\"},\"headline\":\"Nova C\u00e2mara de Cerveira de maioria PS toma posse sem ex-presidente na oposi\u00e7\u00e3o\",\"datePublished\":\"2021-10-15T14:53:40+00:00\",\"dateModified\":\"2021-10-15T14:55:40+00:00\",\"mainEntityOfPage\":{\"@id\":\"https:\\\/\\\/www.altominho.tv\\\/site\\\/2021\\\/10\\\/15\\\/nova-camara-de-cerveira-de-maioria-ps-toma-posse-sem-ex-presidente-na-oposicao\\\/\"},\"wordCount\":647,\"image\":{\"@id\":\"https:\\\/\\\/www.altominho.tv\\\/site\\\/2021\\\/10\\\/15\\\/nova-camara-de-cerveira-de-maioria-ps-toma-posse-sem-ex-presidente-na-oposicao\\\/#primaryimage\"},\"thumbnailUrl\":\"https:\\\/\\\/www.altominho.tv\\\/site\\\/wp-content\\\/uploads\\\/2021\\\/10\\\/Camara-Cerveira-scaled.jpg\",\"keywords\":[\"Economia\",\"Sociedade\"],\"articleSection\":[\"Vila Nova de Cerveira\"],\"inLanguage\":\"pt-PT\",\"copyrightYear\":\"2021\",\"copyrightHolder\":{\"@id\":\"https:\\\/\\\/www.altominho.tv\\\/site\\\/#organization\"}},{\"@type\":\"WebPage\",\"@id\":\"https:\\\/\\\/www.altominho.tv\\\/site\\\/2021\\\/10\\\/15\\\/nova-camara-de-cerveira-de-maioria-ps-toma-posse-sem-ex-presidente-na-oposicao\\\/\",\"url\":\"https:\\\/\\\/www.altominho.tv\\\/site\\\/2021\\\/10\\\/15\\\/nova-camara-de-cerveira-de-maioria-ps-toma-posse-sem-ex-presidente-na-oposicao\\\/\",\"name\":\"Nova C\u00e2mara de Cerveira de maioria PS toma posse sem ex-presidente na oposi\u00e7\u00e3o\",\"isPartOf\":{\"@id\":\"https:\\\/\\\/www.altominho.tv\\\/site\\\/#website\"},\"primaryImageOfPage\":{\"@id\":\"https:\\\/\\\/www.altominho.tv\\\/site\\\/2021\\\/10\\\/15\\\/nova-camara-de-cerveira-de-maioria-ps-toma-posse-sem-ex-presidente-na-oposicao\\\/#primaryimage\"},\"image\":{\"@id\":\"https:\\\/\\\/www.altominho.tv\\\/site\\\/2021\\\/10\\\/15\\\/nova-camara-de-cerveira-de-maioria-ps-toma-posse-sem-ex-presidente-na-oposicao\\\/#primaryimage\"},\"thumbnailUrl\":\"https:\\\/\\\/www.altominho.tv\\\/site\\\/wp-content\\\/uploads\\\/2021\\\/10\\\/Camara-Cerveira-scaled.jpg\",\"datePublished\":\"2021-10-15T14:53:40+00:00\",\"dateModified\":\"2021-10-15T14:55:40+00:00\",\"author\":{\"@id\":\"https:\\\/\\\/www.altominho.tv\\\/site\\\/#\\\/schema\\\/person\\\/a0bff6dc1041aadd46fa81887444b017\"},\"breadcrumb\":{\"@id\":\"https:\\\/\\\/www.altominho.tv\\\/site\\\/2021\\\/10\\\/15\\\/nova-camara-de-cerveira-de-maioria-ps-toma-posse-sem-ex-presidente-na-oposicao\\\/#breadcrumb\"},\"inLanguage\":\"pt-PT\",\"potentialAction\":[{\"@type\":\"ReadAction\",\"target\":[\"https:\\\/\\\/www.altominho.tv\\\/site\\\/2021\\\/10\\\/15\\\/nova-camara-de-cerveira-de-maioria-ps-toma-posse-sem-ex-presidente-na-oposicao\\\/\"]}]},{\"@type\":\"ImageObject\",\"inLanguage\":\"pt-PT\",\"@id\":\"https:\\\/\\\/www.altominho.tv\\\/site\\\/2021\\\/10\\\/15\\\/nova-camara-de-cerveira-de-maioria-ps-toma-posse-sem-ex-presidente-na-oposicao\\\/#primaryimage\",\"url\":\"https:\\\/\\\/www.altominho.tv\\\/site\\\/wp-content\\\/uploads\\\/2021\\\/10\\\/Camara-Cerveira-scaled.jpg\",\"contentUrl\":\"https:\\\/\\\/www.altominho.tv\\\/site\\\/wp-content\\\/uploads\\\/2021\\\/10\\\/Camara-Cerveira-scaled.jpg\",\"width\":2560,\"height\":1493},{\"@type\":\"BreadcrumbList\",\"@id\":\"https:\\\/\\\/www.altominho.tv\\\/site\\\/2021\\\/10\\\/15\\\/nova-camara-de-cerveira-de-maioria-ps-toma-posse-sem-ex-presidente-na-oposicao\\\/#breadcrumb\",\"itemListElement\":[{\"@type\":\"ListItem\",\"position\":1,\"name\":\"In\u00edcio\",\"item\":\"https:\\\/\\\/www.altominho.tv\\\/site\\\/\"},{\"@type\":\"ListItem\",\"position\":2,\"name\":\"Nova C\u00e2mara de Cerveira de maioria PS toma posse sem ex-presidente na oposi\u00e7\u00e3o\"}]},{\"@type\":\"WebSite\",\"@id\":\"https:\\\/\\\/www.altominho.tv\\\/site\\\/#website\",\"url\":\"https:\\\/\\\/www.altominho.tv\\\/site\\\/\",\"name\":\"Altominho.tv\",\"description\":\"A sua regi\u00e3o \u00e0 dist\u00e2ncia de um clique...\",\"potentialAction\":[{\"@type\":\"SearchAction\",\"target\":{\"@type\":\"EntryPoint\",\"urlTemplate\":\"https:\\\/\\\/www.altominho.tv\\\/site\\\/?s={search_term_string}\"},\"query-input\":{\"@type\":\"PropertyValueSpecification\",\"valueRequired\":true,\"valueName\":\"search_term_string\"}}],\"inLanguage\":\"pt-PT\"},{\"@type\":\"Person\",\"@id\":\"https:\\\/\\\/www.altominho.tv\\\/site\\\/#\\\/schema\\\/person\\\/a0bff6dc1041aadd46fa81887444b017\",\"name\":\"Andreia Ferreira | Lusa\",\"image\":{\"@type\":\"ImageObject\",\"inLanguage\":\"pt-PT\",\"@id\":\"https:\\\/\\\/www.altominho.tv\\\/site\\\/wp-content\\\/uploads\\\/2018\\\/04\\\/Andreia-150x150.jpg\",\"url\":\"https:\\\/\\\/www.altominho.tv\\\/site\\\/wp-content\\\/uploads\\\/2018\\\/04\\\/Andreia-150x150.jpg\",\"contentUrl\":\"https:\\\/\\\/www.altominho.tv\\\/site\\\/wp-content\\\/uploads\\\/2018\\\/04\\\/Andreia-150x150.jpg\",\"caption\":\"Andreia Ferreira | Lusa\"},\"sameAs\":[\"https:\\\/\\\/www.altominho.tv\\\/site\"],\"url\":\"https:\\\/\\\/www.altominho.tv\\\/site\\\/author\\\/andreiaferreiralusa\\\/\"}]}<\/script>\n<!-- \/ Yoast SEO Premium plugin. -->","yoast_head_json":{"title":"Nova C\u00e2mara de Cerveira de maioria PS toma posse sem ex-presidente na oposi\u00e7\u00e3o","robots":{"index":"index","follow":"follow","max-snippet":"max-snippet:-1","max-image-preview":"max-image-preview:large","max-video-preview":"max-video-preview:-1"},"canonical":"https:\/\/www.altominho.tv\/site\/2021\/10\/15\/nova-camara-de-cerveira-de-maioria-ps-toma-posse-sem-ex-presidente-na-oposicao\/","og_locale":"pt_PT","og_type":"article","og_title":"Nova C\u00e2mara de Cerveira de maioria PS toma posse sem ex-presidente na oposi\u00e7\u00e3o","og_description":"O novo executivo municipal de Vila Nova de Cerveira, de maioria PS, toma posse no s\u00e1bado, mas o presidente derrotado nas \u00faltimas aut\u00e1rquicas, Fernando Nogueira, n\u00e3o vai assumir as fun\u00e7\u00f5es de vereador do Movimento Independente Pensar Cerveira \u2013 PenCe. Logo ap\u00f3s as elei\u00e7\u00f5es de aut\u00e1rquicas de setembro, em que saiu vencedor o socialista Rui Teixeira, [&hellip;]","og_url":"https:\/\/www.altominho.tv\/site\/2021\/10\/15\/nova-camara-de-cerveira-de-maioria-ps-toma-posse-sem-ex-presidente-na-oposicao\/","og_site_name":"Altominho.tv","article_publisher":"https:\/\/www.facebook.com\/altominhotv","article_published_time":"2021-10-15T14:53:40+00:00","article_modified_time":"2021-10-15T14:55:40+00:00","og_image":[{"width":2560,"height":1493,"url":"https:\/\/www.altominho.tv\/site\/wp-content\/uploads\/2021\/10\/Camara-Cerveira-scaled.jpg","type":"image\/jpeg"}],"author":"Andreia Ferreira | Lusa","twitter_card":"summary_large_image","twitter_creator":"@altominhoTV","twitter_site":"@altominhoTV","twitter_misc":{"Escrito por":"Andreia Ferreira | Lusa","Tempo estimado de leitura":"3 minutos"},"schema":{"@context":"https:\/\/schema.org","@graph":[{"@type":"Article","@id":"https:\/\/www.altominho.tv\/site\/2021\/10\/15\/nova-camara-de-cerveira-de-maioria-ps-toma-posse-sem-ex-presidente-na-oposicao\/#article","isPartOf":{"@id":"https:\/\/www.altominho.tv\/site\/2021\/10\/15\/nova-camara-de-cerveira-de-maioria-ps-toma-posse-sem-ex-presidente-na-oposicao\/"},"author":{"name":"Andreia Ferreira | Lusa","@id":"https:\/\/www.altominho.tv\/site\/#\/schema\/person\/a0bff6dc1041aadd46fa81887444b017"},"headline":"Nova C\u00e2mara de Cerveira de maioria PS toma posse sem ex-presidente na oposi\u00e7\u00e3o","datePublished":"2021-10-15T14:53:40+00:00","dateModified":"2021-10-15T14:55:40+00:00","mainEntityOfPage":{"@id":"https:\/\/www.altominho.tv\/site\/2021\/10\/15\/nova-camara-de-cerveira-de-maioria-ps-toma-posse-sem-ex-presidente-na-oposicao\/"},"wordCount":647,"image":{"@id":"https:\/\/www.altominho.tv\/site\/2021\/10\/15\/nova-camara-de-cerveira-de-maioria-ps-toma-posse-sem-ex-presidente-na-oposicao\/#primaryimage"},"thumbnailUrl":"https:\/\/www.altominho.tv\/site\/wp-content\/uploads\/2021\/10\/Camara-Cerveira-scaled.jpg","keywords":["Economia","Sociedade"],"articleSection":["Vila Nova de Cerveira"],"inLanguage":"pt-PT","copyrightYear":"2021","copyrightHolder":{"@id":"https:\/\/www.altominho.tv\/site\/#organization"}},{"@type":"WebPage","@id":"https:\/\/www.altominho.tv\/site\/2021\/10\/15\/nova-camara-de-cerveira-de-maioria-ps-toma-posse-sem-ex-presidente-na-oposicao\/","url":"https:\/\/www.altominho.tv\/site\/2021\/10\/15\/nova-camara-de-cerveira-de-maioria-ps-toma-posse-sem-ex-presidente-na-oposicao\/","name":"Nova C\u00e2mara de Cerveira de maioria PS toma posse sem ex-presidente na oposi\u00e7\u00e3o","isPartOf":{"@id":"https:\/\/www.altominho.tv\/site\/#website"},"primaryImageOfPage":{"@id":"https:\/\/www.altominho.tv\/site\/2021\/10\/15\/nova-camara-de-cerveira-de-maioria-ps-toma-posse-sem-ex-presidente-na-oposicao\/#primaryimage"},"image":{"@id":"https:\/\/www.altominho.tv\/site\/2021\/10\/15\/nova-camara-de-cerveira-de-maioria-ps-toma-posse-sem-ex-presidente-na-oposicao\/#primaryimage"},"thumbnailUrl":"https:\/\/www.altominho.tv\/site\/wp-content\/uploads\/2021\/10\/Camara-Cerveira-scaled.jpg","datePublished":"2021-10-15T14:53:40+00:00","dateModified":"2021-10-15T14:55:40+00:00","author":{"@id":"https:\/\/www.altominho.tv\/site\/#\/schema\/person\/a0bff6dc1041aadd46fa81887444b017"},"breadcrumb":{"@id":"https:\/\/www.altominho.tv\/site\/2021\/10\/15\/nova-camara-de-cerveira-de-maioria-ps-toma-posse-sem-ex-presidente-na-oposicao\/#breadcrumb"},"inLanguage":"pt-PT","potentialAction":[{"@type":"ReadAction","target":["https:\/\/www.altominho.tv\/site\/2021\/10\/15\/nova-camara-de-cerveira-de-maioria-ps-toma-posse-sem-ex-presidente-na-oposicao\/"]}]},{"@type":"ImageObject","inLanguage":"pt-PT","@id":"https:\/\/www.altominho.tv\/site\/2021\/10\/15\/nova-camara-de-cerveira-de-maioria-ps-toma-posse-sem-ex-presidente-na-oposicao\/#primaryimage","url":"https:\/\/www.altominho.tv\/site\/wp-content\/uploads\/2021\/10\/Camara-Cerveira-scaled.jpg","contentUrl":"https:\/\/www.altominho.tv\/site\/wp-content\/uploads\/2021\/10\/Camara-Cerveira-scaled.jpg","width":2560,"height":1493},{"@type":"BreadcrumbList","@id":"https:\/\/www.altominho.tv\/site\/2021\/10\/15\/nova-camara-de-cerveira-de-maioria-ps-toma-posse-sem-ex-presidente-na-oposicao\/#breadcrumb","itemListElement":[{"@type":"ListItem","position":1,"name":"In\u00edcio","item":"https:\/\/www.altominho.tv\/site\/"},{"@type":"ListItem","position":2,"name":"Nova C\u00e2mara de Cerveira de maioria PS toma posse sem ex-presidente na oposi\u00e7\u00e3o"}]},{"@type":"WebSite","@id":"https:\/\/www.altominho.tv\/site\/#website","url":"https:\/\/www.altominho.tv\/site\/","name":"Altominho.tv","description":"A sua regi\u00e3o \u00e0 dist\u00e2ncia de um clique...","potentialAction":[{"@type":"SearchAction","target":{"@type":"EntryPoint","urlTemplate":"https:\/\/www.altominho.tv\/site\/?s={search_term_string}"},"query-input":{"@type":"PropertyValueSpecification","valueRequired":true,"valueName":"search_term_string"}}],"inLanguage":"pt-PT"},{"@type":"Person","@id":"https:\/\/www.altominho.tv\/site\/#\/schema\/person\/a0bff6dc1041aadd46fa81887444b017","name":"Andreia Ferreira | Lusa","image":{"@type":"ImageObject","inLanguage":"pt-PT","@id":"https:\/\/www.altominho.tv\/site\/wp-content\/uploads\/2018\/04\/Andreia-150x150.jpg","url":"https:\/\/www.altominho.tv\/site\/wp-content\/uploads\/2018\/04\/Andreia-150x150.jpg","contentUrl":"https:\/\/www.altominho.tv\/site\/wp-content\/uploads\/2018\/04\/Andreia-150x150.jpg","caption":"Andreia Ferreira | Lusa"},"sameAs":["https:\/\/www.altominho.tv\/site"],"url":"https:\/\/www.altominho.tv\/site\/author\/andreiaferreiralusa\/"}]}},"_links":{"self":[{"href":"https:\/\/www.altominho.tv\/site\/wp-json\/wp\/v2\/posts\/71664","targetHints":{"allow":["GET"]}}],"collection":[{"href":"https:\/\/www.altominho.tv\/site\/wp-json\/wp\/v2\/posts"}],"about":[{"href":"https:\/\/www.altominho.tv\/site\/wp-json\/wp\/v2\/types\/post"}],"author":[{"embeddable":true,"href":"https:\/\/www.altominho.tv\/site\/wp-json\/wp\/v2\/users\/15"}],"replies":[{"embeddable":true,"href":"https:\/\/www.altominho.tv\/site\/wp-json\/wp\/v2\/comments?post=71664"}],"version-history":[{"count":0,"href":"https:\/\/www.altominho.tv\/site\/wp-json\/wp\/v2\/posts\/71664\/revisions"}],"wp:featuredmedia":[{"embeddable":true,"href":"https:\/\/www.altominho.tv\/site\/wp-json\/wp\/v2\/media\/71666"}],"wp:attachment":[{"href":"https:\/\/www.altominho.tv\/site\/wp-json\/wp\/v2\/media?parent=71664"}],"wp:term":[{"taxonomy":"category","embeddable":true,"href":"https:\/\/www.altominho.tv\/site\/wp-json\/wp\/v2\/categories?post=71664"},{"taxonomy":"post_tag","embeddable":true,"href":"https:\/\/www.altominho.tv\/site\/wp-json\/wp\/v2\/tags?post=71664"}],"curies":[{"name":"wp","href":"https:\/\/api.w.org\/{rel}","templated":true}]}}