{"id":71576,"date":"2021-10-14T11:46:21","date_gmt":"2021-10-14T10:46:21","guid":{"rendered":"https:\/\/www.altominho.tv\/site\/?p=71576"},"modified":"2021-10-14T11:48:19","modified_gmt":"2021-10-14T10:48:19","slug":"cerveira-reforca-parque-de-equipamentos-municipais-com-nova-viatura","status":"publish","type":"post","link":"https:\/\/www.altominho.tv\/site\/2021\/10\/14\/cerveira-reforca-parque-de-equipamentos-municipais-com-nova-viatura\/","title":{"rendered":"Cerveira refor\u00e7a parque de equipamentos municipais com nova viatura"},"content":{"rendered":"<p>A C\u00e2mara de Vila Nova de Cerveira adquiriu uma nova viatura que vai ficar afeta ao departamento de obras, para garantir uma maior efic\u00e1cia dos t\u00e9cnicos municipais na resposta dada \u00e0s necessidades da popula\u00e7\u00e3o.<\/p>\n<p>Segundo a autarquia, a requalifica\u00e7\u00e3o e substitui\u00e7\u00e3o do parque de equipamentos do munic\u00edpio come\u00e7ou a ser implementada em 2013 e consistiu na &#8220;aquisi\u00e7\u00e3o de ve\u00edculos novos, econ\u00f3micos e mais ecol\u00f3gicos (com motores menos poluentes) e com uma imagem mais moderna e atrativa&#8221;.<\/p>\n<p>Desde ent\u00e3o, foram tamb\u00e9m adquiridos &#8220;equipamentos necess\u00e1rios para o desempenho de fun\u00e7\u00f5es por parte dos colaboradores, dotando-os de todas as condi\u00e7\u00f5es de seguran\u00e7a&#8221;.<\/p>\n","protected":false},"excerpt":{"rendered":"<p>A C\u00e2mara de Vila Nova de Cerveira adquiriu uma nova viatura que vai ficar afeta ao departamento de obras, para garantir uma maior efic\u00e1cia dos t\u00e9cnicos municipais na resposta dada \u00e0s necessidades da popula\u00e7\u00e3o. Segundo a autarquia, a requalifica\u00e7\u00e3o e substitui\u00e7\u00e3o do parque de equipamentos do munic\u00edpio come\u00e7ou a ser implementada em 2013 e consistiu [&hellip;]<\/p>\n","protected":false},"author":12,"featured_media":71577,"comment_status":"closed","ping_status":"closed","sticky":false,"template":"","format":"standard","meta":{"_exactmetrics_skip_tracking":false,"_exactmetrics_sitenote_active":false,"_exactmetrics_sitenote_note":"","_exactmetrics_sitenote_category":0,"footnotes":""},"categories":[15],"tags":[27],"class_list":["post-71576","post","type-post","status-publish","format-standard","has-post-thumbnail","hentry","category-vila-nova-de-cerveira","tag-sociedade"],"yoast_head":"<!-- This site is optimized with the Yoast SEO Premium plugin v27.5 (Yoast SEO v27.5) - https:\/\/yoast.com\/product\/yoast-seo-premium-wordpress\/ -->\n<title>Cerveira refor\u00e7a parque de equipamentos municipais com nova viatura<\/title>\n<meta name=\"robots\" content=\"index, follow, max-snippet:-1, max-image-preview:large, max-video-preview:-1\" \/>\n<link rel=\"canonical\" href=\"https:\/\/www.altominho.tv\/site\/2021\/10\/14\/cerveira-reforca-parque-de-equipamentos-municipais-com-nova-viatura\/\" \/>\n<meta property=\"og:locale\" content=\"pt_PT\" \/>\n<meta property=\"og:type\" content=\"article\" \/>\n<meta property=\"og:title\" content=\"Cerveira refor\u00e7a parque de equipamentos municipais com nova viatura\" \/>\n<meta property=\"og:description\" content=\"A C\u00e2mara de Vila Nova de Cerveira adquiriu uma nova viatura que vai ficar afeta ao departamento de obras, para garantir uma maior efic\u00e1cia dos t\u00e9cnicos municipais na resposta dada \u00e0s necessidades da popula\u00e7\u00e3o. Segundo a autarquia, a requalifica\u00e7\u00e3o e substitui\u00e7\u00e3o do parque de equipamentos do munic\u00edpio come\u00e7ou a ser implementada em 2013 e consistiu [&hellip;]\" \/>\n<meta property=\"og:url\" content=\"https:\/\/www.altominho.tv\/site\/2021\/10\/14\/cerveira-reforca-parque-de-equipamentos-municipais-com-nova-viatura\/\" \/>\n<meta property=\"og:site_name\" content=\"Altominho.tv\" \/>\n<meta property=\"article:publisher\" content=\"https:\/\/www.facebook.com\/altominhotv\" \/>\n<meta property=\"article:published_time\" content=\"2021-10-14T10:46:21+00:00\" \/>\n<meta property=\"article:modified_time\" content=\"2021-10-14T10:48:19+00:00\" \/>\n<meta property=\"og:image\" content=\"https:\/\/www.altominho.tv\/site\/wp-content\/uploads\/2021\/10\/Viatura-Obras-e1634208215531.jpg\" \/>\n\t<meta property=\"og:image:width\" content=\"1024\" \/>\n\t<meta property=\"og:image:height\" content=\"586\" \/>\n\t<meta property=\"og:image:type\" content=\"image\/jpeg\" \/>\n<meta name=\"author\" content=\"Andreia Ferreira\" \/>\n<meta name=\"twitter:card\" content=\"summary_large_image\" \/>\n<meta name=\"twitter:creator\" content=\"@altominhoTV\" \/>\n<meta name=\"twitter:site\" content=\"@altominhoTV\" \/>\n<meta name=\"twitter:label1\" content=\"Escrito por\" \/>\n\t<meta name=\"twitter:data1\" content=\"Andreia Ferreira\" \/>\n\t<meta name=\"twitter:label2\" content=\"Tempo estimado de leitura\" \/>\n\t<meta name=\"twitter:data2\" content=\"1 minuto\" \/>\n<script type=\"application\/ld+json\" class=\"yoast-schema-graph\">{\"@context\":\"https:\\\/\\\/schema.org\",\"@graph\":[{\"@type\":\"Article\",\"@id\":\"https:\\\/\\\/www.altominho.tv\\\/site\\\/2021\\\/10\\\/14\\\/cerveira-reforca-parque-de-equipamentos-municipais-com-nova-viatura\\\/#article\",\"isPartOf\":{\"@id\":\"https:\\\/\\\/www.altominho.tv\\\/site\\\/2021\\\/10\\\/14\\\/cerveira-reforca-parque-de-equipamentos-municipais-com-nova-viatura\\\/\"},\"author\":{\"name\":\"Andreia Ferreira\",\"@id\":\"https:\\\/\\\/www.altominho.tv\\\/site\\\/#\\\/schema\\\/person\\\/d9be4265364723f14ea8e0d56a1d38cd\"},\"headline\":\"Cerveira refor\u00e7a parque de equipamentos municipais com nova viatura\",\"datePublished\":\"2021-10-14T10:46:21+00:00\",\"dateModified\":\"2021-10-14T10:48:19+00:00\",\"mainEntityOfPage\":{\"@id\":\"https:\\\/\\\/www.altominho.tv\\\/site\\\/2021\\\/10\\\/14\\\/cerveira-reforca-parque-de-equipamentos-municipais-com-nova-viatura\\\/\"},\"wordCount\":126,\"image\":{\"@id\":\"https:\\\/\\\/www.altominho.tv\\\/site\\\/2021\\\/10\\\/14\\\/cerveira-reforca-parque-de-equipamentos-municipais-com-nova-viatura\\\/#primaryimage\"},\"thumbnailUrl\":\"https:\\\/\\\/www.altominho.tv\\\/site\\\/wp-content\\\/uploads\\\/2021\\\/10\\\/Viatura-Obras-e1634208215531.jpg\",\"keywords\":[\"Sociedade\"],\"articleSection\":[\"Vila Nova de Cerveira\"],\"inLanguage\":\"pt-PT\",\"copyrightYear\":\"2021\",\"copyrightHolder\":{\"@id\":\"https:\\\/\\\/www.altominho.tv\\\/site\\\/#organization\"}},{\"@type\":\"WebPage\",\"@id\":\"https:\\\/\\\/www.altominho.tv\\\/site\\\/2021\\\/10\\\/14\\\/cerveira-reforca-parque-de-equipamentos-municipais-com-nova-viatura\\\/\",\"url\":\"https:\\\/\\\/www.altominho.tv\\\/site\\\/2021\\\/10\\\/14\\\/cerveira-reforca-parque-de-equipamentos-municipais-com-nova-viatura\\\/\",\"name\":\"Cerveira refor\u00e7a parque de equipamentos municipais com nova viatura\",\"isPartOf\":{\"@id\":\"https:\\\/\\\/www.altominho.tv\\\/site\\\/#website\"},\"primaryImageOfPage\":{\"@id\":\"https:\\\/\\\/www.altominho.tv\\\/site\\\/2021\\\/10\\\/14\\\/cerveira-reforca-parque-de-equipamentos-municipais-com-nova-viatura\\\/#primaryimage\"},\"image\":{\"@id\":\"https:\\\/\\\/www.altominho.tv\\\/site\\\/2021\\\/10\\\/14\\\/cerveira-reforca-parque-de-equipamentos-municipais-com-nova-viatura\\\/#primaryimage\"},\"thumbnailUrl\":\"https:\\\/\\\/www.altominho.tv\\\/site\\\/wp-content\\\/uploads\\\/2021\\\/10\\\/Viatura-Obras-e1634208215531.jpg\",\"datePublished\":\"2021-10-14T10:46:21+00:00\",\"dateModified\":\"2021-10-14T10:48:19+00:00\",\"author\":{\"@id\":\"https:\\\/\\\/www.altominho.tv\\\/site\\\/#\\\/schema\\\/person\\\/d9be4265364723f14ea8e0d56a1d38cd\"},\"breadcrumb\":{\"@id\":\"https:\\\/\\\/www.altominho.tv\\\/site\\\/2021\\\/10\\\/14\\\/cerveira-reforca-parque-de-equipamentos-municipais-com-nova-viatura\\\/#breadcrumb\"},\"inLanguage\":\"pt-PT\",\"potentialAction\":[{\"@type\":\"ReadAction\",\"target\":[\"https:\\\/\\\/www.altominho.tv\\\/site\\\/2021\\\/10\\\/14\\\/cerveira-reforca-parque-de-equipamentos-municipais-com-nova-viatura\\\/\"]}]},{\"@type\":\"ImageObject\",\"inLanguage\":\"pt-PT\",\"@id\":\"https:\\\/\\\/www.altominho.tv\\\/site\\\/2021\\\/10\\\/14\\\/cerveira-reforca-parque-de-equipamentos-municipais-com-nova-viatura\\\/#primaryimage\",\"url\":\"https:\\\/\\\/www.altominho.tv\\\/site\\\/wp-content\\\/uploads\\\/2021\\\/10\\\/Viatura-Obras-e1634208215531.jpg\",\"contentUrl\":\"https:\\\/\\\/www.altominho.tv\\\/site\\\/wp-content\\\/uploads\\\/2021\\\/10\\\/Viatura-Obras-e1634208215531.jpg\",\"width\":1024,\"height\":586},{\"@type\":\"BreadcrumbList\",\"@id\":\"https:\\\/\\\/www.altominho.tv\\\/site\\\/2021\\\/10\\\/14\\\/cerveira-reforca-parque-de-equipamentos-municipais-com-nova-viatura\\\/#breadcrumb\",\"itemListElement\":[{\"@type\":\"ListItem\",\"position\":1,\"name\":\"In\u00edcio\",\"item\":\"https:\\\/\\\/www.altominho.tv\\\/site\\\/\"},{\"@type\":\"ListItem\",\"position\":2,\"name\":\"Cerveira refor\u00e7a parque de equipamentos municipais com nova viatura\"}]},{\"@type\":\"WebSite\",\"@id\":\"https:\\\/\\\/www.altominho.tv\\\/site\\\/#website\",\"url\":\"https:\\\/\\\/www.altominho.tv\\\/site\\\/\",\"name\":\"Altominho.tv\",\"description\":\"A sua regi\u00e3o \u00e0 dist\u00e2ncia de um clique...\",\"potentialAction\":[{\"@type\":\"SearchAction\",\"target\":{\"@type\":\"EntryPoint\",\"urlTemplate\":\"https:\\\/\\\/www.altominho.tv\\\/site\\\/?s={search_term_string}\"},\"query-input\":{\"@type\":\"PropertyValueSpecification\",\"valueRequired\":true,\"valueName\":\"search_term_string\"}}],\"inLanguage\":\"pt-PT\"},{\"@type\":\"Person\",\"@id\":\"https:\\\/\\\/www.altominho.tv\\\/site\\\/#\\\/schema\\\/person\\\/d9be4265364723f14ea8e0d56a1d38cd\",\"name\":\"Andreia Ferreira\",\"image\":{\"@type\":\"ImageObject\",\"inLanguage\":\"pt-PT\",\"@id\":\"https:\\\/\\\/www.altominho.tv\\\/site\\\/wp-content\\\/uploads\\\/2021\\\/01\\\/AndreiaFerreira-150x150.jpg\",\"url\":\"https:\\\/\\\/www.altominho.tv\\\/site\\\/wp-content\\\/uploads\\\/2021\\\/01\\\/AndreiaFerreira-150x150.jpg\",\"contentUrl\":\"https:\\\/\\\/www.altominho.tv\\\/site\\\/wp-content\\\/uploads\\\/2021\\\/01\\\/AndreiaFerreira-150x150.jpg\",\"caption\":\"Andreia Ferreira\"},\"url\":\"https:\\\/\\\/www.altominho.tv\\\/site\\\/author\\\/andreiaferreira\\\/\"}]}<\/script>\n<!-- \/ Yoast SEO Premium plugin. -->","yoast_head_json":{"title":"Cerveira refor\u00e7a parque de equipamentos municipais com nova viatura","robots":{"index":"index","follow":"follow","max-snippet":"max-snippet:-1","max-image-preview":"max-image-preview:large","max-video-preview":"max-video-preview:-1"},"canonical":"https:\/\/www.altominho.tv\/site\/2021\/10\/14\/cerveira-reforca-parque-de-equipamentos-municipais-com-nova-viatura\/","og_locale":"pt_PT","og_type":"article","og_title":"Cerveira refor\u00e7a parque de equipamentos municipais com nova viatura","og_description":"A C\u00e2mara de Vila Nova de Cerveira adquiriu uma nova viatura que vai ficar afeta ao departamento de obras, para garantir uma maior efic\u00e1cia dos t\u00e9cnicos municipais na resposta dada \u00e0s necessidades da popula\u00e7\u00e3o. Segundo a autarquia, a requalifica\u00e7\u00e3o e substitui\u00e7\u00e3o do parque de equipamentos do munic\u00edpio come\u00e7ou a ser implementada em 2013 e consistiu [&hellip;]","og_url":"https:\/\/www.altominho.tv\/site\/2021\/10\/14\/cerveira-reforca-parque-de-equipamentos-municipais-com-nova-viatura\/","og_site_name":"Altominho.tv","article_publisher":"https:\/\/www.facebook.com\/altominhotv","article_published_time":"2021-10-14T10:46:21+00:00","article_modified_time":"2021-10-14T10:48:19+00:00","og_image":[{"width":1024,"height":586,"url":"https:\/\/www.altominho.tv\/site\/wp-content\/uploads\/2021\/10\/Viatura-Obras-e1634208215531.jpg","type":"image\/jpeg"}],"author":"Andreia Ferreira","twitter_card":"summary_large_image","twitter_creator":"@altominhoTV","twitter_site":"@altominhoTV","twitter_misc":{"Escrito por":"Andreia Ferreira","Tempo estimado de leitura":"1 minuto"},"schema":{"@context":"https:\/\/schema.org","@graph":[{"@type":"Article","@id":"https:\/\/www.altominho.tv\/site\/2021\/10\/14\/cerveira-reforca-parque-de-equipamentos-municipais-com-nova-viatura\/#article","isPartOf":{"@id":"https:\/\/www.altominho.tv\/site\/2021\/10\/14\/cerveira-reforca-parque-de-equipamentos-municipais-com-nova-viatura\/"},"author":{"name":"Andreia Ferreira","@id":"https:\/\/www.altominho.tv\/site\/#\/schema\/person\/d9be4265364723f14ea8e0d56a1d38cd"},"headline":"Cerveira refor\u00e7a parque de equipamentos municipais com nova viatura","datePublished":"2021-10-14T10:46:21+00:00","dateModified":"2021-10-14T10:48:19+00:00","mainEntityOfPage":{"@id":"https:\/\/www.altominho.tv\/site\/2021\/10\/14\/cerveira-reforca-parque-de-equipamentos-municipais-com-nova-viatura\/"},"wordCount":126,"image":{"@id":"https:\/\/www.altominho.tv\/site\/2021\/10\/14\/cerveira-reforca-parque-de-equipamentos-municipais-com-nova-viatura\/#primaryimage"},"thumbnailUrl":"https:\/\/www.altominho.tv\/site\/wp-content\/uploads\/2021\/10\/Viatura-Obras-e1634208215531.jpg","keywords":["Sociedade"],"articleSection":["Vila Nova de Cerveira"],"inLanguage":"pt-PT","copyrightYear":"2021","copyrightHolder":{"@id":"https:\/\/www.altominho.tv\/site\/#organization"}},{"@type":"WebPage","@id":"https:\/\/www.altominho.tv\/site\/2021\/10\/14\/cerveira-reforca-parque-de-equipamentos-municipais-com-nova-viatura\/","url":"https:\/\/www.altominho.tv\/site\/2021\/10\/14\/cerveira-reforca-parque-de-equipamentos-municipais-com-nova-viatura\/","name":"Cerveira refor\u00e7a parque de equipamentos municipais com nova viatura","isPartOf":{"@id":"https:\/\/www.altominho.tv\/site\/#website"},"primaryImageOfPage":{"@id":"https:\/\/www.altominho.tv\/site\/2021\/10\/14\/cerveira-reforca-parque-de-equipamentos-municipais-com-nova-viatura\/#primaryimage"},"image":{"@id":"https:\/\/www.altominho.tv\/site\/2021\/10\/14\/cerveira-reforca-parque-de-equipamentos-municipais-com-nova-viatura\/#primaryimage"},"thumbnailUrl":"https:\/\/www.altominho.tv\/site\/wp-content\/uploads\/2021\/10\/Viatura-Obras-e1634208215531.jpg","datePublished":"2021-10-14T10:46:21+00:00","dateModified":"2021-10-14T10:48:19+00:00","author":{"@id":"https:\/\/www.altominho.tv\/site\/#\/schema\/person\/d9be4265364723f14ea8e0d56a1d38cd"},"breadcrumb":{"@id":"https:\/\/www.altominho.tv\/site\/2021\/10\/14\/cerveira-reforca-parque-de-equipamentos-municipais-com-nova-viatura\/#breadcrumb"},"inLanguage":"pt-PT","potentialAction":[{"@type":"ReadAction","target":["https:\/\/www.altominho.tv\/site\/2021\/10\/14\/cerveira-reforca-parque-de-equipamentos-municipais-com-nova-viatura\/"]}]},{"@type":"ImageObject","inLanguage":"pt-PT","@id":"https:\/\/www.altominho.tv\/site\/2021\/10\/14\/cerveira-reforca-parque-de-equipamentos-municipais-com-nova-viatura\/#primaryimage","url":"https:\/\/www.altominho.tv\/site\/wp-content\/uploads\/2021\/10\/Viatura-Obras-e1634208215531.jpg","contentUrl":"https:\/\/www.altominho.tv\/site\/wp-content\/uploads\/2021\/10\/Viatura-Obras-e1634208215531.jpg","width":1024,"height":586},{"@type":"BreadcrumbList","@id":"https:\/\/www.altominho.tv\/site\/2021\/10\/14\/cerveira-reforca-parque-de-equipamentos-municipais-com-nova-viatura\/#breadcrumb","itemListElement":[{"@type":"ListItem","position":1,"name":"In\u00edcio","item":"https:\/\/www.altominho.tv\/site\/"},{"@type":"ListItem","position":2,"name":"Cerveira refor\u00e7a parque de equipamentos municipais com nova viatura"}]},{"@type":"WebSite","@id":"https:\/\/www.altominho.tv\/site\/#website","url":"https:\/\/www.altominho.tv\/site\/","name":"Altominho.tv","description":"A sua regi\u00e3o \u00e0 dist\u00e2ncia de um clique...","potentialAction":[{"@type":"SearchAction","target":{"@type":"EntryPoint","urlTemplate":"https:\/\/www.altominho.tv\/site\/?s={search_term_string}"},"query-input":{"@type":"PropertyValueSpecification","valueRequired":true,"valueName":"search_term_string"}}],"inLanguage":"pt-PT"},{"@type":"Person","@id":"https:\/\/www.altominho.tv\/site\/#\/schema\/person\/d9be4265364723f14ea8e0d56a1d38cd","name":"Andreia Ferreira","image":{"@type":"ImageObject","inLanguage":"pt-PT","@id":"https:\/\/www.altominho.tv\/site\/wp-content\/uploads\/2021\/01\/AndreiaFerreira-150x150.jpg","url":"https:\/\/www.altominho.tv\/site\/wp-content\/uploads\/2021\/01\/AndreiaFerreira-150x150.jpg","contentUrl":"https:\/\/www.altominho.tv\/site\/wp-content\/uploads\/2021\/01\/AndreiaFerreira-150x150.jpg","caption":"Andreia Ferreira"},"url":"https:\/\/www.altominho.tv\/site\/author\/andreiaferreira\/"}]}},"_links":{"self":[{"href":"https:\/\/www.altominho.tv\/site\/wp-json\/wp\/v2\/posts\/71576","targetHints":{"allow":["GET"]}}],"collection":[{"href":"https:\/\/www.altominho.tv\/site\/wp-json\/wp\/v2\/posts"}],"about":[{"href":"https:\/\/www.altominho.tv\/site\/wp-json\/wp\/v2\/types\/post"}],"author":[{"embeddable":true,"href":"https:\/\/www.altominho.tv\/site\/wp-json\/wp\/v2\/users\/12"}],"replies":[{"embeddable":true,"href":"https:\/\/www.altominho.tv\/site\/wp-json\/wp\/v2\/comments?post=71576"}],"version-history":[{"count":0,"href":"https:\/\/www.altominho.tv\/site\/wp-json\/wp\/v2\/posts\/71576\/revisions"}],"wp:featuredmedia":[{"embeddable":true,"href":"https:\/\/www.altominho.tv\/site\/wp-json\/wp\/v2\/media\/71577"}],"wp:attachment":[{"href":"https:\/\/www.altominho.tv\/site\/wp-json\/wp\/v2\/media?parent=71576"}],"wp:term":[{"taxonomy":"category","embeddable":true,"href":"https:\/\/www.altominho.tv\/site\/wp-json\/wp\/v2\/categories?post=71576"},{"taxonomy":"post_tag","embeddable":true,"href":"https:\/\/www.altominho.tv\/site\/wp-json\/wp\/v2\/tags?post=71576"}],"curies":[{"name":"wp","href":"https:\/\/api.w.org\/{rel}","templated":true}]}}