{"id":71569,"date":"2021-10-14T12:16:59","date_gmt":"2021-10-14T11:16:59","guid":{"rendered":"https:\/\/www.altominho.tv\/site\/?p=71569"},"modified":"2021-10-14T12:17:03","modified_gmt":"2021-10-14T11:17:03","slug":"melgaco-convida-a-conhecer-os-cogumelos-de-castro-laboreiro-no-dia-23-de-outubro","status":"publish","type":"post","link":"https:\/\/www.altominho.tv\/site\/2021\/10\/14\/melgaco-convida-a-conhecer-os-cogumelos-de-castro-laboreiro-no-dia-23-de-outubro\/","title":{"rendered":"Melga\u00e7o convida a conhecer os cogumelos de Castro Laboreiro no dia 23 de outubro"},"content":{"rendered":"<p>Um passeio micol\u00f3gico, um almo\u00e7o e um <em>workshop<\/em> s\u00e3o as propostas de Melga\u00e7o para a terceira edi\u00e7\u00e3o da iniciativa \u201cCastros de leitura \u2013 Cogumelos M\u00e1gicos\u201d que vai decorrer no dia 23 de outubro.<\/p>\n<p>A a\u00e7\u00e3o, promovida pelo polo da Biblioteca Municipal em Castro Laboreiro, decorrer\u00e1 a partir das 09h45 e ser\u00e1 orientada por um bi\u00f3logo que proporcionar\u00e1 a todos os participantes um <em>workshop<\/em>, durante o qual dar\u00e1 a conhecer as diferentes esp\u00e9cies de cogumelos existentes na regi\u00e3o, bem como conselhos sobre a apanha deste produto.<\/p>\n<p>A \u201catividade acontece no \u00e2mbito do projeto \u201cCastros de leitura\u201d, uma iniciativa que tem como prop\u00f3sito desenvolver naquela biblioteca e na aldeia diversas atividades ao longo do ano, de forma a mobilizar a sociedade para a import\u00e2ncia do patrim\u00f3nio e da cultura castreja e incentivando a participa\u00e7\u00e3o da comunidade local\u201d.<\/p>\n<p>A participa\u00e7\u00e3o \u00e9 gratuita, mas sujeita a inscri\u00e7\u00e3o obrigat\u00f3ria, at\u00e9 ao dia 21 de outubro.<\/p>\n","protected":false},"excerpt":{"rendered":"<p>Um passeio micol\u00f3gico, um almo\u00e7o e um workshop s\u00e3o as propostas de Melga\u00e7o para a terceira edi\u00e7\u00e3o da iniciativa \u201cCastros de leitura \u2013 Cogumelos M\u00e1gicos\u201d que vai decorrer no dia 23 de outubro. A a\u00e7\u00e3o, promovida pelo polo da Biblioteca Municipal em Castro Laboreiro, decorrer\u00e1 a partir das 09h45 e ser\u00e1 orientada por um bi\u00f3logo [&hellip;]<\/p>\n","protected":false},"author":12,"featured_media":71573,"comment_status":"closed","ping_status":"closed","sticky":false,"template":"","format":"standard","meta":{"_exactmetrics_skip_tracking":false,"_exactmetrics_sitenote_active":false,"_exactmetrics_sitenote_note":"","_exactmetrics_sitenote_category":0,"footnotes":""},"categories":[8],"tags":[24,27],"class_list":["post-71569","post","type-post","status-publish","format-standard","has-post-thumbnail","hentry","category-melgaco","tag-lazer","tag-sociedade"],"yoast_head":"<!-- This site is optimized with the Yoast SEO Premium plugin v27.5 (Yoast SEO v27.5) - https:\/\/yoast.com\/product\/yoast-seo-premium-wordpress\/ -->\n<title>Melga\u00e7o convida a conhecer os cogumelos de Castro Laboreiro no dia 23 de outubro<\/title>\n<meta name=\"robots\" content=\"index, follow, max-snippet:-1, max-image-preview:large, max-video-preview:-1\" \/>\n<link rel=\"canonical\" href=\"https:\/\/www.altominho.tv\/site\/2021\/10\/14\/melgaco-convida-a-conhecer-os-cogumelos-de-castro-laboreiro-no-dia-23-de-outubro\/\" \/>\n<meta property=\"og:locale\" content=\"pt_PT\" \/>\n<meta property=\"og:type\" content=\"article\" \/>\n<meta property=\"og:title\" content=\"Melga\u00e7o convida a conhecer os cogumelos de Castro Laboreiro no dia 23 de outubro\" \/>\n<meta property=\"og:description\" content=\"Um passeio micol\u00f3gico, um almo\u00e7o e um workshop s\u00e3o as propostas de Melga\u00e7o para a terceira edi\u00e7\u00e3o da iniciativa \u201cCastros de leitura \u2013 Cogumelos M\u00e1gicos\u201d que vai decorrer no dia 23 de outubro. A a\u00e7\u00e3o, promovida pelo polo da Biblioteca Municipal em Castro Laboreiro, decorrer\u00e1 a partir das 09h45 e ser\u00e1 orientada por um bi\u00f3logo [&hellip;]\" \/>\n<meta property=\"og:url\" content=\"https:\/\/www.altominho.tv\/site\/2021\/10\/14\/melgaco-convida-a-conhecer-os-cogumelos-de-castro-laboreiro-no-dia-23-de-outubro\/\" \/>\n<meta property=\"og:site_name\" content=\"Altominho.tv\" \/>\n<meta property=\"article:publisher\" content=\"https:\/\/www.facebook.com\/altominhotv\" \/>\n<meta property=\"article:published_time\" content=\"2021-10-14T11:16:59+00:00\" \/>\n<meta property=\"article:modified_time\" content=\"2021-10-14T11:17:03+00:00\" \/>\n<meta property=\"og:image\" content=\"https:\/\/www.altominho.tv\/site\/wp-content\/uploads\/2021\/10\/Cogumelos-Melgac\u0327o.jpg\" \/>\n\t<meta property=\"og:image:width\" content=\"1770\" \/>\n\t<meta property=\"og:image:height\" content=\"996\" \/>\n\t<meta property=\"og:image:type\" content=\"image\/jpeg\" \/>\n<meta name=\"author\" content=\"Andreia Ferreira\" \/>\n<meta name=\"twitter:card\" content=\"summary_large_image\" \/>\n<meta name=\"twitter:creator\" content=\"@altominhoTV\" \/>\n<meta name=\"twitter:site\" content=\"@altominhoTV\" \/>\n<meta name=\"twitter:label1\" content=\"Escrito por\" \/>\n\t<meta name=\"twitter:data1\" content=\"Andreia Ferreira\" \/>\n\t<meta name=\"twitter:label2\" content=\"Tempo estimado de leitura\" \/>\n\t<meta name=\"twitter:data2\" content=\"1 minuto\" \/>\n<script type=\"application\/ld+json\" class=\"yoast-schema-graph\">{\"@context\":\"https:\\\/\\\/schema.org\",\"@graph\":[{\"@type\":\"Article\",\"@id\":\"https:\\\/\\\/www.altominho.tv\\\/site\\\/2021\\\/10\\\/14\\\/melgaco-convida-a-conhecer-os-cogumelos-de-castro-laboreiro-no-dia-23-de-outubro\\\/#article\",\"isPartOf\":{\"@id\":\"https:\\\/\\\/www.altominho.tv\\\/site\\\/2021\\\/10\\\/14\\\/melgaco-convida-a-conhecer-os-cogumelos-de-castro-laboreiro-no-dia-23-de-outubro\\\/\"},\"author\":{\"name\":\"Andreia Ferreira\",\"@id\":\"https:\\\/\\\/www.altominho.tv\\\/site\\\/#\\\/schema\\\/person\\\/d9be4265364723f14ea8e0d56a1d38cd\"},\"headline\":\"Melga\u00e7o convida a conhecer os cogumelos de Castro Laboreiro no dia 23 de outubro\",\"datePublished\":\"2021-10-14T11:16:59+00:00\",\"dateModified\":\"2021-10-14T11:17:03+00:00\",\"mainEntityOfPage\":{\"@id\":\"https:\\\/\\\/www.altominho.tv\\\/site\\\/2021\\\/10\\\/14\\\/melgaco-convida-a-conhecer-os-cogumelos-de-castro-laboreiro-no-dia-23-de-outubro\\\/\"},\"wordCount\":177,\"image\":{\"@id\":\"https:\\\/\\\/www.altominho.tv\\\/site\\\/2021\\\/10\\\/14\\\/melgaco-convida-a-conhecer-os-cogumelos-de-castro-laboreiro-no-dia-23-de-outubro\\\/#primaryimage\"},\"thumbnailUrl\":\"https:\\\/\\\/www.altominho.tv\\\/site\\\/wp-content\\\/uploads\\\/2021\\\/10\\\/Cogumelos-Melgac\u0327o.jpg\",\"keywords\":[\"Lazer\",\"Sociedade\"],\"articleSection\":[\"Melga\u00e7o\"],\"inLanguage\":\"pt-PT\",\"copyrightYear\":\"2021\",\"copyrightHolder\":{\"@id\":\"https:\\\/\\\/www.altominho.tv\\\/site\\\/#organization\"}},{\"@type\":\"WebPage\",\"@id\":\"https:\\\/\\\/www.altominho.tv\\\/site\\\/2021\\\/10\\\/14\\\/melgaco-convida-a-conhecer-os-cogumelos-de-castro-laboreiro-no-dia-23-de-outubro\\\/\",\"url\":\"https:\\\/\\\/www.altominho.tv\\\/site\\\/2021\\\/10\\\/14\\\/melgaco-convida-a-conhecer-os-cogumelos-de-castro-laboreiro-no-dia-23-de-outubro\\\/\",\"name\":\"Melga\u00e7o convida a conhecer os cogumelos de Castro Laboreiro no dia 23 de outubro\",\"isPartOf\":{\"@id\":\"https:\\\/\\\/www.altominho.tv\\\/site\\\/#website\"},\"primaryImageOfPage\":{\"@id\":\"https:\\\/\\\/www.altominho.tv\\\/site\\\/2021\\\/10\\\/14\\\/melgaco-convida-a-conhecer-os-cogumelos-de-castro-laboreiro-no-dia-23-de-outubro\\\/#primaryimage\"},\"image\":{\"@id\":\"https:\\\/\\\/www.altominho.tv\\\/site\\\/2021\\\/10\\\/14\\\/melgaco-convida-a-conhecer-os-cogumelos-de-castro-laboreiro-no-dia-23-de-outubro\\\/#primaryimage\"},\"thumbnailUrl\":\"https:\\\/\\\/www.altominho.tv\\\/site\\\/wp-content\\\/uploads\\\/2021\\\/10\\\/Cogumelos-Melgac\u0327o.jpg\",\"datePublished\":\"2021-10-14T11:16:59+00:00\",\"dateModified\":\"2021-10-14T11:17:03+00:00\",\"author\":{\"@id\":\"https:\\\/\\\/www.altominho.tv\\\/site\\\/#\\\/schema\\\/person\\\/d9be4265364723f14ea8e0d56a1d38cd\"},\"breadcrumb\":{\"@id\":\"https:\\\/\\\/www.altominho.tv\\\/site\\\/2021\\\/10\\\/14\\\/melgaco-convida-a-conhecer-os-cogumelos-de-castro-laboreiro-no-dia-23-de-outubro\\\/#breadcrumb\"},\"inLanguage\":\"pt-PT\",\"potentialAction\":[{\"@type\":\"ReadAction\",\"target\":[\"https:\\\/\\\/www.altominho.tv\\\/site\\\/2021\\\/10\\\/14\\\/melgaco-convida-a-conhecer-os-cogumelos-de-castro-laboreiro-no-dia-23-de-outubro\\\/\"]}]},{\"@type\":\"ImageObject\",\"inLanguage\":\"pt-PT\",\"@id\":\"https:\\\/\\\/www.altominho.tv\\\/site\\\/2021\\\/10\\\/14\\\/melgaco-convida-a-conhecer-os-cogumelos-de-castro-laboreiro-no-dia-23-de-outubro\\\/#primaryimage\",\"url\":\"https:\\\/\\\/www.altominho.tv\\\/site\\\/wp-content\\\/uploads\\\/2021\\\/10\\\/Cogumelos-Melgac\u0327o.jpg\",\"contentUrl\":\"https:\\\/\\\/www.altominho.tv\\\/site\\\/wp-content\\\/uploads\\\/2021\\\/10\\\/Cogumelos-Melgac\u0327o.jpg\",\"width\":1770,\"height\":996,\"caption\":\"MUNIC\u00cdPIO DE MELGA\u00c7O\"},{\"@type\":\"BreadcrumbList\",\"@id\":\"https:\\\/\\\/www.altominho.tv\\\/site\\\/2021\\\/10\\\/14\\\/melgaco-convida-a-conhecer-os-cogumelos-de-castro-laboreiro-no-dia-23-de-outubro\\\/#breadcrumb\",\"itemListElement\":[{\"@type\":\"ListItem\",\"position\":1,\"name\":\"In\u00edcio\",\"item\":\"https:\\\/\\\/www.altominho.tv\\\/site\\\/\"},{\"@type\":\"ListItem\",\"position\":2,\"name\":\"Melga\u00e7o convida a conhecer os cogumelos de Castro Laboreiro no dia 23 de outubro\"}]},{\"@type\":\"WebSite\",\"@id\":\"https:\\\/\\\/www.altominho.tv\\\/site\\\/#website\",\"url\":\"https:\\\/\\\/www.altominho.tv\\\/site\\\/\",\"name\":\"Altominho.tv\",\"description\":\"A sua regi\u00e3o \u00e0 dist\u00e2ncia de um clique...\",\"potentialAction\":[{\"@type\":\"SearchAction\",\"target\":{\"@type\":\"EntryPoint\",\"urlTemplate\":\"https:\\\/\\\/www.altominho.tv\\\/site\\\/?s={search_term_string}\"},\"query-input\":{\"@type\":\"PropertyValueSpecification\",\"valueRequired\":true,\"valueName\":\"search_term_string\"}}],\"inLanguage\":\"pt-PT\"},{\"@type\":\"Person\",\"@id\":\"https:\\\/\\\/www.altominho.tv\\\/site\\\/#\\\/schema\\\/person\\\/d9be4265364723f14ea8e0d56a1d38cd\",\"name\":\"Andreia Ferreira\",\"image\":{\"@type\":\"ImageObject\",\"inLanguage\":\"pt-PT\",\"@id\":\"https:\\\/\\\/www.altominho.tv\\\/site\\\/wp-content\\\/uploads\\\/2021\\\/01\\\/AndreiaFerreira-150x150.jpg\",\"url\":\"https:\\\/\\\/www.altominho.tv\\\/site\\\/wp-content\\\/uploads\\\/2021\\\/01\\\/AndreiaFerreira-150x150.jpg\",\"contentUrl\":\"https:\\\/\\\/www.altominho.tv\\\/site\\\/wp-content\\\/uploads\\\/2021\\\/01\\\/AndreiaFerreira-150x150.jpg\",\"caption\":\"Andreia Ferreira\"},\"url\":\"https:\\\/\\\/www.altominho.tv\\\/site\\\/author\\\/andreiaferreira\\\/\"}]}<\/script>\n<!-- \/ Yoast SEO Premium plugin. -->","yoast_head_json":{"title":"Melga\u00e7o convida a conhecer os cogumelos de Castro Laboreiro no dia 23 de outubro","robots":{"index":"index","follow":"follow","max-snippet":"max-snippet:-1","max-image-preview":"max-image-preview:large","max-video-preview":"max-video-preview:-1"},"canonical":"https:\/\/www.altominho.tv\/site\/2021\/10\/14\/melgaco-convida-a-conhecer-os-cogumelos-de-castro-laboreiro-no-dia-23-de-outubro\/","og_locale":"pt_PT","og_type":"article","og_title":"Melga\u00e7o convida a conhecer os cogumelos de Castro Laboreiro no dia 23 de outubro","og_description":"Um passeio micol\u00f3gico, um almo\u00e7o e um workshop s\u00e3o as propostas de Melga\u00e7o para a terceira edi\u00e7\u00e3o da iniciativa \u201cCastros de leitura \u2013 Cogumelos M\u00e1gicos\u201d que vai decorrer no dia 23 de outubro. A a\u00e7\u00e3o, promovida pelo polo da Biblioteca Municipal em Castro Laboreiro, decorrer\u00e1 a partir das 09h45 e ser\u00e1 orientada por um bi\u00f3logo [&hellip;]","og_url":"https:\/\/www.altominho.tv\/site\/2021\/10\/14\/melgaco-convida-a-conhecer-os-cogumelos-de-castro-laboreiro-no-dia-23-de-outubro\/","og_site_name":"Altominho.tv","article_publisher":"https:\/\/www.facebook.com\/altominhotv","article_published_time":"2021-10-14T11:16:59+00:00","article_modified_time":"2021-10-14T11:17:03+00:00","og_image":[{"width":1770,"height":996,"url":"https:\/\/www.altominho.tv\/site\/wp-content\/uploads\/2021\/10\/Cogumelos-Melgac\u0327o.jpg","type":"image\/jpeg"}],"author":"Andreia Ferreira","twitter_card":"summary_large_image","twitter_creator":"@altominhoTV","twitter_site":"@altominhoTV","twitter_misc":{"Escrito por":"Andreia Ferreira","Tempo estimado de leitura":"1 minuto"},"schema":{"@context":"https:\/\/schema.org","@graph":[{"@type":"Article","@id":"https:\/\/www.altominho.tv\/site\/2021\/10\/14\/melgaco-convida-a-conhecer-os-cogumelos-de-castro-laboreiro-no-dia-23-de-outubro\/#article","isPartOf":{"@id":"https:\/\/www.altominho.tv\/site\/2021\/10\/14\/melgaco-convida-a-conhecer-os-cogumelos-de-castro-laboreiro-no-dia-23-de-outubro\/"},"author":{"name":"Andreia Ferreira","@id":"https:\/\/www.altominho.tv\/site\/#\/schema\/person\/d9be4265364723f14ea8e0d56a1d38cd"},"headline":"Melga\u00e7o convida a conhecer os cogumelos de Castro Laboreiro no dia 23 de outubro","datePublished":"2021-10-14T11:16:59+00:00","dateModified":"2021-10-14T11:17:03+00:00","mainEntityOfPage":{"@id":"https:\/\/www.altominho.tv\/site\/2021\/10\/14\/melgaco-convida-a-conhecer-os-cogumelos-de-castro-laboreiro-no-dia-23-de-outubro\/"},"wordCount":177,"image":{"@id":"https:\/\/www.altominho.tv\/site\/2021\/10\/14\/melgaco-convida-a-conhecer-os-cogumelos-de-castro-laboreiro-no-dia-23-de-outubro\/#primaryimage"},"thumbnailUrl":"https:\/\/www.altominho.tv\/site\/wp-content\/uploads\/2021\/10\/Cogumelos-Melgac\u0327o.jpg","keywords":["Lazer","Sociedade"],"articleSection":["Melga\u00e7o"],"inLanguage":"pt-PT","copyrightYear":"2021","copyrightHolder":{"@id":"https:\/\/www.altominho.tv\/site\/#organization"}},{"@type":"WebPage","@id":"https:\/\/www.altominho.tv\/site\/2021\/10\/14\/melgaco-convida-a-conhecer-os-cogumelos-de-castro-laboreiro-no-dia-23-de-outubro\/","url":"https:\/\/www.altominho.tv\/site\/2021\/10\/14\/melgaco-convida-a-conhecer-os-cogumelos-de-castro-laboreiro-no-dia-23-de-outubro\/","name":"Melga\u00e7o convida a conhecer os cogumelos de Castro Laboreiro no dia 23 de outubro","isPartOf":{"@id":"https:\/\/www.altominho.tv\/site\/#website"},"primaryImageOfPage":{"@id":"https:\/\/www.altominho.tv\/site\/2021\/10\/14\/melgaco-convida-a-conhecer-os-cogumelos-de-castro-laboreiro-no-dia-23-de-outubro\/#primaryimage"},"image":{"@id":"https:\/\/www.altominho.tv\/site\/2021\/10\/14\/melgaco-convida-a-conhecer-os-cogumelos-de-castro-laboreiro-no-dia-23-de-outubro\/#primaryimage"},"thumbnailUrl":"https:\/\/www.altominho.tv\/site\/wp-content\/uploads\/2021\/10\/Cogumelos-Melgac\u0327o.jpg","datePublished":"2021-10-14T11:16:59+00:00","dateModified":"2021-10-14T11:17:03+00:00","author":{"@id":"https:\/\/www.altominho.tv\/site\/#\/schema\/person\/d9be4265364723f14ea8e0d56a1d38cd"},"breadcrumb":{"@id":"https:\/\/www.altominho.tv\/site\/2021\/10\/14\/melgaco-convida-a-conhecer-os-cogumelos-de-castro-laboreiro-no-dia-23-de-outubro\/#breadcrumb"},"inLanguage":"pt-PT","potentialAction":[{"@type":"ReadAction","target":["https:\/\/www.altominho.tv\/site\/2021\/10\/14\/melgaco-convida-a-conhecer-os-cogumelos-de-castro-laboreiro-no-dia-23-de-outubro\/"]}]},{"@type":"ImageObject","inLanguage":"pt-PT","@id":"https:\/\/www.altominho.tv\/site\/2021\/10\/14\/melgaco-convida-a-conhecer-os-cogumelos-de-castro-laboreiro-no-dia-23-de-outubro\/#primaryimage","url":"https:\/\/www.altominho.tv\/site\/wp-content\/uploads\/2021\/10\/Cogumelos-Melgac\u0327o.jpg","contentUrl":"https:\/\/www.altominho.tv\/site\/wp-content\/uploads\/2021\/10\/Cogumelos-Melgac\u0327o.jpg","width":1770,"height":996,"caption":"MUNIC\u00cdPIO DE MELGA\u00c7O"},{"@type":"BreadcrumbList","@id":"https:\/\/www.altominho.tv\/site\/2021\/10\/14\/melgaco-convida-a-conhecer-os-cogumelos-de-castro-laboreiro-no-dia-23-de-outubro\/#breadcrumb","itemListElement":[{"@type":"ListItem","position":1,"name":"In\u00edcio","item":"https:\/\/www.altominho.tv\/site\/"},{"@type":"ListItem","position":2,"name":"Melga\u00e7o convida a conhecer os cogumelos de Castro Laboreiro no dia 23 de outubro"}]},{"@type":"WebSite","@id":"https:\/\/www.altominho.tv\/site\/#website","url":"https:\/\/www.altominho.tv\/site\/","name":"Altominho.tv","description":"A sua regi\u00e3o \u00e0 dist\u00e2ncia de um clique...","potentialAction":[{"@type":"SearchAction","target":{"@type":"EntryPoint","urlTemplate":"https:\/\/www.altominho.tv\/site\/?s={search_term_string}"},"query-input":{"@type":"PropertyValueSpecification","valueRequired":true,"valueName":"search_term_string"}}],"inLanguage":"pt-PT"},{"@type":"Person","@id":"https:\/\/www.altominho.tv\/site\/#\/schema\/person\/d9be4265364723f14ea8e0d56a1d38cd","name":"Andreia Ferreira","image":{"@type":"ImageObject","inLanguage":"pt-PT","@id":"https:\/\/www.altominho.tv\/site\/wp-content\/uploads\/2021\/01\/AndreiaFerreira-150x150.jpg","url":"https:\/\/www.altominho.tv\/site\/wp-content\/uploads\/2021\/01\/AndreiaFerreira-150x150.jpg","contentUrl":"https:\/\/www.altominho.tv\/site\/wp-content\/uploads\/2021\/01\/AndreiaFerreira-150x150.jpg","caption":"Andreia Ferreira"},"url":"https:\/\/www.altominho.tv\/site\/author\/andreiaferreira\/"}]}},"_links":{"self":[{"href":"https:\/\/www.altominho.tv\/site\/wp-json\/wp\/v2\/posts\/71569","targetHints":{"allow":["GET"]}}],"collection":[{"href":"https:\/\/www.altominho.tv\/site\/wp-json\/wp\/v2\/posts"}],"about":[{"href":"https:\/\/www.altominho.tv\/site\/wp-json\/wp\/v2\/types\/post"}],"author":[{"embeddable":true,"href":"https:\/\/www.altominho.tv\/site\/wp-json\/wp\/v2\/users\/12"}],"replies":[{"embeddable":true,"href":"https:\/\/www.altominho.tv\/site\/wp-json\/wp\/v2\/comments?post=71569"}],"version-history":[{"count":0,"href":"https:\/\/www.altominho.tv\/site\/wp-json\/wp\/v2\/posts\/71569\/revisions"}],"wp:featuredmedia":[{"embeddable":true,"href":"https:\/\/www.altominho.tv\/site\/wp-json\/wp\/v2\/media\/71573"}],"wp:attachment":[{"href":"https:\/\/www.altominho.tv\/site\/wp-json\/wp\/v2\/media?parent=71569"}],"wp:term":[{"taxonomy":"category","embeddable":true,"href":"https:\/\/www.altominho.tv\/site\/wp-json\/wp\/v2\/categories?post=71569"},{"taxonomy":"post_tag","embeddable":true,"href":"https:\/\/www.altominho.tv\/site\/wp-json\/wp\/v2\/tags?post=71569"}],"curies":[{"name":"wp","href":"https:\/\/api.w.org\/{rel}","templated":true}]}}