{"id":71568,"date":"2021-10-14T10:20:02","date_gmt":"2021-10-14T09:20:02","guid":{"rendered":"https:\/\/www.altominho.tv\/site\/?p=71568"},"modified":"2021-10-14T10:20:06","modified_gmt":"2021-10-14T09:20:06","slug":"professor-do-politecnico-de-viana-do-castelo-lanca-livro-de-matematica-para-ajudar-novos-alunos","status":"publish","type":"post","link":"https:\/\/www.altominho.tv\/site\/2021\/10\/14\/professor-do-politecnico-de-viana-do-castelo-lanca-livro-de-matematica-para-ajudar-novos-alunos\/","title":{"rendered":"Professor do Polit\u00e9cnico de Viana do Castelo lan\u00e7a livro de Matem\u00e1tica para ajudar novos alunos"},"content":{"rendered":"\n<p>Conceitos essenciais com exemplos de aplica\u00e7\u00e3o pr\u00e1tica, exposi\u00e7\u00e3o simples e acess\u00edvel a todos, mais de 80 exerc\u00edcios propostos e mais de 30 exerc\u00edcios com resolu\u00e7\u00f5es detalhadas passo a passo est\u00e3o compilados no livro \u201cMatem\u00e1tica Zero\u201d, escrito por Filipe Carvalho, docente da Escola Superior de Ci\u00eancias Empresariais (ESCE) do Instituto Polit\u00e9cnico de Viana do Castelo (IPVC), em coautoria com S\u00edlvia Carvalho.<strong>\u00a0<\/strong><\/p>\n\n\n\n<p>O l<strong>ivro, que j\u00e1 se encontra&nbsp;<\/strong>\u00e0 venda na loja online das Edi\u00e7\u00f5es S\u00edlabo e nas principais livrarias do pa\u00eds, \u00e9 para todos aqueles que procuram um elemento de apoio, \u201cum manual que os acompanha e lhes permita rever, adquirir ou consolidar as no\u00e7\u00f5es e os conceitos pr\u00e9vios necess\u00e1rios para obterem sucesso nas unidades curriculares do ensino superior que exijam conhecimentos matem\u00e1ticos\u201d, explicou o docente da ESCE-IPVC.<\/p>\n\n\n\n<p><strong>O certo \u00e9 que \u201ch\u00e1<\/strong>&nbsp;um crescente n\u00famero de alunos que acede ao ensino superior e sente a necessidade de recuperar ou reaprender os conceitos matem\u00e1ticos basilares\u201d, constatou Filipe Carvalho, garantindo que este livro acaba por \u201cresponder a essa necessidade\u201d.<\/p>\n\n\n\n<p>Filipe Carvalho e S\u00edlvia Carvalho, ex-docente do Instituto Polit\u00e9cnico de Viana do Castelo e atualmente pertencente ao quadro do Minist\u00e9rio da Educa\u00e7\u00e3o, abra\u00e7aram este desafio de organizar os conte\u00fados essenciais e os apresentar neste livro.<\/p>\n\n\n\n<p>A apresenta\u00e7\u00e3o oficial do livro est\u00e1 marcada para hoje, pelas 17h30, no Instituto Superior de Administra\u00e7\u00e3o e Gest\u00e3o (ISAG), no Porto.<\/p>\n","protected":false},"excerpt":{"rendered":"<p>Conceitos essenciais com exemplos de aplica\u00e7\u00e3o pr\u00e1tica, exposi\u00e7\u00e3o simples e acess\u00edvel a todos, mais de 80 exerc\u00edcios propostos e mais de 30 exerc\u00edcios com resolu\u00e7\u00f5es detalhadas passo a passo est\u00e3o compilados no livro \u201cMatem\u00e1tica Zero\u201d, escrito por Filipe Carvalho, docente da Escola Superior de Ci\u00eancias Empresariais (ESCE) do Instituto Polit\u00e9cnico de Viana do Castelo (IPVC), [&hellip;]<\/p>\n","protected":false},"author":9,"featured_media":71570,"comment_status":"closed","ping_status":"closed","sticky":false,"template":"","format":"standard","meta":{"_exactmetrics_skip_tracking":false,"_exactmetrics_sitenote_active":false,"_exactmetrics_sitenote_note":"","_exactmetrics_sitenote_category":0,"footnotes":""},"categories":[14],"tags":[27],"class_list":["post-71568","post","type-post","status-publish","format-standard","has-post-thumbnail","hentry","category-viana-do-castelo","tag-sociedade"],"yoast_head":"<!-- This site is optimized with the Yoast SEO Premium plugin v27.5 (Yoast SEO v27.5) - https:\/\/yoast.com\/product\/yoast-seo-premium-wordpress\/ -->\n<title>Professor do Polit\u00e9cnico de Viana do Castelo lan\u00e7a livro de Matem\u00e1tica para ajudar novos alunos<\/title>\n<meta name=\"robots\" content=\"index, follow, max-snippet:-1, max-image-preview:large, max-video-preview:-1\" \/>\n<link rel=\"canonical\" href=\"https:\/\/www.altominho.tv\/site\/2021\/10\/14\/professor-do-politecnico-de-viana-do-castelo-lanca-livro-de-matematica-para-ajudar-novos-alunos\/\" \/>\n<meta property=\"og:locale\" content=\"pt_PT\" \/>\n<meta property=\"og:type\" content=\"article\" \/>\n<meta property=\"og:title\" content=\"Professor do Polit\u00e9cnico de Viana do Castelo lan\u00e7a livro de Matem\u00e1tica para ajudar novos alunos\" \/>\n<meta property=\"og:description\" content=\"Conceitos essenciais com exemplos de aplica\u00e7\u00e3o pr\u00e1tica, exposi\u00e7\u00e3o simples e acess\u00edvel a todos, mais de 80 exerc\u00edcios propostos e mais de 30 exerc\u00edcios com resolu\u00e7\u00f5es detalhadas passo a passo est\u00e3o compilados no livro \u201cMatem\u00e1tica Zero\u201d, escrito por Filipe Carvalho, docente da Escola Superior de Ci\u00eancias Empresariais (ESCE) do Instituto Polit\u00e9cnico de Viana do Castelo (IPVC), [&hellip;]\" \/>\n<meta property=\"og:url\" content=\"https:\/\/www.altominho.tv\/site\/2021\/10\/14\/professor-do-politecnico-de-viana-do-castelo-lanca-livro-de-matematica-para-ajudar-novos-alunos\/\" \/>\n<meta property=\"og:site_name\" content=\"Altominho.tv\" \/>\n<meta property=\"article:publisher\" content=\"https:\/\/www.facebook.com\/altominhotv\" \/>\n<meta property=\"article:published_time\" content=\"2021-10-14T09:20:02+00:00\" \/>\n<meta property=\"article:modified_time\" content=\"2021-10-14T09:20:06+00:00\" \/>\n<meta property=\"og:image\" content=\"https:\/\/www.altominho.tv\/site\/wp-content\/uploads\/2021\/10\/9789895611898_peq-e1634203177390.jpg\" \/>\n\t<meta property=\"og:image:width\" content=\"900\" \/>\n\t<meta property=\"og:image:height\" content=\"676\" \/>\n\t<meta property=\"og:image:type\" content=\"image\/jpeg\" \/>\n<meta name=\"author\" content=\"Rafael Pereira\" \/>\n<meta name=\"twitter:card\" content=\"summary_large_image\" \/>\n<meta name=\"twitter:creator\" content=\"@altominhoTV\" \/>\n<meta name=\"twitter:site\" content=\"@altominhoTV\" \/>\n<meta name=\"twitter:label1\" content=\"Escrito por\" \/>\n\t<meta name=\"twitter:data1\" content=\"Rafael Pereira\" \/>\n\t<meta name=\"twitter:label2\" content=\"Tempo estimado de leitura\" \/>\n\t<meta name=\"twitter:data2\" content=\"1 minuto\" \/>\n<script type=\"application\/ld+json\" class=\"yoast-schema-graph\">{\"@context\":\"https:\\\/\\\/schema.org\",\"@graph\":[{\"@type\":\"Article\",\"@id\":\"https:\\\/\\\/www.altominho.tv\\\/site\\\/2021\\\/10\\\/14\\\/professor-do-politecnico-de-viana-do-castelo-lanca-livro-de-matematica-para-ajudar-novos-alunos\\\/#article\",\"isPartOf\":{\"@id\":\"https:\\\/\\\/www.altominho.tv\\\/site\\\/2021\\\/10\\\/14\\\/professor-do-politecnico-de-viana-do-castelo-lanca-livro-de-matematica-para-ajudar-novos-alunos\\\/\"},\"author\":{\"name\":\"Rafael Pereira\",\"@id\":\"https:\\\/\\\/www.altominho.tv\\\/site\\\/#\\\/schema\\\/person\\\/2690abd4f0b3984514ce0607afbfced7\"},\"headline\":\"Professor do Polit\u00e9cnico de Viana do Castelo lan\u00e7a livro de Matem\u00e1tica para ajudar novos alunos\",\"datePublished\":\"2021-10-14T09:20:02+00:00\",\"dateModified\":\"2021-10-14T09:20:06+00:00\",\"mainEntityOfPage\":{\"@id\":\"https:\\\/\\\/www.altominho.tv\\\/site\\\/2021\\\/10\\\/14\\\/professor-do-politecnico-de-viana-do-castelo-lanca-livro-de-matematica-para-ajudar-novos-alunos\\\/\"},\"wordCount\":268,\"image\":{\"@id\":\"https:\\\/\\\/www.altominho.tv\\\/site\\\/2021\\\/10\\\/14\\\/professor-do-politecnico-de-viana-do-castelo-lanca-livro-de-matematica-para-ajudar-novos-alunos\\\/#primaryimage\"},\"thumbnailUrl\":\"https:\\\/\\\/www.altominho.tv\\\/site\\\/wp-content\\\/uploads\\\/2021\\\/10\\\/9789895611898_peq-e1634203177390.jpg\",\"keywords\":[\"Sociedade\"],\"articleSection\":[\"Viana do Castelo\"],\"inLanguage\":\"pt-PT\",\"copyrightYear\":\"2021\",\"copyrightHolder\":{\"@id\":\"https:\\\/\\\/www.altominho.tv\\\/site\\\/#organization\"}},{\"@type\":\"WebPage\",\"@id\":\"https:\\\/\\\/www.altominho.tv\\\/site\\\/2021\\\/10\\\/14\\\/professor-do-politecnico-de-viana-do-castelo-lanca-livro-de-matematica-para-ajudar-novos-alunos\\\/\",\"url\":\"https:\\\/\\\/www.altominho.tv\\\/site\\\/2021\\\/10\\\/14\\\/professor-do-politecnico-de-viana-do-castelo-lanca-livro-de-matematica-para-ajudar-novos-alunos\\\/\",\"name\":\"Professor do Polit\u00e9cnico de Viana do Castelo lan\u00e7a livro de Matem\u00e1tica para ajudar novos alunos\",\"isPartOf\":{\"@id\":\"https:\\\/\\\/www.altominho.tv\\\/site\\\/#website\"},\"primaryImageOfPage\":{\"@id\":\"https:\\\/\\\/www.altominho.tv\\\/site\\\/2021\\\/10\\\/14\\\/professor-do-politecnico-de-viana-do-castelo-lanca-livro-de-matematica-para-ajudar-novos-alunos\\\/#primaryimage\"},\"image\":{\"@id\":\"https:\\\/\\\/www.altominho.tv\\\/site\\\/2021\\\/10\\\/14\\\/professor-do-politecnico-de-viana-do-castelo-lanca-livro-de-matematica-para-ajudar-novos-alunos\\\/#primaryimage\"},\"thumbnailUrl\":\"https:\\\/\\\/www.altominho.tv\\\/site\\\/wp-content\\\/uploads\\\/2021\\\/10\\\/9789895611898_peq-e1634203177390.jpg\",\"datePublished\":\"2021-10-14T09:20:02+00:00\",\"dateModified\":\"2021-10-14T09:20:06+00:00\",\"author\":{\"@id\":\"https:\\\/\\\/www.altominho.tv\\\/site\\\/#\\\/schema\\\/person\\\/2690abd4f0b3984514ce0607afbfced7\"},\"breadcrumb\":{\"@id\":\"https:\\\/\\\/www.altominho.tv\\\/site\\\/2021\\\/10\\\/14\\\/professor-do-politecnico-de-viana-do-castelo-lanca-livro-de-matematica-para-ajudar-novos-alunos\\\/#breadcrumb\"},\"inLanguage\":\"pt-PT\",\"potentialAction\":[{\"@type\":\"ReadAction\",\"target\":[\"https:\\\/\\\/www.altominho.tv\\\/site\\\/2021\\\/10\\\/14\\\/professor-do-politecnico-de-viana-do-castelo-lanca-livro-de-matematica-para-ajudar-novos-alunos\\\/\"]}]},{\"@type\":\"ImageObject\",\"inLanguage\":\"pt-PT\",\"@id\":\"https:\\\/\\\/www.altominho.tv\\\/site\\\/2021\\\/10\\\/14\\\/professor-do-politecnico-de-viana-do-castelo-lanca-livro-de-matematica-para-ajudar-novos-alunos\\\/#primaryimage\",\"url\":\"https:\\\/\\\/www.altominho.tv\\\/site\\\/wp-content\\\/uploads\\\/2021\\\/10\\\/9789895611898_peq-e1634203177390.jpg\",\"contentUrl\":\"https:\\\/\\\/www.altominho.tv\\\/site\\\/wp-content\\\/uploads\\\/2021\\\/10\\\/9789895611898_peq-e1634203177390.jpg\",\"width\":900,\"height\":676},{\"@type\":\"BreadcrumbList\",\"@id\":\"https:\\\/\\\/www.altominho.tv\\\/site\\\/2021\\\/10\\\/14\\\/professor-do-politecnico-de-viana-do-castelo-lanca-livro-de-matematica-para-ajudar-novos-alunos\\\/#breadcrumb\",\"itemListElement\":[{\"@type\":\"ListItem\",\"position\":1,\"name\":\"In\u00edcio\",\"item\":\"https:\\\/\\\/www.altominho.tv\\\/site\\\/\"},{\"@type\":\"ListItem\",\"position\":2,\"name\":\"Professor do Polit\u00e9cnico de Viana do Castelo lan\u00e7a livro de Matem\u00e1tica para ajudar novos alunos\"}]},{\"@type\":\"WebSite\",\"@id\":\"https:\\\/\\\/www.altominho.tv\\\/site\\\/#website\",\"url\":\"https:\\\/\\\/www.altominho.tv\\\/site\\\/\",\"name\":\"Altominho.tv\",\"description\":\"A sua regi\u00e3o \u00e0 dist\u00e2ncia de um clique...\",\"potentialAction\":[{\"@type\":\"SearchAction\",\"target\":{\"@type\":\"EntryPoint\",\"urlTemplate\":\"https:\\\/\\\/www.altominho.tv\\\/site\\\/?s={search_term_string}\"},\"query-input\":{\"@type\":\"PropertyValueSpecification\",\"valueRequired\":true,\"valueName\":\"search_term_string\"}}],\"inLanguage\":\"pt-PT\"},{\"@type\":\"Person\",\"@id\":\"https:\\\/\\\/www.altominho.tv\\\/site\\\/#\\\/schema\\\/person\\\/2690abd4f0b3984514ce0607afbfced7\",\"name\":\"Rafael Pereira\",\"image\":{\"@type\":\"ImageObject\",\"inLanguage\":\"pt-PT\",\"@id\":\"https:\\\/\\\/www.altominho.tv\\\/site\\\/wp-content\\\/uploads\\\/2021\\\/08\\\/42996867_1705603802900752_8292335788369117184_n-150x150.jpeg\",\"url\":\"https:\\\/\\\/www.altominho.tv\\\/site\\\/wp-content\\\/uploads\\\/2021\\\/08\\\/42996867_1705603802900752_8292335788369117184_n-150x150.jpeg\",\"contentUrl\":\"https:\\\/\\\/www.altominho.tv\\\/site\\\/wp-content\\\/uploads\\\/2021\\\/08\\\/42996867_1705603802900752_8292335788369117184_n-150x150.jpeg\",\"caption\":\"Rafael Pereira\"},\"url\":\"https:\\\/\\\/www.altominho.tv\\\/site\\\/author\\\/rafaelpereira\\\/\"}]}<\/script>\n<!-- \/ Yoast SEO Premium plugin. -->","yoast_head_json":{"title":"Professor do Polit\u00e9cnico de Viana do Castelo lan\u00e7a livro de Matem\u00e1tica para ajudar novos alunos","robots":{"index":"index","follow":"follow","max-snippet":"max-snippet:-1","max-image-preview":"max-image-preview:large","max-video-preview":"max-video-preview:-1"},"canonical":"https:\/\/www.altominho.tv\/site\/2021\/10\/14\/professor-do-politecnico-de-viana-do-castelo-lanca-livro-de-matematica-para-ajudar-novos-alunos\/","og_locale":"pt_PT","og_type":"article","og_title":"Professor do Polit\u00e9cnico de Viana do Castelo lan\u00e7a livro de Matem\u00e1tica para ajudar novos alunos","og_description":"Conceitos essenciais com exemplos de aplica\u00e7\u00e3o pr\u00e1tica, exposi\u00e7\u00e3o simples e acess\u00edvel a todos, mais de 80 exerc\u00edcios propostos e mais de 30 exerc\u00edcios com resolu\u00e7\u00f5es detalhadas passo a passo est\u00e3o compilados no livro \u201cMatem\u00e1tica Zero\u201d, escrito por Filipe Carvalho, docente da Escola Superior de Ci\u00eancias Empresariais (ESCE) do Instituto Polit\u00e9cnico de Viana do Castelo (IPVC), [&hellip;]","og_url":"https:\/\/www.altominho.tv\/site\/2021\/10\/14\/professor-do-politecnico-de-viana-do-castelo-lanca-livro-de-matematica-para-ajudar-novos-alunos\/","og_site_name":"Altominho.tv","article_publisher":"https:\/\/www.facebook.com\/altominhotv","article_published_time":"2021-10-14T09:20:02+00:00","article_modified_time":"2021-10-14T09:20:06+00:00","og_image":[{"width":900,"height":676,"url":"https:\/\/www.altominho.tv\/site\/wp-content\/uploads\/2021\/10\/9789895611898_peq-e1634203177390.jpg","type":"image\/jpeg"}],"author":"Rafael Pereira","twitter_card":"summary_large_image","twitter_creator":"@altominhoTV","twitter_site":"@altominhoTV","twitter_misc":{"Escrito por":"Rafael Pereira","Tempo estimado de leitura":"1 minuto"},"schema":{"@context":"https:\/\/schema.org","@graph":[{"@type":"Article","@id":"https:\/\/www.altominho.tv\/site\/2021\/10\/14\/professor-do-politecnico-de-viana-do-castelo-lanca-livro-de-matematica-para-ajudar-novos-alunos\/#article","isPartOf":{"@id":"https:\/\/www.altominho.tv\/site\/2021\/10\/14\/professor-do-politecnico-de-viana-do-castelo-lanca-livro-de-matematica-para-ajudar-novos-alunos\/"},"author":{"name":"Rafael Pereira","@id":"https:\/\/www.altominho.tv\/site\/#\/schema\/person\/2690abd4f0b3984514ce0607afbfced7"},"headline":"Professor do Polit\u00e9cnico de Viana do Castelo lan\u00e7a livro de Matem\u00e1tica para ajudar novos alunos","datePublished":"2021-10-14T09:20:02+00:00","dateModified":"2021-10-14T09:20:06+00:00","mainEntityOfPage":{"@id":"https:\/\/www.altominho.tv\/site\/2021\/10\/14\/professor-do-politecnico-de-viana-do-castelo-lanca-livro-de-matematica-para-ajudar-novos-alunos\/"},"wordCount":268,"image":{"@id":"https:\/\/www.altominho.tv\/site\/2021\/10\/14\/professor-do-politecnico-de-viana-do-castelo-lanca-livro-de-matematica-para-ajudar-novos-alunos\/#primaryimage"},"thumbnailUrl":"https:\/\/www.altominho.tv\/site\/wp-content\/uploads\/2021\/10\/9789895611898_peq-e1634203177390.jpg","keywords":["Sociedade"],"articleSection":["Viana do Castelo"],"inLanguage":"pt-PT","copyrightYear":"2021","copyrightHolder":{"@id":"https:\/\/www.altominho.tv\/site\/#organization"}},{"@type":"WebPage","@id":"https:\/\/www.altominho.tv\/site\/2021\/10\/14\/professor-do-politecnico-de-viana-do-castelo-lanca-livro-de-matematica-para-ajudar-novos-alunos\/","url":"https:\/\/www.altominho.tv\/site\/2021\/10\/14\/professor-do-politecnico-de-viana-do-castelo-lanca-livro-de-matematica-para-ajudar-novos-alunos\/","name":"Professor do Polit\u00e9cnico de Viana do Castelo lan\u00e7a livro de Matem\u00e1tica para ajudar novos alunos","isPartOf":{"@id":"https:\/\/www.altominho.tv\/site\/#website"},"primaryImageOfPage":{"@id":"https:\/\/www.altominho.tv\/site\/2021\/10\/14\/professor-do-politecnico-de-viana-do-castelo-lanca-livro-de-matematica-para-ajudar-novos-alunos\/#primaryimage"},"image":{"@id":"https:\/\/www.altominho.tv\/site\/2021\/10\/14\/professor-do-politecnico-de-viana-do-castelo-lanca-livro-de-matematica-para-ajudar-novos-alunos\/#primaryimage"},"thumbnailUrl":"https:\/\/www.altominho.tv\/site\/wp-content\/uploads\/2021\/10\/9789895611898_peq-e1634203177390.jpg","datePublished":"2021-10-14T09:20:02+00:00","dateModified":"2021-10-14T09:20:06+00:00","author":{"@id":"https:\/\/www.altominho.tv\/site\/#\/schema\/person\/2690abd4f0b3984514ce0607afbfced7"},"breadcrumb":{"@id":"https:\/\/www.altominho.tv\/site\/2021\/10\/14\/professor-do-politecnico-de-viana-do-castelo-lanca-livro-de-matematica-para-ajudar-novos-alunos\/#breadcrumb"},"inLanguage":"pt-PT","potentialAction":[{"@type":"ReadAction","target":["https:\/\/www.altominho.tv\/site\/2021\/10\/14\/professor-do-politecnico-de-viana-do-castelo-lanca-livro-de-matematica-para-ajudar-novos-alunos\/"]}]},{"@type":"ImageObject","inLanguage":"pt-PT","@id":"https:\/\/www.altominho.tv\/site\/2021\/10\/14\/professor-do-politecnico-de-viana-do-castelo-lanca-livro-de-matematica-para-ajudar-novos-alunos\/#primaryimage","url":"https:\/\/www.altominho.tv\/site\/wp-content\/uploads\/2021\/10\/9789895611898_peq-e1634203177390.jpg","contentUrl":"https:\/\/www.altominho.tv\/site\/wp-content\/uploads\/2021\/10\/9789895611898_peq-e1634203177390.jpg","width":900,"height":676},{"@type":"BreadcrumbList","@id":"https:\/\/www.altominho.tv\/site\/2021\/10\/14\/professor-do-politecnico-de-viana-do-castelo-lanca-livro-de-matematica-para-ajudar-novos-alunos\/#breadcrumb","itemListElement":[{"@type":"ListItem","position":1,"name":"In\u00edcio","item":"https:\/\/www.altominho.tv\/site\/"},{"@type":"ListItem","position":2,"name":"Professor do Polit\u00e9cnico de Viana do Castelo lan\u00e7a livro de Matem\u00e1tica para ajudar novos alunos"}]},{"@type":"WebSite","@id":"https:\/\/www.altominho.tv\/site\/#website","url":"https:\/\/www.altominho.tv\/site\/","name":"Altominho.tv","description":"A sua regi\u00e3o \u00e0 dist\u00e2ncia de um clique...","potentialAction":[{"@type":"SearchAction","target":{"@type":"EntryPoint","urlTemplate":"https:\/\/www.altominho.tv\/site\/?s={search_term_string}"},"query-input":{"@type":"PropertyValueSpecification","valueRequired":true,"valueName":"search_term_string"}}],"inLanguage":"pt-PT"},{"@type":"Person","@id":"https:\/\/www.altominho.tv\/site\/#\/schema\/person\/2690abd4f0b3984514ce0607afbfced7","name":"Rafael Pereira","image":{"@type":"ImageObject","inLanguage":"pt-PT","@id":"https:\/\/www.altominho.tv\/site\/wp-content\/uploads\/2021\/08\/42996867_1705603802900752_8292335788369117184_n-150x150.jpeg","url":"https:\/\/www.altominho.tv\/site\/wp-content\/uploads\/2021\/08\/42996867_1705603802900752_8292335788369117184_n-150x150.jpeg","contentUrl":"https:\/\/www.altominho.tv\/site\/wp-content\/uploads\/2021\/08\/42996867_1705603802900752_8292335788369117184_n-150x150.jpeg","caption":"Rafael Pereira"},"url":"https:\/\/www.altominho.tv\/site\/author\/rafaelpereira\/"}]}},"_links":{"self":[{"href":"https:\/\/www.altominho.tv\/site\/wp-json\/wp\/v2\/posts\/71568","targetHints":{"allow":["GET"]}}],"collection":[{"href":"https:\/\/www.altominho.tv\/site\/wp-json\/wp\/v2\/posts"}],"about":[{"href":"https:\/\/www.altominho.tv\/site\/wp-json\/wp\/v2\/types\/post"}],"author":[{"embeddable":true,"href":"https:\/\/www.altominho.tv\/site\/wp-json\/wp\/v2\/users\/9"}],"replies":[{"embeddable":true,"href":"https:\/\/www.altominho.tv\/site\/wp-json\/wp\/v2\/comments?post=71568"}],"version-history":[{"count":0,"href":"https:\/\/www.altominho.tv\/site\/wp-json\/wp\/v2\/posts\/71568\/revisions"}],"wp:featuredmedia":[{"embeddable":true,"href":"https:\/\/www.altominho.tv\/site\/wp-json\/wp\/v2\/media\/71570"}],"wp:attachment":[{"href":"https:\/\/www.altominho.tv\/site\/wp-json\/wp\/v2\/media?parent=71568"}],"wp:term":[{"taxonomy":"category","embeddable":true,"href":"https:\/\/www.altominho.tv\/site\/wp-json\/wp\/v2\/categories?post=71568"},{"taxonomy":"post_tag","embeddable":true,"href":"https:\/\/www.altominho.tv\/site\/wp-json\/wp\/v2\/tags?post=71568"}],"curies":[{"name":"wp","href":"https:\/\/api.w.org\/{rel}","templated":true}]}}